{"id":248374,"date":"2025-04-03T11:46:09","date_gmt":"2025-04-03T14:46:09","guid":{"rendered":"https:\/\/www.gaveanews.com\/?p=248374"},"modified":"2025-04-03T11:51:25","modified_gmt":"2025-04-03T14:51:25","slug":"oficial-fluminense-acerta-a-contratacao-de-novo-tecnico","status":"publish","type":"post","link":"https:\/\/www.gaveanews.com\/index.php\/2025\/04\/03\/oficial-fluminense-acerta-a-contratacao-de-novo-tecnico\/","title":{"rendered":"Oficial! Fluminense acerta a contrata\u00e7\u00e3o de novo t\u00e9cnico"},"content":{"rendered":"\n<p>Renato Ga\u00facho est\u00e1 de volta ao comando do Fluminense. O treinador, marcado na hist\u00f3ria do clube pelo famoso \u201cgol de barriga\u201d contra o Flamengo em 1995, vai iniciar sua sexta passagem pelo Tricolor. O acordo entre as partes j\u00e1 foi fechado, restando apenas a defini\u00e7\u00e3o do tempo de contrato, que tende a valer at\u00e9 o fim da temporada, com possibilidade de renova\u00e7\u00e3o. A informa\u00e7\u00e3o \u00e9 do &#8216;ge&#8217;. <\/p>\n\n\n\n<p>Ali\u00e1s, a negocia\u00e7\u00e3o s\u00f3 avan\u00e7ou ap\u00f3s a recusa de Gabriel Milito, que alegou motivos pessoais para n\u00e3o aceitar a proposta. A diretoria tricolor, que inicialmente tinha prefer\u00eancia por um treinador estrangeiro, ent\u00e3o voltou suas aten\u00e7\u00f5es a Renato, que prontamente abriu di\u00e1logo com o clube e avan\u00e7ou rapidamente nas tratativas.<\/p>\n\n\n\n<p>A expectativa da diretoria \u00e9 contar com Renato j\u00e1 no pr\u00f3ximo compromisso do Campeonato Brasileiro, marcado para domingo (06), \u00e0s 16h, contra o Bragantino, no Maracan\u00e3. A reapresenta\u00e7\u00e3o imediata do treinador \u00e9 vista como estrat\u00e9gica para garantir uma transi\u00e7\u00e3o suave no comando t\u00e9cnico.<\/p>\n\n\n\n<h2 class=\"wp-block-heading\" id=\"h-salario-de-renato-gaucho\">Sal\u00e1rio de Renato Ga\u00facho<\/h2>\n\n\n\n<p>O Tricolor das Laranjeiras deve oficializar o retorno de Renato Ga\u00facho nas pr\u00f3ximas horas. A negocia\u00e7\u00e3o salarial est\u00e1 em est\u00e1gio avan\u00e7ado e, conforme apurado pelo &#8216;O Globo&#8217;, o clube est\u00e1 disposto a se aproximar da pedida do treinador, que gira em torno de R$ 1,5 milh\u00e3o mensais. <\/p>\n\n\n\n<h2 class=\"wp-block-heading\" id=\"h-relacao-com-o-fluminense\">Rela\u00e7\u00e3o com o Fluminense<\/h2>\n\n\n\n<p>Renato Ga\u00facho possui uma rela\u00e7\u00e3o antiga com o Fluminense. Al\u00e9m do t\u00edtulo carioca de 1995 como jogador, ele tamb\u00e9m conquistou a Copa do Brasil em 2007 como treinador e foi vice-campe\u00e3o da Libertadores em 2008. Sua \u00faltima passagem pelo comando t\u00e9cnico da equipe foi em 2014, embora breve, durando cerca de tr\u00eas meses.<\/p>\n\n\n\n<p>\u201c\u00c9 dif\u00edcil de entender essa idolatria nos dois clubes, mas fico feliz pelo carinho\u201d, comentou Renato, relembrando sua trajet\u00f3ria tanto no Fluminense quanto no Flamengo. A declara\u00e7\u00e3o foi feita com bom humor, ao mencionar o carinho que recebe das duas torcidas.<\/p>\n\n\n\n<p>Por fim, a volta de Renato acontece exatamente 30 anos ap\u00f3s o gol que o imortalizou na hist\u00f3ria do clube. Aos 41 minutos do segundo tempo, em 1995, ele marcou de barriga no Maracan\u00e3 lotado, diante de mais de 120 mil torcedores, eternizando seu nome entre os grandes \u00eddolos do clube.<\/p>\n","protected":false},"excerpt":{"rendered":"<p>Renato Ga\u00facho est\u00e1 de volta ao comando do Fluminense. O treinador, marcado na hist\u00f3ria do clube pelo famoso \u201cgol de barriga\u201d contra o Flamengo em 1995, vai iniciar sua sexta passagem pelo Tricolor. O acordo entre as partes j\u00e1 foi fechado, restando apenas a defini\u00e7\u00e3o do tempo de contrato, que tende a valer at\u00e9 o [&hellip;]<\/p>\n","protected":false},"author":30,"featured_media":144992,"comment_status":"open","ping_status":"closed","sticky":false,"template":"","format":"standard","meta":{"footnotes":""},"categories":[145],"tags":[],"class_list":["post-248374","post","type-post","status-publish","format-standard","has-post-thumbnail","hentry","category-fluminense"],"yoast_head":"<!-- This site is optimized with the Yoast SEO Premium plugin v24.2 (Yoast SEO v26.9) - https:\/\/yoast.com\/product\/yoast-seo-premium-wordpress\/ -->\n<title>Oficial! Fluminense acerta a contrata\u00e7\u00e3o de novo t\u00e9cnico<\/title>\n<meta name=\"robots\" content=\"index, follow, max-snippet:-1, max-image-preview:large, max-video-preview:-1\" \/>\n<link rel=\"canonical\" href=\"https:\/\/www.gaveanews.com\/index.php\/2025\/04\/03\/oficial-fluminense-acerta-a-contratacao-de-novo-tecnico\/\" \/>\n<meta property=\"og:locale\" content=\"pt_BR\" \/>\n<meta property=\"og:type\" content=\"article\" \/>\n<meta property=\"og:title\" content=\"Oficial! Fluminense acerta a contrata\u00e7\u00e3o de novo t\u00e9cnico\" \/>\n<meta property=\"og:description\" content=\"Renato Ga\u00facho est\u00e1 de volta ao comando do Fluminense. O treinador, marcado na hist\u00f3ria do clube pelo famoso \u201cgol de barriga\u201d contra o Flamengo em 1995, vai iniciar sua sexta passagem pelo Tricolor. O acordo entre as partes j\u00e1 foi fechado, restando apenas a defini\u00e7\u00e3o do tempo de contrato, que tende a valer at\u00e9 o [&hellip;]\" \/>\n<meta property=\"og:url\" content=\"https:\/\/www.gaveanews.com\/index.php\/2025\/04\/03\/oficial-fluminense-acerta-a-contratacao-de-novo-tecnico\/\" \/>\n<meta property=\"og:site_name\" content=\"G\u00e1vea News\" \/>\n<meta property=\"article:publisher\" content=\"https:\/\/facebook.com\/gaveaNews\/\" \/>\n<meta property=\"article:published_time\" content=\"2025-04-03T14:46:09+00:00\" \/>\n<meta property=\"article:modified_time\" content=\"2025-04-03T14:51:25+00:00\" \/>\n<meta property=\"og:image\" content=\"http:\/\/www.gaveanews.com\/wp-content\/uploads\/Escudo-do-Fluminense.webp\" \/>\n\t<meta property=\"og:image:width\" content=\"1000\" \/>\n\t<meta property=\"og:image:height\" content=\"667\" \/>\n\t<meta property=\"og:image:type\" content=\"image\/webp\" \/>\n<meta name=\"author\" content=\"Ana Teixeira\" \/>\n<meta name=\"twitter:card\" content=\"summary_large_image\" \/>\n<meta name=\"twitter:label1\" content=\"Escrito por\" \/>\n\t<meta name=\"twitter:data1\" content=\"Ana Teixeira\" \/>\n\t<meta name=\"twitter:label2\" content=\"Est. tempo de leitura\" \/>\n\t<meta name=\"twitter:data2\" content=\"3 minutos\" \/>\n<script type=\"application\/ld+json\" class=\"yoast-schema-graph\">{\"@context\":\"https:\/\/schema.org\",\"@graph\":[{\"@type\":\"NewsArticle\",\"@id\":\"https:\/\/www.gaveanews.com\/index.php\/2025\/04\/03\/oficial-fluminense-acerta-a-contratacao-de-novo-tecnico\/#article\",\"isPartOf\":{\"@id\":\"https:\/\/www.gaveanews.com\/index.php\/2025\/04\/03\/oficial-fluminense-acerta-a-contratacao-de-novo-tecnico\/\"},\"author\":{\"name\":\"Ana Teixeira\",\"@id\":\"https:\/\/www.gaveanews.com\/#\/schema\/person\/3b19f7288b0ce20372991275e4f2e6c2\"},\"headline\":\"Oficial! Fluminense acerta a contrata\u00e7\u00e3o de novo t\u00e9cnico\",\"datePublished\":\"2025-04-03T14:46:09+00:00\",\"dateModified\":\"2025-04-03T14:51:25+00:00\",\"mainEntityOfPage\":{\"@id\":\"https:\/\/www.gaveanews.com\/index.php\/2025\/04\/03\/oficial-fluminense-acerta-a-contratacao-de-novo-tecnico\/\"},\"wordCount\":396,\"commentCount\":0,\"image\":{\"@id\":\"https:\/\/www.gaveanews.com\/index.php\/2025\/04\/03\/oficial-fluminense-acerta-a-contratacao-de-novo-tecnico\/#primaryimage\"},\"thumbnailUrl\":\"https:\/\/www.gaveanews.com\/wp-content\/uploads\/Escudo-do-Fluminense.webp\",\"articleSection\":[\"Fluminense\"],\"inLanguage\":\"pt-BR\",\"potentialAction\":[{\"@type\":\"CommentAction\",\"name\":\"Comment\",\"target\":[\"https:\/\/www.gaveanews.com\/index.php\/2025\/04\/03\/oficial-fluminense-acerta-a-contratacao-de-novo-tecnico\/#respond\"]}],\"copyrightYear\":\"2025\",\"copyrightHolder\":{\"@id\":\"https:\/\/www.gaveanews.com\/#organization\"}},{\"@type\":\"WebPage\",\"@id\":\"https:\/\/www.gaveanews.com\/index.php\/2025\/04\/03\/oficial-fluminense-acerta-a-contratacao-de-novo-tecnico\/\",\"url\":\"https:\/\/www.gaveanews.com\/index.php\/2025\/04\/03\/oficial-fluminense-acerta-a-contratacao-de-novo-tecnico\/\",\"name\":\"Oficial! Fluminense acerta a contrata\u00e7\u00e3o de novo t\u00e9cnico\",\"isPartOf\":{\"@id\":\"https:\/\/www.gaveanews.com\/#website\"},\"primaryImageOfPage\":{\"@id\":\"https:\/\/www.gaveanews.com\/index.php\/2025\/04\/03\/oficial-fluminense-acerta-a-contratacao-de-novo-tecnico\/#primaryimage\"},\"image\":{\"@id\":\"https:\/\/www.gaveanews.com\/index.php\/2025\/04\/03\/oficial-fluminense-acerta-a-contratacao-de-novo-tecnico\/#primaryimage\"},\"thumbnailUrl\":\"https:\/\/www.gaveanews.com\/wp-content\/uploads\/Escudo-do-Fluminense.webp\",\"datePublished\":\"2025-04-03T14:46:09+00:00\",\"dateModified\":\"2025-04-03T14:51:25+00:00\",\"author\":{\"@id\":\"https:\/\/www.gaveanews.com\/#\/schema\/person\/3b19f7288b0ce20372991275e4f2e6c2\"},\"breadcrumb\":{\"@id\":\"https:\/\/www.gaveanews.com\/index.php\/2025\/04\/03\/oficial-fluminense-acerta-a-contratacao-de-novo-tecnico\/#breadcrumb\"},\"inLanguage\":\"pt-BR\",\"potentialAction\":[{\"@type\":\"ReadAction\",\"target\":[\"https:\/\/www.gaveanews.com\/index.php\/2025\/04\/03\/oficial-fluminense-acerta-a-contratacao-de-novo-tecnico\/\"]}]},{\"@type\":\"ImageObject\",\"inLanguage\":\"pt-BR\",\"@id\":\"https:\/\/www.gaveanews.com\/index.php\/2025\/04\/03\/oficial-fluminense-acerta-a-contratacao-de-novo-tecnico\/#primaryimage\",\"url\":\"https:\/\/www.gaveanews.com\/wp-content\/uploads\/Escudo-do-Fluminense.webp\",\"contentUrl\":\"https:\/\/www.gaveanews.com\/wp-content\/uploads\/Escudo-do-Fluminense.webp\",\"width\":1000,\"height\":667,\"caption\":\"Escudo do Fluminense (Foto Reprodu\u00e7\u00e3o\/Instagram)\"},{\"@type\":\"BreadcrumbList\",\"@id\":\"https:\/\/www.gaveanews.com\/index.php\/2025\/04\/03\/oficial-fluminense-acerta-a-contratacao-de-novo-tecnico\/#breadcrumb\",\"itemListElement\":[{\"@type\":\"ListItem\",\"position\":1,\"name\":\"Home\",\"item\":\"https:\/\/www.gaveanews.com\/\"},{\"@type\":\"ListItem\",\"position\":2,\"name\":\"Oficial! Fluminense acerta a contrata\u00e7\u00e3o de novo t\u00e9cnico\"}]},{\"@type\":\"WebSite\",\"@id\":\"https:\/\/www.gaveanews.com\/#website\",\"url\":\"https:\/\/www.gaveanews.com\/\",\"name\":\"G\u00e1vea News\",\"description\":\"Veja todas as not\u00edcias sobre o Flamengo: Contrata\u00e7\u00f5es, categorias de base, resultados das partidas, tabela de classifica\u00e7\u00e3o, pr\u00f3ximos jogos!\",\"potentialAction\":[{\"@type\":\"SearchAction\",\"target\":{\"@type\":\"EntryPoint\",\"urlTemplate\":\"https:\/\/www.gaveanews.com\/?s={search_term_string}\"},\"query-input\":{\"@type\":\"PropertyValueSpecification\",\"valueRequired\":true,\"valueName\":\"search_term_string\"}}],\"inLanguage\":\"pt-BR\"},{\"@type\":\"Person\",\"@id\":\"https:\/\/www.gaveanews.com\/#\/schema\/person\/3b19f7288b0ce20372991275e4f2e6c2\",\"name\":\"Ana Teixeira\",\"image\":{\"@type\":\"ImageObject\",\"inLanguage\":\"pt-BR\",\"@id\":\"https:\/\/www.gaveanews.com\/#\/schema\/person\/image\/\",\"url\":\"https:\/\/secure.gravatar.com\/avatar\/0a73f5a5258f3fed37fc2fa641892f3f7a4748456d4d4792f9bc550e6c19e06c?s=96&d=mm&r=g\",\"contentUrl\":\"https:\/\/secure.gravatar.com\/avatar\/0a73f5a5258f3fed37fc2fa641892f3f7a4748456d4d4792f9bc550e6c19e06c?s=96&d=mm&r=g\",\"caption\":\"Ana Teixeira\"}}]}<\/script>\n<!-- \/ Yoast SEO Premium plugin. -->","yoast_head_json":{"title":"Oficial! Fluminense acerta a contrata\u00e7\u00e3o de novo t\u00e9cnico","robots":{"index":"index","follow":"follow","max-snippet":"max-snippet:-1","max-image-preview":"max-image-preview:large","max-video-preview":"max-video-preview:-1"},"canonical":"https:\/\/www.gaveanews.com\/index.php\/2025\/04\/03\/oficial-fluminense-acerta-a-contratacao-de-novo-tecnico\/","og_locale":"pt_BR","og_type":"article","og_title":"Oficial! Fluminense acerta a contrata\u00e7\u00e3o de novo t\u00e9cnico","og_description":"Renato Ga\u00facho est\u00e1 de volta ao comando do Fluminense. O treinador, marcado na hist\u00f3ria do clube pelo famoso \u201cgol de barriga\u201d contra o Flamengo em 1995, vai iniciar sua sexta passagem pelo Tricolor. O acordo entre as partes j\u00e1 foi fechado, restando apenas a defini\u00e7\u00e3o do tempo de contrato, que tende a valer at\u00e9 o [&hellip;]","og_url":"https:\/\/www.gaveanews.com\/index.php\/2025\/04\/03\/oficial-fluminense-acerta-a-contratacao-de-novo-tecnico\/","og_site_name":"G\u00e1vea News","article_publisher":"https:\/\/facebook.com\/gaveaNews\/","article_published_time":"2025-04-03T14:46:09+00:00","article_modified_time":"2025-04-03T14:51:25+00:00","og_image":[{"width":1000,"height":667,"url":"http:\/\/www.gaveanews.com\/wp-content\/uploads\/Escudo-do-Fluminense.webp","type":"image\/webp"}],"author":"Ana Teixeira","twitter_card":"summary_large_image","twitter_misc":{"Escrito por":"Ana Teixeira","Est. tempo de leitura":"3 minutos"},"schema":{"@context":"https:\/\/schema.org","@graph":[{"@type":"NewsArticle","@id":"https:\/\/www.gaveanews.com\/index.php\/2025\/04\/03\/oficial-fluminense-acerta-a-contratacao-de-novo-tecnico\/#article","isPartOf":{"@id":"https:\/\/www.gaveanews.com\/index.php\/2025\/04\/03\/oficial-fluminense-acerta-a-contratacao-de-novo-tecnico\/"},"author":{"name":"Ana Teixeira","@id":"https:\/\/www.gaveanews.com\/#\/schema\/person\/3b19f7288b0ce20372991275e4f2e6c2"},"headline":"Oficial! Fluminense acerta a contrata\u00e7\u00e3o de novo t\u00e9cnico","datePublished":"2025-04-03T14:46:09+00:00","dateModified":"2025-04-03T14:51:25+00:00","mainEntityOfPage":{"@id":"https:\/\/www.gaveanews.com\/index.php\/2025\/04\/03\/oficial-fluminense-acerta-a-contratacao-de-novo-tecnico\/"},"wordCount":396,"commentCount":0,"image":{"@id":"https:\/\/www.gaveanews.com\/index.php\/2025\/04\/03\/oficial-fluminense-acerta-a-contratacao-de-novo-tecnico\/#primaryimage"},"thumbnailUrl":"https:\/\/www.gaveanews.com\/wp-content\/uploads\/Escudo-do-Fluminense.webp","articleSection":["Fluminense"],"inLanguage":"pt-BR","potentialAction":[{"@type":"CommentAction","name":"Comment","target":["https:\/\/www.gaveanews.com\/index.php\/2025\/04\/03\/oficial-fluminense-acerta-a-contratacao-de-novo-tecnico\/#respond"]}],"copyrightYear":"2025","copyrightHolder":{"@id":"https:\/\/www.gaveanews.com\/#organization"}},{"@type":"WebPage","@id":"https:\/\/www.gaveanews.com\/index.php\/2025\/04\/03\/oficial-fluminense-acerta-a-contratacao-de-novo-tecnico\/","url":"https:\/\/www.gaveanews.com\/index.php\/2025\/04\/03\/oficial-fluminense-acerta-a-contratacao-de-novo-tecnico\/","name":"Oficial! Fluminense acerta a contrata\u00e7\u00e3o de novo t\u00e9cnico","isPartOf":{"@id":"https:\/\/www.gaveanews.com\/#website"},"primaryImageOfPage":{"@id":"https:\/\/www.gaveanews.com\/index.php\/2025\/04\/03\/oficial-fluminense-acerta-a-contratacao-de-novo-tecnico\/#primaryimage"},"image":{"@id":"https:\/\/www.gaveanews.com\/index.php\/2025\/04\/03\/oficial-fluminense-acerta-a-contratacao-de-novo-tecnico\/#primaryimage"},"thumbnailUrl":"https:\/\/www.gaveanews.com\/wp-content\/uploads\/Escudo-do-Fluminense.webp","datePublished":"2025-04-03T14:46:09+00:00","dateModified":"2025-04-03T14:51:25+00:00","author":{"@id":"https:\/\/www.gaveanews.com\/#\/schema\/person\/3b19f7288b0ce20372991275e4f2e6c2"},"breadcrumb":{"@id":"https:\/\/www.gaveanews.com\/index.php\/2025\/04\/03\/oficial-fluminense-acerta-a-contratacao-de-novo-tecnico\/#breadcrumb"},"inLanguage":"pt-BR","potentialAction":[{"@type":"ReadAction","target":["https:\/\/www.gaveanews.com\/index.php\/2025\/04\/03\/oficial-fluminense-acerta-a-contratacao-de-novo-tecnico\/"]}]},{"@type":"ImageObject","inLanguage":"pt-BR","@id":"https:\/\/www.gaveanews.com\/index.php\/2025\/04\/03\/oficial-fluminense-acerta-a-contratacao-de-novo-tecnico\/#primaryimage","url":"https:\/\/www.gaveanews.com\/wp-content\/uploads\/Escudo-do-Fluminense.webp","contentUrl":"https:\/\/www.gaveanews.com\/wp-content\/uploads\/Escudo-do-Fluminense.webp","width":1000,"height":667,"caption":"Escudo do Fluminense (Foto Reprodu\u00e7\u00e3o\/Instagram)"},{"@type":"BreadcrumbList","@id":"https:\/\/www.gaveanews.com\/index.php\/2025\/04\/03\/oficial-fluminense-acerta-a-contratacao-de-novo-tecnico\/#breadcrumb","itemListElement":[{"@type":"ListItem","position":1,"name":"Home","item":"https:\/\/www.gaveanews.com\/"},{"@type":"ListItem","position":2,"name":"Oficial! Fluminense acerta a contrata\u00e7\u00e3o de novo t\u00e9cnico"}]},{"@type":"WebSite","@id":"https:\/\/www.gaveanews.com\/#website","url":"https:\/\/www.gaveanews.com\/","name":"G\u00e1vea News","description":"Veja todas as not\u00edcias sobre o Flamengo: Contrata\u00e7\u00f5es, categorias de base, resultados das partidas, tabela de classifica\u00e7\u00e3o, pr\u00f3ximos jogos!","potentialAction":[{"@type":"SearchAction","target":{"@type":"EntryPoint","urlTemplate":"https:\/\/www.gaveanews.com\/?s={search_term_string}"},"query-input":{"@type":"PropertyValueSpecification","valueRequired":true,"valueName":"search_term_string"}}],"inLanguage":"pt-BR"},{"@type":"Person","@id":"https:\/\/www.gaveanews.com\/#\/schema\/person\/3b19f7288b0ce20372991275e4f2e6c2","name":"Ana Teixeira","image":{"@type":"ImageObject","inLanguage":"pt-BR","@id":"https:\/\/www.gaveanews.com\/#\/schema\/person\/image\/","url":"https:\/\/secure.gravatar.com\/avatar\/0a73f5a5258f3fed37fc2fa641892f3f7a4748456d4d4792f9bc550e6c19e06c?s=96&d=mm&r=g","contentUrl":"https:\/\/secure.gravatar.com\/avatar\/0a73f5a5258f3fed37fc2fa641892f3f7a4748456d4d4792f9bc550e6c19e06c?s=96&d=mm&r=g","caption":"Ana Teixeira"}}]}},"_links":{"self":[{"href":"https:\/\/www.gaveanews.com\/index.php\/wp-json\/wp\/v2\/posts\/248374","targetHints":{"allow":["GET"]}}],"collection":[{"href":"https:\/\/www.gaveanews.com\/index.php\/wp-json\/wp\/v2\/posts"}],"about":[{"href":"https:\/\/www.gaveanews.com\/index.php\/wp-json\/wp\/v2\/types\/post"}],"author":[{"embeddable":true,"href":"https:\/\/www.gaveanews.com\/index.php\/wp-json\/wp\/v2\/users\/30"}],"replies":[{"embeddable":true,"href":"https:\/\/www.gaveanews.com\/index.php\/wp-json\/wp\/v2\/comments?post=248374"}],"version-history":[{"count":3,"href":"https:\/\/www.gaveanews.com\/index.php\/wp-json\/wp\/v2\/posts\/248374\/revisions"}],"predecessor-version":[{"id":248383,"href":"https:\/\/www.gaveanews.com\/index.php\/wp-json\/wp\/v2\/posts\/248374\/revisions\/248383"}],"wp:featuredmedia":[{"embeddable":true,"href":"https:\/\/www.gaveanews.com\/index.php\/wp-json\/wp\/v2\/media\/144992"}],"wp:attachment":[{"href":"https:\/\/www.gaveanews.com\/index.php\/wp-json\/wp\/v2\/media?parent=248374"}],"wp:term":[{"taxonomy":"category","embeddable":true,"href":"https:\/\/www.gaveanews.com\/index.php\/wp-json\/wp\/v2\/categories?post=248374"},{"taxonomy":"post_tag","embeddable":true,"href":"https:\/\/www.gaveanews.com\/index.php\/wp-json\/wp\/v2\/tags?post=248374"}],"curies":[{"name":"wp","href":"https:\/\/api.w.org\/{rel}","templated":true}]}}