{"id":248376,"date":"2025-04-03T12:55:00","date_gmt":"2025-04-03T15:55:00","guid":{"rendered":"https:\/\/www.gaveanews.com\/?p=248376"},"modified":"2025-04-03T11:47:42","modified_gmt":"2025-04-03T14:47:42","slug":"sporting-cristal-x-palmeiras-a-escalacao-escolhida-por-abel-ferreira","status":"publish","type":"post","link":"https:\/\/www.gaveanews.com\/index.php\/2025\/04\/03\/sporting-cristal-x-palmeiras-a-escalacao-escolhida-por-abel-ferreira\/","title":{"rendered":"Sporting Cristal x Palmeiras: a escala\u00e7\u00e3o escolhida por Abel Ferreira"},"content":{"rendered":"\n<p>O Palmeiras estreia na Copa Libertadores com a miss\u00e3o de mostrar sua for\u00e7a logo na primeira rodada. O duelo contra o Sporting Cristal acontece nesta quinta-feira (3), \u00e0s 19h (hor\u00e1rio de Bras\u00edlia), no est\u00e1dio Nacional do Peru. Para a partida, Abel Ferreira promove mudan\u00e7as na equipe titular, ajustando o Verd\u00e3o para a maratona de jogos que vem pela frente.<\/p>\n\n\n\n<h2 class=\"wp-block-heading\" id=\"h-veiga-fora-e-duvidas-no-meio-campo\">Veiga fora e d\u00favidas no meio-campo<\/h2>\n\n\n\n<figure class=\"wp-block-image size-large\"><img loading=\"lazy\" decoding=\"async\" width=\"921\" height=\"1024\" src=\"http:\/\/www.gaveanews.com\/wp-content\/uploads\/Abel-Ferreira-e-fotografado-durante-um-jogo-do-Palmeiras-no-Allianz-921x1024.webp\" alt=\"\" class=\"wp-image-157843\" srcset=\"https:\/\/www.gaveanews.com\/wp-content\/uploads\/Abel-Ferreira-e-fotografado-durante-um-jogo-do-Palmeiras-no-Allianz-921x1024.webp 921w, https:\/\/www.gaveanews.com\/wp-content\/uploads\/Abel-Ferreira-e-fotografado-durante-um-jogo-do-Palmeiras-no-Allianz-270x300.webp 270w, https:\/\/www.gaveanews.com\/wp-content\/uploads\/Abel-Ferreira-e-fotografado-durante-um-jogo-do-Palmeiras-no-Allianz-768x854.webp 768w, https:\/\/www.gaveanews.com\/wp-content\/uploads\/Abel-Ferreira-e-fotografado-durante-um-jogo-do-Palmeiras-no-Allianz-378x420.webp 378w, https:\/\/www.gaveanews.com\/wp-content\/uploads\/Abel-Ferreira-e-fotografado-durante-um-jogo-do-Palmeiras-no-Allianz-755x840.webp 755w, https:\/\/www.gaveanews.com\/wp-content\/uploads\/Abel-Ferreira-e-fotografado-durante-um-jogo-do-Palmeiras-no-Allianz-640x712.webp 640w, https:\/\/www.gaveanews.com\/wp-content\/uploads\/Abel-Ferreira-e-fotografado-durante-um-jogo-do-Palmeiras-no-Allianz-1280x1423.webp 1280w, https:\/\/www.gaveanews.com\/wp-content\/uploads\/Abel-Ferreira-e-fotografado-durante-um-jogo-do-Palmeiras-no-Allianz-681x757.webp 681w, https:\/\/www.gaveanews.com\/wp-content\/uploads\/Abel-Ferreira-e-fotografado-durante-um-jogo-do-Palmeiras-no-Allianz-100x111.webp 100w, https:\/\/www.gaveanews.com\/wp-content\/uploads\/Abel-Ferreira-e-fotografado-durante-um-jogo-do-Palmeiras-no-Allianz.webp 1349w\" sizes=\"auto, (max-width: 921px) 100vw, 921px\" \/><figcaption class=\"wp-element-caption\">Abel Ferreira \u00e9 fotografado durante um jogo do Palmeiras no Allianz (Foto: Cesar Greco\/Palmeiras)<\/figcaption><\/figure>\n\n\n\n<p>Uma das principais aus\u00eancias na estreia ser\u00e1 Raphael Veiga. O meio-campista n\u00e3o foi relacionado porque foi poupado pela comiss\u00e3o t\u00e9cnica. Al\u00e9m disso, a equipe pode ter altera\u00e7\u00e3o na defesa, j\u00e1 que Gustavo G\u00f3mez voltou a treinar integralmente e pode retornar ao time titular. No entanto, Micael vem ganhando espa\u00e7o ao lado de Murilo e pode ser mantido.<\/p>\n\n\n\n<p>No meio-campo, a d\u00favida fica entre Lucas Evangelista e Emiliano Mart\u00ednez, que disputam uma vaga na forma\u00e7\u00e3o inicial. Sendo assim, a prov\u00e1vel escala\u00e7\u00e3o do Palmeiras conta com: <\/p>\n\n\n\n<p>Weverton; Mayke, Murilo, G\u00f3mez (Micael) e Piquerez; Lucas Evangelista (Mart\u00ednez), Richard R\u00edos e Felipe Anderson; Est\u00eav\u00e3o, Facundo Torres e Vitor Roque.<\/p>\n\n\n\n<h2 class=\"wp-block-heading\" id=\"h-palmeiras-busca-mais-um-titulo-continental\">Palmeiras busca mais um t\u00edtulo continental<\/h2>\n\n\n\n<p>O Verd\u00e3o \u00e9 um dos grandes favoritos ao t\u00edtulo da Libertadores e entra na competi\u00e7\u00e3o com um objetivo bem definido. O zagueiro Bruno Fuchs destacou a import\u00e2ncia de manter a mentalidade vencedora:<\/p>\n\n\n\n<p>&#8220;O Palmeiras \u00e9 o time brasileiro que tem mais vit\u00f3rias e a gente precisa manter isso a\u00ed, seguir crescendo, seguir evoluindo, para sermos campe\u00f5es&#8221;, disse o jogador.<\/p>\n\n\n\n<p>Al\u00e9m disso, Fuchs relembrou sua participa\u00e7\u00e3o na edi\u00e7\u00e3o anterior e refor\u00e7ou sua ambi\u00e7\u00e3o:<br>&#8220;Espero que esse ano eu tenha um desfecho positivo na Libertadores. No ano passado, bati na trave pelo Atl\u00e9tico-MG, mas chegamos longe&#8221;, completou.<\/p>\n\n\n\n<h2 class=\"wp-block-heading\" id=\"h-grupo-do-palmeiras-na-libertadores\">Grupo do Palmeiras na Libertadores<\/h2>\n\n\n\n<p>O Palmeiras est\u00e1 no Grupo G, ao lado de Sporting Cristal, Cerro Porte\u00f1o e Bol\u00edvar. Dessa maneira, a equipe inicia a jornada jogando fora de casa, mas ter\u00e1 confrontos decisivos como mandante.<\/p>\n\n\n\n<p>Por isso, um bom resultado no Peru pode dar tranquilidade para o restante da fase de grupos. Com isso, Abel Ferreira e seus comandados entram em campo cientes da import\u00e2ncia de um in\u00edcio positivo.<\/p>\n","protected":false},"excerpt":{"rendered":"<p>O Palmeiras estreia na Copa Libertadores com a miss\u00e3o de mostrar sua for\u00e7a logo na primeira rodada. O duelo contra o Sporting Cristal acontece nesta quinta-feira (3), \u00e0s 19h (hor\u00e1rio de Bras\u00edlia), no est\u00e1dio Nacional do Peru. Para a partida, Abel Ferreira promove mudan\u00e7as na equipe titular, ajustando o Verd\u00e3o para a maratona de jogos [&hellip;]<\/p>\n","protected":false},"author":24,"featured_media":102760,"comment_status":"open","ping_status":"closed","sticky":false,"template":"","format":"standard","meta":{"footnotes":""},"categories":[150],"tags":[],"class_list":["post-248376","post","type-post","status-publish","format-standard","has-post-thumbnail","hentry","category-palmeiras"],"yoast_head":"<!-- This site is optimized with the Yoast SEO Premium plugin v24.2 (Yoast SEO v26.9) - https:\/\/yoast.com\/product\/yoast-seo-premium-wordpress\/ -->\n<title>Sporting Cristal x Palmeiras: a escala\u00e7\u00e3o escolhida por Abel Ferreira<\/title>\n<meta name=\"robots\" content=\"index, follow, max-snippet:-1, max-image-preview:large, max-video-preview:-1\" \/>\n<link rel=\"canonical\" href=\"https:\/\/www.gaveanews.com\/index.php\/2025\/04\/03\/sporting-cristal-x-palmeiras-a-escalacao-escolhida-por-abel-ferreira\/\" \/>\n<meta property=\"og:locale\" content=\"pt_BR\" \/>\n<meta property=\"og:type\" content=\"article\" \/>\n<meta property=\"og:title\" content=\"Sporting Cristal x Palmeiras: a escala\u00e7\u00e3o escolhida por Abel Ferreira\" \/>\n<meta property=\"og:description\" content=\"O Palmeiras estreia na Copa Libertadores com a miss\u00e3o de mostrar sua for\u00e7a logo na primeira rodada. O duelo contra o Sporting Cristal acontece nesta quinta-feira (3), \u00e0s 19h (hor\u00e1rio de Bras\u00edlia), no est\u00e1dio Nacional do Peru. Para a partida, Abel Ferreira promove mudan\u00e7as na equipe titular, ajustando o Verd\u00e3o para a maratona de jogos [&hellip;]\" \/>\n<meta property=\"og:url\" content=\"https:\/\/www.gaveanews.com\/index.php\/2025\/04\/03\/sporting-cristal-x-palmeiras-a-escalacao-escolhida-por-abel-ferreira\/\" \/>\n<meta property=\"og:site_name\" content=\"G\u00e1vea News\" \/>\n<meta property=\"article:publisher\" content=\"https:\/\/facebook.com\/gaveaNews\/\" \/>\n<meta property=\"article:published_time\" content=\"2025-04-03T15:55:00+00:00\" \/>\n<meta property=\"og:image\" content=\"https:\/\/www.gaveanews.com\/wp-content\/uploads\/chrome_ODu3uwWaKP.webp\" \/>\n\t<meta property=\"og:image:width\" content=\"840\" \/>\n\t<meta property=\"og:image:height\" content=\"510\" \/>\n\t<meta property=\"og:image:type\" content=\"image\/png\" \/>\n<meta name=\"author\" content=\"Leandro Cardoso\" \/>\n<meta name=\"twitter:card\" content=\"summary_large_image\" \/>\n<meta name=\"twitter:label1\" content=\"Escrito por\" \/>\n\t<meta name=\"twitter:data1\" content=\"Leandro Cardoso\" \/>\n\t<meta name=\"twitter:label2\" content=\"Est. tempo de leitura\" \/>\n\t<meta name=\"twitter:data2\" content=\"3 minutos\" \/>\n<script type=\"application\/ld+json\" class=\"yoast-schema-graph\">{\"@context\":\"https:\/\/schema.org\",\"@graph\":[{\"@type\":\"NewsArticle\",\"@id\":\"https:\/\/www.gaveanews.com\/index.php\/2025\/04\/03\/sporting-cristal-x-palmeiras-a-escalacao-escolhida-por-abel-ferreira\/#article\",\"isPartOf\":{\"@id\":\"https:\/\/www.gaveanews.com\/index.php\/2025\/04\/03\/sporting-cristal-x-palmeiras-a-escalacao-escolhida-por-abel-ferreira\/\"},\"author\":{\"name\":\"Leandro Cardoso\",\"@id\":\"https:\/\/www.gaveanews.com\/#\/schema\/person\/2424ec6409bc3f068411fc5e4e9b6168\"},\"headline\":\"Sporting Cristal x Palmeiras: a escala\u00e7\u00e3o escolhida por Abel Ferreira\",\"datePublished\":\"2025-04-03T15:55:00+00:00\",\"mainEntityOfPage\":{\"@id\":\"https:\/\/www.gaveanews.com\/index.php\/2025\/04\/03\/sporting-cristal-x-palmeiras-a-escalacao-escolhida-por-abel-ferreira\/\"},\"wordCount\":407,\"commentCount\":0,\"image\":{\"@id\":\"https:\/\/www.gaveanews.com\/index.php\/2025\/04\/03\/sporting-cristal-x-palmeiras-a-escalacao-escolhida-por-abel-ferreira\/#primaryimage\"},\"thumbnailUrl\":\"https:\/\/www.gaveanews.com\/wp-content\/uploads\/chrome_ODu3uwWaKP.webp\",\"articleSection\":[\"Palmeiras\"],\"inLanguage\":\"pt-BR\",\"potentialAction\":[{\"@type\":\"CommentAction\",\"name\":\"Comment\",\"target\":[\"https:\/\/www.gaveanews.com\/index.php\/2025\/04\/03\/sporting-cristal-x-palmeiras-a-escalacao-escolhida-por-abel-ferreira\/#respond\"]}],\"copyrightYear\":\"2025\",\"copyrightHolder\":{\"@id\":\"https:\/\/www.gaveanews.com\/#organization\"}},{\"@type\":\"WebPage\",\"@id\":\"https:\/\/www.gaveanews.com\/index.php\/2025\/04\/03\/sporting-cristal-x-palmeiras-a-escalacao-escolhida-por-abel-ferreira\/\",\"url\":\"https:\/\/www.gaveanews.com\/index.php\/2025\/04\/03\/sporting-cristal-x-palmeiras-a-escalacao-escolhida-por-abel-ferreira\/\",\"name\":\"Sporting Cristal x Palmeiras: a escala\u00e7\u00e3o escolhida por Abel Ferreira\",\"isPartOf\":{\"@id\":\"https:\/\/www.gaveanews.com\/#website\"},\"primaryImageOfPage\":{\"@id\":\"https:\/\/www.gaveanews.com\/index.php\/2025\/04\/03\/sporting-cristal-x-palmeiras-a-escalacao-escolhida-por-abel-ferreira\/#primaryimage\"},\"image\":{\"@id\":\"https:\/\/www.gaveanews.com\/index.php\/2025\/04\/03\/sporting-cristal-x-palmeiras-a-escalacao-escolhida-por-abel-ferreira\/#primaryimage\"},\"thumbnailUrl\":\"https:\/\/www.gaveanews.com\/wp-content\/uploads\/chrome_ODu3uwWaKP.webp\",\"datePublished\":\"2025-04-03T15:55:00+00:00\",\"author\":{\"@id\":\"https:\/\/www.gaveanews.com\/#\/schema\/person\/2424ec6409bc3f068411fc5e4e9b6168\"},\"breadcrumb\":{\"@id\":\"https:\/\/www.gaveanews.com\/index.php\/2025\/04\/03\/sporting-cristal-x-palmeiras-a-escalacao-escolhida-por-abel-ferreira\/#breadcrumb\"},\"inLanguage\":\"pt-BR\",\"potentialAction\":[{\"@type\":\"ReadAction\",\"target\":[\"https:\/\/www.gaveanews.com\/index.php\/2025\/04\/03\/sporting-cristal-x-palmeiras-a-escalacao-escolhida-por-abel-ferreira\/\"]}]},{\"@type\":\"ImageObject\",\"inLanguage\":\"pt-BR\",\"@id\":\"https:\/\/www.gaveanews.com\/index.php\/2025\/04\/03\/sporting-cristal-x-palmeiras-a-escalacao-escolhida-por-abel-ferreira\/#primaryimage\",\"url\":\"https:\/\/www.gaveanews.com\/wp-content\/uploads\/chrome_ODu3uwWaKP.webp\",\"contentUrl\":\"https:\/\/www.gaveanews.com\/wp-content\/uploads\/chrome_ODu3uwWaKP.webp\",\"width\":840,\"height\":510,\"caption\":\"Abel Ferreira em Jogo pelo Palmeiras - Foto Reprodu\u00e7\u00e3o\"},{\"@type\":\"BreadcrumbList\",\"@id\":\"https:\/\/www.gaveanews.com\/index.php\/2025\/04\/03\/sporting-cristal-x-palmeiras-a-escalacao-escolhida-por-abel-ferreira\/#breadcrumb\",\"itemListElement\":[{\"@type\":\"ListItem\",\"position\":1,\"name\":\"Home\",\"item\":\"https:\/\/www.gaveanews.com\/\"},{\"@type\":\"ListItem\",\"position\":2,\"name\":\"Sporting Cristal x Palmeiras: a escala\u00e7\u00e3o escolhida por Abel Ferreira\"}]},{\"@type\":\"WebSite\",\"@id\":\"https:\/\/www.gaveanews.com\/#website\",\"url\":\"https:\/\/www.gaveanews.com\/\",\"name\":\"G\u00e1vea News\",\"description\":\"Veja todas as not\u00edcias sobre o Flamengo: Contrata\u00e7\u00f5es, categorias de base, resultados das partidas, tabela de classifica\u00e7\u00e3o, pr\u00f3ximos jogos!\",\"potentialAction\":[{\"@type\":\"SearchAction\",\"target\":{\"@type\":\"EntryPoint\",\"urlTemplate\":\"https:\/\/www.gaveanews.com\/?s={search_term_string}\"},\"query-input\":{\"@type\":\"PropertyValueSpecification\",\"valueRequired\":true,\"valueName\":\"search_term_string\"}}],\"inLanguage\":\"pt-BR\"},{\"@type\":\"Person\",\"@id\":\"https:\/\/www.gaveanews.com\/#\/schema\/person\/2424ec6409bc3f068411fc5e4e9b6168\",\"name\":\"Leandro Cardoso\",\"image\":{\"@type\":\"ImageObject\",\"inLanguage\":\"pt-BR\",\"@id\":\"https:\/\/www.gaveanews.com\/#\/schema\/person\/image\/\",\"url\":\"https:\/\/secure.gravatar.com\/avatar\/8ca179f9b55eefe9f376f5493ef25475bfa59fbc28ce937f6076ce20e523098f?s=96&d=mm&r=g\",\"contentUrl\":\"https:\/\/secure.gravatar.com\/avatar\/8ca179f9b55eefe9f376f5493ef25475bfa59fbc28ce937f6076ce20e523098f?s=96&d=mm&r=g\",\"caption\":\"Leandro Cardoso\"}}]}<\/script>\n<!-- \/ Yoast SEO Premium plugin. -->","yoast_head_json":{"title":"Sporting Cristal x Palmeiras: a escala\u00e7\u00e3o escolhida por Abel Ferreira","robots":{"index":"index","follow":"follow","max-snippet":"max-snippet:-1","max-image-preview":"max-image-preview:large","max-video-preview":"max-video-preview:-1"},"canonical":"https:\/\/www.gaveanews.com\/index.php\/2025\/04\/03\/sporting-cristal-x-palmeiras-a-escalacao-escolhida-por-abel-ferreira\/","og_locale":"pt_BR","og_type":"article","og_title":"Sporting Cristal x Palmeiras: a escala\u00e7\u00e3o escolhida por Abel Ferreira","og_description":"O Palmeiras estreia na Copa Libertadores com a miss\u00e3o de mostrar sua for\u00e7a logo na primeira rodada. O duelo contra o Sporting Cristal acontece nesta quinta-feira (3), \u00e0s 19h (hor\u00e1rio de Bras\u00edlia), no est\u00e1dio Nacional do Peru. Para a partida, Abel Ferreira promove mudan\u00e7as na equipe titular, ajustando o Verd\u00e3o para a maratona de jogos [&hellip;]","og_url":"https:\/\/www.gaveanews.com\/index.php\/2025\/04\/03\/sporting-cristal-x-palmeiras-a-escalacao-escolhida-por-abel-ferreira\/","og_site_name":"G\u00e1vea News","article_publisher":"https:\/\/facebook.com\/gaveaNews\/","article_published_time":"2025-04-03T15:55:00+00:00","og_image":[{"width":840,"height":510,"url":"https:\/\/www.gaveanews.com\/wp-content\/uploads\/chrome_ODu3uwWaKP.webp","type":"image\/png"}],"author":"Leandro Cardoso","twitter_card":"summary_large_image","twitter_misc":{"Escrito por":"Leandro Cardoso","Est. tempo de leitura":"3 minutos"},"schema":{"@context":"https:\/\/schema.org","@graph":[{"@type":"NewsArticle","@id":"https:\/\/www.gaveanews.com\/index.php\/2025\/04\/03\/sporting-cristal-x-palmeiras-a-escalacao-escolhida-por-abel-ferreira\/#article","isPartOf":{"@id":"https:\/\/www.gaveanews.com\/index.php\/2025\/04\/03\/sporting-cristal-x-palmeiras-a-escalacao-escolhida-por-abel-ferreira\/"},"author":{"name":"Leandro Cardoso","@id":"https:\/\/www.gaveanews.com\/#\/schema\/person\/2424ec6409bc3f068411fc5e4e9b6168"},"headline":"Sporting Cristal x Palmeiras: a escala\u00e7\u00e3o escolhida por Abel Ferreira","datePublished":"2025-04-03T15:55:00+00:00","mainEntityOfPage":{"@id":"https:\/\/www.gaveanews.com\/index.php\/2025\/04\/03\/sporting-cristal-x-palmeiras-a-escalacao-escolhida-por-abel-ferreira\/"},"wordCount":407,"commentCount":0,"image":{"@id":"https:\/\/www.gaveanews.com\/index.php\/2025\/04\/03\/sporting-cristal-x-palmeiras-a-escalacao-escolhida-por-abel-ferreira\/#primaryimage"},"thumbnailUrl":"https:\/\/www.gaveanews.com\/wp-content\/uploads\/chrome_ODu3uwWaKP.webp","articleSection":["Palmeiras"],"inLanguage":"pt-BR","potentialAction":[{"@type":"CommentAction","name":"Comment","target":["https:\/\/www.gaveanews.com\/index.php\/2025\/04\/03\/sporting-cristal-x-palmeiras-a-escalacao-escolhida-por-abel-ferreira\/#respond"]}],"copyrightYear":"2025","copyrightHolder":{"@id":"https:\/\/www.gaveanews.com\/#organization"}},{"@type":"WebPage","@id":"https:\/\/www.gaveanews.com\/index.php\/2025\/04\/03\/sporting-cristal-x-palmeiras-a-escalacao-escolhida-por-abel-ferreira\/","url":"https:\/\/www.gaveanews.com\/index.php\/2025\/04\/03\/sporting-cristal-x-palmeiras-a-escalacao-escolhida-por-abel-ferreira\/","name":"Sporting Cristal x Palmeiras: a escala\u00e7\u00e3o escolhida por Abel Ferreira","isPartOf":{"@id":"https:\/\/www.gaveanews.com\/#website"},"primaryImageOfPage":{"@id":"https:\/\/www.gaveanews.com\/index.php\/2025\/04\/03\/sporting-cristal-x-palmeiras-a-escalacao-escolhida-por-abel-ferreira\/#primaryimage"},"image":{"@id":"https:\/\/www.gaveanews.com\/index.php\/2025\/04\/03\/sporting-cristal-x-palmeiras-a-escalacao-escolhida-por-abel-ferreira\/#primaryimage"},"thumbnailUrl":"https:\/\/www.gaveanews.com\/wp-content\/uploads\/chrome_ODu3uwWaKP.webp","datePublished":"2025-04-03T15:55:00+00:00","author":{"@id":"https:\/\/www.gaveanews.com\/#\/schema\/person\/2424ec6409bc3f068411fc5e4e9b6168"},"breadcrumb":{"@id":"https:\/\/www.gaveanews.com\/index.php\/2025\/04\/03\/sporting-cristal-x-palmeiras-a-escalacao-escolhida-por-abel-ferreira\/#breadcrumb"},"inLanguage":"pt-BR","potentialAction":[{"@type":"ReadAction","target":["https:\/\/www.gaveanews.com\/index.php\/2025\/04\/03\/sporting-cristal-x-palmeiras-a-escalacao-escolhida-por-abel-ferreira\/"]}]},{"@type":"ImageObject","inLanguage":"pt-BR","@id":"https:\/\/www.gaveanews.com\/index.php\/2025\/04\/03\/sporting-cristal-x-palmeiras-a-escalacao-escolhida-por-abel-ferreira\/#primaryimage","url":"https:\/\/www.gaveanews.com\/wp-content\/uploads\/chrome_ODu3uwWaKP.webp","contentUrl":"https:\/\/www.gaveanews.com\/wp-content\/uploads\/chrome_ODu3uwWaKP.webp","width":840,"height":510,"caption":"Abel Ferreira em Jogo pelo Palmeiras - Foto Reprodu\u00e7\u00e3o"},{"@type":"BreadcrumbList","@id":"https:\/\/www.gaveanews.com\/index.php\/2025\/04\/03\/sporting-cristal-x-palmeiras-a-escalacao-escolhida-por-abel-ferreira\/#breadcrumb","itemListElement":[{"@type":"ListItem","position":1,"name":"Home","item":"https:\/\/www.gaveanews.com\/"},{"@type":"ListItem","position":2,"name":"Sporting Cristal x Palmeiras: a escala\u00e7\u00e3o escolhida por Abel Ferreira"}]},{"@type":"WebSite","@id":"https:\/\/www.gaveanews.com\/#website","url":"https:\/\/www.gaveanews.com\/","name":"G\u00e1vea News","description":"Veja todas as not\u00edcias sobre o Flamengo: Contrata\u00e7\u00f5es, categorias de base, resultados das partidas, tabela de classifica\u00e7\u00e3o, pr\u00f3ximos jogos!","potentialAction":[{"@type":"SearchAction","target":{"@type":"EntryPoint","urlTemplate":"https:\/\/www.gaveanews.com\/?s={search_term_string}"},"query-input":{"@type":"PropertyValueSpecification","valueRequired":true,"valueName":"search_term_string"}}],"inLanguage":"pt-BR"},{"@type":"Person","@id":"https:\/\/www.gaveanews.com\/#\/schema\/person\/2424ec6409bc3f068411fc5e4e9b6168","name":"Leandro Cardoso","image":{"@type":"ImageObject","inLanguage":"pt-BR","@id":"https:\/\/www.gaveanews.com\/#\/schema\/person\/image\/","url":"https:\/\/secure.gravatar.com\/avatar\/8ca179f9b55eefe9f376f5493ef25475bfa59fbc28ce937f6076ce20e523098f?s=96&d=mm&r=g","contentUrl":"https:\/\/secure.gravatar.com\/avatar\/8ca179f9b55eefe9f376f5493ef25475bfa59fbc28ce937f6076ce20e523098f?s=96&d=mm&r=g","caption":"Leandro Cardoso"}}]}},"_links":{"self":[{"href":"https:\/\/www.gaveanews.com\/index.php\/wp-json\/wp\/v2\/posts\/248376","targetHints":{"allow":["GET"]}}],"collection":[{"href":"https:\/\/www.gaveanews.com\/index.php\/wp-json\/wp\/v2\/posts"}],"about":[{"href":"https:\/\/www.gaveanews.com\/index.php\/wp-json\/wp\/v2\/types\/post"}],"author":[{"embeddable":true,"href":"https:\/\/www.gaveanews.com\/index.php\/wp-json\/wp\/v2\/users\/24"}],"replies":[{"embeddable":true,"href":"https:\/\/www.gaveanews.com\/index.php\/wp-json\/wp\/v2\/comments?post=248376"}],"version-history":[{"count":1,"href":"https:\/\/www.gaveanews.com\/index.php\/wp-json\/wp\/v2\/posts\/248376\/revisions"}],"predecessor-version":[{"id":248379,"href":"https:\/\/www.gaveanews.com\/index.php\/wp-json\/wp\/v2\/posts\/248376\/revisions\/248379"}],"wp:featuredmedia":[{"embeddable":true,"href":"https:\/\/www.gaveanews.com\/index.php\/wp-json\/wp\/v2\/media\/102760"}],"wp:attachment":[{"href":"https:\/\/www.gaveanews.com\/index.php\/wp-json\/wp\/v2\/media?parent=248376"}],"wp:term":[{"taxonomy":"category","embeddable":true,"href":"https:\/\/www.gaveanews.com\/index.php\/wp-json\/wp\/v2\/categories?post=248376"},{"taxonomy":"post_tag","embeddable":true,"href":"https:\/\/www.gaveanews.com\/index.php\/wp-json\/wp\/v2\/tags?post=248376"}],"curies":[{"name":"wp","href":"https:\/\/api.w.org\/{rel}","templated":true}]}}