{"id":248392,"date":"2025-04-03T13:20:00","date_gmt":"2025-04-03T16:20:00","guid":{"rendered":"https:\/\/www.gaveanews.com\/?p=248392"},"modified":"2025-04-03T12:04:42","modified_gmt":"2025-04-03T15:04:42","slug":"a-declaracao-de-dede-direcionada-a-philippe-coutinho-do-vasco","status":"publish","type":"post","link":"https:\/\/www.gaveanews.com\/index.php\/2025\/04\/03\/a-declaracao-de-dede-direcionada-a-philippe-coutinho-do-vasco\/","title":{"rendered":"A declara\u00e7\u00e3o de Ded\u00e9 direcionada a Philippe Coutinho, do Vasco"},"content":{"rendered":"\n<p>Quando um ex-jogador renomado rasga elogios a um companheiro de profiss\u00e3o, \u00e9 sinal de que h\u00e1 um talento especial em quest\u00e3o.&nbsp;<\/p>\n\n\n\n<p>Dessa vez, foi Ded\u00e9, ex-zagueiro de Vasco e Cruzeiro, quem exaltou Philippe Coutinho, colocando o meia vasca\u00edno como o segundo maior nome da gera\u00e7\u00e3o liderada por Neymar. Em entrevista \u00e0 ESPN, o defensor destacou a intelig\u00eancia e a habilidade do camisa 11 cruz-maltino.<\/p>\n\n\n\n<h2 class=\"wp-block-heading\" id=\"h-coutinho-entre-os-gigantes-do-futebol-brasileiro\">Coutinho entre os gigantes do futebol brasileiro<\/h2>\n\n\n\n<figure class=\"wp-block-image size-full\"><img loading=\"lazy\" decoding=\"async\" width=\"1024\" height=\"576\" src=\"http:\/\/www.gaveanews.com\/wp-content\/uploads\/Dede-concede-coletiva-no-Cruzeiro.webp\" alt=\"\" class=\"wp-image-70067\" srcset=\"https:\/\/www.gaveanews.com\/wp-content\/uploads\/Dede-concede-coletiva-no-Cruzeiro.webp 1024w, https:\/\/www.gaveanews.com\/wp-content\/uploads\/Dede-concede-coletiva-no-Cruzeiro-300x169.webp 300w, https:\/\/www.gaveanews.com\/wp-content\/uploads\/Dede-concede-coletiva-no-Cruzeiro-768x432.webp 768w, https:\/\/www.gaveanews.com\/wp-content\/uploads\/Dede-concede-coletiva-no-Cruzeiro-747x420.webp 747w, https:\/\/www.gaveanews.com\/wp-content\/uploads\/Dede-concede-coletiva-no-Cruzeiro-640x360.webp 640w, https:\/\/www.gaveanews.com\/wp-content\/uploads\/Dede-concede-coletiva-no-Cruzeiro-681x383.webp 681w, https:\/\/www.gaveanews.com\/wp-content\/uploads\/Dede-concede-coletiva-no-Cruzeiro-1022x576.webp 1022w, https:\/\/www.gaveanews.com\/wp-content\/uploads\/Dede-concede-coletiva-no-Cruzeiro-100x56.webp 100w\" sizes=\"auto, (max-width: 1024px) 100vw, 1024px\" \/><figcaption class=\"wp-element-caption\">Ded\u00e9 em coletiva no Cruzeiro (Foto: Bruno Haddad\/Cruzeiro)<\/figcaption><\/figure>\n\n\n\n<p>Na vis\u00e3o de Ded\u00e9, Philippe Coutinho supera at\u00e9 mesmo estrelas como Vin\u00edcius J\u00fanior.&nbsp;<\/p>\n\n\n\n<p>\u201cDessa gera\u00e7\u00e3o, eu acho, depois do Neymar, o segundo maior jogador \u00e9 o Coutinho pra mim\u201d, afirmou o ex-zagueiro, que conviveu com grandes nomes do futebol brasileiro. Sendo assim, o reconhecimento vindo de um atleta experiente s\u00f3 refor\u00e7a a qualidade do meia.<\/p>\n\n\n\n<p>Vale destacar que Coutinho j\u00e1 demonstrava sua genialidade desde os tempos de base. Ainda muito jovem, ele impressionava os treinadores e companheiros no Vasco, tanto que sua transfer\u00eancia para a Inter de Mil\u00e3o aconteceu de maneira precoce, refletindo o tamanho do seu talento.<\/p>\n\n\n\n<h2 class=\"wp-block-heading\" id=\"h-marcar-coutinho-era-uma-missao-impossivel\">Marcar Coutinho era uma miss\u00e3o imposs\u00edvel<\/h2>\n\n\n\n<p>Ded\u00e9 tamb\u00e9m recordou a dificuldade que defensores tinham para marcar o meia. Segundo ele, acompanhar o racioc\u00ednio de Coutinho era um grande desafio.&nbsp;<\/p>\n\n\n\n<p>\u201cNo treino, n\u00e3o tinha um que chegava pr\u00f3ximo dele, porque ele pensa muito r\u00e1pido\u201d, revelou. Isso porque o jogador sempre se destacou pela capacidade de antecipa\u00e7\u00e3o e vis\u00e3o de jogo, tornando-se um pesadelo para os marcadores.<\/p>\n\n\n\n<p>Dessa maneira, o ex-zagueiro fez quest\u00e3o de ressaltar a genialidade do vasca\u00edno. \u201cOs caras que s\u00e3o craques, que nasceram numa c\u00e1psula l\u00e1 de J\u00fapiter, de Saturno, sei l\u00e1 de que planeta vieram, eles pensam muito r\u00e1pido e est\u00e3o anos-luz da gente\u201d, brincou.<\/p>\n\n\n\n<h2 class=\"wp-block-heading\" id=\"h-coutinho-volta-a-brilhar-com-a-camisa-do-vasco\">Coutinho volta a brilhar com a camisa do Vasco<\/h2>\n\n\n\n<p>Por isso, o retorno de Philippe Coutinho ao Vasco tem gerado grandes expectativas na torcida cruz-maltina. Com sua qualidade t\u00e9cnica inquestion\u00e1vel, o meia j\u00e1 mostrou seu valor logo na estreia da equipe na Copa Sul-Americana.&nbsp;<\/p>\n\n\n\n<p>No empate por 3 a 3 contra o Melgar, no Peru, o camisa 11 marcou o primeiro gol da partida, reafirmando que ainda tem muito a oferecer ao futebol brasileiro.<\/p>\n","protected":false},"excerpt":{"rendered":"<p>Quando um ex-jogador renomado rasga elogios a um companheiro de profiss\u00e3o, \u00e9 sinal de que h\u00e1 um talento especial em quest\u00e3o.&nbsp; Dessa vez, foi Ded\u00e9, ex-zagueiro de Vasco e Cruzeiro, quem exaltou Philippe Coutinho, colocando o meia vasca\u00edno como o segundo maior nome da gera\u00e7\u00e3o liderada por Neymar. Em entrevista \u00e0 ESPN, o defensor destacou [&hellip;]<\/p>\n","protected":false},"author":25,"featured_media":151729,"comment_status":"open","ping_status":"closed","sticky":false,"template":"","format":"standard","meta":{"footnotes":""},"categories":[152],"tags":[],"class_list":["post-248392","post","type-post","status-publish","format-standard","has-post-thumbnail","hentry","category-vasco"],"yoast_head":"<!-- This site is optimized with the Yoast SEO Premium plugin v24.2 (Yoast SEO v26.9) - https:\/\/yoast.com\/product\/yoast-seo-premium-wordpress\/ -->\n<title>A declara\u00e7\u00e3o de Ded\u00e9 direcionada a Philippe Coutinho, do Vasco<\/title>\n<meta name=\"robots\" content=\"index, follow, max-snippet:-1, max-image-preview:large, max-video-preview:-1\" \/>\n<link rel=\"canonical\" href=\"https:\/\/www.gaveanews.com\/index.php\/2025\/04\/03\/a-declaracao-de-dede-direcionada-a-philippe-coutinho-do-vasco\/\" \/>\n<meta property=\"og:locale\" content=\"pt_BR\" \/>\n<meta property=\"og:type\" content=\"article\" \/>\n<meta property=\"og:title\" content=\"A declara\u00e7\u00e3o de Ded\u00e9 direcionada a Philippe Coutinho, do Vasco\" \/>\n<meta property=\"og:description\" content=\"Quando um ex-jogador renomado rasga elogios a um companheiro de profiss\u00e3o, \u00e9 sinal de que h\u00e1 um talento especial em quest\u00e3o.&nbsp; Dessa vez, foi Ded\u00e9, ex-zagueiro de Vasco e Cruzeiro, quem exaltou Philippe Coutinho, colocando o meia vasca\u00edno como o segundo maior nome da gera\u00e7\u00e3o liderada por Neymar. Em entrevista \u00e0 ESPN, o defensor destacou [&hellip;]\" \/>\n<meta property=\"og:url\" content=\"https:\/\/www.gaveanews.com\/index.php\/2025\/04\/03\/a-declaracao-de-dede-direcionada-a-philippe-coutinho-do-vasco\/\" \/>\n<meta property=\"og:site_name\" content=\"G\u00e1vea News\" \/>\n<meta property=\"article:publisher\" content=\"https:\/\/facebook.com\/gaveaNews\/\" \/>\n<meta property=\"article:published_time\" content=\"2025-04-03T16:20:00+00:00\" \/>\n<meta property=\"og:image\" content=\"https:\/\/www.gaveanews.com\/wp-content\/uploads\/Philippe-Coutinho-em-acao-pelo-Vasco.webp\" \/>\n\t<meta property=\"og:image:width\" content=\"1080\" \/>\n\t<meta property=\"og:image:height\" content=\"810\" \/>\n\t<meta property=\"og:image:type\" content=\"image\/webp\" \/>\n<meta name=\"author\" content=\"Rafaela Ladeira\" \/>\n<meta name=\"twitter:card\" content=\"summary_large_image\" \/>\n<meta name=\"twitter:label1\" content=\"Escrito por\" \/>\n\t<meta name=\"twitter:data1\" content=\"Rafaela Ladeira\" \/>\n\t<meta name=\"twitter:label2\" content=\"Est. tempo de leitura\" \/>\n\t<meta name=\"twitter:data2\" content=\"3 minutos\" \/>\n<script type=\"application\/ld+json\" class=\"yoast-schema-graph\">{\"@context\":\"https:\/\/schema.org\",\"@graph\":[{\"@type\":\"NewsArticle\",\"@id\":\"https:\/\/www.gaveanews.com\/index.php\/2025\/04\/03\/a-declaracao-de-dede-direcionada-a-philippe-coutinho-do-vasco\/#article\",\"isPartOf\":{\"@id\":\"https:\/\/www.gaveanews.com\/index.php\/2025\/04\/03\/a-declaracao-de-dede-direcionada-a-philippe-coutinho-do-vasco\/\"},\"author\":{\"name\":\"Rafaela Ladeira\",\"@id\":\"https:\/\/www.gaveanews.com\/#\/schema\/person\/0eb3e3fe1754f0205218538adbe8f5ed\"},\"headline\":\"A declara\u00e7\u00e3o de Ded\u00e9 direcionada a Philippe Coutinho, do Vasco\",\"datePublished\":\"2025-04-03T16:20:00+00:00\",\"mainEntityOfPage\":{\"@id\":\"https:\/\/www.gaveanews.com\/index.php\/2025\/04\/03\/a-declaracao-de-dede-direcionada-a-philippe-coutinho-do-vasco\/\"},\"wordCount\":397,\"commentCount\":0,\"image\":{\"@id\":\"https:\/\/www.gaveanews.com\/index.php\/2025\/04\/03\/a-declaracao-de-dede-direcionada-a-philippe-coutinho-do-vasco\/#primaryimage\"},\"thumbnailUrl\":\"https:\/\/www.gaveanews.com\/wp-content\/uploads\/Philippe-Coutinho-em-acao-pelo-Vasco.webp\",\"articleSection\":[\"Vasco\"],\"inLanguage\":\"pt-BR\",\"potentialAction\":[{\"@type\":\"CommentAction\",\"name\":\"Comment\",\"target\":[\"https:\/\/www.gaveanews.com\/index.php\/2025\/04\/03\/a-declaracao-de-dede-direcionada-a-philippe-coutinho-do-vasco\/#respond\"]}],\"copyrightYear\":\"2025\",\"copyrightHolder\":{\"@id\":\"https:\/\/www.gaveanews.com\/#organization\"}},{\"@type\":\"WebPage\",\"@id\":\"https:\/\/www.gaveanews.com\/index.php\/2025\/04\/03\/a-declaracao-de-dede-direcionada-a-philippe-coutinho-do-vasco\/\",\"url\":\"https:\/\/www.gaveanews.com\/index.php\/2025\/04\/03\/a-declaracao-de-dede-direcionada-a-philippe-coutinho-do-vasco\/\",\"name\":\"A declara\u00e7\u00e3o de Ded\u00e9 direcionada a Philippe Coutinho, do Vasco\",\"isPartOf\":{\"@id\":\"https:\/\/www.gaveanews.com\/#website\"},\"primaryImageOfPage\":{\"@id\":\"https:\/\/www.gaveanews.com\/index.php\/2025\/04\/03\/a-declaracao-de-dede-direcionada-a-philippe-coutinho-do-vasco\/#primaryimage\"},\"image\":{\"@id\":\"https:\/\/www.gaveanews.com\/index.php\/2025\/04\/03\/a-declaracao-de-dede-direcionada-a-philippe-coutinho-do-vasco\/#primaryimage\"},\"thumbnailUrl\":\"https:\/\/www.gaveanews.com\/wp-content\/uploads\/Philippe-Coutinho-em-acao-pelo-Vasco.webp\",\"datePublished\":\"2025-04-03T16:20:00+00:00\",\"author\":{\"@id\":\"https:\/\/www.gaveanews.com\/#\/schema\/person\/0eb3e3fe1754f0205218538adbe8f5ed\"},\"breadcrumb\":{\"@id\":\"https:\/\/www.gaveanews.com\/index.php\/2025\/04\/03\/a-declaracao-de-dede-direcionada-a-philippe-coutinho-do-vasco\/#breadcrumb\"},\"inLanguage\":\"pt-BR\",\"potentialAction\":[{\"@type\":\"ReadAction\",\"target\":[\"https:\/\/www.gaveanews.com\/index.php\/2025\/04\/03\/a-declaracao-de-dede-direcionada-a-philippe-coutinho-do-vasco\/\"]}]},{\"@type\":\"ImageObject\",\"inLanguage\":\"pt-BR\",\"@id\":\"https:\/\/www.gaveanews.com\/index.php\/2025\/04\/03\/a-declaracao-de-dede-direcionada-a-philippe-coutinho-do-vasco\/#primaryimage\",\"url\":\"https:\/\/www.gaveanews.com\/wp-content\/uploads\/Philippe-Coutinho-em-acao-pelo-Vasco.webp\",\"contentUrl\":\"https:\/\/www.gaveanews.com\/wp-content\/uploads\/Philippe-Coutinho-em-acao-pelo-Vasco.webp\",\"width\":1080,\"height\":810,\"caption\":\"Philippe Coutinho em a\u00e7\u00e3o pelo Vasco (Foto: Reprodu\u00e7\u00e3o\/Vasco)\"},{\"@type\":\"BreadcrumbList\",\"@id\":\"https:\/\/www.gaveanews.com\/index.php\/2025\/04\/03\/a-declaracao-de-dede-direcionada-a-philippe-coutinho-do-vasco\/#breadcrumb\",\"itemListElement\":[{\"@type\":\"ListItem\",\"position\":1,\"name\":\"Home\",\"item\":\"https:\/\/www.gaveanews.com\/\"},{\"@type\":\"ListItem\",\"position\":2,\"name\":\"A declara\u00e7\u00e3o de Ded\u00e9 direcionada a Philippe Coutinho, do Vasco\"}]},{\"@type\":\"WebSite\",\"@id\":\"https:\/\/www.gaveanews.com\/#website\",\"url\":\"https:\/\/www.gaveanews.com\/\",\"name\":\"G\u00e1vea News\",\"description\":\"Veja todas as not\u00edcias sobre o Flamengo: Contrata\u00e7\u00f5es, categorias de base, resultados das partidas, tabela de classifica\u00e7\u00e3o, pr\u00f3ximos jogos!\",\"potentialAction\":[{\"@type\":\"SearchAction\",\"target\":{\"@type\":\"EntryPoint\",\"urlTemplate\":\"https:\/\/www.gaveanews.com\/?s={search_term_string}\"},\"query-input\":{\"@type\":\"PropertyValueSpecification\",\"valueRequired\":true,\"valueName\":\"search_term_string\"}}],\"inLanguage\":\"pt-BR\"},{\"@type\":\"Person\",\"@id\":\"https:\/\/www.gaveanews.com\/#\/schema\/person\/0eb3e3fe1754f0205218538adbe8f5ed\",\"name\":\"Rafaela Ladeira\",\"image\":{\"@type\":\"ImageObject\",\"inLanguage\":\"pt-BR\",\"@id\":\"https:\/\/www.gaveanews.com\/#\/schema\/person\/image\/\",\"url\":\"https:\/\/secure.gravatar.com\/avatar\/c31f513acffd85eacab5730cbdfdbbf59f21ba5aeada8cd890acea879fbb2455?s=96&d=mm&r=g\",\"contentUrl\":\"https:\/\/secure.gravatar.com\/avatar\/c31f513acffd85eacab5730cbdfdbbf59f21ba5aeada8cd890acea879fbb2455?s=96&d=mm&r=g\",\"caption\":\"Rafaela Ladeira\"}}]}<\/script>\n<!-- \/ Yoast SEO Premium plugin. -->","yoast_head_json":{"title":"A declara\u00e7\u00e3o de Ded\u00e9 direcionada a Philippe Coutinho, do Vasco","robots":{"index":"index","follow":"follow","max-snippet":"max-snippet:-1","max-image-preview":"max-image-preview:large","max-video-preview":"max-video-preview:-1"},"canonical":"https:\/\/www.gaveanews.com\/index.php\/2025\/04\/03\/a-declaracao-de-dede-direcionada-a-philippe-coutinho-do-vasco\/","og_locale":"pt_BR","og_type":"article","og_title":"A declara\u00e7\u00e3o de Ded\u00e9 direcionada a Philippe Coutinho, do Vasco","og_description":"Quando um ex-jogador renomado rasga elogios a um companheiro de profiss\u00e3o, \u00e9 sinal de que h\u00e1 um talento especial em quest\u00e3o.&nbsp; Dessa vez, foi Ded\u00e9, ex-zagueiro de Vasco e Cruzeiro, quem exaltou Philippe Coutinho, colocando o meia vasca\u00edno como o segundo maior nome da gera\u00e7\u00e3o liderada por Neymar. Em entrevista \u00e0 ESPN, o defensor destacou [&hellip;]","og_url":"https:\/\/www.gaveanews.com\/index.php\/2025\/04\/03\/a-declaracao-de-dede-direcionada-a-philippe-coutinho-do-vasco\/","og_site_name":"G\u00e1vea News","article_publisher":"https:\/\/facebook.com\/gaveaNews\/","article_published_time":"2025-04-03T16:20:00+00:00","og_image":[{"width":1080,"height":810,"url":"https:\/\/www.gaveanews.com\/wp-content\/uploads\/Philippe-Coutinho-em-acao-pelo-Vasco.webp","type":"image\/webp"}],"author":"Rafaela Ladeira","twitter_card":"summary_large_image","twitter_misc":{"Escrito por":"Rafaela Ladeira","Est. tempo de leitura":"3 minutos"},"schema":{"@context":"https:\/\/schema.org","@graph":[{"@type":"NewsArticle","@id":"https:\/\/www.gaveanews.com\/index.php\/2025\/04\/03\/a-declaracao-de-dede-direcionada-a-philippe-coutinho-do-vasco\/#article","isPartOf":{"@id":"https:\/\/www.gaveanews.com\/index.php\/2025\/04\/03\/a-declaracao-de-dede-direcionada-a-philippe-coutinho-do-vasco\/"},"author":{"name":"Rafaela Ladeira","@id":"https:\/\/www.gaveanews.com\/#\/schema\/person\/0eb3e3fe1754f0205218538adbe8f5ed"},"headline":"A declara\u00e7\u00e3o de Ded\u00e9 direcionada a Philippe Coutinho, do Vasco","datePublished":"2025-04-03T16:20:00+00:00","mainEntityOfPage":{"@id":"https:\/\/www.gaveanews.com\/index.php\/2025\/04\/03\/a-declaracao-de-dede-direcionada-a-philippe-coutinho-do-vasco\/"},"wordCount":397,"commentCount":0,"image":{"@id":"https:\/\/www.gaveanews.com\/index.php\/2025\/04\/03\/a-declaracao-de-dede-direcionada-a-philippe-coutinho-do-vasco\/#primaryimage"},"thumbnailUrl":"https:\/\/www.gaveanews.com\/wp-content\/uploads\/Philippe-Coutinho-em-acao-pelo-Vasco.webp","articleSection":["Vasco"],"inLanguage":"pt-BR","potentialAction":[{"@type":"CommentAction","name":"Comment","target":["https:\/\/www.gaveanews.com\/index.php\/2025\/04\/03\/a-declaracao-de-dede-direcionada-a-philippe-coutinho-do-vasco\/#respond"]}],"copyrightYear":"2025","copyrightHolder":{"@id":"https:\/\/www.gaveanews.com\/#organization"}},{"@type":"WebPage","@id":"https:\/\/www.gaveanews.com\/index.php\/2025\/04\/03\/a-declaracao-de-dede-direcionada-a-philippe-coutinho-do-vasco\/","url":"https:\/\/www.gaveanews.com\/index.php\/2025\/04\/03\/a-declaracao-de-dede-direcionada-a-philippe-coutinho-do-vasco\/","name":"A declara\u00e7\u00e3o de Ded\u00e9 direcionada a Philippe Coutinho, do Vasco","isPartOf":{"@id":"https:\/\/www.gaveanews.com\/#website"},"primaryImageOfPage":{"@id":"https:\/\/www.gaveanews.com\/index.php\/2025\/04\/03\/a-declaracao-de-dede-direcionada-a-philippe-coutinho-do-vasco\/#primaryimage"},"image":{"@id":"https:\/\/www.gaveanews.com\/index.php\/2025\/04\/03\/a-declaracao-de-dede-direcionada-a-philippe-coutinho-do-vasco\/#primaryimage"},"thumbnailUrl":"https:\/\/www.gaveanews.com\/wp-content\/uploads\/Philippe-Coutinho-em-acao-pelo-Vasco.webp","datePublished":"2025-04-03T16:20:00+00:00","author":{"@id":"https:\/\/www.gaveanews.com\/#\/schema\/person\/0eb3e3fe1754f0205218538adbe8f5ed"},"breadcrumb":{"@id":"https:\/\/www.gaveanews.com\/index.php\/2025\/04\/03\/a-declaracao-de-dede-direcionada-a-philippe-coutinho-do-vasco\/#breadcrumb"},"inLanguage":"pt-BR","potentialAction":[{"@type":"ReadAction","target":["https:\/\/www.gaveanews.com\/index.php\/2025\/04\/03\/a-declaracao-de-dede-direcionada-a-philippe-coutinho-do-vasco\/"]}]},{"@type":"ImageObject","inLanguage":"pt-BR","@id":"https:\/\/www.gaveanews.com\/index.php\/2025\/04\/03\/a-declaracao-de-dede-direcionada-a-philippe-coutinho-do-vasco\/#primaryimage","url":"https:\/\/www.gaveanews.com\/wp-content\/uploads\/Philippe-Coutinho-em-acao-pelo-Vasco.webp","contentUrl":"https:\/\/www.gaveanews.com\/wp-content\/uploads\/Philippe-Coutinho-em-acao-pelo-Vasco.webp","width":1080,"height":810,"caption":"Philippe Coutinho em a\u00e7\u00e3o pelo Vasco (Foto: Reprodu\u00e7\u00e3o\/Vasco)"},{"@type":"BreadcrumbList","@id":"https:\/\/www.gaveanews.com\/index.php\/2025\/04\/03\/a-declaracao-de-dede-direcionada-a-philippe-coutinho-do-vasco\/#breadcrumb","itemListElement":[{"@type":"ListItem","position":1,"name":"Home","item":"https:\/\/www.gaveanews.com\/"},{"@type":"ListItem","position":2,"name":"A declara\u00e7\u00e3o de Ded\u00e9 direcionada a Philippe Coutinho, do Vasco"}]},{"@type":"WebSite","@id":"https:\/\/www.gaveanews.com\/#website","url":"https:\/\/www.gaveanews.com\/","name":"G\u00e1vea News","description":"Veja todas as not\u00edcias sobre o Flamengo: Contrata\u00e7\u00f5es, categorias de base, resultados das partidas, tabela de classifica\u00e7\u00e3o, pr\u00f3ximos jogos!","potentialAction":[{"@type":"SearchAction","target":{"@type":"EntryPoint","urlTemplate":"https:\/\/www.gaveanews.com\/?s={search_term_string}"},"query-input":{"@type":"PropertyValueSpecification","valueRequired":true,"valueName":"search_term_string"}}],"inLanguage":"pt-BR"},{"@type":"Person","@id":"https:\/\/www.gaveanews.com\/#\/schema\/person\/0eb3e3fe1754f0205218538adbe8f5ed","name":"Rafaela Ladeira","image":{"@type":"ImageObject","inLanguage":"pt-BR","@id":"https:\/\/www.gaveanews.com\/#\/schema\/person\/image\/","url":"https:\/\/secure.gravatar.com\/avatar\/c31f513acffd85eacab5730cbdfdbbf59f21ba5aeada8cd890acea879fbb2455?s=96&d=mm&r=g","contentUrl":"https:\/\/secure.gravatar.com\/avatar\/c31f513acffd85eacab5730cbdfdbbf59f21ba5aeada8cd890acea879fbb2455?s=96&d=mm&r=g","caption":"Rafaela Ladeira"}}]}},"_links":{"self":[{"href":"https:\/\/www.gaveanews.com\/index.php\/wp-json\/wp\/v2\/posts\/248392","targetHints":{"allow":["GET"]}}],"collection":[{"href":"https:\/\/www.gaveanews.com\/index.php\/wp-json\/wp\/v2\/posts"}],"about":[{"href":"https:\/\/www.gaveanews.com\/index.php\/wp-json\/wp\/v2\/types\/post"}],"author":[{"embeddable":true,"href":"https:\/\/www.gaveanews.com\/index.php\/wp-json\/wp\/v2\/users\/25"}],"replies":[{"embeddable":true,"href":"https:\/\/www.gaveanews.com\/index.php\/wp-json\/wp\/v2\/comments?post=248392"}],"version-history":[{"count":1,"href":"https:\/\/www.gaveanews.com\/index.php\/wp-json\/wp\/v2\/posts\/248392\/revisions"}],"predecessor-version":[{"id":248394,"href":"https:\/\/www.gaveanews.com\/index.php\/wp-json\/wp\/v2\/posts\/248392\/revisions\/248394"}],"wp:featuredmedia":[{"embeddable":true,"href":"https:\/\/www.gaveanews.com\/index.php\/wp-json\/wp\/v2\/media\/151729"}],"wp:attachment":[{"href":"https:\/\/www.gaveanews.com\/index.php\/wp-json\/wp\/v2\/media?parent=248392"}],"wp:term":[{"taxonomy":"category","embeddable":true,"href":"https:\/\/www.gaveanews.com\/index.php\/wp-json\/wp\/v2\/categories?post=248392"},{"taxonomy":"post_tag","embeddable":true,"href":"https:\/\/www.gaveanews.com\/index.php\/wp-json\/wp\/v2\/tags?post=248392"}],"curies":[{"name":"wp","href":"https:\/\/api.w.org\/{rel}","templated":true}]}}