{"id":248399,"date":"2025-04-03T13:35:00","date_gmt":"2025-04-03T16:35:00","guid":{"rendered":"https:\/\/www.gaveanews.com\/?p=248399"},"modified":"2025-04-03T12:14:05","modified_gmt":"2025-04-03T15:14:05","slug":"torcedores-do-vasco-pedem-saida-imediata-do-clube","status":"publish","type":"post","link":"https:\/\/www.gaveanews.com\/index.php\/2025\/04\/03\/torcedores-do-vasco-pedem-saida-imediata-do-clube\/","title":{"rendered":"Torcedores do Vasco pedem sa\u00edda imediata do clube"},"content":{"rendered":"\n<p>A paci\u00eancia da torcida do Vasco com F\u00e1bio Carille parece ter chegado ao fim. Ap\u00f3s o empate por 3 a 3 contra o Melgar, na estreia da Copa Sul-Americana, os vasca\u00ednos usaram as redes sociais para pedir a demiss\u00e3o do treinador. Al\u00e9m disso, muitos torcedores j\u00e1 apontaram um nome ideal para substitu\u00ed-lo: Juan Pablo Vojvoda, atualmente no Fortaleza.<\/p>\n\n\n\n<h2 class=\"wp-block-heading\" id=\"h-empate-frustrante-e-criticas-ao-sistema-defensivo\">Empate frustrante e cr\u00edticas ao sistema defensivo<\/h2>\n\n\n\n<figure class=\"wp-block-image size-full\"><img loading=\"lazy\" decoding=\"async\" width=\"738\" height=\"469\" src=\"http:\/\/www.gaveanews.com\/wp-content\/uploads\/Carille-pelo-Vasco.webp\" alt=\"Carille pelo Vasco\" class=\"wp-image-220355\"\/><figcaption class=\"wp-element-caption\">Carille pelo Vasco (Foto: Reprodu\u00e7\u00e3o) <\/figcaption><\/figure>\n\n\n\n<p>O Vasco esteve muito pr\u00f3ximo da vit\u00f3ria no Peru, mas voltou a sofrer com erros defensivos nos minutos finais. O time abriu dois gols de vantagem duas vezes na partida, com gols de Philippe Coutinho e Pablo Vegetti, mas acabou cedendo o empate em jogadas a\u00e9reas. Os tr\u00eas gols do Melgar sa\u00edram de cabeceios, evidenciando um problema recorrente na equipe de Carille.<\/p>\n\n\n\n<p>Por isso, os vasca\u00ednos demonstraram grande insatisfa\u00e7\u00e3o, criticando a falta de organiza\u00e7\u00e3o defensiva e a postura da equipe nos momentos decisivos. Dessa maneira, muitos torcedores pediram mudan\u00e7as imediatas no comando t\u00e9cnico.<\/p>\n\n\n\n<h2 class=\"wp-block-heading\" id=\"h-vojvoda-ganha-forca-entre-os-torcedores\">Vojvoda ganha for\u00e7a entre os torcedores<\/h2>\n\n\n\n<p>Nas redes sociais, a torcida n\u00e3o apenas pediu a sa\u00edda de Carille, mas tamb\u00e9m apontou um substituto: Juan Pablo Vojvoda. O t\u00e9cnico do Fortaleza enfrenta um momento inst\u00e1vel no clube cearense, o que levou os vasca\u00ednos a especularem sua chegada a S\u00e3o Janu\u00e1rio.<\/p>\n\n\n\n<p>&#8220;Se houvesse compet\u00eancia em quem dirige o futebol do Vasco, o Carille seria mandado embora hoje e antes da 00:00 o telefone do Vojvoda estaria tocando&#8221;, escreveu um torcedor no &#8220;X&#8221;.<\/p>\n\n\n\n<p>Al\u00e9m disso, outros coment\u00e1rios refor\u00e7aram a insatisfa\u00e7\u00e3o com Carille, chamando-o de &#8220;medroso&#8221; e &#8220;retranqueiro&#8221;, argumentando que o treinador n\u00e3o consegue ajustar o sistema defensivo do time.<\/p>\n\n\n\n<h2 class=\"wp-block-heading\" id=\"h-proximo-jogo-do-vasco\">Pr\u00f3ximo jogo do Vasco<\/h2>\n\n\n\n<p>Sendo assim, mesmo com a press\u00e3o da torcida, Carille segue no comando do Vasco, pelo menos por enquanto. O time agora volta suas aten\u00e7\u00f5es para o Campeonato Brasileiro e enfrentar\u00e1 o Corinthians neste s\u00e1bado (5), \u00e0s 18h30, em S\u00e3o Paulo. Com isso, o treinador ter\u00e1 mais uma oportunidade de tentar reverter a desconfian\u00e7a e evitar que a crise aumente ainda mais.<\/p>\n","protected":false},"excerpt":{"rendered":"<p>A paci\u00eancia da torcida do Vasco com F\u00e1bio Carille parece ter chegado ao fim. Ap\u00f3s o empate por 3 a 3 contra o Melgar, na estreia da Copa Sul-Americana, os vasca\u00ednos usaram as redes sociais para pedir a demiss\u00e3o do treinador. Al\u00e9m disso, muitos torcedores j\u00e1 apontaram um nome ideal para substitu\u00ed-lo: Juan Pablo Vojvoda, [&hellip;]<\/p>\n","protected":false},"author":24,"featured_media":152090,"comment_status":"open","ping_status":"closed","sticky":false,"template":"","format":"standard","meta":{"footnotes":""},"categories":[152],"tags":[],"class_list":["post-248399","post","type-post","status-publish","format-standard","has-post-thumbnail","hentry","category-vasco"],"yoast_head":"<!-- This site is optimized with the Yoast SEO Premium plugin v24.2 (Yoast SEO v26.9) - https:\/\/yoast.com\/product\/yoast-seo-premium-wordpress\/ -->\n<title>Torcedores do Vasco pedem sa\u00edda imediata do clube<\/title>\n<meta name=\"robots\" content=\"index, follow, max-snippet:-1, max-image-preview:large, max-video-preview:-1\" \/>\n<link rel=\"canonical\" href=\"https:\/\/www.gaveanews.com\/index.php\/2025\/04\/03\/torcedores-do-vasco-pedem-saida-imediata-do-clube\/\" \/>\n<meta property=\"og:locale\" content=\"pt_BR\" \/>\n<meta property=\"og:type\" content=\"article\" \/>\n<meta property=\"og:title\" content=\"Torcedores do Vasco pedem sa\u00edda imediata do clube\" \/>\n<meta property=\"og:description\" content=\"A paci\u00eancia da torcida do Vasco com F\u00e1bio Carille parece ter chegado ao fim. Ap\u00f3s o empate por 3 a 3 contra o Melgar, na estreia da Copa Sul-Americana, os vasca\u00ednos usaram as redes sociais para pedir a demiss\u00e3o do treinador. Al\u00e9m disso, muitos torcedores j\u00e1 apontaram um nome ideal para substitu\u00ed-lo: Juan Pablo Vojvoda, [&hellip;]\" \/>\n<meta property=\"og:url\" content=\"https:\/\/www.gaveanews.com\/index.php\/2025\/04\/03\/torcedores-do-vasco-pedem-saida-imediata-do-clube\/\" \/>\n<meta property=\"og:site_name\" content=\"G\u00e1vea News\" \/>\n<meta property=\"article:publisher\" content=\"https:\/\/facebook.com\/gaveaNews\/\" \/>\n<meta property=\"article:published_time\" content=\"2025-04-03T16:35:00+00:00\" \/>\n<meta property=\"og:image\" content=\"https:\/\/www.gaveanews.com\/wp-content\/uploads\/Bandeira-do-Vasco-da-Gama.webp\" \/>\n\t<meta property=\"og:image:width\" content=\"1159\" \/>\n\t<meta property=\"og:image:height\" content=\"772\" \/>\n\t<meta property=\"og:image:type\" content=\"image\/webp\" \/>\n<meta name=\"author\" content=\"Leandro Cardoso\" \/>\n<meta name=\"twitter:card\" content=\"summary_large_image\" \/>\n<meta name=\"twitter:label1\" content=\"Escrito por\" \/>\n\t<meta name=\"twitter:data1\" content=\"Leandro Cardoso\" \/>\n\t<meta name=\"twitter:label2\" content=\"Est. tempo de leitura\" \/>\n\t<meta name=\"twitter:data2\" content=\"3 minutos\" \/>\n<script type=\"application\/ld+json\" class=\"yoast-schema-graph\">{\"@context\":\"https:\/\/schema.org\",\"@graph\":[{\"@type\":\"NewsArticle\",\"@id\":\"https:\/\/www.gaveanews.com\/index.php\/2025\/04\/03\/torcedores-do-vasco-pedem-saida-imediata-do-clube\/#article\",\"isPartOf\":{\"@id\":\"https:\/\/www.gaveanews.com\/index.php\/2025\/04\/03\/torcedores-do-vasco-pedem-saida-imediata-do-clube\/\"},\"author\":{\"name\":\"Leandro Cardoso\",\"@id\":\"https:\/\/www.gaveanews.com\/#\/schema\/person\/2424ec6409bc3f068411fc5e4e9b6168\"},\"headline\":\"Torcedores do Vasco pedem sa\u00edda imediata do clube\",\"datePublished\":\"2025-04-03T16:35:00+00:00\",\"mainEntityOfPage\":{\"@id\":\"https:\/\/www.gaveanews.com\/index.php\/2025\/04\/03\/torcedores-do-vasco-pedem-saida-imediata-do-clube\/\"},\"wordCount\":379,\"commentCount\":0,\"image\":{\"@id\":\"https:\/\/www.gaveanews.com\/index.php\/2025\/04\/03\/torcedores-do-vasco-pedem-saida-imediata-do-clube\/#primaryimage\"},\"thumbnailUrl\":\"https:\/\/www.gaveanews.com\/wp-content\/uploads\/Bandeira-do-Vasco-da-Gama.webp\",\"articleSection\":[\"Vasco\"],\"inLanguage\":\"pt-BR\",\"potentialAction\":[{\"@type\":\"CommentAction\",\"name\":\"Comment\",\"target\":[\"https:\/\/www.gaveanews.com\/index.php\/2025\/04\/03\/torcedores-do-vasco-pedem-saida-imediata-do-clube\/#respond\"]}],\"copyrightYear\":\"2025\",\"copyrightHolder\":{\"@id\":\"https:\/\/www.gaveanews.com\/#organization\"}},{\"@type\":\"WebPage\",\"@id\":\"https:\/\/www.gaveanews.com\/index.php\/2025\/04\/03\/torcedores-do-vasco-pedem-saida-imediata-do-clube\/\",\"url\":\"https:\/\/www.gaveanews.com\/index.php\/2025\/04\/03\/torcedores-do-vasco-pedem-saida-imediata-do-clube\/\",\"name\":\"Torcedores do Vasco pedem sa\u00edda imediata do clube\",\"isPartOf\":{\"@id\":\"https:\/\/www.gaveanews.com\/#website\"},\"primaryImageOfPage\":{\"@id\":\"https:\/\/www.gaveanews.com\/index.php\/2025\/04\/03\/torcedores-do-vasco-pedem-saida-imediata-do-clube\/#primaryimage\"},\"image\":{\"@id\":\"https:\/\/www.gaveanews.com\/index.php\/2025\/04\/03\/torcedores-do-vasco-pedem-saida-imediata-do-clube\/#primaryimage\"},\"thumbnailUrl\":\"https:\/\/www.gaveanews.com\/wp-content\/uploads\/Bandeira-do-Vasco-da-Gama.webp\",\"datePublished\":\"2025-04-03T16:35:00+00:00\",\"author\":{\"@id\":\"https:\/\/www.gaveanews.com\/#\/schema\/person\/2424ec6409bc3f068411fc5e4e9b6168\"},\"breadcrumb\":{\"@id\":\"https:\/\/www.gaveanews.com\/index.php\/2025\/04\/03\/torcedores-do-vasco-pedem-saida-imediata-do-clube\/#breadcrumb\"},\"inLanguage\":\"pt-BR\",\"potentialAction\":[{\"@type\":\"ReadAction\",\"target\":[\"https:\/\/www.gaveanews.com\/index.php\/2025\/04\/03\/torcedores-do-vasco-pedem-saida-imediata-do-clube\/\"]}]},{\"@type\":\"ImageObject\",\"inLanguage\":\"pt-BR\",\"@id\":\"https:\/\/www.gaveanews.com\/index.php\/2025\/04\/03\/torcedores-do-vasco-pedem-saida-imediata-do-clube\/#primaryimage\",\"url\":\"https:\/\/www.gaveanews.com\/wp-content\/uploads\/Bandeira-do-Vasco-da-Gama.webp\",\"contentUrl\":\"https:\/\/www.gaveanews.com\/wp-content\/uploads\/Bandeira-do-Vasco-da-Gama.webp\",\"width\":1159,\"height\":772,\"caption\":\"Bandeira do Vasco da Gama (Foto: Reprodu\u00e7\u00e3o\/Vasco)\"},{\"@type\":\"BreadcrumbList\",\"@id\":\"https:\/\/www.gaveanews.com\/index.php\/2025\/04\/03\/torcedores-do-vasco-pedem-saida-imediata-do-clube\/#breadcrumb\",\"itemListElement\":[{\"@type\":\"ListItem\",\"position\":1,\"name\":\"Home\",\"item\":\"https:\/\/www.gaveanews.com\/\"},{\"@type\":\"ListItem\",\"position\":2,\"name\":\"Torcedores do Vasco pedem sa\u00edda imediata do clube\"}]},{\"@type\":\"WebSite\",\"@id\":\"https:\/\/www.gaveanews.com\/#website\",\"url\":\"https:\/\/www.gaveanews.com\/\",\"name\":\"G\u00e1vea News\",\"description\":\"Veja todas as not\u00edcias sobre o Flamengo: Contrata\u00e7\u00f5es, categorias de base, resultados das partidas, tabela de classifica\u00e7\u00e3o, pr\u00f3ximos jogos!\",\"potentialAction\":[{\"@type\":\"SearchAction\",\"target\":{\"@type\":\"EntryPoint\",\"urlTemplate\":\"https:\/\/www.gaveanews.com\/?s={search_term_string}\"},\"query-input\":{\"@type\":\"PropertyValueSpecification\",\"valueRequired\":true,\"valueName\":\"search_term_string\"}}],\"inLanguage\":\"pt-BR\"},{\"@type\":\"Person\",\"@id\":\"https:\/\/www.gaveanews.com\/#\/schema\/person\/2424ec6409bc3f068411fc5e4e9b6168\",\"name\":\"Leandro Cardoso\",\"image\":{\"@type\":\"ImageObject\",\"inLanguage\":\"pt-BR\",\"@id\":\"https:\/\/www.gaveanews.com\/#\/schema\/person\/image\/\",\"url\":\"https:\/\/secure.gravatar.com\/avatar\/8ca179f9b55eefe9f376f5493ef25475bfa59fbc28ce937f6076ce20e523098f?s=96&d=mm&r=g\",\"contentUrl\":\"https:\/\/secure.gravatar.com\/avatar\/8ca179f9b55eefe9f376f5493ef25475bfa59fbc28ce937f6076ce20e523098f?s=96&d=mm&r=g\",\"caption\":\"Leandro Cardoso\"}}]}<\/script>\n<!-- \/ Yoast SEO Premium plugin. -->","yoast_head_json":{"title":"Torcedores do Vasco pedem sa\u00edda imediata do clube","robots":{"index":"index","follow":"follow","max-snippet":"max-snippet:-1","max-image-preview":"max-image-preview:large","max-video-preview":"max-video-preview:-1"},"canonical":"https:\/\/www.gaveanews.com\/index.php\/2025\/04\/03\/torcedores-do-vasco-pedem-saida-imediata-do-clube\/","og_locale":"pt_BR","og_type":"article","og_title":"Torcedores do Vasco pedem sa\u00edda imediata do clube","og_description":"A paci\u00eancia da torcida do Vasco com F\u00e1bio Carille parece ter chegado ao fim. Ap\u00f3s o empate por 3 a 3 contra o Melgar, na estreia da Copa Sul-Americana, os vasca\u00ednos usaram as redes sociais para pedir a demiss\u00e3o do treinador. Al\u00e9m disso, muitos torcedores j\u00e1 apontaram um nome ideal para substitu\u00ed-lo: Juan Pablo Vojvoda, [&hellip;]","og_url":"https:\/\/www.gaveanews.com\/index.php\/2025\/04\/03\/torcedores-do-vasco-pedem-saida-imediata-do-clube\/","og_site_name":"G\u00e1vea News","article_publisher":"https:\/\/facebook.com\/gaveaNews\/","article_published_time":"2025-04-03T16:35:00+00:00","og_image":[{"width":1159,"height":772,"url":"https:\/\/www.gaveanews.com\/wp-content\/uploads\/Bandeira-do-Vasco-da-Gama.webp","type":"image\/webp"}],"author":"Leandro Cardoso","twitter_card":"summary_large_image","twitter_misc":{"Escrito por":"Leandro Cardoso","Est. tempo de leitura":"3 minutos"},"schema":{"@context":"https:\/\/schema.org","@graph":[{"@type":"NewsArticle","@id":"https:\/\/www.gaveanews.com\/index.php\/2025\/04\/03\/torcedores-do-vasco-pedem-saida-imediata-do-clube\/#article","isPartOf":{"@id":"https:\/\/www.gaveanews.com\/index.php\/2025\/04\/03\/torcedores-do-vasco-pedem-saida-imediata-do-clube\/"},"author":{"name":"Leandro Cardoso","@id":"https:\/\/www.gaveanews.com\/#\/schema\/person\/2424ec6409bc3f068411fc5e4e9b6168"},"headline":"Torcedores do Vasco pedem sa\u00edda imediata do clube","datePublished":"2025-04-03T16:35:00+00:00","mainEntityOfPage":{"@id":"https:\/\/www.gaveanews.com\/index.php\/2025\/04\/03\/torcedores-do-vasco-pedem-saida-imediata-do-clube\/"},"wordCount":379,"commentCount":0,"image":{"@id":"https:\/\/www.gaveanews.com\/index.php\/2025\/04\/03\/torcedores-do-vasco-pedem-saida-imediata-do-clube\/#primaryimage"},"thumbnailUrl":"https:\/\/www.gaveanews.com\/wp-content\/uploads\/Bandeira-do-Vasco-da-Gama.webp","articleSection":["Vasco"],"inLanguage":"pt-BR","potentialAction":[{"@type":"CommentAction","name":"Comment","target":["https:\/\/www.gaveanews.com\/index.php\/2025\/04\/03\/torcedores-do-vasco-pedem-saida-imediata-do-clube\/#respond"]}],"copyrightYear":"2025","copyrightHolder":{"@id":"https:\/\/www.gaveanews.com\/#organization"}},{"@type":"WebPage","@id":"https:\/\/www.gaveanews.com\/index.php\/2025\/04\/03\/torcedores-do-vasco-pedem-saida-imediata-do-clube\/","url":"https:\/\/www.gaveanews.com\/index.php\/2025\/04\/03\/torcedores-do-vasco-pedem-saida-imediata-do-clube\/","name":"Torcedores do Vasco pedem sa\u00edda imediata do clube","isPartOf":{"@id":"https:\/\/www.gaveanews.com\/#website"},"primaryImageOfPage":{"@id":"https:\/\/www.gaveanews.com\/index.php\/2025\/04\/03\/torcedores-do-vasco-pedem-saida-imediata-do-clube\/#primaryimage"},"image":{"@id":"https:\/\/www.gaveanews.com\/index.php\/2025\/04\/03\/torcedores-do-vasco-pedem-saida-imediata-do-clube\/#primaryimage"},"thumbnailUrl":"https:\/\/www.gaveanews.com\/wp-content\/uploads\/Bandeira-do-Vasco-da-Gama.webp","datePublished":"2025-04-03T16:35:00+00:00","author":{"@id":"https:\/\/www.gaveanews.com\/#\/schema\/person\/2424ec6409bc3f068411fc5e4e9b6168"},"breadcrumb":{"@id":"https:\/\/www.gaveanews.com\/index.php\/2025\/04\/03\/torcedores-do-vasco-pedem-saida-imediata-do-clube\/#breadcrumb"},"inLanguage":"pt-BR","potentialAction":[{"@type":"ReadAction","target":["https:\/\/www.gaveanews.com\/index.php\/2025\/04\/03\/torcedores-do-vasco-pedem-saida-imediata-do-clube\/"]}]},{"@type":"ImageObject","inLanguage":"pt-BR","@id":"https:\/\/www.gaveanews.com\/index.php\/2025\/04\/03\/torcedores-do-vasco-pedem-saida-imediata-do-clube\/#primaryimage","url":"https:\/\/www.gaveanews.com\/wp-content\/uploads\/Bandeira-do-Vasco-da-Gama.webp","contentUrl":"https:\/\/www.gaveanews.com\/wp-content\/uploads\/Bandeira-do-Vasco-da-Gama.webp","width":1159,"height":772,"caption":"Bandeira do Vasco da Gama (Foto: Reprodu\u00e7\u00e3o\/Vasco)"},{"@type":"BreadcrumbList","@id":"https:\/\/www.gaveanews.com\/index.php\/2025\/04\/03\/torcedores-do-vasco-pedem-saida-imediata-do-clube\/#breadcrumb","itemListElement":[{"@type":"ListItem","position":1,"name":"Home","item":"https:\/\/www.gaveanews.com\/"},{"@type":"ListItem","position":2,"name":"Torcedores do Vasco pedem sa\u00edda imediata do clube"}]},{"@type":"WebSite","@id":"https:\/\/www.gaveanews.com\/#website","url":"https:\/\/www.gaveanews.com\/","name":"G\u00e1vea News","description":"Veja todas as not\u00edcias sobre o Flamengo: Contrata\u00e7\u00f5es, categorias de base, resultados das partidas, tabela de classifica\u00e7\u00e3o, pr\u00f3ximos jogos!","potentialAction":[{"@type":"SearchAction","target":{"@type":"EntryPoint","urlTemplate":"https:\/\/www.gaveanews.com\/?s={search_term_string}"},"query-input":{"@type":"PropertyValueSpecification","valueRequired":true,"valueName":"search_term_string"}}],"inLanguage":"pt-BR"},{"@type":"Person","@id":"https:\/\/www.gaveanews.com\/#\/schema\/person\/2424ec6409bc3f068411fc5e4e9b6168","name":"Leandro Cardoso","image":{"@type":"ImageObject","inLanguage":"pt-BR","@id":"https:\/\/www.gaveanews.com\/#\/schema\/person\/image\/","url":"https:\/\/secure.gravatar.com\/avatar\/8ca179f9b55eefe9f376f5493ef25475bfa59fbc28ce937f6076ce20e523098f?s=96&d=mm&r=g","contentUrl":"https:\/\/secure.gravatar.com\/avatar\/8ca179f9b55eefe9f376f5493ef25475bfa59fbc28ce937f6076ce20e523098f?s=96&d=mm&r=g","caption":"Leandro Cardoso"}}]}},"_links":{"self":[{"href":"https:\/\/www.gaveanews.com\/index.php\/wp-json\/wp\/v2\/posts\/248399","targetHints":{"allow":["GET"]}}],"collection":[{"href":"https:\/\/www.gaveanews.com\/index.php\/wp-json\/wp\/v2\/posts"}],"about":[{"href":"https:\/\/www.gaveanews.com\/index.php\/wp-json\/wp\/v2\/types\/post"}],"author":[{"embeddable":true,"href":"https:\/\/www.gaveanews.com\/index.php\/wp-json\/wp\/v2\/users\/24"}],"replies":[{"embeddable":true,"href":"https:\/\/www.gaveanews.com\/index.php\/wp-json\/wp\/v2\/comments?post=248399"}],"version-history":[{"count":1,"href":"https:\/\/www.gaveanews.com\/index.php\/wp-json\/wp\/v2\/posts\/248399\/revisions"}],"predecessor-version":[{"id":248401,"href":"https:\/\/www.gaveanews.com\/index.php\/wp-json\/wp\/v2\/posts\/248399\/revisions\/248401"}],"wp:featuredmedia":[{"embeddable":true,"href":"https:\/\/www.gaveanews.com\/index.php\/wp-json\/wp\/v2\/media\/152090"}],"wp:attachment":[{"href":"https:\/\/www.gaveanews.com\/index.php\/wp-json\/wp\/v2\/media?parent=248399"}],"wp:term":[{"taxonomy":"category","embeddable":true,"href":"https:\/\/www.gaveanews.com\/index.php\/wp-json\/wp\/v2\/categories?post=248399"},{"taxonomy":"post_tag","embeddable":true,"href":"https:\/\/www.gaveanews.com\/index.php\/wp-json\/wp\/v2\/tags?post=248399"}],"curies":[{"name":"wp","href":"https:\/\/api.w.org\/{rel}","templated":true}]}}