{"id":248400,"date":"2025-04-03T13:40:00","date_gmt":"2025-04-03T16:40:00","guid":{"rendered":"https:\/\/www.gaveanews.com\/?p=248400"},"modified":"2025-04-03T12:15:23","modified_gmt":"2025-04-03T15:15:23","slug":"jornalista-crava-futuro-de-jorginho-no-flamengo","status":"publish","type":"post","link":"https:\/\/www.gaveanews.com\/index.php\/2025\/04\/03\/jornalista-crava-futuro-de-jorginho-no-flamengo\/","title":{"rendered":"Jornalista crava futuro de Jorginho no Flamengo"},"content":{"rendered":"\n<p>A poss\u00edvel chegada de Jorginho ao Flamengo promete movimentar o meio-campo rubro-negro. O \u00edtalo-brasileiro, que deve desembarcar no meio do ano, tem caracter\u00edsticas que podem agregar ao elenco de Filipe Lu\u00eds, mas tamb\u00e9m encontrar\u00e1 forte concorr\u00eancia no setor.&nbsp;<\/p>\n\n\n\n<p>No entanto, para a comentarista J\u00e9ssica Cescon, o jogador chega para ser titular imediatamente.<\/p>\n\n\n\n<h2 class=\"wp-block-heading\" id=\"h-estilo-de-jogo-encaixa-no-flamengo-de-filipe-luis\">Estilo de jogo encaixa no Flamengo de Filipe Lu\u00eds<\/h2>\n\n\n\n<figure class=\"wp-block-image size-full\"><img loading=\"lazy\" decoding=\"async\" width=\"342\" height=\"338\" src=\"http:\/\/www.gaveanews.com\/wp-content\/uploads\/Filipe-Luis-durante-jogo-entre-o-Flamengo-x-Bahia.webp\" alt=\"\" class=\"wp-image-171957\" srcset=\"https:\/\/www.gaveanews.com\/wp-content\/uploads\/Filipe-Luis-durante-jogo-entre-o-Flamengo-x-Bahia.webp 342w, https:\/\/www.gaveanews.com\/wp-content\/uploads\/Filipe-Luis-durante-jogo-entre-o-Flamengo-x-Bahia-300x296.webp 300w, https:\/\/www.gaveanews.com\/wp-content\/uploads\/Filipe-Luis-durante-jogo-entre-o-Flamengo-x-Bahia-100x99.webp 100w\" sizes=\"auto, (max-width: 342px) 100vw, 342px\" \/><figcaption class=\"wp-element-caption\">Filipe Lu\u00eds durante jogo entre o Flamengo x Bahia (Foto: Gilvan de Souza\/CRF)<\/figcaption><\/figure>\n\n\n\n<p>J\u00e9ssica Cescon v\u00ea Jorginho como a pe\u00e7a ideal para o esquema do Flamengo, destacando sua cad\u00eancia, qualidade no passe e intelig\u00eancia t\u00e1tica. Para a jornalista, o meio-campista oferece exatamente o que Filipe Lu\u00eds busca para o setor.<\/p>\n\n\n\n<p>\u201cO Jorginho, pra mim, chega e joga. Ele \u00e9 um jogador que tem tudo a ver com o Filipe Lu\u00eds. Tudo a ver. A forma dele segurar a bola, dar o ritmo do jogo&#8230; Bom passe. \u00c9 tudo o que pensa Filipe Lu\u00eds. N\u00e3o \u00e9 um treinador que pensa nesse jogador que vai e vem. Ele n\u00e3o quer essa transi\u00e7\u00e3o enlouquecida. Ele quer exatamente algu\u00e9m com controle da bola e controle do ritmo. Eu acho que o Flamengo t\u00e1 precisando desse jogador\u201d, analisou.<\/p>\n\n\n\n<h2 class=\"wp-block-heading\" id=\"h-quem-sairia-do-time-para-a-entrada-de-jorginho\">Quem sairia do time para a entrada de Jorginho?<\/h2>\n\n\n\n<figure class=\"wp-block-image size-full\"><img loading=\"lazy\" decoding=\"async\" width=\"720\" height=\"480\" src=\"http:\/\/www.gaveanews.com\/wp-content\/uploads\/jorginhofrello_1706562684408-edited.webp\" alt=\"\" class=\"wp-image-124380\" srcset=\"https:\/\/www.gaveanews.com\/wp-content\/uploads\/jorginhofrello_1706562684408-edited.webp 720w, https:\/\/www.gaveanews.com\/wp-content\/uploads\/jorginhofrello_1706562684408-edited-300x200.webp 300w, https:\/\/www.gaveanews.com\/wp-content\/uploads\/jorginhofrello_1706562684408-edited-630x420.webp 630w, https:\/\/www.gaveanews.com\/wp-content\/uploads\/jorginhofrello_1706562684408-edited-640x427.webp 640w, https:\/\/www.gaveanews.com\/wp-content\/uploads\/jorginhofrello_1706562684408-edited-681x454.webp 681w, https:\/\/www.gaveanews.com\/wp-content\/uploads\/jorginhofrello_1706562684408-edited-100x67.webp 100w\" sizes=\"auto, (max-width: 720px) 100vw, 720px\" \/><figcaption class=\"wp-element-caption\">Jorginho pela sele\u00e7\u00e3o da It\u00e1lia (Foto: Reprodu\u00e7\u00e3o\/Instagram)<\/figcaption><\/figure>\n\n\n\n<p>Com um setor recheado de op\u00e7\u00f5es, a d\u00favida \u00e9 sobre quem perderia espa\u00e7o com a chegada do novo refor\u00e7o. Atualmente, Pulgar, Gerson, Arrascaeta e De La Cruz formam o meio-campo titular. Entretanto, J\u00e9ssica Cescon acredita que Jorginho poderia ocupar a vaga do camisa 14 uruguaio.<\/p>\n\n\n\n<p>\u201cEu acho que ele vai entrar na vaga do Arrascaeta. Hoje a dupla pra mim \u00e9 Pulgar e Gerson. Pulgar, Gerson e Jorginho. Eu sei, com todo o respeito ao Arrascaeta, a import\u00e2ncia que ele tem. Mas \u00e9 uma renova\u00e7\u00e3o que o Flamengo tem que passar\u201d, opinou.<\/p>\n\n\n\n<h2 class=\"wp-block-heading\" id=\"h-reforco-pode-mudar-dinamica-da-equipe\">Refor\u00e7o pode mudar din\u00e2mica da equipe<\/h2>\n\n\n\n<p>Vale destacar que a poss\u00edvel chegada de Jorginho n\u00e3o significa que Arrascaeta perderia completamente o protagonismo. Isso porque o uruguaio ainda \u00e9 um dos principais nomes do elenco, mas sua frequ\u00eancia de jogos tem sido um problema. Sendo assim, a diretoria busca alternativas para manter o alto n\u00edvel da equipe ao longo da temporada.<\/p>\n\n\n\n<p>Com isso, Jorginho pode se tornar pe\u00e7a-chave para equilibrar o meio-campo, dando mais op\u00e7\u00f5es ao Flamengo na busca por t\u00edtulos. Dessa maneira, a expectativa em torno de sua chegada segue crescendo.<\/p>\n","protected":false},"excerpt":{"rendered":"<p>A poss\u00edvel chegada de Jorginho ao Flamengo promete movimentar o meio-campo rubro-negro. O \u00edtalo-brasileiro, que deve desembarcar no meio do ano, tem caracter\u00edsticas que podem agregar ao elenco de Filipe Lu\u00eds, mas tamb\u00e9m encontrar\u00e1 forte concorr\u00eancia no setor.&nbsp; No entanto, para a comentarista J\u00e9ssica Cescon, o jogador chega para ser titular imediatamente. Estilo de jogo [&hellip;]<\/p>\n","protected":false},"author":25,"featured_media":124684,"comment_status":"open","ping_status":"closed","sticky":false,"template":"","format":"standard","meta":{"footnotes":""},"categories":[1],"tags":[],"class_list":["post-248400","post","type-post","status-publish","format-standard","has-post-thumbnail","hentry","category-flamengo"],"yoast_head":"<!-- This site is optimized with the Yoast SEO Premium plugin v24.2 (Yoast SEO v26.9) - https:\/\/yoast.com\/product\/yoast-seo-premium-wordpress\/ -->\n<title>Jornalista crava futuro de Jorginho no Flamengo<\/title>\n<meta name=\"robots\" content=\"index, follow, max-snippet:-1, max-image-preview:large, max-video-preview:-1\" \/>\n<link rel=\"canonical\" href=\"https:\/\/www.gaveanews.com\/index.php\/2025\/04\/03\/jornalista-crava-futuro-de-jorginho-no-flamengo\/\" \/>\n<meta property=\"og:locale\" content=\"pt_BR\" \/>\n<meta property=\"og:type\" content=\"article\" \/>\n<meta property=\"og:title\" content=\"Jornalista crava futuro de Jorginho no Flamengo\" \/>\n<meta property=\"og:description\" content=\"A poss\u00edvel chegada de Jorginho ao Flamengo promete movimentar o meio-campo rubro-negro. O \u00edtalo-brasileiro, que deve desembarcar no meio do ano, tem caracter\u00edsticas que podem agregar ao elenco de Filipe Lu\u00eds, mas tamb\u00e9m encontrar\u00e1 forte concorr\u00eancia no setor.&nbsp; No entanto, para a comentarista J\u00e9ssica Cescon, o jogador chega para ser titular imediatamente. Estilo de jogo [&hellip;]\" \/>\n<meta property=\"og:url\" content=\"https:\/\/www.gaveanews.com\/index.php\/2025\/04\/03\/jornalista-crava-futuro-de-jorginho-no-flamengo\/\" \/>\n<meta property=\"og:site_name\" content=\"G\u00e1vea News\" \/>\n<meta property=\"article:publisher\" content=\"https:\/\/facebook.com\/gaveaNews\/\" \/>\n<meta property=\"article:published_time\" content=\"2025-04-03T16:40:00+00:00\" \/>\n<meta property=\"og:image\" content=\"https:\/\/www.gaveanews.com\/wp-content\/uploads\/escudoDoFlamengo.webp\" \/>\n\t<meta property=\"og:image:width\" content=\"1095\" \/>\n\t<meta property=\"og:image:height\" content=\"730\" \/>\n\t<meta property=\"og:image:type\" content=\"image\/webp\" \/>\n<meta name=\"author\" content=\"Rafaela Ladeira\" \/>\n<meta name=\"twitter:card\" content=\"summary_large_image\" \/>\n<meta name=\"twitter:label1\" content=\"Escrito por\" \/>\n\t<meta name=\"twitter:data1\" content=\"Rafaela Ladeira\" \/>\n\t<meta name=\"twitter:label2\" content=\"Est. tempo de leitura\" \/>\n\t<meta name=\"twitter:data2\" content=\"3 minutos\" \/>\n<script type=\"application\/ld+json\" class=\"yoast-schema-graph\">{\"@context\":\"https:\/\/schema.org\",\"@graph\":[{\"@type\":\"NewsArticle\",\"@id\":\"https:\/\/www.gaveanews.com\/index.php\/2025\/04\/03\/jornalista-crava-futuro-de-jorginho-no-flamengo\/#article\",\"isPartOf\":{\"@id\":\"https:\/\/www.gaveanews.com\/index.php\/2025\/04\/03\/jornalista-crava-futuro-de-jorginho-no-flamengo\/\"},\"author\":{\"name\":\"Rafaela Ladeira\",\"@id\":\"https:\/\/www.gaveanews.com\/#\/schema\/person\/0eb3e3fe1754f0205218538adbe8f5ed\"},\"headline\":\"Jornalista crava futuro de Jorginho no Flamengo\",\"datePublished\":\"2025-04-03T16:40:00+00:00\",\"mainEntityOfPage\":{\"@id\":\"https:\/\/www.gaveanews.com\/index.php\/2025\/04\/03\/jornalista-crava-futuro-de-jorginho-no-flamengo\/\"},\"wordCount\":434,\"commentCount\":0,\"image\":{\"@id\":\"https:\/\/www.gaveanews.com\/index.php\/2025\/04\/03\/jornalista-crava-futuro-de-jorginho-no-flamengo\/#primaryimage\"},\"thumbnailUrl\":\"https:\/\/www.gaveanews.com\/wp-content\/uploads\/escudoDoFlamengo.webp\",\"articleSection\":[\"Flamengo\"],\"inLanguage\":\"pt-BR\",\"potentialAction\":[{\"@type\":\"CommentAction\",\"name\":\"Comment\",\"target\":[\"https:\/\/www.gaveanews.com\/index.php\/2025\/04\/03\/jornalista-crava-futuro-de-jorginho-no-flamengo\/#respond\"]}],\"copyrightYear\":\"2025\",\"copyrightHolder\":{\"@id\":\"https:\/\/www.gaveanews.com\/#organization\"}},{\"@type\":\"WebPage\",\"@id\":\"https:\/\/www.gaveanews.com\/index.php\/2025\/04\/03\/jornalista-crava-futuro-de-jorginho-no-flamengo\/\",\"url\":\"https:\/\/www.gaveanews.com\/index.php\/2025\/04\/03\/jornalista-crava-futuro-de-jorginho-no-flamengo\/\",\"name\":\"Jornalista crava futuro de Jorginho no Flamengo\",\"isPartOf\":{\"@id\":\"https:\/\/www.gaveanews.com\/#website\"},\"primaryImageOfPage\":{\"@id\":\"https:\/\/www.gaveanews.com\/index.php\/2025\/04\/03\/jornalista-crava-futuro-de-jorginho-no-flamengo\/#primaryimage\"},\"image\":{\"@id\":\"https:\/\/www.gaveanews.com\/index.php\/2025\/04\/03\/jornalista-crava-futuro-de-jorginho-no-flamengo\/#primaryimage\"},\"thumbnailUrl\":\"https:\/\/www.gaveanews.com\/wp-content\/uploads\/escudoDoFlamengo.webp\",\"datePublished\":\"2025-04-03T16:40:00+00:00\",\"author\":{\"@id\":\"https:\/\/www.gaveanews.com\/#\/schema\/person\/0eb3e3fe1754f0205218538adbe8f5ed\"},\"breadcrumb\":{\"@id\":\"https:\/\/www.gaveanews.com\/index.php\/2025\/04\/03\/jornalista-crava-futuro-de-jorginho-no-flamengo\/#breadcrumb\"},\"inLanguage\":\"pt-BR\",\"potentialAction\":[{\"@type\":\"ReadAction\",\"target\":[\"https:\/\/www.gaveanews.com\/index.php\/2025\/04\/03\/jornalista-crava-futuro-de-jorginho-no-flamengo\/\"]}]},{\"@type\":\"ImageObject\",\"inLanguage\":\"pt-BR\",\"@id\":\"https:\/\/www.gaveanews.com\/index.php\/2025\/04\/03\/jornalista-crava-futuro-de-jorginho-no-flamengo\/#primaryimage\",\"url\":\"https:\/\/www.gaveanews.com\/wp-content\/uploads\/escudoDoFlamengo.webp\",\"contentUrl\":\"https:\/\/www.gaveanews.com\/wp-content\/uploads\/escudoDoFlamengo.webp\",\"width\":1095,\"height\":730,\"caption\":\"Centro de treinamento do Flamengo (Foto: Reprodu\u00e7\u00e3o)\"},{\"@type\":\"BreadcrumbList\",\"@id\":\"https:\/\/www.gaveanews.com\/index.php\/2025\/04\/03\/jornalista-crava-futuro-de-jorginho-no-flamengo\/#breadcrumb\",\"itemListElement\":[{\"@type\":\"ListItem\",\"position\":1,\"name\":\"Home\",\"item\":\"https:\/\/www.gaveanews.com\/\"},{\"@type\":\"ListItem\",\"position\":2,\"name\":\"Jornalista crava futuro de Jorginho no Flamengo\"}]},{\"@type\":\"WebSite\",\"@id\":\"https:\/\/www.gaveanews.com\/#website\",\"url\":\"https:\/\/www.gaveanews.com\/\",\"name\":\"G\u00e1vea News\",\"description\":\"Veja todas as not\u00edcias sobre o Flamengo: Contrata\u00e7\u00f5es, categorias de base, resultados das partidas, tabela de classifica\u00e7\u00e3o, pr\u00f3ximos jogos!\",\"potentialAction\":[{\"@type\":\"SearchAction\",\"target\":{\"@type\":\"EntryPoint\",\"urlTemplate\":\"https:\/\/www.gaveanews.com\/?s={search_term_string}\"},\"query-input\":{\"@type\":\"PropertyValueSpecification\",\"valueRequired\":true,\"valueName\":\"search_term_string\"}}],\"inLanguage\":\"pt-BR\"},{\"@type\":\"Person\",\"@id\":\"https:\/\/www.gaveanews.com\/#\/schema\/person\/0eb3e3fe1754f0205218538adbe8f5ed\",\"name\":\"Rafaela Ladeira\",\"image\":{\"@type\":\"ImageObject\",\"inLanguage\":\"pt-BR\",\"@id\":\"https:\/\/www.gaveanews.com\/#\/schema\/person\/image\/\",\"url\":\"https:\/\/secure.gravatar.com\/avatar\/c31f513acffd85eacab5730cbdfdbbf59f21ba5aeada8cd890acea879fbb2455?s=96&d=mm&r=g\",\"contentUrl\":\"https:\/\/secure.gravatar.com\/avatar\/c31f513acffd85eacab5730cbdfdbbf59f21ba5aeada8cd890acea879fbb2455?s=96&d=mm&r=g\",\"caption\":\"Rafaela Ladeira\"}}]}<\/script>\n<!-- \/ Yoast SEO Premium plugin. -->","yoast_head_json":{"title":"Jornalista crava futuro de Jorginho no Flamengo","robots":{"index":"index","follow":"follow","max-snippet":"max-snippet:-1","max-image-preview":"max-image-preview:large","max-video-preview":"max-video-preview:-1"},"canonical":"https:\/\/www.gaveanews.com\/index.php\/2025\/04\/03\/jornalista-crava-futuro-de-jorginho-no-flamengo\/","og_locale":"pt_BR","og_type":"article","og_title":"Jornalista crava futuro de Jorginho no Flamengo","og_description":"A poss\u00edvel chegada de Jorginho ao Flamengo promete movimentar o meio-campo rubro-negro. O \u00edtalo-brasileiro, que deve desembarcar no meio do ano, tem caracter\u00edsticas que podem agregar ao elenco de Filipe Lu\u00eds, mas tamb\u00e9m encontrar\u00e1 forte concorr\u00eancia no setor.&nbsp; No entanto, para a comentarista J\u00e9ssica Cescon, o jogador chega para ser titular imediatamente. Estilo de jogo [&hellip;]","og_url":"https:\/\/www.gaveanews.com\/index.php\/2025\/04\/03\/jornalista-crava-futuro-de-jorginho-no-flamengo\/","og_site_name":"G\u00e1vea News","article_publisher":"https:\/\/facebook.com\/gaveaNews\/","article_published_time":"2025-04-03T16:40:00+00:00","og_image":[{"width":1095,"height":730,"url":"https:\/\/www.gaveanews.com\/wp-content\/uploads\/escudoDoFlamengo.webp","type":"image\/webp"}],"author":"Rafaela Ladeira","twitter_card":"summary_large_image","twitter_misc":{"Escrito por":"Rafaela Ladeira","Est. tempo de leitura":"3 minutos"},"schema":{"@context":"https:\/\/schema.org","@graph":[{"@type":"NewsArticle","@id":"https:\/\/www.gaveanews.com\/index.php\/2025\/04\/03\/jornalista-crava-futuro-de-jorginho-no-flamengo\/#article","isPartOf":{"@id":"https:\/\/www.gaveanews.com\/index.php\/2025\/04\/03\/jornalista-crava-futuro-de-jorginho-no-flamengo\/"},"author":{"name":"Rafaela Ladeira","@id":"https:\/\/www.gaveanews.com\/#\/schema\/person\/0eb3e3fe1754f0205218538adbe8f5ed"},"headline":"Jornalista crava futuro de Jorginho no Flamengo","datePublished":"2025-04-03T16:40:00+00:00","mainEntityOfPage":{"@id":"https:\/\/www.gaveanews.com\/index.php\/2025\/04\/03\/jornalista-crava-futuro-de-jorginho-no-flamengo\/"},"wordCount":434,"commentCount":0,"image":{"@id":"https:\/\/www.gaveanews.com\/index.php\/2025\/04\/03\/jornalista-crava-futuro-de-jorginho-no-flamengo\/#primaryimage"},"thumbnailUrl":"https:\/\/www.gaveanews.com\/wp-content\/uploads\/escudoDoFlamengo.webp","articleSection":["Flamengo"],"inLanguage":"pt-BR","potentialAction":[{"@type":"CommentAction","name":"Comment","target":["https:\/\/www.gaveanews.com\/index.php\/2025\/04\/03\/jornalista-crava-futuro-de-jorginho-no-flamengo\/#respond"]}],"copyrightYear":"2025","copyrightHolder":{"@id":"https:\/\/www.gaveanews.com\/#organization"}},{"@type":"WebPage","@id":"https:\/\/www.gaveanews.com\/index.php\/2025\/04\/03\/jornalista-crava-futuro-de-jorginho-no-flamengo\/","url":"https:\/\/www.gaveanews.com\/index.php\/2025\/04\/03\/jornalista-crava-futuro-de-jorginho-no-flamengo\/","name":"Jornalista crava futuro de Jorginho no Flamengo","isPartOf":{"@id":"https:\/\/www.gaveanews.com\/#website"},"primaryImageOfPage":{"@id":"https:\/\/www.gaveanews.com\/index.php\/2025\/04\/03\/jornalista-crava-futuro-de-jorginho-no-flamengo\/#primaryimage"},"image":{"@id":"https:\/\/www.gaveanews.com\/index.php\/2025\/04\/03\/jornalista-crava-futuro-de-jorginho-no-flamengo\/#primaryimage"},"thumbnailUrl":"https:\/\/www.gaveanews.com\/wp-content\/uploads\/escudoDoFlamengo.webp","datePublished":"2025-04-03T16:40:00+00:00","author":{"@id":"https:\/\/www.gaveanews.com\/#\/schema\/person\/0eb3e3fe1754f0205218538adbe8f5ed"},"breadcrumb":{"@id":"https:\/\/www.gaveanews.com\/index.php\/2025\/04\/03\/jornalista-crava-futuro-de-jorginho-no-flamengo\/#breadcrumb"},"inLanguage":"pt-BR","potentialAction":[{"@type":"ReadAction","target":["https:\/\/www.gaveanews.com\/index.php\/2025\/04\/03\/jornalista-crava-futuro-de-jorginho-no-flamengo\/"]}]},{"@type":"ImageObject","inLanguage":"pt-BR","@id":"https:\/\/www.gaveanews.com\/index.php\/2025\/04\/03\/jornalista-crava-futuro-de-jorginho-no-flamengo\/#primaryimage","url":"https:\/\/www.gaveanews.com\/wp-content\/uploads\/escudoDoFlamengo.webp","contentUrl":"https:\/\/www.gaveanews.com\/wp-content\/uploads\/escudoDoFlamengo.webp","width":1095,"height":730,"caption":"Centro de treinamento do Flamengo (Foto: Reprodu\u00e7\u00e3o)"},{"@type":"BreadcrumbList","@id":"https:\/\/www.gaveanews.com\/index.php\/2025\/04\/03\/jornalista-crava-futuro-de-jorginho-no-flamengo\/#breadcrumb","itemListElement":[{"@type":"ListItem","position":1,"name":"Home","item":"https:\/\/www.gaveanews.com\/"},{"@type":"ListItem","position":2,"name":"Jornalista crava futuro de Jorginho no Flamengo"}]},{"@type":"WebSite","@id":"https:\/\/www.gaveanews.com\/#website","url":"https:\/\/www.gaveanews.com\/","name":"G\u00e1vea News","description":"Veja todas as not\u00edcias sobre o Flamengo: Contrata\u00e7\u00f5es, categorias de base, resultados das partidas, tabela de classifica\u00e7\u00e3o, pr\u00f3ximos jogos!","potentialAction":[{"@type":"SearchAction","target":{"@type":"EntryPoint","urlTemplate":"https:\/\/www.gaveanews.com\/?s={search_term_string}"},"query-input":{"@type":"PropertyValueSpecification","valueRequired":true,"valueName":"search_term_string"}}],"inLanguage":"pt-BR"},{"@type":"Person","@id":"https:\/\/www.gaveanews.com\/#\/schema\/person\/0eb3e3fe1754f0205218538adbe8f5ed","name":"Rafaela Ladeira","image":{"@type":"ImageObject","inLanguage":"pt-BR","@id":"https:\/\/www.gaveanews.com\/#\/schema\/person\/image\/","url":"https:\/\/secure.gravatar.com\/avatar\/c31f513acffd85eacab5730cbdfdbbf59f21ba5aeada8cd890acea879fbb2455?s=96&d=mm&r=g","contentUrl":"https:\/\/secure.gravatar.com\/avatar\/c31f513acffd85eacab5730cbdfdbbf59f21ba5aeada8cd890acea879fbb2455?s=96&d=mm&r=g","caption":"Rafaela Ladeira"}}]}},"_links":{"self":[{"href":"https:\/\/www.gaveanews.com\/index.php\/wp-json\/wp\/v2\/posts\/248400","targetHints":{"allow":["GET"]}}],"collection":[{"href":"https:\/\/www.gaveanews.com\/index.php\/wp-json\/wp\/v2\/posts"}],"about":[{"href":"https:\/\/www.gaveanews.com\/index.php\/wp-json\/wp\/v2\/types\/post"}],"author":[{"embeddable":true,"href":"https:\/\/www.gaveanews.com\/index.php\/wp-json\/wp\/v2\/users\/25"}],"replies":[{"embeddable":true,"href":"https:\/\/www.gaveanews.com\/index.php\/wp-json\/wp\/v2\/comments?post=248400"}],"version-history":[{"count":1,"href":"https:\/\/www.gaveanews.com\/index.php\/wp-json\/wp\/v2\/posts\/248400\/revisions"}],"predecessor-version":[{"id":248403,"href":"https:\/\/www.gaveanews.com\/index.php\/wp-json\/wp\/v2\/posts\/248400\/revisions\/248403"}],"wp:featuredmedia":[{"embeddable":true,"href":"https:\/\/www.gaveanews.com\/index.php\/wp-json\/wp\/v2\/media\/124684"}],"wp:attachment":[{"href":"https:\/\/www.gaveanews.com\/index.php\/wp-json\/wp\/v2\/media?parent=248400"}],"wp:term":[{"taxonomy":"category","embeddable":true,"href":"https:\/\/www.gaveanews.com\/index.php\/wp-json\/wp\/v2\/categories?post=248400"},{"taxonomy":"post_tag","embeddable":true,"href":"https:\/\/www.gaveanews.com\/index.php\/wp-json\/wp\/v2\/tags?post=248400"}],"curies":[{"name":"wp","href":"https:\/\/api.w.org\/{rel}","templated":true}]}}