{"id":248434,"date":"2025-04-03T15:00:00","date_gmt":"2025-04-03T18:00:00","guid":{"rendered":"https:\/\/www.gaveanews.com\/?p=248434"},"modified":"2025-04-03T12:57:38","modified_gmt":"2025-04-03T15:57:38","slug":"ele-pode-assinar-um-pre-contrato-e-deixar-o-flamengo-de-graca","status":"publish","type":"post","link":"https:\/\/www.gaveanews.com\/index.php\/2025\/04\/03\/ele-pode-assinar-um-pre-contrato-e-deixar-o-flamengo-de-graca\/","title":{"rendered":"Ele pode assinar um pr\u00e9-contrato e deixar o Flamengo de gra\u00e7a"},"content":{"rendered":"\n<p>A torcida do Flamengo est\u00e1 atenta a uma poss\u00edvel baixa no elenco. Isso porque o goleiro Matheus Cunha, reserva imediato de Rossi, pode assinar um pr\u00e9-contrato e deixar o clube sem custos ao final da temporada. Sendo assim, a diretoria rubro-negra precisar\u00e1 agir rapidamente para evitar a sa\u00edda de um jogador que j\u00e1 demonstrou qualidade debaixo das traves.<\/p>\n\n\n\n<h2 class=\"wp-block-heading\" id=\"h-filipe-luis-demonstra-preocupacao-nos-bastidores-com-possivel-saida\">Filipe Lu\u00eds demonstra preocupa\u00e7\u00e3o nos bastidores com poss\u00edvel sa\u00edda<\/h2>\n\n\n\n<figure class=\"wp-block-image size-full\"><img loading=\"lazy\" decoding=\"async\" width=\"640\" height=\"401\" src=\"http:\/\/www.gaveanews.com\/wp-content\/uploads\/matheus-cunha-goleiro-flamengo.webp\" alt=\"\" class=\"wp-image-94692\" srcset=\"https:\/\/www.gaveanews.com\/wp-content\/uploads\/matheus-cunha-goleiro-flamengo.webp 640w, https:\/\/www.gaveanews.com\/wp-content\/uploads\/matheus-cunha-goleiro-flamengo-300x188.webp 300w, https:\/\/www.gaveanews.com\/wp-content\/uploads\/matheus-cunha-goleiro-flamengo-100x63.webp 100w\" sizes=\"auto, (max-width: 640px) 100vw, 640px\" \/><figcaption class=\"wp-element-caption\">Matheus Cunha em a\u00e7\u00e3o pelo Flamengo (Foto: Marcelo Cortes\/Flamengo)<\/figcaption><\/figure>\n\n\n\n<p>Enquanto Filipe Lu\u00eds foca na estreia do Flamengo na Libertadores contra o Deportivo T\u00e1chira, na Venezuela, a c\u00fapula flamenguista se depara com uma situa\u00e7\u00e3o delicada. O goleiro Matheus Cunha tem v\u00ednculo at\u00e9 dezembro e, a partir de junho, pode assinar um pr\u00e9-contrato com qualquer equipe.<\/p>\n\n\n\n<p>Vale destacar que a renova\u00e7\u00e3o esteve em pauta no in\u00edcio do ano, mas o acordo n\u00e3o foi finalizado. Al\u00e9m disso, clubes do exterior j\u00e1 demonstraram interesse no arqueiro, o que aumenta o risco de uma sa\u00edda sem compensa\u00e7\u00e3o financeira para o Meng\u00e3o.<\/p>\n\n\n\n<h2 class=\"wp-block-heading\" id=\"h-matheus-cunha-esta-no-radar-de-outros-clubes\">Matheus Cunha est\u00e1 no radar de outros clubes<\/h2>\n\n\n\n<p>Mesmo sendo reserva, Matheus Cunha \u00e9 um goleiro valorizado no mercado. Isso porque, na temporada passada, ele chegou a ser titular sob o comando de Jorge Sampaoli e teve boas atua\u00e7\u00f5es. No entanto, perdeu espa\u00e7o ap\u00f3s a chegada de Filipe Lu\u00eds, que optou por manter Rossi como titular absoluto em todas as competi\u00e7\u00f5es.<\/p>\n\n\n\n<p>Por isso, n\u00e3o \u00e9 surpresa que o goleiro esteja no radar de outros clubes, especialmente aqueles que buscam um arqueiro jovem e promissor. Dessa maneira, sua sa\u00edda poderia gerar um problema para o Flamengo, que precisaria buscar um substituto \u00e0 altura para manter a solidez defensiva.<\/p>\n\n\n\n<h2 class=\"wp-block-heading\" id=\"h-diretoria-precisa-decidir-o-futuro-do-goleiro\">Diretoria precisa decidir o futuro do goleiro<\/h2>\n\n\n\n<p>Com isso, cabe ressaltar que a diretoria rubro-negra, sob a gest\u00e3o de Jos\u00e9 Boto, ter\u00e1 que agir rapidamente para definir a situa\u00e7\u00e3o de Matheus Cunha. Se a renova\u00e7\u00e3o n\u00e3o for concretizada, o Flamengo corre o risco de perder um atleta promissor sem qualquer retorno financeiro.<\/p>\n\n\n\n<p>Sendo assim, a pr\u00f3xima janela de transfer\u00eancias ser\u00e1 decisiva para determinar o futuro do goleiro no clube. O Flamengo poder\u00e1 segur\u00e1-lo por mais tempo ou ver\u00e1 um de seus principais reservas buscar novos desafios.<\/p>\n","protected":false},"excerpt":{"rendered":"<p>A torcida do Flamengo est\u00e1 atenta a uma poss\u00edvel baixa no elenco. Isso porque o goleiro Matheus Cunha, reserva imediato de Rossi, pode assinar um pr\u00e9-contrato e deixar o clube sem custos ao final da temporada. Sendo assim, a diretoria rubro-negra precisar\u00e1 agir rapidamente para evitar a sa\u00edda de um jogador que j\u00e1 demonstrou qualidade [&hellip;]<\/p>\n","protected":false},"author":24,"featured_media":124684,"comment_status":"open","ping_status":"closed","sticky":false,"template":"","format":"standard","meta":{"footnotes":""},"categories":[1],"tags":[],"class_list":["post-248434","post","type-post","status-publish","format-standard","has-post-thumbnail","hentry","category-flamengo"],"yoast_head":"<!-- This site is optimized with the Yoast SEO Premium plugin v24.2 (Yoast SEO v26.9) - https:\/\/yoast.com\/product\/yoast-seo-premium-wordpress\/ -->\n<title>Ele pode assinar um pr\u00e9-contrato e deixar o Flamengo de gra\u00e7a<\/title>\n<meta name=\"robots\" content=\"index, follow, max-snippet:-1, max-image-preview:large, max-video-preview:-1\" \/>\n<link rel=\"canonical\" href=\"https:\/\/www.gaveanews.com\/index.php\/2025\/04\/03\/ele-pode-assinar-um-pre-contrato-e-deixar-o-flamengo-de-graca\/\" \/>\n<meta property=\"og:locale\" content=\"pt_BR\" \/>\n<meta property=\"og:type\" content=\"article\" \/>\n<meta property=\"og:title\" content=\"Ele pode assinar um pr\u00e9-contrato e deixar o Flamengo de gra\u00e7a\" \/>\n<meta property=\"og:description\" content=\"A torcida do Flamengo est\u00e1 atenta a uma poss\u00edvel baixa no elenco. Isso porque o goleiro Matheus Cunha, reserva imediato de Rossi, pode assinar um pr\u00e9-contrato e deixar o clube sem custos ao final da temporada. Sendo assim, a diretoria rubro-negra precisar\u00e1 agir rapidamente para evitar a sa\u00edda de um jogador que j\u00e1 demonstrou qualidade [&hellip;]\" \/>\n<meta property=\"og:url\" content=\"https:\/\/www.gaveanews.com\/index.php\/2025\/04\/03\/ele-pode-assinar-um-pre-contrato-e-deixar-o-flamengo-de-graca\/\" \/>\n<meta property=\"og:site_name\" content=\"G\u00e1vea News\" \/>\n<meta property=\"article:publisher\" content=\"https:\/\/facebook.com\/gaveaNews\/\" \/>\n<meta property=\"article:published_time\" content=\"2025-04-03T18:00:00+00:00\" \/>\n<meta property=\"og:image\" content=\"https:\/\/www.gaveanews.com\/wp-content\/uploads\/escudoDoFlamengo.webp\" \/>\n\t<meta property=\"og:image:width\" content=\"1095\" \/>\n\t<meta property=\"og:image:height\" content=\"730\" \/>\n\t<meta property=\"og:image:type\" content=\"image\/webp\" \/>\n<meta name=\"author\" content=\"Leandro Cardoso\" \/>\n<meta name=\"twitter:card\" content=\"summary_large_image\" \/>\n<meta name=\"twitter:label1\" content=\"Escrito por\" \/>\n\t<meta name=\"twitter:data1\" content=\"Leandro Cardoso\" \/>\n\t<meta name=\"twitter:label2\" content=\"Est. tempo de leitura\" \/>\n\t<meta name=\"twitter:data2\" content=\"3 minutos\" \/>\n<script type=\"application\/ld+json\" class=\"yoast-schema-graph\">{\"@context\":\"https:\/\/schema.org\",\"@graph\":[{\"@type\":\"NewsArticle\",\"@id\":\"https:\/\/www.gaveanews.com\/index.php\/2025\/04\/03\/ele-pode-assinar-um-pre-contrato-e-deixar-o-flamengo-de-graca\/#article\",\"isPartOf\":{\"@id\":\"https:\/\/www.gaveanews.com\/index.php\/2025\/04\/03\/ele-pode-assinar-um-pre-contrato-e-deixar-o-flamengo-de-graca\/\"},\"author\":{\"name\":\"Leandro Cardoso\",\"@id\":\"https:\/\/www.gaveanews.com\/#\/schema\/person\/2424ec6409bc3f068411fc5e4e9b6168\"},\"headline\":\"Ele pode assinar um pr\u00e9-contrato e deixar o Flamengo de gra\u00e7a\",\"datePublished\":\"2025-04-03T18:00:00+00:00\",\"mainEntityOfPage\":{\"@id\":\"https:\/\/www.gaveanews.com\/index.php\/2025\/04\/03\/ele-pode-assinar-um-pre-contrato-e-deixar-o-flamengo-de-graca\/\"},\"wordCount\":402,\"commentCount\":0,\"image\":{\"@id\":\"https:\/\/www.gaveanews.com\/index.php\/2025\/04\/03\/ele-pode-assinar-um-pre-contrato-e-deixar-o-flamengo-de-graca\/#primaryimage\"},\"thumbnailUrl\":\"https:\/\/www.gaveanews.com\/wp-content\/uploads\/escudoDoFlamengo.webp\",\"articleSection\":[\"Flamengo\"],\"inLanguage\":\"pt-BR\",\"potentialAction\":[{\"@type\":\"CommentAction\",\"name\":\"Comment\",\"target\":[\"https:\/\/www.gaveanews.com\/index.php\/2025\/04\/03\/ele-pode-assinar-um-pre-contrato-e-deixar-o-flamengo-de-graca\/#respond\"]}],\"copyrightYear\":\"2025\",\"copyrightHolder\":{\"@id\":\"https:\/\/www.gaveanews.com\/#organization\"}},{\"@type\":\"WebPage\",\"@id\":\"https:\/\/www.gaveanews.com\/index.php\/2025\/04\/03\/ele-pode-assinar-um-pre-contrato-e-deixar-o-flamengo-de-graca\/\",\"url\":\"https:\/\/www.gaveanews.com\/index.php\/2025\/04\/03\/ele-pode-assinar-um-pre-contrato-e-deixar-o-flamengo-de-graca\/\",\"name\":\"Ele pode assinar um pr\u00e9-contrato e deixar o Flamengo de gra\u00e7a\",\"isPartOf\":{\"@id\":\"https:\/\/www.gaveanews.com\/#website\"},\"primaryImageOfPage\":{\"@id\":\"https:\/\/www.gaveanews.com\/index.php\/2025\/04\/03\/ele-pode-assinar-um-pre-contrato-e-deixar-o-flamengo-de-graca\/#primaryimage\"},\"image\":{\"@id\":\"https:\/\/www.gaveanews.com\/index.php\/2025\/04\/03\/ele-pode-assinar-um-pre-contrato-e-deixar-o-flamengo-de-graca\/#primaryimage\"},\"thumbnailUrl\":\"https:\/\/www.gaveanews.com\/wp-content\/uploads\/escudoDoFlamengo.webp\",\"datePublished\":\"2025-04-03T18:00:00+00:00\",\"author\":{\"@id\":\"https:\/\/www.gaveanews.com\/#\/schema\/person\/2424ec6409bc3f068411fc5e4e9b6168\"},\"breadcrumb\":{\"@id\":\"https:\/\/www.gaveanews.com\/index.php\/2025\/04\/03\/ele-pode-assinar-um-pre-contrato-e-deixar-o-flamengo-de-graca\/#breadcrumb\"},\"inLanguage\":\"pt-BR\",\"potentialAction\":[{\"@type\":\"ReadAction\",\"target\":[\"https:\/\/www.gaveanews.com\/index.php\/2025\/04\/03\/ele-pode-assinar-um-pre-contrato-e-deixar-o-flamengo-de-graca\/\"]}]},{\"@type\":\"ImageObject\",\"inLanguage\":\"pt-BR\",\"@id\":\"https:\/\/www.gaveanews.com\/index.php\/2025\/04\/03\/ele-pode-assinar-um-pre-contrato-e-deixar-o-flamengo-de-graca\/#primaryimage\",\"url\":\"https:\/\/www.gaveanews.com\/wp-content\/uploads\/escudoDoFlamengo.webp\",\"contentUrl\":\"https:\/\/www.gaveanews.com\/wp-content\/uploads\/escudoDoFlamengo.webp\",\"width\":1095,\"height\":730,\"caption\":\"Centro de treinamento do Flamengo (Foto: Reprodu\u00e7\u00e3o)\"},{\"@type\":\"BreadcrumbList\",\"@id\":\"https:\/\/www.gaveanews.com\/index.php\/2025\/04\/03\/ele-pode-assinar-um-pre-contrato-e-deixar-o-flamengo-de-graca\/#breadcrumb\",\"itemListElement\":[{\"@type\":\"ListItem\",\"position\":1,\"name\":\"Home\",\"item\":\"https:\/\/www.gaveanews.com\/\"},{\"@type\":\"ListItem\",\"position\":2,\"name\":\"Ele pode assinar um pr\u00e9-contrato e deixar o Flamengo de gra\u00e7a\"}]},{\"@type\":\"WebSite\",\"@id\":\"https:\/\/www.gaveanews.com\/#website\",\"url\":\"https:\/\/www.gaveanews.com\/\",\"name\":\"G\u00e1vea News\",\"description\":\"Veja todas as not\u00edcias sobre o Flamengo: Contrata\u00e7\u00f5es, categorias de base, resultados das partidas, tabela de classifica\u00e7\u00e3o, pr\u00f3ximos jogos!\",\"potentialAction\":[{\"@type\":\"SearchAction\",\"target\":{\"@type\":\"EntryPoint\",\"urlTemplate\":\"https:\/\/www.gaveanews.com\/?s={search_term_string}\"},\"query-input\":{\"@type\":\"PropertyValueSpecification\",\"valueRequired\":true,\"valueName\":\"search_term_string\"}}],\"inLanguage\":\"pt-BR\"},{\"@type\":\"Person\",\"@id\":\"https:\/\/www.gaveanews.com\/#\/schema\/person\/2424ec6409bc3f068411fc5e4e9b6168\",\"name\":\"Leandro Cardoso\",\"image\":{\"@type\":\"ImageObject\",\"inLanguage\":\"pt-BR\",\"@id\":\"https:\/\/www.gaveanews.com\/#\/schema\/person\/image\/\",\"url\":\"https:\/\/secure.gravatar.com\/avatar\/8ca179f9b55eefe9f376f5493ef25475bfa59fbc28ce937f6076ce20e523098f?s=96&d=mm&r=g\",\"contentUrl\":\"https:\/\/secure.gravatar.com\/avatar\/8ca179f9b55eefe9f376f5493ef25475bfa59fbc28ce937f6076ce20e523098f?s=96&d=mm&r=g\",\"caption\":\"Leandro Cardoso\"}}]}<\/script>\n<!-- \/ Yoast SEO Premium plugin. -->","yoast_head_json":{"title":"Ele pode assinar um pr\u00e9-contrato e deixar o Flamengo de gra\u00e7a","robots":{"index":"index","follow":"follow","max-snippet":"max-snippet:-1","max-image-preview":"max-image-preview:large","max-video-preview":"max-video-preview:-1"},"canonical":"https:\/\/www.gaveanews.com\/index.php\/2025\/04\/03\/ele-pode-assinar-um-pre-contrato-e-deixar-o-flamengo-de-graca\/","og_locale":"pt_BR","og_type":"article","og_title":"Ele pode assinar um pr\u00e9-contrato e deixar o Flamengo de gra\u00e7a","og_description":"A torcida do Flamengo est\u00e1 atenta a uma poss\u00edvel baixa no elenco. Isso porque o goleiro Matheus Cunha, reserva imediato de Rossi, pode assinar um pr\u00e9-contrato e deixar o clube sem custos ao final da temporada. Sendo assim, a diretoria rubro-negra precisar\u00e1 agir rapidamente para evitar a sa\u00edda de um jogador que j\u00e1 demonstrou qualidade [&hellip;]","og_url":"https:\/\/www.gaveanews.com\/index.php\/2025\/04\/03\/ele-pode-assinar-um-pre-contrato-e-deixar-o-flamengo-de-graca\/","og_site_name":"G\u00e1vea News","article_publisher":"https:\/\/facebook.com\/gaveaNews\/","article_published_time":"2025-04-03T18:00:00+00:00","og_image":[{"width":1095,"height":730,"url":"https:\/\/www.gaveanews.com\/wp-content\/uploads\/escudoDoFlamengo.webp","type":"image\/webp"}],"author":"Leandro Cardoso","twitter_card":"summary_large_image","twitter_misc":{"Escrito por":"Leandro Cardoso","Est. tempo de leitura":"3 minutos"},"schema":{"@context":"https:\/\/schema.org","@graph":[{"@type":"NewsArticle","@id":"https:\/\/www.gaveanews.com\/index.php\/2025\/04\/03\/ele-pode-assinar-um-pre-contrato-e-deixar-o-flamengo-de-graca\/#article","isPartOf":{"@id":"https:\/\/www.gaveanews.com\/index.php\/2025\/04\/03\/ele-pode-assinar-um-pre-contrato-e-deixar-o-flamengo-de-graca\/"},"author":{"name":"Leandro Cardoso","@id":"https:\/\/www.gaveanews.com\/#\/schema\/person\/2424ec6409bc3f068411fc5e4e9b6168"},"headline":"Ele pode assinar um pr\u00e9-contrato e deixar o Flamengo de gra\u00e7a","datePublished":"2025-04-03T18:00:00+00:00","mainEntityOfPage":{"@id":"https:\/\/www.gaveanews.com\/index.php\/2025\/04\/03\/ele-pode-assinar-um-pre-contrato-e-deixar-o-flamengo-de-graca\/"},"wordCount":402,"commentCount":0,"image":{"@id":"https:\/\/www.gaveanews.com\/index.php\/2025\/04\/03\/ele-pode-assinar-um-pre-contrato-e-deixar-o-flamengo-de-graca\/#primaryimage"},"thumbnailUrl":"https:\/\/www.gaveanews.com\/wp-content\/uploads\/escudoDoFlamengo.webp","articleSection":["Flamengo"],"inLanguage":"pt-BR","potentialAction":[{"@type":"CommentAction","name":"Comment","target":["https:\/\/www.gaveanews.com\/index.php\/2025\/04\/03\/ele-pode-assinar-um-pre-contrato-e-deixar-o-flamengo-de-graca\/#respond"]}],"copyrightYear":"2025","copyrightHolder":{"@id":"https:\/\/www.gaveanews.com\/#organization"}},{"@type":"WebPage","@id":"https:\/\/www.gaveanews.com\/index.php\/2025\/04\/03\/ele-pode-assinar-um-pre-contrato-e-deixar-o-flamengo-de-graca\/","url":"https:\/\/www.gaveanews.com\/index.php\/2025\/04\/03\/ele-pode-assinar-um-pre-contrato-e-deixar-o-flamengo-de-graca\/","name":"Ele pode assinar um pr\u00e9-contrato e deixar o Flamengo de gra\u00e7a","isPartOf":{"@id":"https:\/\/www.gaveanews.com\/#website"},"primaryImageOfPage":{"@id":"https:\/\/www.gaveanews.com\/index.php\/2025\/04\/03\/ele-pode-assinar-um-pre-contrato-e-deixar-o-flamengo-de-graca\/#primaryimage"},"image":{"@id":"https:\/\/www.gaveanews.com\/index.php\/2025\/04\/03\/ele-pode-assinar-um-pre-contrato-e-deixar-o-flamengo-de-graca\/#primaryimage"},"thumbnailUrl":"https:\/\/www.gaveanews.com\/wp-content\/uploads\/escudoDoFlamengo.webp","datePublished":"2025-04-03T18:00:00+00:00","author":{"@id":"https:\/\/www.gaveanews.com\/#\/schema\/person\/2424ec6409bc3f068411fc5e4e9b6168"},"breadcrumb":{"@id":"https:\/\/www.gaveanews.com\/index.php\/2025\/04\/03\/ele-pode-assinar-um-pre-contrato-e-deixar-o-flamengo-de-graca\/#breadcrumb"},"inLanguage":"pt-BR","potentialAction":[{"@type":"ReadAction","target":["https:\/\/www.gaveanews.com\/index.php\/2025\/04\/03\/ele-pode-assinar-um-pre-contrato-e-deixar-o-flamengo-de-graca\/"]}]},{"@type":"ImageObject","inLanguage":"pt-BR","@id":"https:\/\/www.gaveanews.com\/index.php\/2025\/04\/03\/ele-pode-assinar-um-pre-contrato-e-deixar-o-flamengo-de-graca\/#primaryimage","url":"https:\/\/www.gaveanews.com\/wp-content\/uploads\/escudoDoFlamengo.webp","contentUrl":"https:\/\/www.gaveanews.com\/wp-content\/uploads\/escudoDoFlamengo.webp","width":1095,"height":730,"caption":"Centro de treinamento do Flamengo (Foto: Reprodu\u00e7\u00e3o)"},{"@type":"BreadcrumbList","@id":"https:\/\/www.gaveanews.com\/index.php\/2025\/04\/03\/ele-pode-assinar-um-pre-contrato-e-deixar-o-flamengo-de-graca\/#breadcrumb","itemListElement":[{"@type":"ListItem","position":1,"name":"Home","item":"https:\/\/www.gaveanews.com\/"},{"@type":"ListItem","position":2,"name":"Ele pode assinar um pr\u00e9-contrato e deixar o Flamengo de gra\u00e7a"}]},{"@type":"WebSite","@id":"https:\/\/www.gaveanews.com\/#website","url":"https:\/\/www.gaveanews.com\/","name":"G\u00e1vea News","description":"Veja todas as not\u00edcias sobre o Flamengo: Contrata\u00e7\u00f5es, categorias de base, resultados das partidas, tabela de classifica\u00e7\u00e3o, pr\u00f3ximos jogos!","potentialAction":[{"@type":"SearchAction","target":{"@type":"EntryPoint","urlTemplate":"https:\/\/www.gaveanews.com\/?s={search_term_string}"},"query-input":{"@type":"PropertyValueSpecification","valueRequired":true,"valueName":"search_term_string"}}],"inLanguage":"pt-BR"},{"@type":"Person","@id":"https:\/\/www.gaveanews.com\/#\/schema\/person\/2424ec6409bc3f068411fc5e4e9b6168","name":"Leandro Cardoso","image":{"@type":"ImageObject","inLanguage":"pt-BR","@id":"https:\/\/www.gaveanews.com\/#\/schema\/person\/image\/","url":"https:\/\/secure.gravatar.com\/avatar\/8ca179f9b55eefe9f376f5493ef25475bfa59fbc28ce937f6076ce20e523098f?s=96&d=mm&r=g","contentUrl":"https:\/\/secure.gravatar.com\/avatar\/8ca179f9b55eefe9f376f5493ef25475bfa59fbc28ce937f6076ce20e523098f?s=96&d=mm&r=g","caption":"Leandro Cardoso"}}]}},"_links":{"self":[{"href":"https:\/\/www.gaveanews.com\/index.php\/wp-json\/wp\/v2\/posts\/248434","targetHints":{"allow":["GET"]}}],"collection":[{"href":"https:\/\/www.gaveanews.com\/index.php\/wp-json\/wp\/v2\/posts"}],"about":[{"href":"https:\/\/www.gaveanews.com\/index.php\/wp-json\/wp\/v2\/types\/post"}],"author":[{"embeddable":true,"href":"https:\/\/www.gaveanews.com\/index.php\/wp-json\/wp\/v2\/users\/24"}],"replies":[{"embeddable":true,"href":"https:\/\/www.gaveanews.com\/index.php\/wp-json\/wp\/v2\/comments?post=248434"}],"version-history":[{"count":1,"href":"https:\/\/www.gaveanews.com\/index.php\/wp-json\/wp\/v2\/posts\/248434\/revisions"}],"predecessor-version":[{"id":248436,"href":"https:\/\/www.gaveanews.com\/index.php\/wp-json\/wp\/v2\/posts\/248434\/revisions\/248436"}],"wp:featuredmedia":[{"embeddable":true,"href":"https:\/\/www.gaveanews.com\/index.php\/wp-json\/wp\/v2\/media\/124684"}],"wp:attachment":[{"href":"https:\/\/www.gaveanews.com\/index.php\/wp-json\/wp\/v2\/media?parent=248434"}],"wp:term":[{"taxonomy":"category","embeddable":true,"href":"https:\/\/www.gaveanews.com\/index.php\/wp-json\/wp\/v2\/categories?post=248434"},{"taxonomy":"post_tag","embeddable":true,"href":"https:\/\/www.gaveanews.com\/index.php\/wp-json\/wp\/v2\/tags?post=248434"}],"curies":[{"name":"wp","href":"https:\/\/api.w.org\/{rel}","templated":true}]}}