{"id":248437,"date":"2025-04-03T15:05:00","date_gmt":"2025-04-03T18:05:00","guid":{"rendered":"https:\/\/www.gaveanews.com\/?p=248437"},"modified":"2025-04-03T13:00:01","modified_gmt":"2025-04-03T16:00:01","slug":"renato-paiva-e-sincero-sobre-derrota-do-botafogo-nao-estou-tao-de-acordo","status":"publish","type":"post","link":"https:\/\/www.gaveanews.com\/index.php\/2025\/04\/03\/renato-paiva-e-sincero-sobre-derrota-do-botafogo-nao-estou-tao-de-acordo\/","title":{"rendered":"Renato Paiva \u00e9 sincero sobre derrota do Botafogo: &#8220;N\u00e3o estou t\u00e3o de acordo&#8230;&#8221;"},"content":{"rendered":"\n<p>O Botafogo estreou na Libertadores com o p\u00e9 esquerdo. A derrota por 1 a 0 para a Universidad de Chile, em Santiago, exp\u00f4s dificuldades do time, especialmente no segundo tempo.&nbsp;<\/p>\n\n\n\n<p>Ap\u00f3s o jogo, o t\u00e9cnico Renato Paiva n\u00e3o escondeu a insatisfa\u00e7\u00e3o com o desempenho, mas discordou de algumas an\u00e1lises. Sendo assim, o treinador apontou fatores que, na sua vis\u00e3o, explicam a queda de rendimento na etapa final.<\/p>\n\n\n\n<h2 class=\"wp-block-heading\" id=\"h-derrota-justa-mas-com-ressalvas\">Derrota justa, mas com ressalvas<\/h2>\n\n\n\n<figure class=\"wp-block-image size-full\"><img loading=\"lazy\" decoding=\"async\" width=\"900\" height=\"600\" src=\"http:\/\/www.gaveanews.com\/wp-content\/uploads\/Renato-Paiva-em-acao-pelo-Botafogo-em-2025.webp\" alt=\"\" class=\"wp-image-244411\"\/><figcaption class=\"wp-element-caption\">Renato Paiva em a\u00e7\u00e3o pelo Botafogo em 2025 (Foto: Vitor Silva\/Botafogo)<\/figcaption><\/figure>\n\n\n\n<p>Paiva reconheceu o resultado negativo, destacando que o futebol se define por gols. &#8220;O justo ganhador \u00e9 quem faz gol. A La U \u00e9 justa vencedora porque fez gol e n\u00f3s n\u00e3o fizemos&#8221;, afirmou.&nbsp;<\/p>\n\n\n\n<p>No entanto, ele refutou a tese de que as substitui\u00e7\u00f5es do advers\u00e1rio foram determinantes para a queda de rendimento do Botafogo.&nbsp;<\/p>\n\n\n\n<p>&#8220;N\u00e3o estou t\u00e3o de acordo que as movimenta\u00e7\u00f5es do meu colega tenham gerado complica\u00e7\u00e3o ao nosso jogo&#8221;, completou.<\/p>\n\n\n\n<h2 class=\"wp-block-heading\" id=\"h-falta-de-efetividade-preocupa\">Falta de efetividade preocupa<\/h2>\n\n\n\n<p>Um dos pontos que mais incomodou o treinador foi a inefic\u00e1cia ofensiva. &#8220;Essa posse de bola que temos tem que terminar em jogadas de finaliza\u00e7\u00e3o e n\u00e3o est\u00e1 terminando&#8221;, analisou.&nbsp;<\/p>\n\n\n\n<p>Al\u00e9m disso, Paiva refor\u00e7ou que, apesar de ter mais dom\u00ednio na primeira etapa, a equipe falhou na cria\u00e7\u00e3o de oportunidades claras. &#8220;Nossa posse tem que ser muito mais efetiva, criar muito mais mal ao advers\u00e1rio, e precisamos finalizar as jogadas&#8221;, disse.<\/p>\n\n\n\n<h2 class=\"wp-block-heading\" id=\"h-fator-fisico-pesou-na-reta-final\">Fator f\u00edsico pesou na reta final<\/h2>\n\n\n\n<p>Outro aspecto que chamou aten\u00e7\u00e3o foi o desgaste f\u00edsico. O t\u00e9cnico admitiu que o time perdeu intensidade no segundo tempo, o que contribuiu para a queda de rendimento.&nbsp;<\/p>\n\n\n\n<p>&#8220;Acho que a equipe foi perdendo frescura f\u00edsica. Fizemos mudan\u00e7as que tamb\u00e9m n\u00e3o melhoraram a equipe&#8221;, explicou. Dessa maneira, ele sugeriu que a falta de alternativas para mudar o jogo foi um problema.<\/p>\n\n\n\n<h2 class=\"wp-block-heading\" id=\"h-proximos-desafios-do-glorioso\">Pr\u00f3ximos desafios do Glorioso<\/h2>\n\n\n\n<p>Agora, o Botafogo precisa reagir rapidamente. No s\u00e1bado, o time enfrenta o Juventude pelo Campeonato Brasileiro, no Nilton Santos.&nbsp;<\/p>\n\n\n\n<p>Depois, na ter\u00e7a-feira, volta a campo pela Libertadores contra o Carabobo. Por isso, a equipe precisa corrigir os erros e buscar sua primeira vit\u00f3ria no torneio continental.<\/p>\n","protected":false},"excerpt":{"rendered":"<p>O Botafogo estreou na Libertadores com o p\u00e9 esquerdo. A derrota por 1 a 0 para a Universidad de Chile, em Santiago, exp\u00f4s dificuldades do time, especialmente no segundo tempo.&nbsp; Ap\u00f3s o jogo, o t\u00e9cnico Renato Paiva n\u00e3o escondeu a insatisfa\u00e7\u00e3o com o desempenho, mas discordou de algumas an\u00e1lises. Sendo assim, o treinador apontou fatores [&hellip;]<\/p>\n","protected":false},"author":25,"featured_media":243531,"comment_status":"open","ping_status":"closed","sticky":false,"template":"","format":"standard","meta":{"footnotes":""},"categories":[138],"tags":[],"class_list":["post-248437","post","type-post","status-publish","format-standard","has-post-thumbnail","hentry","category-botafogo"],"yoast_head":"<!-- This site is optimized with the Yoast SEO Premium plugin v24.2 (Yoast SEO v26.9) - https:\/\/yoast.com\/product\/yoast-seo-premium-wordpress\/ -->\n<title>Renato Paiva \u00e9 sincero sobre derrota do Botafogo: &quot;N\u00e3o estou t\u00e3o de acordo...&quot;<\/title>\n<meta name=\"robots\" content=\"index, follow, max-snippet:-1, max-image-preview:large, max-video-preview:-1\" \/>\n<link rel=\"canonical\" href=\"https:\/\/www.gaveanews.com\/index.php\/2025\/04\/03\/renato-paiva-e-sincero-sobre-derrota-do-botafogo-nao-estou-tao-de-acordo\/\" \/>\n<meta property=\"og:locale\" content=\"pt_BR\" \/>\n<meta property=\"og:type\" content=\"article\" \/>\n<meta property=\"og:title\" content=\"Renato Paiva \u00e9 sincero sobre derrota do Botafogo: &quot;N\u00e3o estou t\u00e3o de acordo...&quot;\" \/>\n<meta property=\"og:description\" content=\"O Botafogo estreou na Libertadores com o p\u00e9 esquerdo. A derrota por 1 a 0 para a Universidad de Chile, em Santiago, exp\u00f4s dificuldades do time, especialmente no segundo tempo.&nbsp; Ap\u00f3s o jogo, o t\u00e9cnico Renato Paiva n\u00e3o escondeu a insatisfa\u00e7\u00e3o com o desempenho, mas discordou de algumas an\u00e1lises. Sendo assim, o treinador apontou fatores [&hellip;]\" \/>\n<meta property=\"og:url\" content=\"https:\/\/www.gaveanews.com\/index.php\/2025\/04\/03\/renato-paiva-e-sincero-sobre-derrota-do-botafogo-nao-estou-tao-de-acordo\/\" \/>\n<meta property=\"og:site_name\" content=\"G\u00e1vea News\" \/>\n<meta property=\"article:publisher\" content=\"https:\/\/facebook.com\/gaveaNews\/\" \/>\n<meta property=\"article:published_time\" content=\"2025-04-03T18:05:00+00:00\" \/>\n<meta property=\"og:image\" content=\"https:\/\/www.gaveanews.com\/wp-content\/uploads\/Renato-Paiva-pelo-Botafogo.webp\" \/>\n\t<meta property=\"og:image:width\" content=\"988\" \/>\n\t<meta property=\"og:image:height\" content=\"615\" \/>\n\t<meta property=\"og:image:type\" content=\"image\/jpeg\" \/>\n<meta name=\"author\" content=\"Rafaela Ladeira\" \/>\n<meta name=\"twitter:card\" content=\"summary_large_image\" \/>\n<meta name=\"twitter:label1\" content=\"Escrito por\" \/>\n\t<meta name=\"twitter:data1\" content=\"Rafaela Ladeira\" \/>\n\t<meta name=\"twitter:label2\" content=\"Est. tempo de leitura\" \/>\n\t<meta name=\"twitter:data2\" content=\"3 minutos\" \/>\n<script type=\"application\/ld+json\" class=\"yoast-schema-graph\">{\"@context\":\"https:\/\/schema.org\",\"@graph\":[{\"@type\":\"NewsArticle\",\"@id\":\"https:\/\/www.gaveanews.com\/index.php\/2025\/04\/03\/renato-paiva-e-sincero-sobre-derrota-do-botafogo-nao-estou-tao-de-acordo\/#article\",\"isPartOf\":{\"@id\":\"https:\/\/www.gaveanews.com\/index.php\/2025\/04\/03\/renato-paiva-e-sincero-sobre-derrota-do-botafogo-nao-estou-tao-de-acordo\/\"},\"author\":{\"name\":\"Rafaela Ladeira\",\"@id\":\"https:\/\/www.gaveanews.com\/#\/schema\/person\/0eb3e3fe1754f0205218538adbe8f5ed\"},\"headline\":\"Renato Paiva \u00e9 sincero sobre derrota do Botafogo: &#8220;N\u00e3o estou t\u00e3o de acordo&#8230;&#8221;\",\"datePublished\":\"2025-04-03T18:05:00+00:00\",\"mainEntityOfPage\":{\"@id\":\"https:\/\/www.gaveanews.com\/index.php\/2025\/04\/03\/renato-paiva-e-sincero-sobre-derrota-do-botafogo-nao-estou-tao-de-acordo\/\"},\"wordCount\":400,\"commentCount\":0,\"image\":{\"@id\":\"https:\/\/www.gaveanews.com\/index.php\/2025\/04\/03\/renato-paiva-e-sincero-sobre-derrota-do-botafogo-nao-estou-tao-de-acordo\/#primaryimage\"},\"thumbnailUrl\":\"https:\/\/www.gaveanews.com\/wp-content\/uploads\/Renato-Paiva-pelo-Botafogo.webp\",\"articleSection\":[\"Botafogo\"],\"inLanguage\":\"pt-BR\",\"potentialAction\":[{\"@type\":\"CommentAction\",\"name\":\"Comment\",\"target\":[\"https:\/\/www.gaveanews.com\/index.php\/2025\/04\/03\/renato-paiva-e-sincero-sobre-derrota-do-botafogo-nao-estou-tao-de-acordo\/#respond\"]}],\"copyrightYear\":\"2025\",\"copyrightHolder\":{\"@id\":\"https:\/\/www.gaveanews.com\/#organization\"}},{\"@type\":\"WebPage\",\"@id\":\"https:\/\/www.gaveanews.com\/index.php\/2025\/04\/03\/renato-paiva-e-sincero-sobre-derrota-do-botafogo-nao-estou-tao-de-acordo\/\",\"url\":\"https:\/\/www.gaveanews.com\/index.php\/2025\/04\/03\/renato-paiva-e-sincero-sobre-derrota-do-botafogo-nao-estou-tao-de-acordo\/\",\"name\":\"Renato Paiva \u00e9 sincero sobre derrota do Botafogo: \\\"N\u00e3o estou t\u00e3o de acordo...\\\"\",\"isPartOf\":{\"@id\":\"https:\/\/www.gaveanews.com\/#website\"},\"primaryImageOfPage\":{\"@id\":\"https:\/\/www.gaveanews.com\/index.php\/2025\/04\/03\/renato-paiva-e-sincero-sobre-derrota-do-botafogo-nao-estou-tao-de-acordo\/#primaryimage\"},\"image\":{\"@id\":\"https:\/\/www.gaveanews.com\/index.php\/2025\/04\/03\/renato-paiva-e-sincero-sobre-derrota-do-botafogo-nao-estou-tao-de-acordo\/#primaryimage\"},\"thumbnailUrl\":\"https:\/\/www.gaveanews.com\/wp-content\/uploads\/Renato-Paiva-pelo-Botafogo.webp\",\"datePublished\":\"2025-04-03T18:05:00+00:00\",\"author\":{\"@id\":\"https:\/\/www.gaveanews.com\/#\/schema\/person\/0eb3e3fe1754f0205218538adbe8f5ed\"},\"breadcrumb\":{\"@id\":\"https:\/\/www.gaveanews.com\/index.php\/2025\/04\/03\/renato-paiva-e-sincero-sobre-derrota-do-botafogo-nao-estou-tao-de-acordo\/#breadcrumb\"},\"inLanguage\":\"pt-BR\",\"potentialAction\":[{\"@type\":\"ReadAction\",\"target\":[\"https:\/\/www.gaveanews.com\/index.php\/2025\/04\/03\/renato-paiva-e-sincero-sobre-derrota-do-botafogo-nao-estou-tao-de-acordo\/\"]}]},{\"@type\":\"ImageObject\",\"inLanguage\":\"pt-BR\",\"@id\":\"https:\/\/www.gaveanews.com\/index.php\/2025\/04\/03\/renato-paiva-e-sincero-sobre-derrota-do-botafogo-nao-estou-tao-de-acordo\/#primaryimage\",\"url\":\"https:\/\/www.gaveanews.com\/wp-content\/uploads\/Renato-Paiva-pelo-Botafogo.webp\",\"contentUrl\":\"https:\/\/www.gaveanews.com\/wp-content\/uploads\/Renato-Paiva-pelo-Botafogo.webp\",\"width\":988,\"height\":615,\"caption\":\"Renato Paiva pelo Botafogo (Foto: Vitor Silva\/Botafogo)\"},{\"@type\":\"BreadcrumbList\",\"@id\":\"https:\/\/www.gaveanews.com\/index.php\/2025\/04\/03\/renato-paiva-e-sincero-sobre-derrota-do-botafogo-nao-estou-tao-de-acordo\/#breadcrumb\",\"itemListElement\":[{\"@type\":\"ListItem\",\"position\":1,\"name\":\"Home\",\"item\":\"https:\/\/www.gaveanews.com\/\"},{\"@type\":\"ListItem\",\"position\":2,\"name\":\"Renato Paiva \u00e9 sincero sobre derrota do Botafogo: &#8220;N\u00e3o estou t\u00e3o de acordo&#8230;&#8221;\"}]},{\"@type\":\"WebSite\",\"@id\":\"https:\/\/www.gaveanews.com\/#website\",\"url\":\"https:\/\/www.gaveanews.com\/\",\"name\":\"G\u00e1vea News\",\"description\":\"Veja todas as not\u00edcias sobre o Flamengo: Contrata\u00e7\u00f5es, categorias de base, resultados das partidas, tabela de classifica\u00e7\u00e3o, pr\u00f3ximos jogos!\",\"potentialAction\":[{\"@type\":\"SearchAction\",\"target\":{\"@type\":\"EntryPoint\",\"urlTemplate\":\"https:\/\/www.gaveanews.com\/?s={search_term_string}\"},\"query-input\":{\"@type\":\"PropertyValueSpecification\",\"valueRequired\":true,\"valueName\":\"search_term_string\"}}],\"inLanguage\":\"pt-BR\"},{\"@type\":\"Person\",\"@id\":\"https:\/\/www.gaveanews.com\/#\/schema\/person\/0eb3e3fe1754f0205218538adbe8f5ed\",\"name\":\"Rafaela Ladeira\",\"image\":{\"@type\":\"ImageObject\",\"inLanguage\":\"pt-BR\",\"@id\":\"https:\/\/www.gaveanews.com\/#\/schema\/person\/image\/\",\"url\":\"https:\/\/secure.gravatar.com\/avatar\/c31f513acffd85eacab5730cbdfdbbf59f21ba5aeada8cd890acea879fbb2455?s=96&d=mm&r=g\",\"contentUrl\":\"https:\/\/secure.gravatar.com\/avatar\/c31f513acffd85eacab5730cbdfdbbf59f21ba5aeada8cd890acea879fbb2455?s=96&d=mm&r=g\",\"caption\":\"Rafaela Ladeira\"}}]}<\/script>\n<!-- \/ Yoast SEO Premium plugin. -->","yoast_head_json":{"title":"Renato Paiva \u00e9 sincero sobre derrota do Botafogo: \"N\u00e3o estou t\u00e3o de acordo...\"","robots":{"index":"index","follow":"follow","max-snippet":"max-snippet:-1","max-image-preview":"max-image-preview:large","max-video-preview":"max-video-preview:-1"},"canonical":"https:\/\/www.gaveanews.com\/index.php\/2025\/04\/03\/renato-paiva-e-sincero-sobre-derrota-do-botafogo-nao-estou-tao-de-acordo\/","og_locale":"pt_BR","og_type":"article","og_title":"Renato Paiva \u00e9 sincero sobre derrota do Botafogo: \"N\u00e3o estou t\u00e3o de acordo...\"","og_description":"O Botafogo estreou na Libertadores com o p\u00e9 esquerdo. A derrota por 1 a 0 para a Universidad de Chile, em Santiago, exp\u00f4s dificuldades do time, especialmente no segundo tempo.&nbsp; Ap\u00f3s o jogo, o t\u00e9cnico Renato Paiva n\u00e3o escondeu a insatisfa\u00e7\u00e3o com o desempenho, mas discordou de algumas an\u00e1lises. Sendo assim, o treinador apontou fatores [&hellip;]","og_url":"https:\/\/www.gaveanews.com\/index.php\/2025\/04\/03\/renato-paiva-e-sincero-sobre-derrota-do-botafogo-nao-estou-tao-de-acordo\/","og_site_name":"G\u00e1vea News","article_publisher":"https:\/\/facebook.com\/gaveaNews\/","article_published_time":"2025-04-03T18:05:00+00:00","og_image":[{"width":988,"height":615,"url":"https:\/\/www.gaveanews.com\/wp-content\/uploads\/Renato-Paiva-pelo-Botafogo.webp","type":"image\/jpeg"}],"author":"Rafaela Ladeira","twitter_card":"summary_large_image","twitter_misc":{"Escrito por":"Rafaela Ladeira","Est. tempo de leitura":"3 minutos"},"schema":{"@context":"https:\/\/schema.org","@graph":[{"@type":"NewsArticle","@id":"https:\/\/www.gaveanews.com\/index.php\/2025\/04\/03\/renato-paiva-e-sincero-sobre-derrota-do-botafogo-nao-estou-tao-de-acordo\/#article","isPartOf":{"@id":"https:\/\/www.gaveanews.com\/index.php\/2025\/04\/03\/renato-paiva-e-sincero-sobre-derrota-do-botafogo-nao-estou-tao-de-acordo\/"},"author":{"name":"Rafaela Ladeira","@id":"https:\/\/www.gaveanews.com\/#\/schema\/person\/0eb3e3fe1754f0205218538adbe8f5ed"},"headline":"Renato Paiva \u00e9 sincero sobre derrota do Botafogo: &#8220;N\u00e3o estou t\u00e3o de acordo&#8230;&#8221;","datePublished":"2025-04-03T18:05:00+00:00","mainEntityOfPage":{"@id":"https:\/\/www.gaveanews.com\/index.php\/2025\/04\/03\/renato-paiva-e-sincero-sobre-derrota-do-botafogo-nao-estou-tao-de-acordo\/"},"wordCount":400,"commentCount":0,"image":{"@id":"https:\/\/www.gaveanews.com\/index.php\/2025\/04\/03\/renato-paiva-e-sincero-sobre-derrota-do-botafogo-nao-estou-tao-de-acordo\/#primaryimage"},"thumbnailUrl":"https:\/\/www.gaveanews.com\/wp-content\/uploads\/Renato-Paiva-pelo-Botafogo.webp","articleSection":["Botafogo"],"inLanguage":"pt-BR","potentialAction":[{"@type":"CommentAction","name":"Comment","target":["https:\/\/www.gaveanews.com\/index.php\/2025\/04\/03\/renato-paiva-e-sincero-sobre-derrota-do-botafogo-nao-estou-tao-de-acordo\/#respond"]}],"copyrightYear":"2025","copyrightHolder":{"@id":"https:\/\/www.gaveanews.com\/#organization"}},{"@type":"WebPage","@id":"https:\/\/www.gaveanews.com\/index.php\/2025\/04\/03\/renato-paiva-e-sincero-sobre-derrota-do-botafogo-nao-estou-tao-de-acordo\/","url":"https:\/\/www.gaveanews.com\/index.php\/2025\/04\/03\/renato-paiva-e-sincero-sobre-derrota-do-botafogo-nao-estou-tao-de-acordo\/","name":"Renato Paiva \u00e9 sincero sobre derrota do Botafogo: \"N\u00e3o estou t\u00e3o de acordo...\"","isPartOf":{"@id":"https:\/\/www.gaveanews.com\/#website"},"primaryImageOfPage":{"@id":"https:\/\/www.gaveanews.com\/index.php\/2025\/04\/03\/renato-paiva-e-sincero-sobre-derrota-do-botafogo-nao-estou-tao-de-acordo\/#primaryimage"},"image":{"@id":"https:\/\/www.gaveanews.com\/index.php\/2025\/04\/03\/renato-paiva-e-sincero-sobre-derrota-do-botafogo-nao-estou-tao-de-acordo\/#primaryimage"},"thumbnailUrl":"https:\/\/www.gaveanews.com\/wp-content\/uploads\/Renato-Paiva-pelo-Botafogo.webp","datePublished":"2025-04-03T18:05:00+00:00","author":{"@id":"https:\/\/www.gaveanews.com\/#\/schema\/person\/0eb3e3fe1754f0205218538adbe8f5ed"},"breadcrumb":{"@id":"https:\/\/www.gaveanews.com\/index.php\/2025\/04\/03\/renato-paiva-e-sincero-sobre-derrota-do-botafogo-nao-estou-tao-de-acordo\/#breadcrumb"},"inLanguage":"pt-BR","potentialAction":[{"@type":"ReadAction","target":["https:\/\/www.gaveanews.com\/index.php\/2025\/04\/03\/renato-paiva-e-sincero-sobre-derrota-do-botafogo-nao-estou-tao-de-acordo\/"]}]},{"@type":"ImageObject","inLanguage":"pt-BR","@id":"https:\/\/www.gaveanews.com\/index.php\/2025\/04\/03\/renato-paiva-e-sincero-sobre-derrota-do-botafogo-nao-estou-tao-de-acordo\/#primaryimage","url":"https:\/\/www.gaveanews.com\/wp-content\/uploads\/Renato-Paiva-pelo-Botafogo.webp","contentUrl":"https:\/\/www.gaveanews.com\/wp-content\/uploads\/Renato-Paiva-pelo-Botafogo.webp","width":988,"height":615,"caption":"Renato Paiva pelo Botafogo (Foto: Vitor Silva\/Botafogo)"},{"@type":"BreadcrumbList","@id":"https:\/\/www.gaveanews.com\/index.php\/2025\/04\/03\/renato-paiva-e-sincero-sobre-derrota-do-botafogo-nao-estou-tao-de-acordo\/#breadcrumb","itemListElement":[{"@type":"ListItem","position":1,"name":"Home","item":"https:\/\/www.gaveanews.com\/"},{"@type":"ListItem","position":2,"name":"Renato Paiva \u00e9 sincero sobre derrota do Botafogo: &#8220;N\u00e3o estou t\u00e3o de acordo&#8230;&#8221;"}]},{"@type":"WebSite","@id":"https:\/\/www.gaveanews.com\/#website","url":"https:\/\/www.gaveanews.com\/","name":"G\u00e1vea News","description":"Veja todas as not\u00edcias sobre o Flamengo: Contrata\u00e7\u00f5es, categorias de base, resultados das partidas, tabela de classifica\u00e7\u00e3o, pr\u00f3ximos jogos!","potentialAction":[{"@type":"SearchAction","target":{"@type":"EntryPoint","urlTemplate":"https:\/\/www.gaveanews.com\/?s={search_term_string}"},"query-input":{"@type":"PropertyValueSpecification","valueRequired":true,"valueName":"search_term_string"}}],"inLanguage":"pt-BR"},{"@type":"Person","@id":"https:\/\/www.gaveanews.com\/#\/schema\/person\/0eb3e3fe1754f0205218538adbe8f5ed","name":"Rafaela Ladeira","image":{"@type":"ImageObject","inLanguage":"pt-BR","@id":"https:\/\/www.gaveanews.com\/#\/schema\/person\/image\/","url":"https:\/\/secure.gravatar.com\/avatar\/c31f513acffd85eacab5730cbdfdbbf59f21ba5aeada8cd890acea879fbb2455?s=96&d=mm&r=g","contentUrl":"https:\/\/secure.gravatar.com\/avatar\/c31f513acffd85eacab5730cbdfdbbf59f21ba5aeada8cd890acea879fbb2455?s=96&d=mm&r=g","caption":"Rafaela Ladeira"}}]}},"_links":{"self":[{"href":"https:\/\/www.gaveanews.com\/index.php\/wp-json\/wp\/v2\/posts\/248437","targetHints":{"allow":["GET"]}}],"collection":[{"href":"https:\/\/www.gaveanews.com\/index.php\/wp-json\/wp\/v2\/posts"}],"about":[{"href":"https:\/\/www.gaveanews.com\/index.php\/wp-json\/wp\/v2\/types\/post"}],"author":[{"embeddable":true,"href":"https:\/\/www.gaveanews.com\/index.php\/wp-json\/wp\/v2\/users\/25"}],"replies":[{"embeddable":true,"href":"https:\/\/www.gaveanews.com\/index.php\/wp-json\/wp\/v2\/comments?post=248437"}],"version-history":[{"count":1,"href":"https:\/\/www.gaveanews.com\/index.php\/wp-json\/wp\/v2\/posts\/248437\/revisions"}],"predecessor-version":[{"id":248438,"href":"https:\/\/www.gaveanews.com\/index.php\/wp-json\/wp\/v2\/posts\/248437\/revisions\/248438"}],"wp:featuredmedia":[{"embeddable":true,"href":"https:\/\/www.gaveanews.com\/index.php\/wp-json\/wp\/v2\/media\/243531"}],"wp:attachment":[{"href":"https:\/\/www.gaveanews.com\/index.php\/wp-json\/wp\/v2\/media?parent=248437"}],"wp:term":[{"taxonomy":"category","embeddable":true,"href":"https:\/\/www.gaveanews.com\/index.php\/wp-json\/wp\/v2\/categories?post=248437"},{"taxonomy":"post_tag","embeddable":true,"href":"https:\/\/www.gaveanews.com\/index.php\/wp-json\/wp\/v2\/tags?post=248437"}],"curies":[{"name":"wp","href":"https:\/\/api.w.org\/{rel}","templated":true}]}}