{"id":248525,"date":"2025-04-03T18:00:00","date_gmt":"2025-04-03T21:00:00","guid":{"rendered":"https:\/\/www.gaveanews.com\/?p=248525"},"modified":"2025-04-03T16:20:21","modified_gmt":"2025-04-03T19:20:21","slug":"corinthians-augusto-melo-e-intimado-pela-policia","status":"publish","type":"post","link":"https:\/\/www.gaveanews.com\/index.php\/2025\/04\/03\/corinthians-augusto-melo-e-intimado-pela-policia\/","title":{"rendered":"Corinthians: Augusto Melo \u00e9 intimado pela Pol\u00edcia"},"content":{"rendered":"\n<p>A Pol\u00edcia Civil intimou o presidente do Corinthians, Augusto Melo, al\u00e9m de dois ex-dirigentes do clube, para prestarem depoimento no inqu\u00e9rito que apura suspeitas de irregularidades no contrato firmado com a casa de apostas Vai de Bet. Conforme a investiga\u00e7\u00e3o, os depoimentos ocorrer\u00e3o entre os dias 14 e 16 de abril (hor\u00e1rio de Bras\u00edlia), com todos os envolvidos na condi\u00e7\u00e3o de investigados.<\/p>\n\n\n\n<p>Marcelo Mariano, que ocupava o cargo de diretor administrativo, ser\u00e1 o primeiro a comparecer \u00e0s autoridades, seguido por S\u00e9rgio Moura, ex-superintendente de marketing. Por fim, Augusto Melo prestar\u00e1 depoimento no terceiro dia. Esta ser\u00e1 a primeira vez que o atual mandat\u00e1rio do Corinthians ser\u00e1 ouvido oficialmente no caso.<\/p>\n\n\n\n<figure class=\"wp-block-image size-large\"><img loading=\"lazy\" decoding=\"async\" width=\"1024\" height=\"683\" src=\"http:\/\/www.gaveanews.com\/wp-content\/uploads\/Bandeira-do-Corinthians-1024x683.webp\" alt=\"\" class=\"wp-image-146952\" srcset=\"https:\/\/www.gaveanews.com\/wp-content\/uploads\/Bandeira-do-Corinthians-1024x683.webp 1024w, https:\/\/www.gaveanews.com\/wp-content\/uploads\/Bandeira-do-Corinthians-300x200.webp 300w, https:\/\/www.gaveanews.com\/wp-content\/uploads\/Bandeira-do-Corinthians-768x512.webp 768w, https:\/\/www.gaveanews.com\/wp-content\/uploads\/Bandeira-do-Corinthians-630x420.webp 630w, https:\/\/www.gaveanews.com\/wp-content\/uploads\/Bandeira-do-Corinthians-640x427.webp 640w, https:\/\/www.gaveanews.com\/wp-content\/uploads\/Bandeira-do-Corinthians-681x454.webp 681w, https:\/\/www.gaveanews.com\/wp-content\/uploads\/Bandeira-do-Corinthians-100x67.webp 100w, https:\/\/www.gaveanews.com\/wp-content\/uploads\/Bandeira-do-Corinthians.webp 1048w\" sizes=\"auto, (max-width: 1024px) 100vw, 1024px\" \/><figcaption class=\"wp-element-caption\">Bandeira do Corinthians (Foto Reprodu\u00e7\u00e3o\/Instagram)<\/figcaption><\/figure>\n\n\n\n<p>O contrato entre o clube paulista e a Vai de Bet foi firmado em janeiro do ano passado e previa a exposi\u00e7\u00e3o da marca por tr\u00eas temporadas, em um acordo avaliado em R$ 370 milh\u00f5es. Contudo, em junho, a empresa decidiu pela rescis\u00e3o unilateral do v\u00ednculo, ap\u00f3s den\u00fancias de poss\u00edveis repasses indevidos para empresas &#8220;laranjas&#8221;.<\/p>\n\n\n\n<p>De acordo com informa\u00e7\u00f5es levantadas durante as investiga\u00e7\u00f5es, Alex Fernando Andr\u00e9, conhecido como Alex Cassund\u00e9, foi apontado como um dos intermedi\u00e1rios da negocia\u00e7\u00e3o. Empres\u00e1rio \u00e0 frente da Rede Social Media Design, ele relatou \u00e0s autoridades que encontrou a casa de apostas por meio do ChatGPT. A suspeita \u00e9 de que sua empresa tenha direcionado parte das comiss\u00f5es a uma firma registrada no nome de Edna Oliveira dos Santos, moradora de Peru\u00edbe (SP), sem v\u00ednculo com o setor.<\/p>\n\n\n\n<p>Por outro lado, Jos\u00e9 Andr\u00e9 da Rocha Neto, propriet\u00e1rio da Vai de Bet, apresentou vers\u00e3o diferente. Ele declarou ter procurado diretamente o Corinthians, ao saber que o clube buscava um novo patrocinador m\u00e1ster no fim de 2023. Para viabilizar o contato, teria contado com o aux\u00edlio do empres\u00e1rio Ant\u00f4nio Pereira dos Santos, o Toninho, e de seu funcion\u00e1rio, Sandro dos Santos Ribeiro, ambos tamb\u00e9m citados como intermediadores.<\/p>\n\n\n\n<p>Com a rescis\u00e3o, o Corinthians tratou de buscar um novo parceiro para estampar sua camisa. Ainda no mesmo ano, o clube firmou acordo com a Esportes da Sorte, que atualmente ocupa o espa\u00e7o anteriormente destinado \u00e0 Vai de Bet. At\u00e9 o momento, o clube n\u00e3o se pronunciou oficialmente sobre as intima\u00e7\u00f5es.<\/p>\n","protected":false},"excerpt":{"rendered":"<p>A Pol\u00edcia Civil intimou o presidente do Corinthians, Augusto Melo, al\u00e9m de dois ex-dirigentes do clube, para prestarem depoimento no inqu\u00e9rito que apura suspeitas de irregularidades no contrato firmado com a casa de apostas Vai de Bet. Conforme a investiga\u00e7\u00e3o, os depoimentos ocorrer\u00e3o entre os dias 14 e 16 de abril (hor\u00e1rio de Bras\u00edlia), com [&hellip;]<\/p>\n","protected":false},"author":33,"featured_media":145590,"comment_status":"open","ping_status":"closed","sticky":false,"template":"","format":"standard","meta":{"footnotes":""},"categories":[141],"tags":[],"class_list":["post-248525","post","type-post","status-publish","format-standard","has-post-thumbnail","hentry","category-corinthians"],"yoast_head":"<!-- This site is optimized with the Yoast SEO Premium plugin v24.2 (Yoast SEO v26.9) - https:\/\/yoast.com\/product\/yoast-seo-premium-wordpress\/ -->\n<title>Corinthians: Augusto Melo \u00e9 intimado pela Pol\u00edcia<\/title>\n<meta name=\"robots\" content=\"index, follow, max-snippet:-1, max-image-preview:large, max-video-preview:-1\" \/>\n<link rel=\"canonical\" href=\"https:\/\/www.gaveanews.com\/index.php\/2025\/04\/03\/corinthians-augusto-melo-e-intimado-pela-policia\/\" \/>\n<meta property=\"og:locale\" content=\"pt_BR\" \/>\n<meta property=\"og:type\" content=\"article\" \/>\n<meta property=\"og:title\" content=\"Corinthians: Augusto Melo \u00e9 intimado pela Pol\u00edcia\" \/>\n<meta property=\"og:description\" content=\"A Pol\u00edcia Civil intimou o presidente do Corinthians, Augusto Melo, al\u00e9m de dois ex-dirigentes do clube, para prestarem depoimento no inqu\u00e9rito que apura suspeitas de irregularidades no contrato firmado com a casa de apostas Vai de Bet. Conforme a investiga\u00e7\u00e3o, os depoimentos ocorrer\u00e3o entre os dias 14 e 16 de abril (hor\u00e1rio de Bras\u00edlia), com [&hellip;]\" \/>\n<meta property=\"og:url\" content=\"https:\/\/www.gaveanews.com\/index.php\/2025\/04\/03\/corinthians-augusto-melo-e-intimado-pela-policia\/\" \/>\n<meta property=\"og:site_name\" content=\"G\u00e1vea News\" \/>\n<meta property=\"article:publisher\" content=\"https:\/\/facebook.com\/gaveaNews\/\" \/>\n<meta property=\"article:published_time\" content=\"2025-04-03T21:00:00+00:00\" \/>\n<meta property=\"og:image\" content=\"https:\/\/www.gaveanews.com\/wp-content\/uploads\/Augusto-Melo-durante-coletiva-de-imprensa-do-Corinthians.webp\" \/>\n\t<meta property=\"og:image:width\" content=\"1920\" \/>\n\t<meta property=\"og:image:height\" content=\"1080\" \/>\n\t<meta property=\"og:image:type\" content=\"image\/jpeg\" \/>\n<meta name=\"author\" content=\"Brenda Cezillo\" \/>\n<meta name=\"twitter:card\" content=\"summary_large_image\" \/>\n<meta name=\"twitter:label1\" content=\"Escrito por\" \/>\n\t<meta name=\"twitter:data1\" content=\"Brenda Cezillo\" \/>\n\t<meta name=\"twitter:label2\" content=\"Est. tempo de leitura\" \/>\n\t<meta name=\"twitter:data2\" content=\"3 minutos\" \/>\n<script type=\"application\/ld+json\" class=\"yoast-schema-graph\">{\"@context\":\"https:\/\/schema.org\",\"@graph\":[{\"@type\":\"NewsArticle\",\"@id\":\"https:\/\/www.gaveanews.com\/index.php\/2025\/04\/03\/corinthians-augusto-melo-e-intimado-pela-policia\/#article\",\"isPartOf\":{\"@id\":\"https:\/\/www.gaveanews.com\/index.php\/2025\/04\/03\/corinthians-augusto-melo-e-intimado-pela-policia\/\"},\"author\":{\"name\":\"Brenda Cezillo\",\"@id\":\"https:\/\/www.gaveanews.com\/#\/schema\/person\/c79759ca337c40791ae8d08e2923d403\"},\"headline\":\"Corinthians: Augusto Melo \u00e9 intimado pela Pol\u00edcia\",\"datePublished\":\"2025-04-03T21:00:00+00:00\",\"mainEntityOfPage\":{\"@id\":\"https:\/\/www.gaveanews.com\/index.php\/2025\/04\/03\/corinthians-augusto-melo-e-intimado-pela-policia\/\"},\"wordCount\":405,\"commentCount\":0,\"image\":{\"@id\":\"https:\/\/www.gaveanews.com\/index.php\/2025\/04\/03\/corinthians-augusto-melo-e-intimado-pela-policia\/#primaryimage\"},\"thumbnailUrl\":\"https:\/\/www.gaveanews.com\/wp-content\/uploads\/Augusto-Melo-durante-coletiva-de-imprensa-do-Corinthians.webp\",\"articleSection\":[\"Corinthians\"],\"inLanguage\":\"pt-BR\",\"potentialAction\":[{\"@type\":\"CommentAction\",\"name\":\"Comment\",\"target\":[\"https:\/\/www.gaveanews.com\/index.php\/2025\/04\/03\/corinthians-augusto-melo-e-intimado-pela-policia\/#respond\"]}],\"copyrightYear\":\"2025\",\"copyrightHolder\":{\"@id\":\"https:\/\/www.gaveanews.com\/#organization\"}},{\"@type\":\"WebPage\",\"@id\":\"https:\/\/www.gaveanews.com\/index.php\/2025\/04\/03\/corinthians-augusto-melo-e-intimado-pela-policia\/\",\"url\":\"https:\/\/www.gaveanews.com\/index.php\/2025\/04\/03\/corinthians-augusto-melo-e-intimado-pela-policia\/\",\"name\":\"Corinthians: Augusto Melo \u00e9 intimado pela Pol\u00edcia\",\"isPartOf\":{\"@id\":\"https:\/\/www.gaveanews.com\/#website\"},\"primaryImageOfPage\":{\"@id\":\"https:\/\/www.gaveanews.com\/index.php\/2025\/04\/03\/corinthians-augusto-melo-e-intimado-pela-policia\/#primaryimage\"},\"image\":{\"@id\":\"https:\/\/www.gaveanews.com\/index.php\/2025\/04\/03\/corinthians-augusto-melo-e-intimado-pela-policia\/#primaryimage\"},\"thumbnailUrl\":\"https:\/\/www.gaveanews.com\/wp-content\/uploads\/Augusto-Melo-durante-coletiva-de-imprensa-do-Corinthians.webp\",\"datePublished\":\"2025-04-03T21:00:00+00:00\",\"author\":{\"@id\":\"https:\/\/www.gaveanews.com\/#\/schema\/person\/c79759ca337c40791ae8d08e2923d403\"},\"breadcrumb\":{\"@id\":\"https:\/\/www.gaveanews.com\/index.php\/2025\/04\/03\/corinthians-augusto-melo-e-intimado-pela-policia\/#breadcrumb\"},\"inLanguage\":\"pt-BR\",\"potentialAction\":[{\"@type\":\"ReadAction\",\"target\":[\"https:\/\/www.gaveanews.com\/index.php\/2025\/04\/03\/corinthians-augusto-melo-e-intimado-pela-policia\/\"]}]},{\"@type\":\"ImageObject\",\"inLanguage\":\"pt-BR\",\"@id\":\"https:\/\/www.gaveanews.com\/index.php\/2025\/04\/03\/corinthians-augusto-melo-e-intimado-pela-policia\/#primaryimage\",\"url\":\"https:\/\/www.gaveanews.com\/wp-content\/uploads\/Augusto-Melo-durante-coletiva-de-imprensa-do-Corinthians.webp\",\"contentUrl\":\"https:\/\/www.gaveanews.com\/wp-content\/uploads\/Augusto-Melo-durante-coletiva-de-imprensa-do-Corinthians.webp\",\"width\":1920,\"height\":1080,\"caption\":\"Augusto Melo durante coletiva de imprensa do Corinthians (Foto: Rodrigo Coca\/ Corinthians)\"},{\"@type\":\"BreadcrumbList\",\"@id\":\"https:\/\/www.gaveanews.com\/index.php\/2025\/04\/03\/corinthians-augusto-melo-e-intimado-pela-policia\/#breadcrumb\",\"itemListElement\":[{\"@type\":\"ListItem\",\"position\":1,\"name\":\"Home\",\"item\":\"https:\/\/www.gaveanews.com\/\"},{\"@type\":\"ListItem\",\"position\":2,\"name\":\"Corinthians: Augusto Melo \u00e9 intimado pela Pol\u00edcia\"}]},{\"@type\":\"WebSite\",\"@id\":\"https:\/\/www.gaveanews.com\/#website\",\"url\":\"https:\/\/www.gaveanews.com\/\",\"name\":\"G\u00e1vea News\",\"description\":\"Veja todas as not\u00edcias sobre o Flamengo: Contrata\u00e7\u00f5es, categorias de base, resultados das partidas, tabela de classifica\u00e7\u00e3o, pr\u00f3ximos jogos!\",\"potentialAction\":[{\"@type\":\"SearchAction\",\"target\":{\"@type\":\"EntryPoint\",\"urlTemplate\":\"https:\/\/www.gaveanews.com\/?s={search_term_string}\"},\"query-input\":{\"@type\":\"PropertyValueSpecification\",\"valueRequired\":true,\"valueName\":\"search_term_string\"}}],\"inLanguage\":\"pt-BR\"},{\"@type\":\"Person\",\"@id\":\"https:\/\/www.gaveanews.com\/#\/schema\/person\/c79759ca337c40791ae8d08e2923d403\",\"name\":\"Brenda Cezillo\",\"image\":{\"@type\":\"ImageObject\",\"inLanguage\":\"pt-BR\",\"@id\":\"https:\/\/www.gaveanews.com\/#\/schema\/person\/image\/\",\"url\":\"https:\/\/secure.gravatar.com\/avatar\/1738d75cee7317f9c29ae61dd67620c5883d80a92e42a6fff88ae5d527af217a?s=96&d=mm&r=g\",\"contentUrl\":\"https:\/\/secure.gravatar.com\/avatar\/1738d75cee7317f9c29ae61dd67620c5883d80a92e42a6fff88ae5d527af217a?s=96&d=mm&r=g\",\"caption\":\"Brenda Cezillo\"}}]}<\/script>\n<!-- \/ Yoast SEO Premium plugin. -->","yoast_head_json":{"title":"Corinthians: Augusto Melo \u00e9 intimado pela Pol\u00edcia","robots":{"index":"index","follow":"follow","max-snippet":"max-snippet:-1","max-image-preview":"max-image-preview:large","max-video-preview":"max-video-preview:-1"},"canonical":"https:\/\/www.gaveanews.com\/index.php\/2025\/04\/03\/corinthians-augusto-melo-e-intimado-pela-policia\/","og_locale":"pt_BR","og_type":"article","og_title":"Corinthians: Augusto Melo \u00e9 intimado pela Pol\u00edcia","og_description":"A Pol\u00edcia Civil intimou o presidente do Corinthians, Augusto Melo, al\u00e9m de dois ex-dirigentes do clube, para prestarem depoimento no inqu\u00e9rito que apura suspeitas de irregularidades no contrato firmado com a casa de apostas Vai de Bet. Conforme a investiga\u00e7\u00e3o, os depoimentos ocorrer\u00e3o entre os dias 14 e 16 de abril (hor\u00e1rio de Bras\u00edlia), com [&hellip;]","og_url":"https:\/\/www.gaveanews.com\/index.php\/2025\/04\/03\/corinthians-augusto-melo-e-intimado-pela-policia\/","og_site_name":"G\u00e1vea News","article_publisher":"https:\/\/facebook.com\/gaveaNews\/","article_published_time":"2025-04-03T21:00:00+00:00","og_image":[{"width":1920,"height":1080,"url":"https:\/\/www.gaveanews.com\/wp-content\/uploads\/Augusto-Melo-durante-coletiva-de-imprensa-do-Corinthians.webp","type":"image\/jpeg"}],"author":"Brenda Cezillo","twitter_card":"summary_large_image","twitter_misc":{"Escrito por":"Brenda Cezillo","Est. tempo de leitura":"3 minutos"},"schema":{"@context":"https:\/\/schema.org","@graph":[{"@type":"NewsArticle","@id":"https:\/\/www.gaveanews.com\/index.php\/2025\/04\/03\/corinthians-augusto-melo-e-intimado-pela-policia\/#article","isPartOf":{"@id":"https:\/\/www.gaveanews.com\/index.php\/2025\/04\/03\/corinthians-augusto-melo-e-intimado-pela-policia\/"},"author":{"name":"Brenda Cezillo","@id":"https:\/\/www.gaveanews.com\/#\/schema\/person\/c79759ca337c40791ae8d08e2923d403"},"headline":"Corinthians: Augusto Melo \u00e9 intimado pela Pol\u00edcia","datePublished":"2025-04-03T21:00:00+00:00","mainEntityOfPage":{"@id":"https:\/\/www.gaveanews.com\/index.php\/2025\/04\/03\/corinthians-augusto-melo-e-intimado-pela-policia\/"},"wordCount":405,"commentCount":0,"image":{"@id":"https:\/\/www.gaveanews.com\/index.php\/2025\/04\/03\/corinthians-augusto-melo-e-intimado-pela-policia\/#primaryimage"},"thumbnailUrl":"https:\/\/www.gaveanews.com\/wp-content\/uploads\/Augusto-Melo-durante-coletiva-de-imprensa-do-Corinthians.webp","articleSection":["Corinthians"],"inLanguage":"pt-BR","potentialAction":[{"@type":"CommentAction","name":"Comment","target":["https:\/\/www.gaveanews.com\/index.php\/2025\/04\/03\/corinthians-augusto-melo-e-intimado-pela-policia\/#respond"]}],"copyrightYear":"2025","copyrightHolder":{"@id":"https:\/\/www.gaveanews.com\/#organization"}},{"@type":"WebPage","@id":"https:\/\/www.gaveanews.com\/index.php\/2025\/04\/03\/corinthians-augusto-melo-e-intimado-pela-policia\/","url":"https:\/\/www.gaveanews.com\/index.php\/2025\/04\/03\/corinthians-augusto-melo-e-intimado-pela-policia\/","name":"Corinthians: Augusto Melo \u00e9 intimado pela Pol\u00edcia","isPartOf":{"@id":"https:\/\/www.gaveanews.com\/#website"},"primaryImageOfPage":{"@id":"https:\/\/www.gaveanews.com\/index.php\/2025\/04\/03\/corinthians-augusto-melo-e-intimado-pela-policia\/#primaryimage"},"image":{"@id":"https:\/\/www.gaveanews.com\/index.php\/2025\/04\/03\/corinthians-augusto-melo-e-intimado-pela-policia\/#primaryimage"},"thumbnailUrl":"https:\/\/www.gaveanews.com\/wp-content\/uploads\/Augusto-Melo-durante-coletiva-de-imprensa-do-Corinthians.webp","datePublished":"2025-04-03T21:00:00+00:00","author":{"@id":"https:\/\/www.gaveanews.com\/#\/schema\/person\/c79759ca337c40791ae8d08e2923d403"},"breadcrumb":{"@id":"https:\/\/www.gaveanews.com\/index.php\/2025\/04\/03\/corinthians-augusto-melo-e-intimado-pela-policia\/#breadcrumb"},"inLanguage":"pt-BR","potentialAction":[{"@type":"ReadAction","target":["https:\/\/www.gaveanews.com\/index.php\/2025\/04\/03\/corinthians-augusto-melo-e-intimado-pela-policia\/"]}]},{"@type":"ImageObject","inLanguage":"pt-BR","@id":"https:\/\/www.gaveanews.com\/index.php\/2025\/04\/03\/corinthians-augusto-melo-e-intimado-pela-policia\/#primaryimage","url":"https:\/\/www.gaveanews.com\/wp-content\/uploads\/Augusto-Melo-durante-coletiva-de-imprensa-do-Corinthians.webp","contentUrl":"https:\/\/www.gaveanews.com\/wp-content\/uploads\/Augusto-Melo-durante-coletiva-de-imprensa-do-Corinthians.webp","width":1920,"height":1080,"caption":"Augusto Melo durante coletiva de imprensa do Corinthians (Foto: Rodrigo Coca\/ Corinthians)"},{"@type":"BreadcrumbList","@id":"https:\/\/www.gaveanews.com\/index.php\/2025\/04\/03\/corinthians-augusto-melo-e-intimado-pela-policia\/#breadcrumb","itemListElement":[{"@type":"ListItem","position":1,"name":"Home","item":"https:\/\/www.gaveanews.com\/"},{"@type":"ListItem","position":2,"name":"Corinthians: Augusto Melo \u00e9 intimado pela Pol\u00edcia"}]},{"@type":"WebSite","@id":"https:\/\/www.gaveanews.com\/#website","url":"https:\/\/www.gaveanews.com\/","name":"G\u00e1vea News","description":"Veja todas as not\u00edcias sobre o Flamengo: Contrata\u00e7\u00f5es, categorias de base, resultados das partidas, tabela de classifica\u00e7\u00e3o, pr\u00f3ximos jogos!","potentialAction":[{"@type":"SearchAction","target":{"@type":"EntryPoint","urlTemplate":"https:\/\/www.gaveanews.com\/?s={search_term_string}"},"query-input":{"@type":"PropertyValueSpecification","valueRequired":true,"valueName":"search_term_string"}}],"inLanguage":"pt-BR"},{"@type":"Person","@id":"https:\/\/www.gaveanews.com\/#\/schema\/person\/c79759ca337c40791ae8d08e2923d403","name":"Brenda Cezillo","image":{"@type":"ImageObject","inLanguage":"pt-BR","@id":"https:\/\/www.gaveanews.com\/#\/schema\/person\/image\/","url":"https:\/\/secure.gravatar.com\/avatar\/1738d75cee7317f9c29ae61dd67620c5883d80a92e42a6fff88ae5d527af217a?s=96&d=mm&r=g","contentUrl":"https:\/\/secure.gravatar.com\/avatar\/1738d75cee7317f9c29ae61dd67620c5883d80a92e42a6fff88ae5d527af217a?s=96&d=mm&r=g","caption":"Brenda Cezillo"}}]}},"_links":{"self":[{"href":"https:\/\/www.gaveanews.com\/index.php\/wp-json\/wp\/v2\/posts\/248525","targetHints":{"allow":["GET"]}}],"collection":[{"href":"https:\/\/www.gaveanews.com\/index.php\/wp-json\/wp\/v2\/posts"}],"about":[{"href":"https:\/\/www.gaveanews.com\/index.php\/wp-json\/wp\/v2\/types\/post"}],"author":[{"embeddable":true,"href":"https:\/\/www.gaveanews.com\/index.php\/wp-json\/wp\/v2\/users\/33"}],"replies":[{"embeddable":true,"href":"https:\/\/www.gaveanews.com\/index.php\/wp-json\/wp\/v2\/comments?post=248525"}],"version-history":[{"count":1,"href":"https:\/\/www.gaveanews.com\/index.php\/wp-json\/wp\/v2\/posts\/248525\/revisions"}],"predecessor-version":[{"id":248531,"href":"https:\/\/www.gaveanews.com\/index.php\/wp-json\/wp\/v2\/posts\/248525\/revisions\/248531"}],"wp:featuredmedia":[{"embeddable":true,"href":"https:\/\/www.gaveanews.com\/index.php\/wp-json\/wp\/v2\/media\/145590"}],"wp:attachment":[{"href":"https:\/\/www.gaveanews.com\/index.php\/wp-json\/wp\/v2\/media?parent=248525"}],"wp:term":[{"taxonomy":"category","embeddable":true,"href":"https:\/\/www.gaveanews.com\/index.php\/wp-json\/wp\/v2\/categories?post=248525"},{"taxonomy":"post_tag","embeddable":true,"href":"https:\/\/www.gaveanews.com\/index.php\/wp-json\/wp\/v2\/tags?post=248525"}],"curies":[{"name":"wp","href":"https:\/\/api.w.org\/{rel}","templated":true}]}}