{"id":248603,"date":"2025-04-03T20:30:00","date_gmt":"2025-04-03T23:30:00","guid":{"rendered":"https:\/\/www.gaveanews.com\/?p=248603"},"modified":"2025-04-03T17:48:08","modified_gmt":"2025-04-03T20:48:08","slug":"flamengo-pode-selar-mais-uma-contratacao-na-proxima-semana","status":"publish","type":"post","link":"https:\/\/www.gaveanews.com\/index.php\/2025\/04\/03\/flamengo-pode-selar-mais-uma-contratacao-na-proxima-semana\/","title":{"rendered":"Flamengo pode selar mais uma contrata\u00e7\u00e3o na pr\u00f3xima semana"},"content":{"rendered":"\n<p>O Flamengo mant\u00e9m tratativas avan\u00e7adas para contratar o volante Jorginho, atualmente no Arsenal. A diretoria rubro-negra trabalha com foco total para acelerar a negocia\u00e7\u00e3o, considerada estrat\u00e9gica dentro do planejamento da equipe. Conforme informa\u00e7\u00f5es recentes, o clube aguarda a chegada de Jo\u00e3o Santos, empres\u00e1rio do jogador, ao Brasil.<\/p>\n\n\n\n<p>A vinda de Jo\u00e3o Santos est\u00e1 prevista para a pr\u00f3xima semana. Durante a estadia no pa\u00eds, ele deve comparecer ao Maracan\u00e3 para acompanhar o confronto entre Flamengo e Central C\u00f3rdoba. A presen\u00e7a no est\u00e1dio n\u00e3o ser\u00e1 apenas institucional. Ela simboliza, acima de tudo, um passo importante no andamento das conversas entre as partes.<\/p>\n\n\n\n<p>Ali\u00e1s, logo ap\u00f3s sua passagem pelo Rio de Janeiro, Jo\u00e3o Santos retornar\u00e1 \u00e0 Europa. J\u00e1 est\u00e1 marcada uma reuni\u00e3o com Andrea Berta, atual diretor de futebol do Arsenal. O encontro ser\u00e1 determinante para definir os pr\u00f3ximos rumos da carreira do atleta, assim como as condi\u00e7\u00f5es exigidas pelo clube ingl\u00eas para liberar o jogador.<\/p>\n\n\n\n<p>De acordo com bastidores da negocia\u00e7\u00e3o, o Flamengo v\u00ea Jorginho como refor\u00e7o de peso para o elenco. \u201cEstamos confiantes na conclus\u00e3o do acordo\u201d, revelou uma fonte ligada ao departamento de futebol rubro-negro, sob condi\u00e7\u00e3o de anonimato. A expectativa \u00e9 que, com a presen\u00e7a do empres\u00e1rio, os entraves possam ser resolvidos com mais agilidade.<\/p>\n\n\n\n<p>O clube carioca deseja contar com o volante j\u00e1 nas pr\u00f3ximas semanas, a fim de integr\u00e1-lo antes do Mundial de Clubes da Fifa. A competi\u00e7\u00e3o ser\u00e1 realizada entre junho e julho, nos Estados Unidos. Portanto, o tempo \u00e9 considerado fator cr\u00edtico para as decis\u00f5es atuais da diretoria.<\/p>\n\n\n\n<p>Por fim, embora ainda n\u00e3o haja confirma\u00e7\u00e3o oficial sobre valores ou tempo de contrato, a negocia\u00e7\u00e3o segue em ritmo acelerado. A presen\u00e7a de Jo\u00e3o Santos no Brasil, portanto, poder\u00e1 destravar de vez a transfer\u00eancia.<\/p>\n","protected":false},"excerpt":{"rendered":"<p>O Flamengo mant\u00e9m tratativas avan\u00e7adas para contratar o volante Jorginho, atualmente no Arsenal. A diretoria rubro-negra trabalha com foco total para acelerar a negocia\u00e7\u00e3o, considerada estrat\u00e9gica dentro do planejamento da equipe. Conforme informa\u00e7\u00f5es recentes, o clube aguarda a chegada de Jo\u00e3o Santos, empres\u00e1rio do jogador, ao Brasil. A vinda de Jo\u00e3o Santos est\u00e1 prevista para [&hellip;]<\/p>\n","protected":false},"author":18,"featured_media":205636,"comment_status":"open","ping_status":"closed","sticky":false,"template":"","format":"standard","meta":{"footnotes":""},"categories":[1],"tags":[],"class_list":["post-248603","post","type-post","status-publish","format-standard","has-post-thumbnail","hentry","category-flamengo"],"yoast_head":"<!-- This site is optimized with the Yoast SEO Premium plugin v24.2 (Yoast SEO v26.9) - https:\/\/yoast.com\/product\/yoast-seo-premium-wordpress\/ -->\n<title>Flamengo pode selar mais uma contrata\u00e7\u00e3o na pr\u00f3xima semana<\/title>\n<meta name=\"robots\" content=\"index, follow, max-snippet:-1, max-image-preview:large, max-video-preview:-1\" \/>\n<link rel=\"canonical\" href=\"https:\/\/www.gaveanews.com\/index.php\/2025\/04\/03\/flamengo-pode-selar-mais-uma-contratacao-na-proxima-semana\/\" \/>\n<meta property=\"og:locale\" content=\"pt_BR\" \/>\n<meta property=\"og:type\" content=\"article\" \/>\n<meta property=\"og:title\" content=\"Flamengo pode selar mais uma contrata\u00e7\u00e3o na pr\u00f3xima semana\" \/>\n<meta property=\"og:description\" content=\"O Flamengo mant\u00e9m tratativas avan\u00e7adas para contratar o volante Jorginho, atualmente no Arsenal. A diretoria rubro-negra trabalha com foco total para acelerar a negocia\u00e7\u00e3o, considerada estrat\u00e9gica dentro do planejamento da equipe. Conforme informa\u00e7\u00f5es recentes, o clube aguarda a chegada de Jo\u00e3o Santos, empres\u00e1rio do jogador, ao Brasil. A vinda de Jo\u00e3o Santos est\u00e1 prevista para [&hellip;]\" \/>\n<meta property=\"og:url\" content=\"https:\/\/www.gaveanews.com\/index.php\/2025\/04\/03\/flamengo-pode-selar-mais-uma-contratacao-na-proxima-semana\/\" \/>\n<meta property=\"og:site_name\" content=\"G\u00e1vea News\" \/>\n<meta property=\"article:publisher\" content=\"https:\/\/facebook.com\/gaveaNews\/\" \/>\n<meta property=\"article:published_time\" content=\"2025-04-03T23:30:00+00:00\" \/>\n<meta property=\"og:image\" content=\"https:\/\/www.gaveanews.com\/wp-content\/uploads\/Apresentacao-de-Jose-Boto-no-Flamengo-Foto_-Marcelo-Cortes-_-CRF.webp\" \/>\n\t<meta property=\"og:image:width\" content=\"2048\" \/>\n\t<meta property=\"og:image:height\" content=\"1364\" \/>\n\t<meta property=\"og:image:type\" content=\"image\/webp\" \/>\n<meta name=\"author\" content=\"Paula Silva\" \/>\n<meta name=\"twitter:card\" content=\"summary_large_image\" \/>\n<meta name=\"twitter:label1\" content=\"Escrito por\" \/>\n\t<meta name=\"twitter:data1\" content=\"Paula Silva\" \/>\n\t<meta name=\"twitter:label2\" content=\"Est. tempo de leitura\" \/>\n\t<meta name=\"twitter:data2\" content=\"2 minutos\" \/>\n<script type=\"application\/ld+json\" class=\"yoast-schema-graph\">{\"@context\":\"https:\/\/schema.org\",\"@graph\":[{\"@type\":\"NewsArticle\",\"@id\":\"https:\/\/www.gaveanews.com\/index.php\/2025\/04\/03\/flamengo-pode-selar-mais-uma-contratacao-na-proxima-semana\/#article\",\"isPartOf\":{\"@id\":\"https:\/\/www.gaveanews.com\/index.php\/2025\/04\/03\/flamengo-pode-selar-mais-uma-contratacao-na-proxima-semana\/\"},\"author\":{\"name\":\"Paula Silva\",\"@id\":\"https:\/\/www.gaveanews.com\/#\/schema\/person\/daf63eec72e1164eb13dc35096c2b8da\"},\"headline\":\"Flamengo pode selar mais uma contrata\u00e7\u00e3o na pr\u00f3xima semana\",\"datePublished\":\"2025-04-03T23:30:00+00:00\",\"mainEntityOfPage\":{\"@id\":\"https:\/\/www.gaveanews.com\/index.php\/2025\/04\/03\/flamengo-pode-selar-mais-uma-contratacao-na-proxima-semana\/\"},\"wordCount\":333,\"commentCount\":0,\"image\":{\"@id\":\"https:\/\/www.gaveanews.com\/index.php\/2025\/04\/03\/flamengo-pode-selar-mais-uma-contratacao-na-proxima-semana\/#primaryimage\"},\"thumbnailUrl\":\"https:\/\/www.gaveanews.com\/wp-content\/uploads\/Apresentacao-de-Jose-Boto-no-Flamengo-Foto_-Marcelo-Cortes-_-CRF.webp\",\"articleSection\":[\"Flamengo\"],\"inLanguage\":\"pt-BR\",\"potentialAction\":[{\"@type\":\"CommentAction\",\"name\":\"Comment\",\"target\":[\"https:\/\/www.gaveanews.com\/index.php\/2025\/04\/03\/flamengo-pode-selar-mais-uma-contratacao-na-proxima-semana\/#respond\"]}],\"copyrightYear\":\"2025\",\"copyrightHolder\":{\"@id\":\"https:\/\/www.gaveanews.com\/#organization\"}},{\"@type\":\"WebPage\",\"@id\":\"https:\/\/www.gaveanews.com\/index.php\/2025\/04\/03\/flamengo-pode-selar-mais-uma-contratacao-na-proxima-semana\/\",\"url\":\"https:\/\/www.gaveanews.com\/index.php\/2025\/04\/03\/flamengo-pode-selar-mais-uma-contratacao-na-proxima-semana\/\",\"name\":\"Flamengo pode selar mais uma contrata\u00e7\u00e3o na pr\u00f3xima semana\",\"isPartOf\":{\"@id\":\"https:\/\/www.gaveanews.com\/#website\"},\"primaryImageOfPage\":{\"@id\":\"https:\/\/www.gaveanews.com\/index.php\/2025\/04\/03\/flamengo-pode-selar-mais-uma-contratacao-na-proxima-semana\/#primaryimage\"},\"image\":{\"@id\":\"https:\/\/www.gaveanews.com\/index.php\/2025\/04\/03\/flamengo-pode-selar-mais-uma-contratacao-na-proxima-semana\/#primaryimage\"},\"thumbnailUrl\":\"https:\/\/www.gaveanews.com\/wp-content\/uploads\/Apresentacao-de-Jose-Boto-no-Flamengo-Foto_-Marcelo-Cortes-_-CRF.webp\",\"datePublished\":\"2025-04-03T23:30:00+00:00\",\"author\":{\"@id\":\"https:\/\/www.gaveanews.com\/#\/schema\/person\/daf63eec72e1164eb13dc35096c2b8da\"},\"breadcrumb\":{\"@id\":\"https:\/\/www.gaveanews.com\/index.php\/2025\/04\/03\/flamengo-pode-selar-mais-uma-contratacao-na-proxima-semana\/#breadcrumb\"},\"inLanguage\":\"pt-BR\",\"potentialAction\":[{\"@type\":\"ReadAction\",\"target\":[\"https:\/\/www.gaveanews.com\/index.php\/2025\/04\/03\/flamengo-pode-selar-mais-uma-contratacao-na-proxima-semana\/\"]}]},{\"@type\":\"ImageObject\",\"inLanguage\":\"pt-BR\",\"@id\":\"https:\/\/www.gaveanews.com\/index.php\/2025\/04\/03\/flamengo-pode-selar-mais-uma-contratacao-na-proxima-semana\/#primaryimage\",\"url\":\"https:\/\/www.gaveanews.com\/wp-content\/uploads\/Apresentacao-de-Jose-Boto-no-Flamengo-Foto_-Marcelo-Cortes-_-CRF.webp\",\"contentUrl\":\"https:\/\/www.gaveanews.com\/wp-content\/uploads\/Apresentacao-de-Jose-Boto-no-Flamengo-Foto_-Marcelo-Cortes-_-CRF.webp\",\"width\":2048,\"height\":1364},{\"@type\":\"BreadcrumbList\",\"@id\":\"https:\/\/www.gaveanews.com\/index.php\/2025\/04\/03\/flamengo-pode-selar-mais-uma-contratacao-na-proxima-semana\/#breadcrumb\",\"itemListElement\":[{\"@type\":\"ListItem\",\"position\":1,\"name\":\"Home\",\"item\":\"https:\/\/www.gaveanews.com\/\"},{\"@type\":\"ListItem\",\"position\":2,\"name\":\"Flamengo pode selar mais uma contrata\u00e7\u00e3o na pr\u00f3xima semana\"}]},{\"@type\":\"WebSite\",\"@id\":\"https:\/\/www.gaveanews.com\/#website\",\"url\":\"https:\/\/www.gaveanews.com\/\",\"name\":\"G\u00e1vea News\",\"description\":\"Veja todas as not\u00edcias sobre o Flamengo: Contrata\u00e7\u00f5es, categorias de base, resultados das partidas, tabela de classifica\u00e7\u00e3o, pr\u00f3ximos jogos!\",\"potentialAction\":[{\"@type\":\"SearchAction\",\"target\":{\"@type\":\"EntryPoint\",\"urlTemplate\":\"https:\/\/www.gaveanews.com\/?s={search_term_string}\"},\"query-input\":{\"@type\":\"PropertyValueSpecification\",\"valueRequired\":true,\"valueName\":\"search_term_string\"}}],\"inLanguage\":\"pt-BR\"},{\"@type\":\"Person\",\"@id\":\"https:\/\/www.gaveanews.com\/#\/schema\/person\/daf63eec72e1164eb13dc35096c2b8da\",\"name\":\"Paula Silva\",\"image\":{\"@type\":\"ImageObject\",\"inLanguage\":\"pt-BR\",\"@id\":\"https:\/\/www.gaveanews.com\/#\/schema\/person\/image\/\",\"url\":\"https:\/\/secure.gravatar.com\/avatar\/eda381c845527cc5d64c13b901833cda29d97500ba040d3e6461f76f51d163bb?s=96&d=mm&r=g\",\"contentUrl\":\"https:\/\/secure.gravatar.com\/avatar\/eda381c845527cc5d64c13b901833cda29d97500ba040d3e6461f76f51d163bb?s=96&d=mm&r=g\",\"caption\":\"Paula Silva\"}}]}<\/script>\n<!-- \/ Yoast SEO Premium plugin. -->","yoast_head_json":{"title":"Flamengo pode selar mais uma contrata\u00e7\u00e3o na pr\u00f3xima semana","robots":{"index":"index","follow":"follow","max-snippet":"max-snippet:-1","max-image-preview":"max-image-preview:large","max-video-preview":"max-video-preview:-1"},"canonical":"https:\/\/www.gaveanews.com\/index.php\/2025\/04\/03\/flamengo-pode-selar-mais-uma-contratacao-na-proxima-semana\/","og_locale":"pt_BR","og_type":"article","og_title":"Flamengo pode selar mais uma contrata\u00e7\u00e3o na pr\u00f3xima semana","og_description":"O Flamengo mant\u00e9m tratativas avan\u00e7adas para contratar o volante Jorginho, atualmente no Arsenal. A diretoria rubro-negra trabalha com foco total para acelerar a negocia\u00e7\u00e3o, considerada estrat\u00e9gica dentro do planejamento da equipe. Conforme informa\u00e7\u00f5es recentes, o clube aguarda a chegada de Jo\u00e3o Santos, empres\u00e1rio do jogador, ao Brasil. A vinda de Jo\u00e3o Santos est\u00e1 prevista para [&hellip;]","og_url":"https:\/\/www.gaveanews.com\/index.php\/2025\/04\/03\/flamengo-pode-selar-mais-uma-contratacao-na-proxima-semana\/","og_site_name":"G\u00e1vea News","article_publisher":"https:\/\/facebook.com\/gaveaNews\/","article_published_time":"2025-04-03T23:30:00+00:00","og_image":[{"width":2048,"height":1364,"url":"https:\/\/www.gaveanews.com\/wp-content\/uploads\/Apresentacao-de-Jose-Boto-no-Flamengo-Foto_-Marcelo-Cortes-_-CRF.webp","type":"image\/webp"}],"author":"Paula Silva","twitter_card":"summary_large_image","twitter_misc":{"Escrito por":"Paula Silva","Est. tempo de leitura":"2 minutos"},"schema":{"@context":"https:\/\/schema.org","@graph":[{"@type":"NewsArticle","@id":"https:\/\/www.gaveanews.com\/index.php\/2025\/04\/03\/flamengo-pode-selar-mais-uma-contratacao-na-proxima-semana\/#article","isPartOf":{"@id":"https:\/\/www.gaveanews.com\/index.php\/2025\/04\/03\/flamengo-pode-selar-mais-uma-contratacao-na-proxima-semana\/"},"author":{"name":"Paula Silva","@id":"https:\/\/www.gaveanews.com\/#\/schema\/person\/daf63eec72e1164eb13dc35096c2b8da"},"headline":"Flamengo pode selar mais uma contrata\u00e7\u00e3o na pr\u00f3xima semana","datePublished":"2025-04-03T23:30:00+00:00","mainEntityOfPage":{"@id":"https:\/\/www.gaveanews.com\/index.php\/2025\/04\/03\/flamengo-pode-selar-mais-uma-contratacao-na-proxima-semana\/"},"wordCount":333,"commentCount":0,"image":{"@id":"https:\/\/www.gaveanews.com\/index.php\/2025\/04\/03\/flamengo-pode-selar-mais-uma-contratacao-na-proxima-semana\/#primaryimage"},"thumbnailUrl":"https:\/\/www.gaveanews.com\/wp-content\/uploads\/Apresentacao-de-Jose-Boto-no-Flamengo-Foto_-Marcelo-Cortes-_-CRF.webp","articleSection":["Flamengo"],"inLanguage":"pt-BR","potentialAction":[{"@type":"CommentAction","name":"Comment","target":["https:\/\/www.gaveanews.com\/index.php\/2025\/04\/03\/flamengo-pode-selar-mais-uma-contratacao-na-proxima-semana\/#respond"]}],"copyrightYear":"2025","copyrightHolder":{"@id":"https:\/\/www.gaveanews.com\/#organization"}},{"@type":"WebPage","@id":"https:\/\/www.gaveanews.com\/index.php\/2025\/04\/03\/flamengo-pode-selar-mais-uma-contratacao-na-proxima-semana\/","url":"https:\/\/www.gaveanews.com\/index.php\/2025\/04\/03\/flamengo-pode-selar-mais-uma-contratacao-na-proxima-semana\/","name":"Flamengo pode selar mais uma contrata\u00e7\u00e3o na pr\u00f3xima semana","isPartOf":{"@id":"https:\/\/www.gaveanews.com\/#website"},"primaryImageOfPage":{"@id":"https:\/\/www.gaveanews.com\/index.php\/2025\/04\/03\/flamengo-pode-selar-mais-uma-contratacao-na-proxima-semana\/#primaryimage"},"image":{"@id":"https:\/\/www.gaveanews.com\/index.php\/2025\/04\/03\/flamengo-pode-selar-mais-uma-contratacao-na-proxima-semana\/#primaryimage"},"thumbnailUrl":"https:\/\/www.gaveanews.com\/wp-content\/uploads\/Apresentacao-de-Jose-Boto-no-Flamengo-Foto_-Marcelo-Cortes-_-CRF.webp","datePublished":"2025-04-03T23:30:00+00:00","author":{"@id":"https:\/\/www.gaveanews.com\/#\/schema\/person\/daf63eec72e1164eb13dc35096c2b8da"},"breadcrumb":{"@id":"https:\/\/www.gaveanews.com\/index.php\/2025\/04\/03\/flamengo-pode-selar-mais-uma-contratacao-na-proxima-semana\/#breadcrumb"},"inLanguage":"pt-BR","potentialAction":[{"@type":"ReadAction","target":["https:\/\/www.gaveanews.com\/index.php\/2025\/04\/03\/flamengo-pode-selar-mais-uma-contratacao-na-proxima-semana\/"]}]},{"@type":"ImageObject","inLanguage":"pt-BR","@id":"https:\/\/www.gaveanews.com\/index.php\/2025\/04\/03\/flamengo-pode-selar-mais-uma-contratacao-na-proxima-semana\/#primaryimage","url":"https:\/\/www.gaveanews.com\/wp-content\/uploads\/Apresentacao-de-Jose-Boto-no-Flamengo-Foto_-Marcelo-Cortes-_-CRF.webp","contentUrl":"https:\/\/www.gaveanews.com\/wp-content\/uploads\/Apresentacao-de-Jose-Boto-no-Flamengo-Foto_-Marcelo-Cortes-_-CRF.webp","width":2048,"height":1364},{"@type":"BreadcrumbList","@id":"https:\/\/www.gaveanews.com\/index.php\/2025\/04\/03\/flamengo-pode-selar-mais-uma-contratacao-na-proxima-semana\/#breadcrumb","itemListElement":[{"@type":"ListItem","position":1,"name":"Home","item":"https:\/\/www.gaveanews.com\/"},{"@type":"ListItem","position":2,"name":"Flamengo pode selar mais uma contrata\u00e7\u00e3o na pr\u00f3xima semana"}]},{"@type":"WebSite","@id":"https:\/\/www.gaveanews.com\/#website","url":"https:\/\/www.gaveanews.com\/","name":"G\u00e1vea News","description":"Veja todas as not\u00edcias sobre o Flamengo: Contrata\u00e7\u00f5es, categorias de base, resultados das partidas, tabela de classifica\u00e7\u00e3o, pr\u00f3ximos jogos!","potentialAction":[{"@type":"SearchAction","target":{"@type":"EntryPoint","urlTemplate":"https:\/\/www.gaveanews.com\/?s={search_term_string}"},"query-input":{"@type":"PropertyValueSpecification","valueRequired":true,"valueName":"search_term_string"}}],"inLanguage":"pt-BR"},{"@type":"Person","@id":"https:\/\/www.gaveanews.com\/#\/schema\/person\/daf63eec72e1164eb13dc35096c2b8da","name":"Paula Silva","image":{"@type":"ImageObject","inLanguage":"pt-BR","@id":"https:\/\/www.gaveanews.com\/#\/schema\/person\/image\/","url":"https:\/\/secure.gravatar.com\/avatar\/eda381c845527cc5d64c13b901833cda29d97500ba040d3e6461f76f51d163bb?s=96&d=mm&r=g","contentUrl":"https:\/\/secure.gravatar.com\/avatar\/eda381c845527cc5d64c13b901833cda29d97500ba040d3e6461f76f51d163bb?s=96&d=mm&r=g","caption":"Paula Silva"}}]}},"_links":{"self":[{"href":"https:\/\/www.gaveanews.com\/index.php\/wp-json\/wp\/v2\/posts\/248603","targetHints":{"allow":["GET"]}}],"collection":[{"href":"https:\/\/www.gaveanews.com\/index.php\/wp-json\/wp\/v2\/posts"}],"about":[{"href":"https:\/\/www.gaveanews.com\/index.php\/wp-json\/wp\/v2\/types\/post"}],"author":[{"embeddable":true,"href":"https:\/\/www.gaveanews.com\/index.php\/wp-json\/wp\/v2\/users\/18"}],"replies":[{"embeddable":true,"href":"https:\/\/www.gaveanews.com\/index.php\/wp-json\/wp\/v2\/comments?post=248603"}],"version-history":[{"count":1,"href":"https:\/\/www.gaveanews.com\/index.php\/wp-json\/wp\/v2\/posts\/248603\/revisions"}],"predecessor-version":[{"id":248604,"href":"https:\/\/www.gaveanews.com\/index.php\/wp-json\/wp\/v2\/posts\/248603\/revisions\/248604"}],"wp:featuredmedia":[{"embeddable":true,"href":"https:\/\/www.gaveanews.com\/index.php\/wp-json\/wp\/v2\/media\/205636"}],"wp:attachment":[{"href":"https:\/\/www.gaveanews.com\/index.php\/wp-json\/wp\/v2\/media?parent=248603"}],"wp:term":[{"taxonomy":"category","embeddable":true,"href":"https:\/\/www.gaveanews.com\/index.php\/wp-json\/wp\/v2\/categories?post=248603"},{"taxonomy":"post_tag","embeddable":true,"href":"https:\/\/www.gaveanews.com\/index.php\/wp-json\/wp\/v2\/tags?post=248603"}],"curies":[{"name":"wp","href":"https:\/\/api.w.org\/{rel}","templated":true}]}}