{"id":248910,"date":"2025-04-05T16:35:18","date_gmt":"2025-04-05T19:35:18","guid":{"rendered":"https:\/\/www.gaveanews.com\/?p=248910"},"modified":"2025-04-05T16:09:39","modified_gmt":"2025-04-05T19:09:39","slug":"a-declaracao-de-rivaldo-sobre-jorge-jesus-assumir-a-selecao","status":"publish","type":"post","link":"https:\/\/www.gaveanews.com\/index.php\/2025\/04\/05\/a-declaracao-de-rivaldo-sobre-jorge-jesus-assumir-a-selecao\/","title":{"rendered":"A declara\u00e7\u00e3o de Rivaldo sobre Jorge Jesus assumir a Sele\u00e7\u00e3o"},"content":{"rendered":"\n<p>A Confedera\u00e7\u00e3o Brasileira de Futebol (CBF) continua a busca por um novo comandante para a Sele\u00e7\u00e3o Brasileira ap\u00f3s demiss\u00e3o de Dorival J\u00fanior. Nesse sentido, informa\u00e7\u00f5es recentes apontam o portugu\u00eas Jorge Jesus como um nome considerado para assumir o cargo vago.<\/p>\n\n\n\n<p>Diante dessa possibilidade, o ex-jogador Rivaldo, que possui uma hist\u00f3ria de sucesso vestindo a camisa amarela, comentou sobre o potencial regresso do treinador ao Brasil, desta vez para liderar a equipe nacional.<\/p>\n\n\n\n<h2 class=\"wp-block-heading\" id=\"h-opiniao-de-rivaldo-sobre-tecnico-estrangeiro\">Opini\u00e3o de Rivaldo sobre t\u00e9cnico estrangeiro<\/h2>\n\n\n\n<p>Rivaldo compartilhou sua perspectiva sobre a poss\u00edvel contrata\u00e7\u00e3o de Jesus, a quem teve a oportunidade de conhecer durante sua passagem pela Turquia. Ele reconhece as qualidades do t\u00e9cnico, mas mant\u00e9m sua prefer\u00eancia por um profissional local.<\/p>\n\n\n\n<p>&#8220;Ele \u00e9 um grande treinador e uma pessoa incr\u00edvel&#8221;, afirmou Rivaldo em declara\u00e7\u00e3o \u00e0 Betfair. Contudo, ele ponderou: &#8220;apesar de todo o respeito e admira\u00e7\u00e3o, minha opini\u00e3o continua sendo a mesma: gostaria de ver um treinador brasileiro \u00e0 frente da sele\u00e7\u00e3o\u201d.<\/p>\n\n\n\n<p>Apesar de sua inclina\u00e7\u00e3o pessoal, e inclusive ter sugerido nomes como Renato Ga\u00facho e Rog\u00e9rio Ceni como op\u00e7\u00f5es nacionais, o campe\u00e3o mundial de 2002 n\u00e3o descarta que um t\u00e9cnico estrangeiro possa obter \u00eaxito no comando do Brasil. Ele acredita que o talento dispon\u00edvel facilita essa possibilidade.<\/p>\n\n\n\n<p>Rivaldo ressaltou a qualidade dos atletas brasileiros: &#8220;Talento n\u00e3o falta: temos jogadores de alto n\u00edvel atuando em grandes clubes da Europa, como Real Madrid e Barcelona, al\u00e9m de outros disputando competi\u00e7\u00f5es de alto n\u00edvel, como a Champions League&#8221;.<\/p>\n\n\n\n<p>Consequentemente, ele acredita que, &#8220;com um bom trabalho, podemos montar uma sele\u00e7\u00e3o forte e competitiva para brigar pelo t\u00edtulo mundial novamente&#8221;, garantindo que apoiar\u00e1 a decis\u00e3o final da CBF.<\/p>\n\n\n\n<figure class=\"wp-block-image size-full is-resized\"><img loading=\"lazy\" decoding=\"async\" width=\"478\" height=\"328\" src=\"http:\/\/www.gaveanews.com\/wp-content\/uploads\/Rivaldo.webp\" alt=\"\" class=\"wp-image-205136\" style=\"width:840px;height:auto\" srcset=\"https:\/\/www.gaveanews.com\/wp-content\/uploads\/Rivaldo.webp 478w, https:\/\/www.gaveanews.com\/wp-content\/uploads\/Rivaldo-300x206.webp 300w, https:\/\/www.gaveanews.com\/wp-content\/uploads\/Rivaldo-476x328.webp 476w, https:\/\/www.gaveanews.com\/wp-content\/uploads\/Rivaldo-100x69.webp 100w\" sizes=\"auto, (max-width: 478px) 100vw, 478px\" \/><figcaption class=\"wp-element-caption\">Rivaldo (Foto: Reprodu\u00e7\u00e3o)<\/figcaption><\/figure>\n\n\n\n<h2 class=\"wp-block-heading\" id=\"h-processo-de-escolha-da-cbf\">Processo de escolha da CBF<\/h2>\n\n\n\n<p>A entidade m\u00e1xima do futebol brasileiro disp\u00f5e de um tempo para definir o pr\u00f3ximo treinador. Isso porque os pr\u00f3ximos jogos das Eliminat\u00f3rias da Copa do Mundo est\u00e3o agendados apenas para junho. Esse intervalo permite uma an\u00e1lise mais aprofundada dos candidatos e dos jogadores.<\/p>\n\n\n\n<p>No entanto, existe uma cautela interna na CBF, pois a organiza\u00e7\u00e3o busca um profissional capaz de liderar o projeto a longo prazo, idealmente at\u00e9 a pr\u00f3xima Copa do Mundo. Justamente por essa raz\u00e3o, a hip\u00f3tese de contratar um estrangeiro, algo in\u00e9dito para o cargo principal da sele\u00e7\u00e3o, ganha for\u00e7a nos bastidores. Desse modo, Jorge Jesus acaba emergindo como um candidato em potencial. <\/p>\n\n\n\n<p>Vale lembrar que, desde a sa\u00edda de Tite, passaram pelo comando da sele\u00e7\u00e3o os t\u00e9cnicos Ramon Menezes, Fernando Diniz e, mais recentemente, Dorival J\u00fanior.<\/p>\n","protected":false},"excerpt":{"rendered":"<p>A Confedera\u00e7\u00e3o Brasileira de Futebol (CBF) continua a busca por um novo comandante para a Sele\u00e7\u00e3o Brasileira ap\u00f3s demiss\u00e3o de Dorival J\u00fanior. Nesse sentido, informa\u00e7\u00f5es recentes apontam o portugu\u00eas Jorge Jesus como um nome considerado para assumir o cargo vago. Diante dessa possibilidade, o ex-jogador Rivaldo, que possui uma hist\u00f3ria de sucesso vestindo a camisa [&hellip;]<\/p>\n","protected":false},"author":28,"featured_media":121610,"comment_status":"open","ping_status":"closed","sticky":false,"template":"","format":"standard","meta":{"footnotes":""},"categories":[478],"tags":[],"class_list":["post-248910","post","type-post","status-publish","format-standard","has-post-thumbnail","hentry","category-brasil"],"yoast_head":"<!-- This site is optimized with the Yoast SEO Premium plugin v24.2 (Yoast SEO v26.9) - https:\/\/yoast.com\/product\/yoast-seo-premium-wordpress\/ -->\n<title>A declara\u00e7\u00e3o de Rivaldo sobre Jorge Jesus assumir a Sele\u00e7\u00e3o<\/title>\n<meta name=\"robots\" content=\"index, follow, max-snippet:-1, max-image-preview:large, max-video-preview:-1\" \/>\n<link rel=\"canonical\" href=\"https:\/\/www.gaveanews.com\/index.php\/2025\/04\/05\/a-declaracao-de-rivaldo-sobre-jorge-jesus-assumir-a-selecao\/\" \/>\n<meta property=\"og:locale\" content=\"pt_BR\" \/>\n<meta property=\"og:type\" content=\"article\" \/>\n<meta property=\"og:title\" content=\"A declara\u00e7\u00e3o de Rivaldo sobre Jorge Jesus assumir a Sele\u00e7\u00e3o\" \/>\n<meta property=\"og:description\" content=\"A Confedera\u00e7\u00e3o Brasileira de Futebol (CBF) continua a busca por um novo comandante para a Sele\u00e7\u00e3o Brasileira ap\u00f3s demiss\u00e3o de Dorival J\u00fanior. Nesse sentido, informa\u00e7\u00f5es recentes apontam o portugu\u00eas Jorge Jesus como um nome considerado para assumir o cargo vago. Diante dessa possibilidade, o ex-jogador Rivaldo, que possui uma hist\u00f3ria de sucesso vestindo a camisa [&hellip;]\" \/>\n<meta property=\"og:url\" content=\"https:\/\/www.gaveanews.com\/index.php\/2025\/04\/05\/a-declaracao-de-rivaldo-sobre-jorge-jesus-assumir-a-selecao\/\" \/>\n<meta property=\"og:site_name\" content=\"G\u00e1vea News\" \/>\n<meta property=\"article:publisher\" content=\"https:\/\/facebook.com\/gaveaNews\/\" \/>\n<meta property=\"article:published_time\" content=\"2025-04-05T19:35:18+00:00\" \/>\n<meta property=\"og:image\" content=\"https:\/\/www.gaveanews.com\/wp-content\/uploads\/Jorge-Jesus-durante-um-jogo-do-Al-Hilal-edited.webp\" \/>\n\t<meta property=\"og:image:width\" content=\"888\" \/>\n\t<meta property=\"og:image:height\" content=\"592\" \/>\n\t<meta property=\"og:image:type\" content=\"image\/webp\" \/>\n<meta name=\"author\" content=\"Hudson Pereira\" \/>\n<meta name=\"twitter:card\" content=\"summary_large_image\" \/>\n<meta name=\"twitter:label1\" content=\"Escrito por\" \/>\n\t<meta name=\"twitter:data1\" content=\"Hudson Pereira\" \/>\n\t<meta name=\"twitter:label2\" content=\"Est. tempo de leitura\" \/>\n\t<meta name=\"twitter:data2\" content=\"3 minutos\" \/>\n<script type=\"application\/ld+json\" class=\"yoast-schema-graph\">{\"@context\":\"https:\/\/schema.org\",\"@graph\":[{\"@type\":\"NewsArticle\",\"@id\":\"https:\/\/www.gaveanews.com\/index.php\/2025\/04\/05\/a-declaracao-de-rivaldo-sobre-jorge-jesus-assumir-a-selecao\/#article\",\"isPartOf\":{\"@id\":\"https:\/\/www.gaveanews.com\/index.php\/2025\/04\/05\/a-declaracao-de-rivaldo-sobre-jorge-jesus-assumir-a-selecao\/\"},\"author\":{\"name\":\"Hudson Pereira\",\"@id\":\"https:\/\/www.gaveanews.com\/#\/schema\/person\/bd08f00534b403119b92741a6d469ef0\"},\"headline\":\"A declara\u00e7\u00e3o de Rivaldo sobre Jorge Jesus assumir a Sele\u00e7\u00e3o\",\"datePublished\":\"2025-04-05T19:35:18+00:00\",\"mainEntityOfPage\":{\"@id\":\"https:\/\/www.gaveanews.com\/index.php\/2025\/04\/05\/a-declaracao-de-rivaldo-sobre-jorge-jesus-assumir-a-selecao\/\"},\"wordCount\":468,\"commentCount\":0,\"image\":{\"@id\":\"https:\/\/www.gaveanews.com\/index.php\/2025\/04\/05\/a-declaracao-de-rivaldo-sobre-jorge-jesus-assumir-a-selecao\/#primaryimage\"},\"thumbnailUrl\":\"https:\/\/www.gaveanews.com\/wp-content\/uploads\/Jorge-Jesus-durante-um-jogo-do-Al-Hilal-edited.webp\",\"articleSection\":[\"Brasil\"],\"inLanguage\":\"pt-BR\",\"potentialAction\":[{\"@type\":\"CommentAction\",\"name\":\"Comment\",\"target\":[\"https:\/\/www.gaveanews.com\/index.php\/2025\/04\/05\/a-declaracao-de-rivaldo-sobre-jorge-jesus-assumir-a-selecao\/#respond\"]}],\"copyrightYear\":\"2025\",\"copyrightHolder\":{\"@id\":\"https:\/\/www.gaveanews.com\/#organization\"}},{\"@type\":\"WebPage\",\"@id\":\"https:\/\/www.gaveanews.com\/index.php\/2025\/04\/05\/a-declaracao-de-rivaldo-sobre-jorge-jesus-assumir-a-selecao\/\",\"url\":\"https:\/\/www.gaveanews.com\/index.php\/2025\/04\/05\/a-declaracao-de-rivaldo-sobre-jorge-jesus-assumir-a-selecao\/\",\"name\":\"A declara\u00e7\u00e3o de Rivaldo sobre Jorge Jesus assumir a Sele\u00e7\u00e3o\",\"isPartOf\":{\"@id\":\"https:\/\/www.gaveanews.com\/#website\"},\"primaryImageOfPage\":{\"@id\":\"https:\/\/www.gaveanews.com\/index.php\/2025\/04\/05\/a-declaracao-de-rivaldo-sobre-jorge-jesus-assumir-a-selecao\/#primaryimage\"},\"image\":{\"@id\":\"https:\/\/www.gaveanews.com\/index.php\/2025\/04\/05\/a-declaracao-de-rivaldo-sobre-jorge-jesus-assumir-a-selecao\/#primaryimage\"},\"thumbnailUrl\":\"https:\/\/www.gaveanews.com\/wp-content\/uploads\/Jorge-Jesus-durante-um-jogo-do-Al-Hilal-edited.webp\",\"datePublished\":\"2025-04-05T19:35:18+00:00\",\"author\":{\"@id\":\"https:\/\/www.gaveanews.com\/#\/schema\/person\/bd08f00534b403119b92741a6d469ef0\"},\"breadcrumb\":{\"@id\":\"https:\/\/www.gaveanews.com\/index.php\/2025\/04\/05\/a-declaracao-de-rivaldo-sobre-jorge-jesus-assumir-a-selecao\/#breadcrumb\"},\"inLanguage\":\"pt-BR\",\"potentialAction\":[{\"@type\":\"ReadAction\",\"target\":[\"https:\/\/www.gaveanews.com\/index.php\/2025\/04\/05\/a-declaracao-de-rivaldo-sobre-jorge-jesus-assumir-a-selecao\/\"]}]},{\"@type\":\"ImageObject\",\"inLanguage\":\"pt-BR\",\"@id\":\"https:\/\/www.gaveanews.com\/index.php\/2025\/04\/05\/a-declaracao-de-rivaldo-sobre-jorge-jesus-assumir-a-selecao\/#primaryimage\",\"url\":\"https:\/\/www.gaveanews.com\/wp-content\/uploads\/Jorge-Jesus-durante-um-jogo-do-Al-Hilal-edited.webp\",\"contentUrl\":\"https:\/\/www.gaveanews.com\/wp-content\/uploads\/Jorge-Jesus-durante-um-jogo-do-Al-Hilal-edited.webp\",\"width\":888,\"height\":592,\"caption\":\"Jorge Jesus durante um jogo do Al-Hilal (Foto: Reprodu\u00e7\u00e3o\/Al-Hilal)\"},{\"@type\":\"BreadcrumbList\",\"@id\":\"https:\/\/www.gaveanews.com\/index.php\/2025\/04\/05\/a-declaracao-de-rivaldo-sobre-jorge-jesus-assumir-a-selecao\/#breadcrumb\",\"itemListElement\":[{\"@type\":\"ListItem\",\"position\":1,\"name\":\"Home\",\"item\":\"https:\/\/www.gaveanews.com\/\"},{\"@type\":\"ListItem\",\"position\":2,\"name\":\"A declara\u00e7\u00e3o de Rivaldo sobre Jorge Jesus assumir a Sele\u00e7\u00e3o\"}]},{\"@type\":\"WebSite\",\"@id\":\"https:\/\/www.gaveanews.com\/#website\",\"url\":\"https:\/\/www.gaveanews.com\/\",\"name\":\"G\u00e1vea News\",\"description\":\"Veja todas as not\u00edcias sobre o Flamengo: Contrata\u00e7\u00f5es, categorias de base, resultados das partidas, tabela de classifica\u00e7\u00e3o, pr\u00f3ximos jogos!\",\"potentialAction\":[{\"@type\":\"SearchAction\",\"target\":{\"@type\":\"EntryPoint\",\"urlTemplate\":\"https:\/\/www.gaveanews.com\/?s={search_term_string}\"},\"query-input\":{\"@type\":\"PropertyValueSpecification\",\"valueRequired\":true,\"valueName\":\"search_term_string\"}}],\"inLanguage\":\"pt-BR\"},{\"@type\":\"Person\",\"@id\":\"https:\/\/www.gaveanews.com\/#\/schema\/person\/bd08f00534b403119b92741a6d469ef0\",\"name\":\"Hudson Pereira\",\"image\":{\"@type\":\"ImageObject\",\"inLanguage\":\"pt-BR\",\"@id\":\"https:\/\/www.gaveanews.com\/#\/schema\/person\/image\/\",\"url\":\"https:\/\/secure.gravatar.com\/avatar\/ecc491b489e454e510efffc9b23c1052ce5fb4f2e05555768ba65819cd55f03e?s=96&d=mm&r=g\",\"contentUrl\":\"https:\/\/secure.gravatar.com\/avatar\/ecc491b489e454e510efffc9b23c1052ce5fb4f2e05555768ba65819cd55f03e?s=96&d=mm&r=g\",\"caption\":\"Hudson Pereira\"}}]}<\/script>\n<!-- \/ Yoast SEO Premium plugin. -->","yoast_head_json":{"title":"A declara\u00e7\u00e3o de Rivaldo sobre Jorge Jesus assumir a Sele\u00e7\u00e3o","robots":{"index":"index","follow":"follow","max-snippet":"max-snippet:-1","max-image-preview":"max-image-preview:large","max-video-preview":"max-video-preview:-1"},"canonical":"https:\/\/www.gaveanews.com\/index.php\/2025\/04\/05\/a-declaracao-de-rivaldo-sobre-jorge-jesus-assumir-a-selecao\/","og_locale":"pt_BR","og_type":"article","og_title":"A declara\u00e7\u00e3o de Rivaldo sobre Jorge Jesus assumir a Sele\u00e7\u00e3o","og_description":"A Confedera\u00e7\u00e3o Brasileira de Futebol (CBF) continua a busca por um novo comandante para a Sele\u00e7\u00e3o Brasileira ap\u00f3s demiss\u00e3o de Dorival J\u00fanior. Nesse sentido, informa\u00e7\u00f5es recentes apontam o portugu\u00eas Jorge Jesus como um nome considerado para assumir o cargo vago. Diante dessa possibilidade, o ex-jogador Rivaldo, que possui uma hist\u00f3ria de sucesso vestindo a camisa [&hellip;]","og_url":"https:\/\/www.gaveanews.com\/index.php\/2025\/04\/05\/a-declaracao-de-rivaldo-sobre-jorge-jesus-assumir-a-selecao\/","og_site_name":"G\u00e1vea News","article_publisher":"https:\/\/facebook.com\/gaveaNews\/","article_published_time":"2025-04-05T19:35:18+00:00","og_image":[{"width":888,"height":592,"url":"https:\/\/www.gaveanews.com\/wp-content\/uploads\/Jorge-Jesus-durante-um-jogo-do-Al-Hilal-edited.webp","type":"image\/webp"}],"author":"Hudson Pereira","twitter_card":"summary_large_image","twitter_misc":{"Escrito por":"Hudson Pereira","Est. tempo de leitura":"3 minutos"},"schema":{"@context":"https:\/\/schema.org","@graph":[{"@type":"NewsArticle","@id":"https:\/\/www.gaveanews.com\/index.php\/2025\/04\/05\/a-declaracao-de-rivaldo-sobre-jorge-jesus-assumir-a-selecao\/#article","isPartOf":{"@id":"https:\/\/www.gaveanews.com\/index.php\/2025\/04\/05\/a-declaracao-de-rivaldo-sobre-jorge-jesus-assumir-a-selecao\/"},"author":{"name":"Hudson Pereira","@id":"https:\/\/www.gaveanews.com\/#\/schema\/person\/bd08f00534b403119b92741a6d469ef0"},"headline":"A declara\u00e7\u00e3o de Rivaldo sobre Jorge Jesus assumir a Sele\u00e7\u00e3o","datePublished":"2025-04-05T19:35:18+00:00","mainEntityOfPage":{"@id":"https:\/\/www.gaveanews.com\/index.php\/2025\/04\/05\/a-declaracao-de-rivaldo-sobre-jorge-jesus-assumir-a-selecao\/"},"wordCount":468,"commentCount":0,"image":{"@id":"https:\/\/www.gaveanews.com\/index.php\/2025\/04\/05\/a-declaracao-de-rivaldo-sobre-jorge-jesus-assumir-a-selecao\/#primaryimage"},"thumbnailUrl":"https:\/\/www.gaveanews.com\/wp-content\/uploads\/Jorge-Jesus-durante-um-jogo-do-Al-Hilal-edited.webp","articleSection":["Brasil"],"inLanguage":"pt-BR","potentialAction":[{"@type":"CommentAction","name":"Comment","target":["https:\/\/www.gaveanews.com\/index.php\/2025\/04\/05\/a-declaracao-de-rivaldo-sobre-jorge-jesus-assumir-a-selecao\/#respond"]}],"copyrightYear":"2025","copyrightHolder":{"@id":"https:\/\/www.gaveanews.com\/#organization"}},{"@type":"WebPage","@id":"https:\/\/www.gaveanews.com\/index.php\/2025\/04\/05\/a-declaracao-de-rivaldo-sobre-jorge-jesus-assumir-a-selecao\/","url":"https:\/\/www.gaveanews.com\/index.php\/2025\/04\/05\/a-declaracao-de-rivaldo-sobre-jorge-jesus-assumir-a-selecao\/","name":"A declara\u00e7\u00e3o de Rivaldo sobre Jorge Jesus assumir a Sele\u00e7\u00e3o","isPartOf":{"@id":"https:\/\/www.gaveanews.com\/#website"},"primaryImageOfPage":{"@id":"https:\/\/www.gaveanews.com\/index.php\/2025\/04\/05\/a-declaracao-de-rivaldo-sobre-jorge-jesus-assumir-a-selecao\/#primaryimage"},"image":{"@id":"https:\/\/www.gaveanews.com\/index.php\/2025\/04\/05\/a-declaracao-de-rivaldo-sobre-jorge-jesus-assumir-a-selecao\/#primaryimage"},"thumbnailUrl":"https:\/\/www.gaveanews.com\/wp-content\/uploads\/Jorge-Jesus-durante-um-jogo-do-Al-Hilal-edited.webp","datePublished":"2025-04-05T19:35:18+00:00","author":{"@id":"https:\/\/www.gaveanews.com\/#\/schema\/person\/bd08f00534b403119b92741a6d469ef0"},"breadcrumb":{"@id":"https:\/\/www.gaveanews.com\/index.php\/2025\/04\/05\/a-declaracao-de-rivaldo-sobre-jorge-jesus-assumir-a-selecao\/#breadcrumb"},"inLanguage":"pt-BR","potentialAction":[{"@type":"ReadAction","target":["https:\/\/www.gaveanews.com\/index.php\/2025\/04\/05\/a-declaracao-de-rivaldo-sobre-jorge-jesus-assumir-a-selecao\/"]}]},{"@type":"ImageObject","inLanguage":"pt-BR","@id":"https:\/\/www.gaveanews.com\/index.php\/2025\/04\/05\/a-declaracao-de-rivaldo-sobre-jorge-jesus-assumir-a-selecao\/#primaryimage","url":"https:\/\/www.gaveanews.com\/wp-content\/uploads\/Jorge-Jesus-durante-um-jogo-do-Al-Hilal-edited.webp","contentUrl":"https:\/\/www.gaveanews.com\/wp-content\/uploads\/Jorge-Jesus-durante-um-jogo-do-Al-Hilal-edited.webp","width":888,"height":592,"caption":"Jorge Jesus durante um jogo do Al-Hilal (Foto: Reprodu\u00e7\u00e3o\/Al-Hilal)"},{"@type":"BreadcrumbList","@id":"https:\/\/www.gaveanews.com\/index.php\/2025\/04\/05\/a-declaracao-de-rivaldo-sobre-jorge-jesus-assumir-a-selecao\/#breadcrumb","itemListElement":[{"@type":"ListItem","position":1,"name":"Home","item":"https:\/\/www.gaveanews.com\/"},{"@type":"ListItem","position":2,"name":"A declara\u00e7\u00e3o de Rivaldo sobre Jorge Jesus assumir a Sele\u00e7\u00e3o"}]},{"@type":"WebSite","@id":"https:\/\/www.gaveanews.com\/#website","url":"https:\/\/www.gaveanews.com\/","name":"G\u00e1vea News","description":"Veja todas as not\u00edcias sobre o Flamengo: Contrata\u00e7\u00f5es, categorias de base, resultados das partidas, tabela de classifica\u00e7\u00e3o, pr\u00f3ximos jogos!","potentialAction":[{"@type":"SearchAction","target":{"@type":"EntryPoint","urlTemplate":"https:\/\/www.gaveanews.com\/?s={search_term_string}"},"query-input":{"@type":"PropertyValueSpecification","valueRequired":true,"valueName":"search_term_string"}}],"inLanguage":"pt-BR"},{"@type":"Person","@id":"https:\/\/www.gaveanews.com\/#\/schema\/person\/bd08f00534b403119b92741a6d469ef0","name":"Hudson Pereira","image":{"@type":"ImageObject","inLanguage":"pt-BR","@id":"https:\/\/www.gaveanews.com\/#\/schema\/person\/image\/","url":"https:\/\/secure.gravatar.com\/avatar\/ecc491b489e454e510efffc9b23c1052ce5fb4f2e05555768ba65819cd55f03e?s=96&d=mm&r=g","contentUrl":"https:\/\/secure.gravatar.com\/avatar\/ecc491b489e454e510efffc9b23c1052ce5fb4f2e05555768ba65819cd55f03e?s=96&d=mm&r=g","caption":"Hudson Pereira"}}]}},"_links":{"self":[{"href":"https:\/\/www.gaveanews.com\/index.php\/wp-json\/wp\/v2\/posts\/248910","targetHints":{"allow":["GET"]}}],"collection":[{"href":"https:\/\/www.gaveanews.com\/index.php\/wp-json\/wp\/v2\/posts"}],"about":[{"href":"https:\/\/www.gaveanews.com\/index.php\/wp-json\/wp\/v2\/types\/post"}],"author":[{"embeddable":true,"href":"https:\/\/www.gaveanews.com\/index.php\/wp-json\/wp\/v2\/users\/28"}],"replies":[{"embeddable":true,"href":"https:\/\/www.gaveanews.com\/index.php\/wp-json\/wp\/v2\/comments?post=248910"}],"version-history":[{"count":2,"href":"https:\/\/www.gaveanews.com\/index.php\/wp-json\/wp\/v2\/posts\/248910\/revisions"}],"predecessor-version":[{"id":248941,"href":"https:\/\/www.gaveanews.com\/index.php\/wp-json\/wp\/v2\/posts\/248910\/revisions\/248941"}],"wp:featuredmedia":[{"embeddable":true,"href":"https:\/\/www.gaveanews.com\/index.php\/wp-json\/wp\/v2\/media\/121610"}],"wp:attachment":[{"href":"https:\/\/www.gaveanews.com\/index.php\/wp-json\/wp\/v2\/media?parent=248910"}],"wp:term":[{"taxonomy":"category","embeddable":true,"href":"https:\/\/www.gaveanews.com\/index.php\/wp-json\/wp\/v2\/categories?post=248910"},{"taxonomy":"post_tag","embeddable":true,"href":"https:\/\/www.gaveanews.com\/index.php\/wp-json\/wp\/v2\/tags?post=248910"}],"curies":[{"name":"wp","href":"https:\/\/api.w.org\/{rel}","templated":true}]}}