{"id":248925,"date":"2025-04-05T16:30:54","date_gmt":"2025-04-05T19:30:54","guid":{"rendered":"https:\/\/www.gaveanews.com\/?p=248925"},"modified":"2025-04-05T16:05:16","modified_gmt":"2025-04-05T19:05:16","slug":"o-recado-de-roger-machado-direcionado-a-valencia-apos-o-empate-do-internacional-pela-libertadores","status":"publish","type":"post","link":"https:\/\/www.gaveanews.com\/index.php\/2025\/04\/05\/o-recado-de-roger-machado-direcionado-a-valencia-apos-o-empate-do-internacional-pela-libertadores\/","title":{"rendered":"O recado de Roger Machado direcionado a Valencia ap\u00f3s o empate do Internacional pela Libertadores"},"content":{"rendered":"\n<p>Ap\u00f3s o confronto de estreia na Copa Libertadores contra o Bahia, o t\u00e9cnico Roger Machado forneceu explica\u00e7\u00f5es sobre suas decis\u00f5es t\u00e1ticas. Durante a coletiva de imprensa nesta \u00faltima quinta-feira (3), o comandante do Internacional abordou a escala\u00e7\u00e3o inicial do ataque. Machado justificou a escolha por Rafael Borr\u00e9 como titular na partida.<\/p>\n\n\n\n<p>Ademais, o desempenho recente de Enner Valencia recebeu elogios do treinador. Machado indicou que a boa forma do equatoriano o posiciona favoravelmente para futuras titularidades na equipe ga\u00facha. A performance consistente de Valencia, portanto, influencia diretamente as pr\u00f3ximas escala\u00e7\u00f5es do time.<\/p>\n\n\n\n<h2 class=\"wp-block-heading\" id=\"h-a-escolha-por-borre-e-a-pressao-ofensiva\">A escolha por Borr\u00e9 e a press\u00e3o ofensiva<\/h2>\n\n\n\n<p>Roger Machado esclareceu o racioc\u00ednio por tr\u00e1s da op\u00e7\u00e3o por Borr\u00e9 no comando de ataque desde o in\u00edcio do jogo. O t\u00e9cnico buscava maior intensidade na marca\u00e7\u00e3o no campo advers\u00e1rio com o colombiano. &#8220;A ideia era eu ter na figura do Borr\u00e9 um pouco mais de press\u00e3o dentro do campo de ataque&#8221;, afirmou Machado.<\/p>\n\n\n\n<p>Ele tamb\u00e9m ressaltou que as decis\u00f5es seguem crit\u00e9rios estabelecidos internamente. Contudo, o treinador fez quest\u00e3o de mencionar que a performance de Valencia permanece sob observa\u00e7\u00e3o constante. &#8220;As escolhas foram baseadas nos crit\u00e9rios que eu tenho adotado, sem deixar de olhar para a performance que o Valencia vem tendo&#8221;, complementou o comandante colorado.<\/p>\n\n\n\n<figure class=\"wp-block-image size-full\"><img loading=\"lazy\" decoding=\"async\" width=\"900\" height=\"500\" src=\"http:\/\/www.gaveanews.com\/wp-content\/uploads\/Enner-Valencia-pelo-Internacional.webp\" alt=\"\" class=\"wp-image-167605\" srcset=\"https:\/\/www.gaveanews.com\/wp-content\/uploads\/Enner-Valencia-pelo-Internacional.webp 900w, https:\/\/www.gaveanews.com\/wp-content\/uploads\/Enner-Valencia-pelo-Internacional-300x167.webp 300w, https:\/\/www.gaveanews.com\/wp-content\/uploads\/Enner-Valencia-pelo-Internacional-768x427.webp 768w, https:\/\/www.gaveanews.com\/wp-content\/uploads\/Enner-Valencia-pelo-Internacional-756x420.webp 756w, https:\/\/www.gaveanews.com\/wp-content\/uploads\/Enner-Valencia-pelo-Internacional-640x356.webp 640w, https:\/\/www.gaveanews.com\/wp-content\/uploads\/Enner-Valencia-pelo-Internacional-681x378.webp 681w, https:\/\/www.gaveanews.com\/wp-content\/uploads\/Enner-Valencia-pelo-Internacional-100x56.webp 100w\" sizes=\"auto, (max-width: 900px) 100vw, 900px\" \/><figcaption class=\"wp-element-caption\">Enner Valencia pelo Internacional (Foto: Ricardo Duarte\/Internacional)<\/figcaption><\/figure>\n\n\n\n<h2 class=\"wp-block-heading\" id=\"h-valencia-ganha-destaque-para-futuras-escalacoes\">Valencia ganha destaque para futuras escala\u00e7\u00f5es<\/h2>\n\n\n\n<p>Posteriormente, Roger Machado destacou que Enner Valencia demonstra m\u00e9ritos para figurar entre os onze iniciais nos pr\u00f3ximos jogos. O atacante equatoriano entrou em campo durante o segundo tempo, substituindo justamente Borr\u00e9. Assim, sua entrada foi decisiva para o resultado final da partida.<\/p>\n\n\n\n<p>O gol marcado por Valencia no jogo refor\u00e7a sua candidatura \u00e0 titularidade, segundo o treinador. &#8220;(O gol de hoje) sem d\u00favida o credencia para estar de volta entre os 11 em outros momentos pr\u00f3ximos&#8221;, declarou Roger. <\/p>\n\n\n\n<p>Ele enfatizou a necessidade de justi\u00e7a nas escolhas, sinalizando que a oportunidade de Valencia come\u00e7ar jogando novamente est\u00e1 pr\u00f3xima. &#8220;Preciso ser justo tamb\u00e9m. Em breve ter\u00e1 a chance de estar entre os titulares, assim como j\u00e1 esteve em outros momentos&#8221;, concluiu.<\/p>\n\n\n\n<p>Valencia foi o autor do gol que selou o empate em 1 a 1 entre Bahia e Inter. A partida, v\u00e1lida pela primeira rodada do Grupo F da Libertadores, ocorreu na Arena Fonte Nova, em Salvador. Esse ponto conquistado fora de casa marca o in\u00edcio da campanha colorada no torneio continental.<\/p>\n\n\n\n<p>Olhando adiante, o Internacional j\u00e1 tem seu pr\u00f3ximo compromisso agendado. A equipe enfrentar\u00e1 o Cruzeiro no domingo (6), \u00e0s 18h30 (hor\u00e1rio de Bras\u00edlia). Este confronto, pela segunda rodada do Campeonato Brasileiro, acontecer\u00e1 no est\u00e1dio Beira-Rio, em Porto Alegre, onde o time buscar\u00e1 a vit\u00f3ria diante de sua torcida.<\/p>\n","protected":false},"excerpt":{"rendered":"<p>Ap\u00f3s o confronto de estreia na Copa Libertadores contra o Bahia, o t\u00e9cnico Roger Machado forneceu explica\u00e7\u00f5es sobre suas decis\u00f5es t\u00e1ticas. Durante a coletiva de imprensa nesta \u00faltima quinta-feira (3), o comandante do Internacional abordou a escala\u00e7\u00e3o inicial do ataque. Machado justificou a escolha por Rafael Borr\u00e9 como titular na partida. Ademais, o desempenho recente [&hellip;]<\/p>\n","protected":false},"author":28,"featured_media":154272,"comment_status":"open","ping_status":"closed","sticky":false,"template":"","format":"standard","meta":{"footnotes":""},"categories":[148],"tags":[],"class_list":["post-248925","post","type-post","status-publish","format-standard","has-post-thumbnail","hentry","category-internacional"],"yoast_head":"<!-- This site is optimized with the Yoast SEO Premium plugin v24.2 (Yoast SEO v26.9) - https:\/\/yoast.com\/product\/yoast-seo-premium-wordpress\/ -->\n<title>O recado de Roger Machado direcionado a Valencia ap\u00f3s o empate do Internacional pela Libertadores<\/title>\n<meta name=\"robots\" content=\"index, follow, max-snippet:-1, max-image-preview:large, max-video-preview:-1\" \/>\n<link rel=\"canonical\" href=\"https:\/\/www.gaveanews.com\/index.php\/2025\/04\/05\/o-recado-de-roger-machado-direcionado-a-valencia-apos-o-empate-do-internacional-pela-libertadores\/\" \/>\n<meta property=\"og:locale\" content=\"pt_BR\" \/>\n<meta property=\"og:type\" content=\"article\" \/>\n<meta property=\"og:title\" content=\"O recado de Roger Machado direcionado a Valencia ap\u00f3s o empate do Internacional pela Libertadores\" \/>\n<meta property=\"og:description\" content=\"Ap\u00f3s o confronto de estreia na Copa Libertadores contra o Bahia, o t\u00e9cnico Roger Machado forneceu explica\u00e7\u00f5es sobre suas decis\u00f5es t\u00e1ticas. Durante a coletiva de imprensa nesta \u00faltima quinta-feira (3), o comandante do Internacional abordou a escala\u00e7\u00e3o inicial do ataque. Machado justificou a escolha por Rafael Borr\u00e9 como titular na partida. Ademais, o desempenho recente [&hellip;]\" \/>\n<meta property=\"og:url\" content=\"https:\/\/www.gaveanews.com\/index.php\/2025\/04\/05\/o-recado-de-roger-machado-direcionado-a-valencia-apos-o-empate-do-internacional-pela-libertadores\/\" \/>\n<meta property=\"og:site_name\" content=\"G\u00e1vea News\" \/>\n<meta property=\"article:publisher\" content=\"https:\/\/facebook.com\/gaveaNews\/\" \/>\n<meta property=\"article:published_time\" content=\"2025-04-05T19:30:54+00:00\" \/>\n<meta property=\"og:image\" content=\"https:\/\/www.gaveanews.com\/wp-content\/uploads\/Roger-Machado-durante-coletiva-pelo-Internacional-em-2024.webp\" \/>\n\t<meta property=\"og:image:width\" content=\"1419\" \/>\n\t<meta property=\"og:image:height\" content=\"1065\" \/>\n\t<meta property=\"og:image:type\" content=\"image\/webp\" \/>\n<meta name=\"author\" content=\"Hudson Pereira\" \/>\n<meta name=\"twitter:card\" content=\"summary_large_image\" \/>\n<meta name=\"twitter:label1\" content=\"Escrito por\" \/>\n\t<meta name=\"twitter:data1\" content=\"Hudson Pereira\" \/>\n\t<meta name=\"twitter:label2\" content=\"Est. tempo de leitura\" \/>\n\t<meta name=\"twitter:data2\" content=\"3 minutos\" \/>\n<script type=\"application\/ld+json\" class=\"yoast-schema-graph\">{\"@context\":\"https:\/\/schema.org\",\"@graph\":[{\"@type\":\"NewsArticle\",\"@id\":\"https:\/\/www.gaveanews.com\/index.php\/2025\/04\/05\/o-recado-de-roger-machado-direcionado-a-valencia-apos-o-empate-do-internacional-pela-libertadores\/#article\",\"isPartOf\":{\"@id\":\"https:\/\/www.gaveanews.com\/index.php\/2025\/04\/05\/o-recado-de-roger-machado-direcionado-a-valencia-apos-o-empate-do-internacional-pela-libertadores\/\"},\"author\":{\"name\":\"Hudson Pereira\",\"@id\":\"https:\/\/www.gaveanews.com\/#\/schema\/person\/bd08f00534b403119b92741a6d469ef0\"},\"headline\":\"O recado de Roger Machado direcionado a Valencia ap\u00f3s o empate do Internacional pela Libertadores\",\"datePublished\":\"2025-04-05T19:30:54+00:00\",\"mainEntityOfPage\":{\"@id\":\"https:\/\/www.gaveanews.com\/index.php\/2025\/04\/05\/o-recado-de-roger-machado-direcionado-a-valencia-apos-o-empate-do-internacional-pela-libertadores\/\"},\"wordCount\":489,\"commentCount\":0,\"image\":{\"@id\":\"https:\/\/www.gaveanews.com\/index.php\/2025\/04\/05\/o-recado-de-roger-machado-direcionado-a-valencia-apos-o-empate-do-internacional-pela-libertadores\/#primaryimage\"},\"thumbnailUrl\":\"https:\/\/www.gaveanews.com\/wp-content\/uploads\/Roger-Machado-durante-coletiva-pelo-Internacional-em-2024.webp\",\"articleSection\":[\"Internacional\"],\"inLanguage\":\"pt-BR\",\"potentialAction\":[{\"@type\":\"CommentAction\",\"name\":\"Comment\",\"target\":[\"https:\/\/www.gaveanews.com\/index.php\/2025\/04\/05\/o-recado-de-roger-machado-direcionado-a-valencia-apos-o-empate-do-internacional-pela-libertadores\/#respond\"]}],\"copyrightYear\":\"2025\",\"copyrightHolder\":{\"@id\":\"https:\/\/www.gaveanews.com\/#organization\"}},{\"@type\":\"WebPage\",\"@id\":\"https:\/\/www.gaveanews.com\/index.php\/2025\/04\/05\/o-recado-de-roger-machado-direcionado-a-valencia-apos-o-empate-do-internacional-pela-libertadores\/\",\"url\":\"https:\/\/www.gaveanews.com\/index.php\/2025\/04\/05\/o-recado-de-roger-machado-direcionado-a-valencia-apos-o-empate-do-internacional-pela-libertadores\/\",\"name\":\"O recado de Roger Machado direcionado a Valencia ap\u00f3s o empate do Internacional pela Libertadores\",\"isPartOf\":{\"@id\":\"https:\/\/www.gaveanews.com\/#website\"},\"primaryImageOfPage\":{\"@id\":\"https:\/\/www.gaveanews.com\/index.php\/2025\/04\/05\/o-recado-de-roger-machado-direcionado-a-valencia-apos-o-empate-do-internacional-pela-libertadores\/#primaryimage\"},\"image\":{\"@id\":\"https:\/\/www.gaveanews.com\/index.php\/2025\/04\/05\/o-recado-de-roger-machado-direcionado-a-valencia-apos-o-empate-do-internacional-pela-libertadores\/#primaryimage\"},\"thumbnailUrl\":\"https:\/\/www.gaveanews.com\/wp-content\/uploads\/Roger-Machado-durante-coletiva-pelo-Internacional-em-2024.webp\",\"datePublished\":\"2025-04-05T19:30:54+00:00\",\"author\":{\"@id\":\"https:\/\/www.gaveanews.com\/#\/schema\/person\/bd08f00534b403119b92741a6d469ef0\"},\"breadcrumb\":{\"@id\":\"https:\/\/www.gaveanews.com\/index.php\/2025\/04\/05\/o-recado-de-roger-machado-direcionado-a-valencia-apos-o-empate-do-internacional-pela-libertadores\/#breadcrumb\"},\"inLanguage\":\"pt-BR\",\"potentialAction\":[{\"@type\":\"ReadAction\",\"target\":[\"https:\/\/www.gaveanews.com\/index.php\/2025\/04\/05\/o-recado-de-roger-machado-direcionado-a-valencia-apos-o-empate-do-internacional-pela-libertadores\/\"]}]},{\"@type\":\"ImageObject\",\"inLanguage\":\"pt-BR\",\"@id\":\"https:\/\/www.gaveanews.com\/index.php\/2025\/04\/05\/o-recado-de-roger-machado-direcionado-a-valencia-apos-o-empate-do-internacional-pela-libertadores\/#primaryimage\",\"url\":\"https:\/\/www.gaveanews.com\/wp-content\/uploads\/Roger-Machado-durante-coletiva-pelo-Internacional-em-2024.webp\",\"contentUrl\":\"https:\/\/www.gaveanews.com\/wp-content\/uploads\/Roger-Machado-durante-coletiva-pelo-Internacional-em-2024.webp\",\"width\":1419,\"height\":1065,\"caption\":\"Roger Machado durante coletiva pelo Internacional em 2024 (Foto: Reprodu\u00e7\u00e3o\/Internacional)\"},{\"@type\":\"BreadcrumbList\",\"@id\":\"https:\/\/www.gaveanews.com\/index.php\/2025\/04\/05\/o-recado-de-roger-machado-direcionado-a-valencia-apos-o-empate-do-internacional-pela-libertadores\/#breadcrumb\",\"itemListElement\":[{\"@type\":\"ListItem\",\"position\":1,\"name\":\"Home\",\"item\":\"https:\/\/www.gaveanews.com\/\"},{\"@type\":\"ListItem\",\"position\":2,\"name\":\"O recado de Roger Machado direcionado a Valencia ap\u00f3s o empate do Internacional pela Libertadores\"}]},{\"@type\":\"WebSite\",\"@id\":\"https:\/\/www.gaveanews.com\/#website\",\"url\":\"https:\/\/www.gaveanews.com\/\",\"name\":\"G\u00e1vea News\",\"description\":\"Veja todas as not\u00edcias sobre o Flamengo: Contrata\u00e7\u00f5es, categorias de base, resultados das partidas, tabela de classifica\u00e7\u00e3o, pr\u00f3ximos jogos!\",\"potentialAction\":[{\"@type\":\"SearchAction\",\"target\":{\"@type\":\"EntryPoint\",\"urlTemplate\":\"https:\/\/www.gaveanews.com\/?s={search_term_string}\"},\"query-input\":{\"@type\":\"PropertyValueSpecification\",\"valueRequired\":true,\"valueName\":\"search_term_string\"}}],\"inLanguage\":\"pt-BR\"},{\"@type\":\"Person\",\"@id\":\"https:\/\/www.gaveanews.com\/#\/schema\/person\/bd08f00534b403119b92741a6d469ef0\",\"name\":\"Hudson Pereira\",\"image\":{\"@type\":\"ImageObject\",\"inLanguage\":\"pt-BR\",\"@id\":\"https:\/\/www.gaveanews.com\/#\/schema\/person\/image\/\",\"url\":\"https:\/\/secure.gravatar.com\/avatar\/ecc491b489e454e510efffc9b23c1052ce5fb4f2e05555768ba65819cd55f03e?s=96&d=mm&r=g\",\"contentUrl\":\"https:\/\/secure.gravatar.com\/avatar\/ecc491b489e454e510efffc9b23c1052ce5fb4f2e05555768ba65819cd55f03e?s=96&d=mm&r=g\",\"caption\":\"Hudson Pereira\"}}]}<\/script>\n<!-- \/ Yoast SEO Premium plugin. -->","yoast_head_json":{"title":"O recado de Roger Machado direcionado a Valencia ap\u00f3s o empate do Internacional pela Libertadores","robots":{"index":"index","follow":"follow","max-snippet":"max-snippet:-1","max-image-preview":"max-image-preview:large","max-video-preview":"max-video-preview:-1"},"canonical":"https:\/\/www.gaveanews.com\/index.php\/2025\/04\/05\/o-recado-de-roger-machado-direcionado-a-valencia-apos-o-empate-do-internacional-pela-libertadores\/","og_locale":"pt_BR","og_type":"article","og_title":"O recado de Roger Machado direcionado a Valencia ap\u00f3s o empate do Internacional pela Libertadores","og_description":"Ap\u00f3s o confronto de estreia na Copa Libertadores contra o Bahia, o t\u00e9cnico Roger Machado forneceu explica\u00e7\u00f5es sobre suas decis\u00f5es t\u00e1ticas. Durante a coletiva de imprensa nesta \u00faltima quinta-feira (3), o comandante do Internacional abordou a escala\u00e7\u00e3o inicial do ataque. Machado justificou a escolha por Rafael Borr\u00e9 como titular na partida. Ademais, o desempenho recente [&hellip;]","og_url":"https:\/\/www.gaveanews.com\/index.php\/2025\/04\/05\/o-recado-de-roger-machado-direcionado-a-valencia-apos-o-empate-do-internacional-pela-libertadores\/","og_site_name":"G\u00e1vea News","article_publisher":"https:\/\/facebook.com\/gaveaNews\/","article_published_time":"2025-04-05T19:30:54+00:00","og_image":[{"width":1419,"height":1065,"url":"https:\/\/www.gaveanews.com\/wp-content\/uploads\/Roger-Machado-durante-coletiva-pelo-Internacional-em-2024.webp","type":"image\/webp"}],"author":"Hudson Pereira","twitter_card":"summary_large_image","twitter_misc":{"Escrito por":"Hudson Pereira","Est. tempo de leitura":"3 minutos"},"schema":{"@context":"https:\/\/schema.org","@graph":[{"@type":"NewsArticle","@id":"https:\/\/www.gaveanews.com\/index.php\/2025\/04\/05\/o-recado-de-roger-machado-direcionado-a-valencia-apos-o-empate-do-internacional-pela-libertadores\/#article","isPartOf":{"@id":"https:\/\/www.gaveanews.com\/index.php\/2025\/04\/05\/o-recado-de-roger-machado-direcionado-a-valencia-apos-o-empate-do-internacional-pela-libertadores\/"},"author":{"name":"Hudson Pereira","@id":"https:\/\/www.gaveanews.com\/#\/schema\/person\/bd08f00534b403119b92741a6d469ef0"},"headline":"O recado de Roger Machado direcionado a Valencia ap\u00f3s o empate do Internacional pela Libertadores","datePublished":"2025-04-05T19:30:54+00:00","mainEntityOfPage":{"@id":"https:\/\/www.gaveanews.com\/index.php\/2025\/04\/05\/o-recado-de-roger-machado-direcionado-a-valencia-apos-o-empate-do-internacional-pela-libertadores\/"},"wordCount":489,"commentCount":0,"image":{"@id":"https:\/\/www.gaveanews.com\/index.php\/2025\/04\/05\/o-recado-de-roger-machado-direcionado-a-valencia-apos-o-empate-do-internacional-pela-libertadores\/#primaryimage"},"thumbnailUrl":"https:\/\/www.gaveanews.com\/wp-content\/uploads\/Roger-Machado-durante-coletiva-pelo-Internacional-em-2024.webp","articleSection":["Internacional"],"inLanguage":"pt-BR","potentialAction":[{"@type":"CommentAction","name":"Comment","target":["https:\/\/www.gaveanews.com\/index.php\/2025\/04\/05\/o-recado-de-roger-machado-direcionado-a-valencia-apos-o-empate-do-internacional-pela-libertadores\/#respond"]}],"copyrightYear":"2025","copyrightHolder":{"@id":"https:\/\/www.gaveanews.com\/#organization"}},{"@type":"WebPage","@id":"https:\/\/www.gaveanews.com\/index.php\/2025\/04\/05\/o-recado-de-roger-machado-direcionado-a-valencia-apos-o-empate-do-internacional-pela-libertadores\/","url":"https:\/\/www.gaveanews.com\/index.php\/2025\/04\/05\/o-recado-de-roger-machado-direcionado-a-valencia-apos-o-empate-do-internacional-pela-libertadores\/","name":"O recado de Roger Machado direcionado a Valencia ap\u00f3s o empate do Internacional pela Libertadores","isPartOf":{"@id":"https:\/\/www.gaveanews.com\/#website"},"primaryImageOfPage":{"@id":"https:\/\/www.gaveanews.com\/index.php\/2025\/04\/05\/o-recado-de-roger-machado-direcionado-a-valencia-apos-o-empate-do-internacional-pela-libertadores\/#primaryimage"},"image":{"@id":"https:\/\/www.gaveanews.com\/index.php\/2025\/04\/05\/o-recado-de-roger-machado-direcionado-a-valencia-apos-o-empate-do-internacional-pela-libertadores\/#primaryimage"},"thumbnailUrl":"https:\/\/www.gaveanews.com\/wp-content\/uploads\/Roger-Machado-durante-coletiva-pelo-Internacional-em-2024.webp","datePublished":"2025-04-05T19:30:54+00:00","author":{"@id":"https:\/\/www.gaveanews.com\/#\/schema\/person\/bd08f00534b403119b92741a6d469ef0"},"breadcrumb":{"@id":"https:\/\/www.gaveanews.com\/index.php\/2025\/04\/05\/o-recado-de-roger-machado-direcionado-a-valencia-apos-o-empate-do-internacional-pela-libertadores\/#breadcrumb"},"inLanguage":"pt-BR","potentialAction":[{"@type":"ReadAction","target":["https:\/\/www.gaveanews.com\/index.php\/2025\/04\/05\/o-recado-de-roger-machado-direcionado-a-valencia-apos-o-empate-do-internacional-pela-libertadores\/"]}]},{"@type":"ImageObject","inLanguage":"pt-BR","@id":"https:\/\/www.gaveanews.com\/index.php\/2025\/04\/05\/o-recado-de-roger-machado-direcionado-a-valencia-apos-o-empate-do-internacional-pela-libertadores\/#primaryimage","url":"https:\/\/www.gaveanews.com\/wp-content\/uploads\/Roger-Machado-durante-coletiva-pelo-Internacional-em-2024.webp","contentUrl":"https:\/\/www.gaveanews.com\/wp-content\/uploads\/Roger-Machado-durante-coletiva-pelo-Internacional-em-2024.webp","width":1419,"height":1065,"caption":"Roger Machado durante coletiva pelo Internacional em 2024 (Foto: Reprodu\u00e7\u00e3o\/Internacional)"},{"@type":"BreadcrumbList","@id":"https:\/\/www.gaveanews.com\/index.php\/2025\/04\/05\/o-recado-de-roger-machado-direcionado-a-valencia-apos-o-empate-do-internacional-pela-libertadores\/#breadcrumb","itemListElement":[{"@type":"ListItem","position":1,"name":"Home","item":"https:\/\/www.gaveanews.com\/"},{"@type":"ListItem","position":2,"name":"O recado de Roger Machado direcionado a Valencia ap\u00f3s o empate do Internacional pela Libertadores"}]},{"@type":"WebSite","@id":"https:\/\/www.gaveanews.com\/#website","url":"https:\/\/www.gaveanews.com\/","name":"G\u00e1vea News","description":"Veja todas as not\u00edcias sobre o Flamengo: Contrata\u00e7\u00f5es, categorias de base, resultados das partidas, tabela de classifica\u00e7\u00e3o, pr\u00f3ximos jogos!","potentialAction":[{"@type":"SearchAction","target":{"@type":"EntryPoint","urlTemplate":"https:\/\/www.gaveanews.com\/?s={search_term_string}"},"query-input":{"@type":"PropertyValueSpecification","valueRequired":true,"valueName":"search_term_string"}}],"inLanguage":"pt-BR"},{"@type":"Person","@id":"https:\/\/www.gaveanews.com\/#\/schema\/person\/bd08f00534b403119b92741a6d469ef0","name":"Hudson Pereira","image":{"@type":"ImageObject","inLanguage":"pt-BR","@id":"https:\/\/www.gaveanews.com\/#\/schema\/person\/image\/","url":"https:\/\/secure.gravatar.com\/avatar\/ecc491b489e454e510efffc9b23c1052ce5fb4f2e05555768ba65819cd55f03e?s=96&d=mm&r=g","contentUrl":"https:\/\/secure.gravatar.com\/avatar\/ecc491b489e454e510efffc9b23c1052ce5fb4f2e05555768ba65819cd55f03e?s=96&d=mm&r=g","caption":"Hudson Pereira"}}]}},"_links":{"self":[{"href":"https:\/\/www.gaveanews.com\/index.php\/wp-json\/wp\/v2\/posts\/248925","targetHints":{"allow":["GET"]}}],"collection":[{"href":"https:\/\/www.gaveanews.com\/index.php\/wp-json\/wp\/v2\/posts"}],"about":[{"href":"https:\/\/www.gaveanews.com\/index.php\/wp-json\/wp\/v2\/types\/post"}],"author":[{"embeddable":true,"href":"https:\/\/www.gaveanews.com\/index.php\/wp-json\/wp\/v2\/users\/28"}],"replies":[{"embeddable":true,"href":"https:\/\/www.gaveanews.com\/index.php\/wp-json\/wp\/v2\/comments?post=248925"}],"version-history":[{"count":2,"href":"https:\/\/www.gaveanews.com\/index.php\/wp-json\/wp\/v2\/posts\/248925\/revisions"}],"predecessor-version":[{"id":248943,"href":"https:\/\/www.gaveanews.com\/index.php\/wp-json\/wp\/v2\/posts\/248925\/revisions\/248943"}],"wp:featuredmedia":[{"embeddable":true,"href":"https:\/\/www.gaveanews.com\/index.php\/wp-json\/wp\/v2\/media\/154272"}],"wp:attachment":[{"href":"https:\/\/www.gaveanews.com\/index.php\/wp-json\/wp\/v2\/media?parent=248925"}],"wp:term":[{"taxonomy":"category","embeddable":true,"href":"https:\/\/www.gaveanews.com\/index.php\/wp-json\/wp\/v2\/categories?post=248925"},{"taxonomy":"post_tag","embeddable":true,"href":"https:\/\/www.gaveanews.com\/index.php\/wp-json\/wp\/v2\/tags?post=248925"}],"curies":[{"name":"wp","href":"https:\/\/api.w.org\/{rel}","templated":true}]}}