{"id":249050,"date":"2025-04-04T22:00:00","date_gmt":"2025-04-05T01:00:00","guid":{"rendered":"https:\/\/www.gaveanews.com\/?p=249050"},"modified":"2025-04-04T16:07:30","modified_gmt":"2025-04-04T19:07:30","slug":"derby-sera-em-estadio-alternativo-neto-manda-recado-para-donelli-e-declaracao-de-ana-thais-as-ultimas-noticias-do-corinthians","status":"publish","type":"post","link":"https:\/\/www.gaveanews.com\/index.php\/2025\/04\/04\/derby-sera-em-estadio-alternativo-neto-manda-recado-para-donelli-e-declaracao-de-ana-thais-as-ultimas-noticias-do-corinthians\/","title":{"rendered":"Derby ser\u00e1 em est\u00e1dio alternativo, Neto manda recado para Donelli e declara\u00e7\u00e3o de Ana Tha\u00eds: as \u00faltimas not\u00edcias do Corinthians"},"content":{"rendered":"\n<p>Nas \u00faltimas horas, o foco das not\u00edcias sobre o Corinthians se concentram nos bastidores do clube, com destaques do dia a dia do time.<\/p>\n\n\n\n<p>Por conta deste contexto, leia abaixo um resumo preparado pela equipe do portal G\u00e1vea News para lhe manter muito bem informado!<\/p>\n\n\n\n<div class=\"wp-block-group\"><div class=\"wp-block-group__inner-container is-layout-constrained wp-block-group-is-layout-constrained\">\n<div class=\"wp-block-group\"><div class=\"wp-block-group__inner-container is-layout-constrained wp-block-group-is-layout-constrained\">\n<h2 class=\"wp-block-heading\" id=\"h-declaracao-de-ana-thais\">Declara\u00e7\u00e3o de Ana Tha\u00eds<\/h2>\n\n\n\n<p>Ap\u00f3s a derrota por 2 a 1 para o Hurac\u00e1n na estreia da Sul-Americana, a press\u00e3o sobre o t\u00e9cnico Ram\u00f3n D\u00edaz aumentou consideravelmente no Corinthians. A jornalista Ana Tha\u00eds Matos, do Grupo Globo, foi enf\u00e1tica ao prever que o treinador argentino n\u00e3o permanecer\u00e1 no cargo at\u00e9 o fim do primeiro turno do Brasileir\u00e3o. Segundo ela, a demiss\u00e3o ocorrer\u00e1 na 14\u00aa rodada, ap\u00f3s a pausa para o Mundial de Clubes, refletindo o desgaste crescente com torcida e imprensa <strong><a href=\"https:\/\/www.gaveanews.com\/index.php\/2025\/04\/03\/a-declaracao-de-ana-thais-matos-direcionada-a-ramoz-diaz-do-corinthians\/\">(leia a mat\u00e9ria completa).<\/a><\/strong><\/p>\n\n\n\n<figure class=\"wp-block-image size-large\"><img loading=\"lazy\" decoding=\"async\" width=\"1024\" height=\"576\" src=\"http:\/\/www.gaveanews.com\/wp-content\/uploads\/Ana-Thais-Matos-jornalista-do-Sportv-1024x576.webp\" alt=\"\" class=\"wp-image-55460\" srcset=\"https:\/\/www.gaveanews.com\/wp-content\/uploads\/Ana-Thais-Matos-jornalista-do-Sportv-1024x576.webp 1024w, https:\/\/www.gaveanews.com\/wp-content\/uploads\/Ana-Thais-Matos-jornalista-do-Sportv-300x169.webp 300w, https:\/\/www.gaveanews.com\/wp-content\/uploads\/Ana-Thais-Matos-jornalista-do-Sportv-768x432.webp 768w, https:\/\/www.gaveanews.com\/wp-content\/uploads\/Ana-Thais-Matos-jornalista-do-Sportv-746x420.webp 746w, https:\/\/www.gaveanews.com\/wp-content\/uploads\/Ana-Thais-Matos-jornalista-do-Sportv-640x360.webp 640w, https:\/\/www.gaveanews.com\/wp-content\/uploads\/Ana-Thais-Matos-jornalista-do-Sportv-1280x721.webp 1280w, https:\/\/www.gaveanews.com\/wp-content\/uploads\/Ana-Thais-Matos-jornalista-do-Sportv-681x383.webp 681w, https:\/\/www.gaveanews.com\/wp-content\/uploads\/Ana-Thais-Matos-jornalista-do-Sportv-1362x767.webp 1362w, https:\/\/www.gaveanews.com\/wp-content\/uploads\/Ana-Thais-Matos-jornalista-do-Sportv-100x56.webp 100w, https:\/\/www.gaveanews.com\/wp-content\/uploads\/Ana-Thais-Matos-jornalista-do-Sportv.webp 1366w\" sizes=\"auto, (max-width: 1024px) 100vw, 1024px\" \/><figcaption class=\"wp-element-caption\">Ana Thais Mattos, jornalista do Sportv (Foto: Reprodu\u00e7\u00e3o)<\/figcaption><\/figure>\n\n\n\n<p>Ana Tha\u00eds criticou duramente tanto o desempenho da equipe quanto a postura de Ram\u00f3n D\u00edaz em entrevistas, afirmando que o treinador transmite um discurso derrotista. <\/p>\n\n\n\n<p>A comentarista ironizou a narrativa de justificativas prontas sobre cansa\u00e7o e desfalques, sugerindo que essa abordagem impede qualquer cobran\u00e7a real de evolu\u00e7\u00e3o. A derrota para o Hurac\u00e1n foi vista como um divisor de \u00e1guas, quebrando a longa invencibilidade do time na Neo Qu\u00edmica Arena e ampliando a insatisfa\u00e7\u00e3o geral.<\/p>\n\n\n\n<p>O cen\u00e1rio \u00e9 ainda mais delicado porque a equipe aparenta falta de identidade e organiza\u00e7\u00e3o t\u00e1tica. Com a fase de grupos em andamento e o Corinthians pressionado a reagir rapidamente, a perman\u00eancia de D\u00edaz \u00e0 frente do time se torna cada vez mais incerta. A cobran\u00e7a por resultados mais consistentes aumenta a cada partida, e a paci\u00eancia da Fiel Torcida parece estar no limite diante das promessas n\u00e3o concretizadas em campo.<\/p>\n\n\n\n<h2 class=\"wp-block-heading\" id=\"h-neto-manda-recado-para-donelli\">Neto manda recado para Donelli<\/h2>\n\n\n\n<p>Durante o programa \u201cOs Donos da Bola\u201d, o apresentador Craque Neto defendeu publicamente o goleiro Matheus Donelli, que assumir\u00e1 a titularidade do Corinthians nos pr\u00f3ximos jogos devido \u00e0 les\u00e3o de Hugo Souza. O comentarista, conhecido por sua liga\u00e7\u00e3o com o clube, criticou a desconfian\u00e7a da torcida e elogiou a t\u00e9cnica e o potencial do jovem de 22 anos. Neto afirmou que Donelli j\u00e1 provou seu valor em jogos dif\u00edceis e que merece mais reconhecimento <strong><a href=\"https:\/\/www.gaveanews.com\/index.php\/2025\/04\/03\/corinthians-a-declaracao-do-craque-neto-direcionada-a-matheus-donelli\/\">(leia a mat\u00e9ria completa).<\/a><\/strong><\/p>\n\n\n\n<figure class=\"wp-block-image size-full\"><img loading=\"lazy\" decoding=\"async\" width=\"900\" height=\"600\" src=\"http:\/\/www.gaveanews.com\/wp-content\/uploads\/Craque-Neto-apresentador-da-Band.webp\" alt=\"\" class=\"wp-image-244433\"\/><figcaption class=\"wp-element-caption\">Craque Neto, apresentador da Band (Foto: Kelly Fuzaro\/Band)<\/figcaption><\/figure>\n\n\n\n<p>Al\u00e9m de apoiar o goleiro, Neto tamb\u00e9m indicou Romero como o substituto ideal para Rodrigo Garro, que est\u00e1 afastado por les\u00e3o. O ex-jogador acredita que o paraguaio est\u00e1 mais preparado que Igor Coronado para assumir o protagonismo no setor ofensivo, mencionando o hist\u00f3rico e a entrega de Romero como diferenciais importantes. Segundo ele, Coronado ainda precisa provar sua capacidade em campo.<\/p>\n\n\n\n<p>Matheus Donelli, revelado nas categorias de base do Corinthians, teve suas primeiras chances no elenco principal a partir de 2020, ganhando espa\u00e7o ap\u00f3s as sa\u00eddas de C\u00e1ssio e Carlos Miguel. Apesar de algumas boas atua\u00e7\u00f5es, o goleiro nunca se firmou de forma definitiva como titular, o que levou o clube a contratar Hugo Souza. Agora, com a nova oportunidade, Donelli tem a chance de reconquistar a confian\u00e7a da torcida e da comiss\u00e3o t\u00e9cnica.<\/p>\n\n\n\n<h2 class=\"wp-block-heading\" id=\"h-derby-sera-em-estadio-alternativo\">Derby ser\u00e1 em est\u00e1dio alternativo<\/h2>\n\n\n\n<p>A CBF confirmou a altera\u00e7\u00e3o de local dos cl\u00e1ssicos do Palmeiras contra Corinthians e S\u00e3o Paulo no Brasileir\u00e3o de 2025. Inicialmente programados para o Allianz Parque, os duelos foram transferidos para a Arena Barueri devido a shows musicais previamente agendados no est\u00e1dio palmeirense. A mudan\u00e7a afeta diretamente o D\u00e9rbi marcado para o dia 12 de abril e o Choque-Rei, previsto para 11 de maio, datas que coincidem com apresenta\u00e7\u00f5es de Gilberto Gil e da banda System of a Down, respectivamente <strong><a href=\"https:\/\/www.gaveanews.com\/index.php\/2025\/04\/03\/jogo-entre-palmeiras-x-corinthians-sera-disputado-em-estadio-alternativo\/\">(leia a mat\u00e9ria completa).<\/a><\/strong><\/p>\n\n\n\n<figure class=\"wp-block-image size-full\"><img loading=\"lazy\" decoding=\"async\" width=\"1043\" height=\"574\" src=\"http:\/\/www.gaveanews.com\/wp-content\/uploads\/Palmeiras-x-Corinthians-pela-final-do-Paulistao.webp\" alt=\"\" class=\"wp-image-240830\"\/><figcaption class=\"wp-element-caption\">Palmeiras x Corinthians pela final do Paulist\u00e3o (Foto: Cesar Greco\/Palmeiras)<\/figcaption><\/figure>\n\n\n\n<p>A Arena Barueri foi escolhida como alternativa em raz\u00e3o da proximidade e da familiaridade com o clube alviverde. Desde 2023, o local \u00e9 administrado por uma empresa ligada \u00e0 presidente do Palmeiras, Leila Pereira, que investiu mais de R$ 50 milh\u00f5es em reformas. Apesar disso, a decis\u00e3o continua gerando discuss\u00f5es entre torcedores, que questionam a log\u00edstica e o distanciamento em rela\u00e7\u00e3o \u00e0 sede tradicional da equipe na capital paulista.<\/p>\n\n\n\n<p>Mesmo com o Allianz Parque liberado para jogos \u2014 inclusive ap\u00f3s recente aprova\u00e7\u00e3o da Fifa \u2014, a agenda cultural intensa tem sido um desafio constante na gest\u00e3o de partidas do clube. O Palmeiras, que tamb\u00e9m disputa a Libertadores, precisa equilibrar o calend\u00e1rio esportivo com os compromissos externos do est\u00e1dio. Com isso, a Arena Barueri se consolida como uma pe\u00e7a estrat\u00e9gica no planejamento da temporada, embora siga dividindo opini\u00f5es.<\/p>\n<\/div><\/div>\n<\/div><\/div>\n","protected":false},"excerpt":{"rendered":"<p>Nas \u00faltimas horas, o foco das not\u00edcias sobre o Corinthians se concentram nos bastidores do clube, com destaques do dia a dia do time. Por conta deste contexto, leia abaixo um resumo preparado pela equipe do portal G\u00e1vea News para lhe manter muito bem informado! Declara\u00e7\u00e3o de Ana Tha\u00eds Ap\u00f3s a derrota por 2 a [&hellip;]<\/p>\n","protected":false},"author":33,"featured_media":146953,"comment_status":"open","ping_status":"closed","sticky":false,"template":"","format":"standard","meta":{"footnotes":""},"categories":[141],"tags":[],"class_list":["post-249050","post","type-post","status-publish","format-standard","has-post-thumbnail","hentry","category-corinthians"],"yoast_head":"<!-- This site is optimized with the Yoast SEO Premium plugin v24.2 (Yoast SEO v26.9) - https:\/\/yoast.com\/product\/yoast-seo-premium-wordpress\/ -->\n<title>Derby ser\u00e1 em est\u00e1dio alternativo, Neto manda recado para Donelli e declara\u00e7\u00e3o de Ana Tha\u00eds: as \u00faltimas not\u00edcias do Corinthians<\/title>\n<meta name=\"robots\" content=\"index, follow, max-snippet:-1, max-image-preview:large, max-video-preview:-1\" \/>\n<link rel=\"canonical\" href=\"https:\/\/www.gaveanews.com\/index.php\/2025\/04\/04\/derby-sera-em-estadio-alternativo-neto-manda-recado-para-donelli-e-declaracao-de-ana-thais-as-ultimas-noticias-do-corinthians\/\" \/>\n<meta property=\"og:locale\" content=\"pt_BR\" \/>\n<meta property=\"og:type\" content=\"article\" \/>\n<meta property=\"og:title\" content=\"Derby ser\u00e1 em est\u00e1dio alternativo, Neto manda recado para Donelli e declara\u00e7\u00e3o de Ana Tha\u00eds: as \u00faltimas not\u00edcias do Corinthians\" \/>\n<meta property=\"og:description\" content=\"Nas \u00faltimas horas, o foco das not\u00edcias sobre o Corinthians se concentram nos bastidores do clube, com destaques do dia a dia do time. Por conta deste contexto, leia abaixo um resumo preparado pela equipe do portal G\u00e1vea News para lhe manter muito bem informado! Declara\u00e7\u00e3o de Ana Tha\u00eds Ap\u00f3s a derrota por 2 a [&hellip;]\" \/>\n<meta property=\"og:url\" content=\"https:\/\/www.gaveanews.com\/index.php\/2025\/04\/04\/derby-sera-em-estadio-alternativo-neto-manda-recado-para-donelli-e-declaracao-de-ana-thais-as-ultimas-noticias-do-corinthians\/\" \/>\n<meta property=\"og:site_name\" content=\"G\u00e1vea News\" \/>\n<meta property=\"article:publisher\" content=\"https:\/\/facebook.com\/gaveaNews\/\" \/>\n<meta property=\"article:published_time\" content=\"2025-04-05T01:00:00+00:00\" \/>\n<meta property=\"og:image\" content=\"https:\/\/www.gaveanews.com\/wp-content\/uploads\/Torcida-do-Corinthians.webp\" \/>\n\t<meta property=\"og:image:width\" content=\"1000\" \/>\n\t<meta property=\"og:image:height\" content=\"667\" \/>\n\t<meta property=\"og:image:type\" content=\"image\/webp\" \/>\n<meta name=\"author\" content=\"Brenda Cezillo\" \/>\n<meta name=\"twitter:card\" content=\"summary_large_image\" \/>\n<meta name=\"twitter:label1\" content=\"Escrito por\" \/>\n\t<meta name=\"twitter:data1\" content=\"Brenda Cezillo\" \/>\n\t<meta name=\"twitter:label2\" content=\"Est. tempo de leitura\" \/>\n\t<meta name=\"twitter:data2\" content=\"5 minutos\" \/>\n<script type=\"application\/ld+json\" class=\"yoast-schema-graph\">{\"@context\":\"https:\/\/schema.org\",\"@graph\":[{\"@type\":\"NewsArticle\",\"@id\":\"https:\/\/www.gaveanews.com\/index.php\/2025\/04\/04\/derby-sera-em-estadio-alternativo-neto-manda-recado-para-donelli-e-declaracao-de-ana-thais-as-ultimas-noticias-do-corinthians\/#article\",\"isPartOf\":{\"@id\":\"https:\/\/www.gaveanews.com\/index.php\/2025\/04\/04\/derby-sera-em-estadio-alternativo-neto-manda-recado-para-donelli-e-declaracao-de-ana-thais-as-ultimas-noticias-do-corinthians\/\"},\"author\":{\"name\":\"Brenda Cezillo\",\"@id\":\"https:\/\/www.gaveanews.com\/#\/schema\/person\/c79759ca337c40791ae8d08e2923d403\"},\"headline\":\"Derby ser\u00e1 em est\u00e1dio alternativo, Neto manda recado para Donelli e declara\u00e7\u00e3o de Ana Tha\u00eds: as \u00faltimas not\u00edcias do Corinthians\",\"datePublished\":\"2025-04-05T01:00:00+00:00\",\"mainEntityOfPage\":{\"@id\":\"https:\/\/www.gaveanews.com\/index.php\/2025\/04\/04\/derby-sera-em-estadio-alternativo-neto-manda-recado-para-donelli-e-declaracao-de-ana-thais-as-ultimas-noticias-do-corinthians\/\"},\"wordCount\":832,\"commentCount\":0,\"image\":{\"@id\":\"https:\/\/www.gaveanews.com\/index.php\/2025\/04\/04\/derby-sera-em-estadio-alternativo-neto-manda-recado-para-donelli-e-declaracao-de-ana-thais-as-ultimas-noticias-do-corinthians\/#primaryimage\"},\"thumbnailUrl\":\"https:\/\/www.gaveanews.com\/wp-content\/uploads\/Torcida-do-Corinthians.webp\",\"articleSection\":[\"Corinthians\"],\"inLanguage\":\"pt-BR\",\"potentialAction\":[{\"@type\":\"CommentAction\",\"name\":\"Comment\",\"target\":[\"https:\/\/www.gaveanews.com\/index.php\/2025\/04\/04\/derby-sera-em-estadio-alternativo-neto-manda-recado-para-donelli-e-declaracao-de-ana-thais-as-ultimas-noticias-do-corinthians\/#respond\"]}],\"copyrightYear\":\"2025\",\"copyrightHolder\":{\"@id\":\"https:\/\/www.gaveanews.com\/#organization\"}},{\"@type\":\"WebPage\",\"@id\":\"https:\/\/www.gaveanews.com\/index.php\/2025\/04\/04\/derby-sera-em-estadio-alternativo-neto-manda-recado-para-donelli-e-declaracao-de-ana-thais-as-ultimas-noticias-do-corinthians\/\",\"url\":\"https:\/\/www.gaveanews.com\/index.php\/2025\/04\/04\/derby-sera-em-estadio-alternativo-neto-manda-recado-para-donelli-e-declaracao-de-ana-thais-as-ultimas-noticias-do-corinthians\/\",\"name\":\"Derby ser\u00e1 em est\u00e1dio alternativo, Neto manda recado para Donelli e declara\u00e7\u00e3o de Ana Tha\u00eds: as \u00faltimas not\u00edcias do Corinthians\",\"isPartOf\":{\"@id\":\"https:\/\/www.gaveanews.com\/#website\"},\"primaryImageOfPage\":{\"@id\":\"https:\/\/www.gaveanews.com\/index.php\/2025\/04\/04\/derby-sera-em-estadio-alternativo-neto-manda-recado-para-donelli-e-declaracao-de-ana-thais-as-ultimas-noticias-do-corinthians\/#primaryimage\"},\"image\":{\"@id\":\"https:\/\/www.gaveanews.com\/index.php\/2025\/04\/04\/derby-sera-em-estadio-alternativo-neto-manda-recado-para-donelli-e-declaracao-de-ana-thais-as-ultimas-noticias-do-corinthians\/#primaryimage\"},\"thumbnailUrl\":\"https:\/\/www.gaveanews.com\/wp-content\/uploads\/Torcida-do-Corinthians.webp\",\"datePublished\":\"2025-04-05T01:00:00+00:00\",\"author\":{\"@id\":\"https:\/\/www.gaveanews.com\/#\/schema\/person\/c79759ca337c40791ae8d08e2923d403\"},\"breadcrumb\":{\"@id\":\"https:\/\/www.gaveanews.com\/index.php\/2025\/04\/04\/derby-sera-em-estadio-alternativo-neto-manda-recado-para-donelli-e-declaracao-de-ana-thais-as-ultimas-noticias-do-corinthians\/#breadcrumb\"},\"inLanguage\":\"pt-BR\",\"potentialAction\":[{\"@type\":\"ReadAction\",\"target\":[\"https:\/\/www.gaveanews.com\/index.php\/2025\/04\/04\/derby-sera-em-estadio-alternativo-neto-manda-recado-para-donelli-e-declaracao-de-ana-thais-as-ultimas-noticias-do-corinthians\/\"]}]},{\"@type\":\"ImageObject\",\"inLanguage\":\"pt-BR\",\"@id\":\"https:\/\/www.gaveanews.com\/index.php\/2025\/04\/04\/derby-sera-em-estadio-alternativo-neto-manda-recado-para-donelli-e-declaracao-de-ana-thais-as-ultimas-noticias-do-corinthians\/#primaryimage\",\"url\":\"https:\/\/www.gaveanews.com\/wp-content\/uploads\/Torcida-do-Corinthians.webp\",\"contentUrl\":\"https:\/\/www.gaveanews.com\/wp-content\/uploads\/Torcida-do-Corinthians.webp\",\"width\":1000,\"height\":667,\"caption\":\"Torcida do Corinthians (Foto Reprodu\u00e7\u00e3o\/Instagram)\"},{\"@type\":\"BreadcrumbList\",\"@id\":\"https:\/\/www.gaveanews.com\/index.php\/2025\/04\/04\/derby-sera-em-estadio-alternativo-neto-manda-recado-para-donelli-e-declaracao-de-ana-thais-as-ultimas-noticias-do-corinthians\/#breadcrumb\",\"itemListElement\":[{\"@type\":\"ListItem\",\"position\":1,\"name\":\"Home\",\"item\":\"https:\/\/www.gaveanews.com\/\"},{\"@type\":\"ListItem\",\"position\":2,\"name\":\"Derby ser\u00e1 em est\u00e1dio alternativo, Neto manda recado para Donelli e declara\u00e7\u00e3o de Ana Tha\u00eds: as \u00faltimas not\u00edcias do Corinthians\"}]},{\"@type\":\"WebSite\",\"@id\":\"https:\/\/www.gaveanews.com\/#website\",\"url\":\"https:\/\/www.gaveanews.com\/\",\"name\":\"G\u00e1vea News\",\"description\":\"Veja todas as not\u00edcias sobre o Flamengo: Contrata\u00e7\u00f5es, categorias de base, resultados das partidas, tabela de classifica\u00e7\u00e3o, pr\u00f3ximos jogos!\",\"potentialAction\":[{\"@type\":\"SearchAction\",\"target\":{\"@type\":\"EntryPoint\",\"urlTemplate\":\"https:\/\/www.gaveanews.com\/?s={search_term_string}\"},\"query-input\":{\"@type\":\"PropertyValueSpecification\",\"valueRequired\":true,\"valueName\":\"search_term_string\"}}],\"inLanguage\":\"pt-BR\"},{\"@type\":\"Person\",\"@id\":\"https:\/\/www.gaveanews.com\/#\/schema\/person\/c79759ca337c40791ae8d08e2923d403\",\"name\":\"Brenda Cezillo\",\"image\":{\"@type\":\"ImageObject\",\"inLanguage\":\"pt-BR\",\"@id\":\"https:\/\/www.gaveanews.com\/#\/schema\/person\/image\/\",\"url\":\"https:\/\/secure.gravatar.com\/avatar\/1738d75cee7317f9c29ae61dd67620c5883d80a92e42a6fff88ae5d527af217a?s=96&d=mm&r=g\",\"contentUrl\":\"https:\/\/secure.gravatar.com\/avatar\/1738d75cee7317f9c29ae61dd67620c5883d80a92e42a6fff88ae5d527af217a?s=96&d=mm&r=g\",\"caption\":\"Brenda Cezillo\"}}]}<\/script>\n<!-- \/ Yoast SEO Premium plugin. -->","yoast_head_json":{"title":"Derby ser\u00e1 em est\u00e1dio alternativo, Neto manda recado para Donelli e declara\u00e7\u00e3o de Ana Tha\u00eds: as \u00faltimas not\u00edcias do Corinthians","robots":{"index":"index","follow":"follow","max-snippet":"max-snippet:-1","max-image-preview":"max-image-preview:large","max-video-preview":"max-video-preview:-1"},"canonical":"https:\/\/www.gaveanews.com\/index.php\/2025\/04\/04\/derby-sera-em-estadio-alternativo-neto-manda-recado-para-donelli-e-declaracao-de-ana-thais-as-ultimas-noticias-do-corinthians\/","og_locale":"pt_BR","og_type":"article","og_title":"Derby ser\u00e1 em est\u00e1dio alternativo, Neto manda recado para Donelli e declara\u00e7\u00e3o de Ana Tha\u00eds: as \u00faltimas not\u00edcias do Corinthians","og_description":"Nas \u00faltimas horas, o foco das not\u00edcias sobre o Corinthians se concentram nos bastidores do clube, com destaques do dia a dia do time. Por conta deste contexto, leia abaixo um resumo preparado pela equipe do portal G\u00e1vea News para lhe manter muito bem informado! Declara\u00e7\u00e3o de Ana Tha\u00eds Ap\u00f3s a derrota por 2 a [&hellip;]","og_url":"https:\/\/www.gaveanews.com\/index.php\/2025\/04\/04\/derby-sera-em-estadio-alternativo-neto-manda-recado-para-donelli-e-declaracao-de-ana-thais-as-ultimas-noticias-do-corinthians\/","og_site_name":"G\u00e1vea News","article_publisher":"https:\/\/facebook.com\/gaveaNews\/","article_published_time":"2025-04-05T01:00:00+00:00","og_image":[{"width":1000,"height":667,"url":"https:\/\/www.gaveanews.com\/wp-content\/uploads\/Torcida-do-Corinthians.webp","type":"image\/webp"}],"author":"Brenda Cezillo","twitter_card":"summary_large_image","twitter_misc":{"Escrito por":"Brenda Cezillo","Est. tempo de leitura":"5 minutos"},"schema":{"@context":"https:\/\/schema.org","@graph":[{"@type":"NewsArticle","@id":"https:\/\/www.gaveanews.com\/index.php\/2025\/04\/04\/derby-sera-em-estadio-alternativo-neto-manda-recado-para-donelli-e-declaracao-de-ana-thais-as-ultimas-noticias-do-corinthians\/#article","isPartOf":{"@id":"https:\/\/www.gaveanews.com\/index.php\/2025\/04\/04\/derby-sera-em-estadio-alternativo-neto-manda-recado-para-donelli-e-declaracao-de-ana-thais-as-ultimas-noticias-do-corinthians\/"},"author":{"name":"Brenda Cezillo","@id":"https:\/\/www.gaveanews.com\/#\/schema\/person\/c79759ca337c40791ae8d08e2923d403"},"headline":"Derby ser\u00e1 em est\u00e1dio alternativo, Neto manda recado para Donelli e declara\u00e7\u00e3o de Ana Tha\u00eds: as \u00faltimas not\u00edcias do Corinthians","datePublished":"2025-04-05T01:00:00+00:00","mainEntityOfPage":{"@id":"https:\/\/www.gaveanews.com\/index.php\/2025\/04\/04\/derby-sera-em-estadio-alternativo-neto-manda-recado-para-donelli-e-declaracao-de-ana-thais-as-ultimas-noticias-do-corinthians\/"},"wordCount":832,"commentCount":0,"image":{"@id":"https:\/\/www.gaveanews.com\/index.php\/2025\/04\/04\/derby-sera-em-estadio-alternativo-neto-manda-recado-para-donelli-e-declaracao-de-ana-thais-as-ultimas-noticias-do-corinthians\/#primaryimage"},"thumbnailUrl":"https:\/\/www.gaveanews.com\/wp-content\/uploads\/Torcida-do-Corinthians.webp","articleSection":["Corinthians"],"inLanguage":"pt-BR","potentialAction":[{"@type":"CommentAction","name":"Comment","target":["https:\/\/www.gaveanews.com\/index.php\/2025\/04\/04\/derby-sera-em-estadio-alternativo-neto-manda-recado-para-donelli-e-declaracao-de-ana-thais-as-ultimas-noticias-do-corinthians\/#respond"]}],"copyrightYear":"2025","copyrightHolder":{"@id":"https:\/\/www.gaveanews.com\/#organization"}},{"@type":"WebPage","@id":"https:\/\/www.gaveanews.com\/index.php\/2025\/04\/04\/derby-sera-em-estadio-alternativo-neto-manda-recado-para-donelli-e-declaracao-de-ana-thais-as-ultimas-noticias-do-corinthians\/","url":"https:\/\/www.gaveanews.com\/index.php\/2025\/04\/04\/derby-sera-em-estadio-alternativo-neto-manda-recado-para-donelli-e-declaracao-de-ana-thais-as-ultimas-noticias-do-corinthians\/","name":"Derby ser\u00e1 em est\u00e1dio alternativo, Neto manda recado para Donelli e declara\u00e7\u00e3o de Ana Tha\u00eds: as \u00faltimas not\u00edcias do Corinthians","isPartOf":{"@id":"https:\/\/www.gaveanews.com\/#website"},"primaryImageOfPage":{"@id":"https:\/\/www.gaveanews.com\/index.php\/2025\/04\/04\/derby-sera-em-estadio-alternativo-neto-manda-recado-para-donelli-e-declaracao-de-ana-thais-as-ultimas-noticias-do-corinthians\/#primaryimage"},"image":{"@id":"https:\/\/www.gaveanews.com\/index.php\/2025\/04\/04\/derby-sera-em-estadio-alternativo-neto-manda-recado-para-donelli-e-declaracao-de-ana-thais-as-ultimas-noticias-do-corinthians\/#primaryimage"},"thumbnailUrl":"https:\/\/www.gaveanews.com\/wp-content\/uploads\/Torcida-do-Corinthians.webp","datePublished":"2025-04-05T01:00:00+00:00","author":{"@id":"https:\/\/www.gaveanews.com\/#\/schema\/person\/c79759ca337c40791ae8d08e2923d403"},"breadcrumb":{"@id":"https:\/\/www.gaveanews.com\/index.php\/2025\/04\/04\/derby-sera-em-estadio-alternativo-neto-manda-recado-para-donelli-e-declaracao-de-ana-thais-as-ultimas-noticias-do-corinthians\/#breadcrumb"},"inLanguage":"pt-BR","potentialAction":[{"@type":"ReadAction","target":["https:\/\/www.gaveanews.com\/index.php\/2025\/04\/04\/derby-sera-em-estadio-alternativo-neto-manda-recado-para-donelli-e-declaracao-de-ana-thais-as-ultimas-noticias-do-corinthians\/"]}]},{"@type":"ImageObject","inLanguage":"pt-BR","@id":"https:\/\/www.gaveanews.com\/index.php\/2025\/04\/04\/derby-sera-em-estadio-alternativo-neto-manda-recado-para-donelli-e-declaracao-de-ana-thais-as-ultimas-noticias-do-corinthians\/#primaryimage","url":"https:\/\/www.gaveanews.com\/wp-content\/uploads\/Torcida-do-Corinthians.webp","contentUrl":"https:\/\/www.gaveanews.com\/wp-content\/uploads\/Torcida-do-Corinthians.webp","width":1000,"height":667,"caption":"Torcida do Corinthians (Foto Reprodu\u00e7\u00e3o\/Instagram)"},{"@type":"BreadcrumbList","@id":"https:\/\/www.gaveanews.com\/index.php\/2025\/04\/04\/derby-sera-em-estadio-alternativo-neto-manda-recado-para-donelli-e-declaracao-de-ana-thais-as-ultimas-noticias-do-corinthians\/#breadcrumb","itemListElement":[{"@type":"ListItem","position":1,"name":"Home","item":"https:\/\/www.gaveanews.com\/"},{"@type":"ListItem","position":2,"name":"Derby ser\u00e1 em est\u00e1dio alternativo, Neto manda recado para Donelli e declara\u00e7\u00e3o de Ana Tha\u00eds: as \u00faltimas not\u00edcias do Corinthians"}]},{"@type":"WebSite","@id":"https:\/\/www.gaveanews.com\/#website","url":"https:\/\/www.gaveanews.com\/","name":"G\u00e1vea News","description":"Veja todas as not\u00edcias sobre o Flamengo: Contrata\u00e7\u00f5es, categorias de base, resultados das partidas, tabela de classifica\u00e7\u00e3o, pr\u00f3ximos jogos!","potentialAction":[{"@type":"SearchAction","target":{"@type":"EntryPoint","urlTemplate":"https:\/\/www.gaveanews.com\/?s={search_term_string}"},"query-input":{"@type":"PropertyValueSpecification","valueRequired":true,"valueName":"search_term_string"}}],"inLanguage":"pt-BR"},{"@type":"Person","@id":"https:\/\/www.gaveanews.com\/#\/schema\/person\/c79759ca337c40791ae8d08e2923d403","name":"Brenda Cezillo","image":{"@type":"ImageObject","inLanguage":"pt-BR","@id":"https:\/\/www.gaveanews.com\/#\/schema\/person\/image\/","url":"https:\/\/secure.gravatar.com\/avatar\/1738d75cee7317f9c29ae61dd67620c5883d80a92e42a6fff88ae5d527af217a?s=96&d=mm&r=g","contentUrl":"https:\/\/secure.gravatar.com\/avatar\/1738d75cee7317f9c29ae61dd67620c5883d80a92e42a6fff88ae5d527af217a?s=96&d=mm&r=g","caption":"Brenda Cezillo"}}]}},"_links":{"self":[{"href":"https:\/\/www.gaveanews.com\/index.php\/wp-json\/wp\/v2\/posts\/249050","targetHints":{"allow":["GET"]}}],"collection":[{"href":"https:\/\/www.gaveanews.com\/index.php\/wp-json\/wp\/v2\/posts"}],"about":[{"href":"https:\/\/www.gaveanews.com\/index.php\/wp-json\/wp\/v2\/types\/post"}],"author":[{"embeddable":true,"href":"https:\/\/www.gaveanews.com\/index.php\/wp-json\/wp\/v2\/users\/33"}],"replies":[{"embeddable":true,"href":"https:\/\/www.gaveanews.com\/index.php\/wp-json\/wp\/v2\/comments?post=249050"}],"version-history":[{"count":1,"href":"https:\/\/www.gaveanews.com\/index.php\/wp-json\/wp\/v2\/posts\/249050\/revisions"}],"predecessor-version":[{"id":249078,"href":"https:\/\/www.gaveanews.com\/index.php\/wp-json\/wp\/v2\/posts\/249050\/revisions\/249078"}],"wp:featuredmedia":[{"embeddable":true,"href":"https:\/\/www.gaveanews.com\/index.php\/wp-json\/wp\/v2\/media\/146953"}],"wp:attachment":[{"href":"https:\/\/www.gaveanews.com\/index.php\/wp-json\/wp\/v2\/media?parent=249050"}],"wp:term":[{"taxonomy":"category","embeddable":true,"href":"https:\/\/www.gaveanews.com\/index.php\/wp-json\/wp\/v2\/categories?post=249050"},{"taxonomy":"post_tag","embeddable":true,"href":"https:\/\/www.gaveanews.com\/index.php\/wp-json\/wp\/v2\/tags?post=249050"}],"curies":[{"name":"wp","href":"https:\/\/api.w.org\/{rel}","templated":true}]}}