{"id":249174,"date":"2025-04-04T22:20:00","date_gmt":"2025-04-05T01:20:00","guid":{"rendered":"https:\/\/www.gaveanews.com\/?p=249174"},"modified":"2025-04-04T17:32:46","modified_gmt":"2025-04-04T20:32:46","slug":"o-verdadeiro-valor-que-o-palmeiras-recebeu-por-endrick","status":"publish","type":"post","link":"https:\/\/www.gaveanews.com\/index.php\/2025\/04\/04\/o-verdadeiro-valor-que-o-palmeiras-recebeu-por-endrick\/","title":{"rendered":"O verdadeiro valor que o Palmeiras recebeu por Endrick"},"content":{"rendered":"\n<p>&nbsp;O impacto da venda de Endrick ao Real Madrid foi um dos grandes destaques do balan\u00e7o financeiro de 2024 do Palmeiras. O clube alviverde divulgou os n\u00fameros auditados, confirmando um salto expressivo nas receitas com negocia\u00e7\u00f5es de jogadores.&nbsp;<\/p>\n\n\n\n<p>Isso porque o valor arrecadado com transfer\u00eancias saltou de R$ 187 milh\u00f5es em 2023 para impressionantes R$ 440,4 milh\u00f5es no ano passado. Desse total, cerca de 40% s\u00e3o provenientes da sa\u00edda do jovem atacante para o futebol espanhol.<\/p>\n\n\n\n<h2 class=\"wp-block-heading\" id=\"h-endrick-garantiu-cifras-expressivas-ao-palmeiras\">Endrick garantiu cifras expressivas ao Palmeiras<\/h2>\n\n\n\n<figure class=\"wp-block-image size-large\"><img loading=\"lazy\" decoding=\"async\" width=\"1024\" height=\"576\" src=\"http:\/\/www.gaveanews.com\/wp-content\/uploads\/endrick_-_real_madrid_1.jpg_554688468-1024x576.webp\" alt=\"\" class=\"wp-image-161086\" srcset=\"https:\/\/www.gaveanews.com\/wp-content\/uploads\/endrick_-_real_madrid_1.jpg_554688468-1024x576.webp 1024w, https:\/\/www.gaveanews.com\/wp-content\/uploads\/endrick_-_real_madrid_1.jpg_554688468-300x169.webp 300w, https:\/\/www.gaveanews.com\/wp-content\/uploads\/endrick_-_real_madrid_1.jpg_554688468-768x432.webp 768w, https:\/\/www.gaveanews.com\/wp-content\/uploads\/endrick_-_real_madrid_1.jpg_554688468-747x420.webp 747w, https:\/\/www.gaveanews.com\/wp-content\/uploads\/endrick_-_real_madrid_1.jpg_554688468-640x360.webp 640w, https:\/\/www.gaveanews.com\/wp-content\/uploads\/endrick_-_real_madrid_1.jpg_554688468-681x383.webp 681w, https:\/\/www.gaveanews.com\/wp-content\/uploads\/endrick_-_real_madrid_1.jpg_554688468-100x56.webp 100w, https:\/\/www.gaveanews.com\/wp-content\/uploads\/endrick_-_real_madrid_1.jpg_554688468.webp 1200w\" sizes=\"auto, (max-width: 1024px) 100vw, 1024px\" \/><figcaption class=\"wp-element-caption\">Endrick marcou seu primeiro gol pelo Real Madrid &#8211; Angel Martinez (2024 Getty Images, Getty Images Europe)<\/figcaption><\/figure>\n\n\n\n<p>Sendo assim, Endrick se tornou pe\u00e7a-chave na sa\u00fade financeira do Palmeiras. Ap\u00f3s receber R$ 23 milh\u00f5es iniciais do Real Madrid em 2023, o clube embolsou mais R$ 172,7 milh\u00f5es l\u00edquidos no \u00faltimo ano.&nbsp;<\/p>\n\n\n\n<p>Al\u00e9m disso, os espanh\u00f3is ainda precisam transferir pouco mais de R$ 1 milh\u00e3o em b\u00f4nus por metas atingidas pelo jogador.<\/p>\n\n\n\n<p>Vale destacar que a negocia\u00e7\u00e3o do atacante n\u00e3o foi o \u00fanico grande neg\u00f3cio do Verd\u00e3o. A venda de Lu\u00eds Guilherme ao West Ham, por exemplo, garantiu mais R$ 105,5 milh\u00f5es aos cofres palmeirenses, consolidando a estrat\u00e9gia de valoriza\u00e7\u00e3o e venda de talentos da base.<\/p>\n\n\n\n<h2 class=\"wp-block-heading\" id=\"h-gestao-financeira-solida-e-poder-de-investimento\">Gest\u00e3o financeira s\u00f3lida e poder de investimento<\/h2>\n\n\n\n<p>Com isso, o Palmeiras encerrou 2024 com um super\u00e1vit de R$ 198 milh\u00f5es, n\u00famero muito superior aos R$ 8,5 milh\u00f5es de 2023. Dessa maneira, a gest\u00e3o de Leila Pereira conseguiu fortalecer o caixa do clube e garantir poder financeiro para refor\u00e7ar o elenco.<\/p>\n\n\n\n<p>Por isso, o Verd\u00e3o segue atento ao mercado em busca de contrata\u00e7\u00f5es estrat\u00e9gicas. Cabe ressaltar que, com uma base financeira bem estruturada, o clube pode competir por jogadores de peso sem comprometer sua estabilidade econ\u00f4mica.<\/p>\n\n\n\n<h2 class=\"wp-block-heading\" id=\"h-palmeiras-mira-novos-desafios-na-temporada\">Palmeiras mira novos desafios na temporada<\/h2>\n\n\n\n<p>Agora, com um caixa fortalecido, o Palmeiras se prepara para os desafios da temporada. Al\u00e9m disso, a equipe segue brigando por t\u00edtulos e consolidando sua posi\u00e7\u00e3o entre os principais clubes do futebol brasileiro e sul-americano.<\/p>\n\n\n\n<p>Dessa forma, a torcida pode esperar um Verd\u00e3o cada vez mais competitivo, tanto dentro quanto fora de campo.<\/p>\n","protected":false},"excerpt":{"rendered":"<p>&nbsp;O impacto da venda de Endrick ao Real Madrid foi um dos grandes destaques do balan\u00e7o financeiro de 2024 do Palmeiras. O clube alviverde divulgou os n\u00fameros auditados, confirmando um salto expressivo nas receitas com negocia\u00e7\u00f5es de jogadores.&nbsp; Isso porque o valor arrecadado com transfer\u00eancias saltou de R$ 187 milh\u00f5es em 2023 para impressionantes R$ [&hellip;]<\/p>\n","protected":false},"author":25,"featured_media":159677,"comment_status":"open","ping_status":"closed","sticky":false,"template":"","format":"standard","meta":{"footnotes":""},"categories":[150,88],"tags":[],"class_list":["post-249174","post","type-post","status-publish","format-standard","has-post-thumbnail","hentry","category-palmeiras","category-real-madrid"],"yoast_head":"<!-- This site is optimized with the Yoast SEO Premium plugin v24.2 (Yoast SEO v26.9) - https:\/\/yoast.com\/product\/yoast-seo-premium-wordpress\/ -->\n<title>O verdadeiro valor que o Palmeiras recebeu por Endrick<\/title>\n<meta name=\"robots\" content=\"index, follow, max-snippet:-1, max-image-preview:large, max-video-preview:-1\" \/>\n<link rel=\"canonical\" href=\"https:\/\/www.gaveanews.com\/index.php\/2025\/04\/04\/o-verdadeiro-valor-que-o-palmeiras-recebeu-por-endrick\/\" \/>\n<meta property=\"og:locale\" content=\"pt_BR\" \/>\n<meta property=\"og:type\" content=\"article\" \/>\n<meta property=\"og:title\" content=\"O verdadeiro valor que o Palmeiras recebeu por Endrick\" \/>\n<meta property=\"og:description\" content=\"&nbsp;O impacto da venda de Endrick ao Real Madrid foi um dos grandes destaques do balan\u00e7o financeiro de 2024 do Palmeiras. O clube alviverde divulgou os n\u00fameros auditados, confirmando um salto expressivo nas receitas com negocia\u00e7\u00f5es de jogadores.&nbsp; Isso porque o valor arrecadado com transfer\u00eancias saltou de R$ 187 milh\u00f5es em 2023 para impressionantes R$ [&hellip;]\" \/>\n<meta property=\"og:url\" content=\"https:\/\/www.gaveanews.com\/index.php\/2025\/04\/04\/o-verdadeiro-valor-que-o-palmeiras-recebeu-por-endrick\/\" \/>\n<meta property=\"og:site_name\" content=\"G\u00e1vea News\" \/>\n<meta property=\"article:publisher\" content=\"https:\/\/facebook.com\/gaveaNews\/\" \/>\n<meta property=\"article:published_time\" content=\"2025-04-05T01:20:00+00:00\" \/>\n<meta property=\"og:image\" content=\"https:\/\/www.gaveanews.com\/wp-content\/uploads\/Endrick-com-a-camisa-do-Real-Madrid-em-2024.webp\" \/>\n\t<meta property=\"og:image:width\" content=\"1440\" \/>\n\t<meta property=\"og:image:height\" content=\"959\" \/>\n\t<meta property=\"og:image:type\" content=\"image\/jpeg\" \/>\n<meta name=\"author\" content=\"Rafaela Ladeira\" \/>\n<meta name=\"twitter:card\" content=\"summary_large_image\" \/>\n<meta name=\"twitter:label1\" content=\"Escrito por\" \/>\n\t<meta name=\"twitter:data1\" content=\"Rafaela Ladeira\" \/>\n\t<meta name=\"twitter:label2\" content=\"Est. tempo de leitura\" \/>\n\t<meta name=\"twitter:data2\" content=\"3 minutos\" \/>\n<script type=\"application\/ld+json\" class=\"yoast-schema-graph\">{\"@context\":\"https:\/\/schema.org\",\"@graph\":[{\"@type\":\"NewsArticle\",\"@id\":\"https:\/\/www.gaveanews.com\/index.php\/2025\/04\/04\/o-verdadeiro-valor-que-o-palmeiras-recebeu-por-endrick\/#article\",\"isPartOf\":{\"@id\":\"https:\/\/www.gaveanews.com\/index.php\/2025\/04\/04\/o-verdadeiro-valor-que-o-palmeiras-recebeu-por-endrick\/\"},\"author\":{\"name\":\"Rafaela Ladeira\",\"@id\":\"https:\/\/www.gaveanews.com\/#\/schema\/person\/0eb3e3fe1754f0205218538adbe8f5ed\"},\"headline\":\"O verdadeiro valor que o Palmeiras recebeu por Endrick\",\"datePublished\":\"2025-04-05T01:20:00+00:00\",\"mainEntityOfPage\":{\"@id\":\"https:\/\/www.gaveanews.com\/index.php\/2025\/04\/04\/o-verdadeiro-valor-que-o-palmeiras-recebeu-por-endrick\/\"},\"wordCount\":379,\"commentCount\":0,\"image\":{\"@id\":\"https:\/\/www.gaveanews.com\/index.php\/2025\/04\/04\/o-verdadeiro-valor-que-o-palmeiras-recebeu-por-endrick\/#primaryimage\"},\"thumbnailUrl\":\"https:\/\/www.gaveanews.com\/wp-content\/uploads\/Endrick-com-a-camisa-do-Real-Madrid-em-2024.webp\",\"articleSection\":[\"Palmeiras\",\"Real Madrid\"],\"inLanguage\":\"pt-BR\",\"potentialAction\":[{\"@type\":\"CommentAction\",\"name\":\"Comment\",\"target\":[\"https:\/\/www.gaveanews.com\/index.php\/2025\/04\/04\/o-verdadeiro-valor-que-o-palmeiras-recebeu-por-endrick\/#respond\"]}],\"copyrightYear\":\"2025\",\"copyrightHolder\":{\"@id\":\"https:\/\/www.gaveanews.com\/#organization\"}},{\"@type\":\"WebPage\",\"@id\":\"https:\/\/www.gaveanews.com\/index.php\/2025\/04\/04\/o-verdadeiro-valor-que-o-palmeiras-recebeu-por-endrick\/\",\"url\":\"https:\/\/www.gaveanews.com\/index.php\/2025\/04\/04\/o-verdadeiro-valor-que-o-palmeiras-recebeu-por-endrick\/\",\"name\":\"O verdadeiro valor que o Palmeiras recebeu por Endrick\",\"isPartOf\":{\"@id\":\"https:\/\/www.gaveanews.com\/#website\"},\"primaryImageOfPage\":{\"@id\":\"https:\/\/www.gaveanews.com\/index.php\/2025\/04\/04\/o-verdadeiro-valor-que-o-palmeiras-recebeu-por-endrick\/#primaryimage\"},\"image\":{\"@id\":\"https:\/\/www.gaveanews.com\/index.php\/2025\/04\/04\/o-verdadeiro-valor-que-o-palmeiras-recebeu-por-endrick\/#primaryimage\"},\"thumbnailUrl\":\"https:\/\/www.gaveanews.com\/wp-content\/uploads\/Endrick-com-a-camisa-do-Real-Madrid-em-2024.webp\",\"datePublished\":\"2025-04-05T01:20:00+00:00\",\"author\":{\"@id\":\"https:\/\/www.gaveanews.com\/#\/schema\/person\/0eb3e3fe1754f0205218538adbe8f5ed\"},\"breadcrumb\":{\"@id\":\"https:\/\/www.gaveanews.com\/index.php\/2025\/04\/04\/o-verdadeiro-valor-que-o-palmeiras-recebeu-por-endrick\/#breadcrumb\"},\"inLanguage\":\"pt-BR\",\"potentialAction\":[{\"@type\":\"ReadAction\",\"target\":[\"https:\/\/www.gaveanews.com\/index.php\/2025\/04\/04\/o-verdadeiro-valor-que-o-palmeiras-recebeu-por-endrick\/\"]}]},{\"@type\":\"ImageObject\",\"inLanguage\":\"pt-BR\",\"@id\":\"https:\/\/www.gaveanews.com\/index.php\/2025\/04\/04\/o-verdadeiro-valor-que-o-palmeiras-recebeu-por-endrick\/#primaryimage\",\"url\":\"https:\/\/www.gaveanews.com\/wp-content\/uploads\/Endrick-com-a-camisa-do-Real-Madrid-em-2024.webp\",\"contentUrl\":\"https:\/\/www.gaveanews.com\/wp-content\/uploads\/Endrick-com-a-camisa-do-Real-Madrid-em-2024.webp\",\"width\":1440,\"height\":959,\"caption\":\"Endrick com a camisa do Real Madrid em 2024 (Foto: Reprodu\u00e7\u00e3o\/Instagram)\"},{\"@type\":\"BreadcrumbList\",\"@id\":\"https:\/\/www.gaveanews.com\/index.php\/2025\/04\/04\/o-verdadeiro-valor-que-o-palmeiras-recebeu-por-endrick\/#breadcrumb\",\"itemListElement\":[{\"@type\":\"ListItem\",\"position\":1,\"name\":\"Home\",\"item\":\"https:\/\/www.gaveanews.com\/\"},{\"@type\":\"ListItem\",\"position\":2,\"name\":\"O verdadeiro valor que o Palmeiras recebeu por Endrick\"}]},{\"@type\":\"WebSite\",\"@id\":\"https:\/\/www.gaveanews.com\/#website\",\"url\":\"https:\/\/www.gaveanews.com\/\",\"name\":\"G\u00e1vea News\",\"description\":\"Veja todas as not\u00edcias sobre o Flamengo: Contrata\u00e7\u00f5es, categorias de base, resultados das partidas, tabela de classifica\u00e7\u00e3o, pr\u00f3ximos jogos!\",\"potentialAction\":[{\"@type\":\"SearchAction\",\"target\":{\"@type\":\"EntryPoint\",\"urlTemplate\":\"https:\/\/www.gaveanews.com\/?s={search_term_string}\"},\"query-input\":{\"@type\":\"PropertyValueSpecification\",\"valueRequired\":true,\"valueName\":\"search_term_string\"}}],\"inLanguage\":\"pt-BR\"},{\"@type\":\"Person\",\"@id\":\"https:\/\/www.gaveanews.com\/#\/schema\/person\/0eb3e3fe1754f0205218538adbe8f5ed\",\"name\":\"Rafaela Ladeira\",\"image\":{\"@type\":\"ImageObject\",\"inLanguage\":\"pt-BR\",\"@id\":\"https:\/\/www.gaveanews.com\/#\/schema\/person\/image\/\",\"url\":\"https:\/\/secure.gravatar.com\/avatar\/c31f513acffd85eacab5730cbdfdbbf59f21ba5aeada8cd890acea879fbb2455?s=96&d=mm&r=g\",\"contentUrl\":\"https:\/\/secure.gravatar.com\/avatar\/c31f513acffd85eacab5730cbdfdbbf59f21ba5aeada8cd890acea879fbb2455?s=96&d=mm&r=g\",\"caption\":\"Rafaela Ladeira\"}}]}<\/script>\n<!-- \/ Yoast SEO Premium plugin. -->","yoast_head_json":{"title":"O verdadeiro valor que o Palmeiras recebeu por Endrick","robots":{"index":"index","follow":"follow","max-snippet":"max-snippet:-1","max-image-preview":"max-image-preview:large","max-video-preview":"max-video-preview:-1"},"canonical":"https:\/\/www.gaveanews.com\/index.php\/2025\/04\/04\/o-verdadeiro-valor-que-o-palmeiras-recebeu-por-endrick\/","og_locale":"pt_BR","og_type":"article","og_title":"O verdadeiro valor que o Palmeiras recebeu por Endrick","og_description":"&nbsp;O impacto da venda de Endrick ao Real Madrid foi um dos grandes destaques do balan\u00e7o financeiro de 2024 do Palmeiras. O clube alviverde divulgou os n\u00fameros auditados, confirmando um salto expressivo nas receitas com negocia\u00e7\u00f5es de jogadores.&nbsp; Isso porque o valor arrecadado com transfer\u00eancias saltou de R$ 187 milh\u00f5es em 2023 para impressionantes R$ [&hellip;]","og_url":"https:\/\/www.gaveanews.com\/index.php\/2025\/04\/04\/o-verdadeiro-valor-que-o-palmeiras-recebeu-por-endrick\/","og_site_name":"G\u00e1vea News","article_publisher":"https:\/\/facebook.com\/gaveaNews\/","article_published_time":"2025-04-05T01:20:00+00:00","og_image":[{"width":1440,"height":959,"url":"https:\/\/www.gaveanews.com\/wp-content\/uploads\/Endrick-com-a-camisa-do-Real-Madrid-em-2024.webp","type":"image\/jpeg"}],"author":"Rafaela Ladeira","twitter_card":"summary_large_image","twitter_misc":{"Escrito por":"Rafaela Ladeira","Est. tempo de leitura":"3 minutos"},"schema":{"@context":"https:\/\/schema.org","@graph":[{"@type":"NewsArticle","@id":"https:\/\/www.gaveanews.com\/index.php\/2025\/04\/04\/o-verdadeiro-valor-que-o-palmeiras-recebeu-por-endrick\/#article","isPartOf":{"@id":"https:\/\/www.gaveanews.com\/index.php\/2025\/04\/04\/o-verdadeiro-valor-que-o-palmeiras-recebeu-por-endrick\/"},"author":{"name":"Rafaela Ladeira","@id":"https:\/\/www.gaveanews.com\/#\/schema\/person\/0eb3e3fe1754f0205218538adbe8f5ed"},"headline":"O verdadeiro valor que o Palmeiras recebeu por Endrick","datePublished":"2025-04-05T01:20:00+00:00","mainEntityOfPage":{"@id":"https:\/\/www.gaveanews.com\/index.php\/2025\/04\/04\/o-verdadeiro-valor-que-o-palmeiras-recebeu-por-endrick\/"},"wordCount":379,"commentCount":0,"image":{"@id":"https:\/\/www.gaveanews.com\/index.php\/2025\/04\/04\/o-verdadeiro-valor-que-o-palmeiras-recebeu-por-endrick\/#primaryimage"},"thumbnailUrl":"https:\/\/www.gaveanews.com\/wp-content\/uploads\/Endrick-com-a-camisa-do-Real-Madrid-em-2024.webp","articleSection":["Palmeiras","Real Madrid"],"inLanguage":"pt-BR","potentialAction":[{"@type":"CommentAction","name":"Comment","target":["https:\/\/www.gaveanews.com\/index.php\/2025\/04\/04\/o-verdadeiro-valor-que-o-palmeiras-recebeu-por-endrick\/#respond"]}],"copyrightYear":"2025","copyrightHolder":{"@id":"https:\/\/www.gaveanews.com\/#organization"}},{"@type":"WebPage","@id":"https:\/\/www.gaveanews.com\/index.php\/2025\/04\/04\/o-verdadeiro-valor-que-o-palmeiras-recebeu-por-endrick\/","url":"https:\/\/www.gaveanews.com\/index.php\/2025\/04\/04\/o-verdadeiro-valor-que-o-palmeiras-recebeu-por-endrick\/","name":"O verdadeiro valor que o Palmeiras recebeu por Endrick","isPartOf":{"@id":"https:\/\/www.gaveanews.com\/#website"},"primaryImageOfPage":{"@id":"https:\/\/www.gaveanews.com\/index.php\/2025\/04\/04\/o-verdadeiro-valor-que-o-palmeiras-recebeu-por-endrick\/#primaryimage"},"image":{"@id":"https:\/\/www.gaveanews.com\/index.php\/2025\/04\/04\/o-verdadeiro-valor-que-o-palmeiras-recebeu-por-endrick\/#primaryimage"},"thumbnailUrl":"https:\/\/www.gaveanews.com\/wp-content\/uploads\/Endrick-com-a-camisa-do-Real-Madrid-em-2024.webp","datePublished":"2025-04-05T01:20:00+00:00","author":{"@id":"https:\/\/www.gaveanews.com\/#\/schema\/person\/0eb3e3fe1754f0205218538adbe8f5ed"},"breadcrumb":{"@id":"https:\/\/www.gaveanews.com\/index.php\/2025\/04\/04\/o-verdadeiro-valor-que-o-palmeiras-recebeu-por-endrick\/#breadcrumb"},"inLanguage":"pt-BR","potentialAction":[{"@type":"ReadAction","target":["https:\/\/www.gaveanews.com\/index.php\/2025\/04\/04\/o-verdadeiro-valor-que-o-palmeiras-recebeu-por-endrick\/"]}]},{"@type":"ImageObject","inLanguage":"pt-BR","@id":"https:\/\/www.gaveanews.com\/index.php\/2025\/04\/04\/o-verdadeiro-valor-que-o-palmeiras-recebeu-por-endrick\/#primaryimage","url":"https:\/\/www.gaveanews.com\/wp-content\/uploads\/Endrick-com-a-camisa-do-Real-Madrid-em-2024.webp","contentUrl":"https:\/\/www.gaveanews.com\/wp-content\/uploads\/Endrick-com-a-camisa-do-Real-Madrid-em-2024.webp","width":1440,"height":959,"caption":"Endrick com a camisa do Real Madrid em 2024 (Foto: Reprodu\u00e7\u00e3o\/Instagram)"},{"@type":"BreadcrumbList","@id":"https:\/\/www.gaveanews.com\/index.php\/2025\/04\/04\/o-verdadeiro-valor-que-o-palmeiras-recebeu-por-endrick\/#breadcrumb","itemListElement":[{"@type":"ListItem","position":1,"name":"Home","item":"https:\/\/www.gaveanews.com\/"},{"@type":"ListItem","position":2,"name":"O verdadeiro valor que o Palmeiras recebeu por Endrick"}]},{"@type":"WebSite","@id":"https:\/\/www.gaveanews.com\/#website","url":"https:\/\/www.gaveanews.com\/","name":"G\u00e1vea News","description":"Veja todas as not\u00edcias sobre o Flamengo: Contrata\u00e7\u00f5es, categorias de base, resultados das partidas, tabela de classifica\u00e7\u00e3o, pr\u00f3ximos jogos!","potentialAction":[{"@type":"SearchAction","target":{"@type":"EntryPoint","urlTemplate":"https:\/\/www.gaveanews.com\/?s={search_term_string}"},"query-input":{"@type":"PropertyValueSpecification","valueRequired":true,"valueName":"search_term_string"}}],"inLanguage":"pt-BR"},{"@type":"Person","@id":"https:\/\/www.gaveanews.com\/#\/schema\/person\/0eb3e3fe1754f0205218538adbe8f5ed","name":"Rafaela Ladeira","image":{"@type":"ImageObject","inLanguage":"pt-BR","@id":"https:\/\/www.gaveanews.com\/#\/schema\/person\/image\/","url":"https:\/\/secure.gravatar.com\/avatar\/c31f513acffd85eacab5730cbdfdbbf59f21ba5aeada8cd890acea879fbb2455?s=96&d=mm&r=g","contentUrl":"https:\/\/secure.gravatar.com\/avatar\/c31f513acffd85eacab5730cbdfdbbf59f21ba5aeada8cd890acea879fbb2455?s=96&d=mm&r=g","caption":"Rafaela Ladeira"}}]}},"_links":{"self":[{"href":"https:\/\/www.gaveanews.com\/index.php\/wp-json\/wp\/v2\/posts\/249174","targetHints":{"allow":["GET"]}}],"collection":[{"href":"https:\/\/www.gaveanews.com\/index.php\/wp-json\/wp\/v2\/posts"}],"about":[{"href":"https:\/\/www.gaveanews.com\/index.php\/wp-json\/wp\/v2\/types\/post"}],"author":[{"embeddable":true,"href":"https:\/\/www.gaveanews.com\/index.php\/wp-json\/wp\/v2\/users\/25"}],"replies":[{"embeddable":true,"href":"https:\/\/www.gaveanews.com\/index.php\/wp-json\/wp\/v2\/comments?post=249174"}],"version-history":[{"count":1,"href":"https:\/\/www.gaveanews.com\/index.php\/wp-json\/wp\/v2\/posts\/249174\/revisions"}],"predecessor-version":[{"id":249175,"href":"https:\/\/www.gaveanews.com\/index.php\/wp-json\/wp\/v2\/posts\/249174\/revisions\/249175"}],"wp:featuredmedia":[{"embeddable":true,"href":"https:\/\/www.gaveanews.com\/index.php\/wp-json\/wp\/v2\/media\/159677"}],"wp:attachment":[{"href":"https:\/\/www.gaveanews.com\/index.php\/wp-json\/wp\/v2\/media?parent=249174"}],"wp:term":[{"taxonomy":"category","embeddable":true,"href":"https:\/\/www.gaveanews.com\/index.php\/wp-json\/wp\/v2\/categories?post=249174"},{"taxonomy":"post_tag","embeddable":true,"href":"https:\/\/www.gaveanews.com\/index.php\/wp-json\/wp\/v2\/tags?post=249174"}],"curies":[{"name":"wp","href":"https:\/\/api.w.org\/{rel}","templated":true}]}}