{"id":249180,"date":"2025-04-05T00:10:00","date_gmt":"2025-04-05T03:10:00","guid":{"rendered":"https:\/\/www.gaveanews.com\/?p=249180"},"modified":"2025-04-04T17:59:32","modified_gmt":"2025-04-04T20:59:32","slug":"chegada-de-reforco-novidade-no-classico-e-declaracao-de-vene-casagrande-as-ultimas-noticias-do-flamengo","status":"publish","type":"post","link":"https:\/\/www.gaveanews.com\/index.php\/2025\/04\/05\/chegada-de-reforco-novidade-no-classico-e-declaracao-de-vene-casagrande-as-ultimas-noticias-do-flamengo\/","title":{"rendered":"Chegada de refor\u00e7o, novidade no cl\u00e1ssico e declara\u00e7\u00e3o de Ven\u00ea Casagrande: as \u00faltimas not\u00edcias do Flamengo"},"content":{"rendered":"\n<p>Nas \u00faltimas horas, o foco das not\u00edcias sobre o Flamengo se concentram nos bastidores do clube, com destaques do dia a dia do time.<\/p>\n\n\n\n<p>Por conta deste contexto, leia abaixo um resumo preparado pela equipe do portal G\u00e1vea News para lhe manter muito bem informado!<\/p>\n\n\n\n<div class=\"wp-block-group\"><div class=\"wp-block-group__inner-container is-layout-constrained wp-block-group-is-layout-constrained\">\n<h2 class=\"wp-block-heading\" id=\"h-declaracao-de-vene-casagrande\">Declara\u00e7\u00e3o de Ven\u00ea Casagrande<\/h2>\n\n\n\n<p>O Flamengo inicia sua trajet\u00f3ria na Libertadores 2025 em meio a uma s\u00e9rie de desafios, enfrentando o Deportivo T\u00e1chira fora de casa nesta quinta-feira (3), \u00e0s 21h30. Apesar de importantes desfalques no elenco, o Rubro-Negro \u00e9 apontado como favorito para o duelo, vis\u00e3o compartilhada pelo jornalista Ven\u00ea Casagrande durante sua participa\u00e7\u00e3o na programa\u00e7\u00e3o esportiva do SBT<strong><a href=\"https:\/\/www.gaveanews.com\/index.php\/2025\/04\/03\/video-a-declaracao-de-vene-casagrande-sobre-deportivo-tachira-x-flamengo\/\"> (leia a mat\u00e9ria completa).<\/a><\/strong><\/p>\n\n\n\n<figure class=\"wp-block-image size-full\"><img loading=\"lazy\" decoding=\"async\" width=\"1920\" height=\"1080\" src=\"http:\/\/www.gaveanews.com\/wp-content\/uploads\/casagrande-comentarista.webp\" alt=\"\" class=\"wp-image-222284\"\/><figcaption class=\"wp-element-caption\">Casagrande, comentarista do UOL Esporte (Foto: Reprodu\u00e7\u00e3o)<\/figcaption><\/figure>\n\n\n\n<p>A equipe carioca n\u00e3o contar\u00e1 com nomes de peso como Arrascaeta, Gerson, Pedro, Gonzalo Plata e Vi\u00f1a. Mesmo assim, o t\u00e9cnico Filipe Lu\u00eds aposta na profundidade do elenco para manter o desempenho competitivo. Atletas como Michael, Luiz Ara\u00fajo e De La Cruz devem ganhar protagonismo na estreia, evidenciando a for\u00e7a do plantel constru\u00eddo para a temporada, cujo objetivo principal \u00e9 conquistar a Libertadores.<\/p>\n\n\n\n<p>Do outro lado, o Deportivo T\u00e1chira vive bom momento no cen\u00e1rio nacional e promete oferecer resist\u00eancia, especialmente com o apoio de sua torcida. A expectativa \u00e9 de uma partida intensa, onde o Flamengo buscar\u00e1 fazer valer sua superioridade t\u00e9cnica. A transmiss\u00e3o ser\u00e1 feita pela ESPN e pela plataforma Disney+, oferecendo ampla cobertura para os torcedores brasileiros.<\/p>\n\n\n\n<h2 class=\"wp-block-heading\" id=\"h-novidade-no-classico\">Novidade no cl\u00e1ssico<\/h2>\n\n\n\n<p>O pedido do Vasco para realizar o cl\u00e1ssico contra o Flamengo em S\u00e3o Janu\u00e1rio, v\u00e1lido pela quinta rodada do Brasileir\u00e3o, foi negado pelo Batalh\u00e3o Especial de Policiamento em Est\u00e1dios (Bepe). A justificativa foi o alto risco associado \u00e0 partida, considerada um cl\u00e1ssico regional. Mesmo com a proposta de torcida \u00fanica, o \u00f3rg\u00e3o de seguran\u00e7a descartou essa possibilidade, mantendo alinhamento com a orienta\u00e7\u00e3o da CBF, que j\u00e1 vetou anteriormente o est\u00e1dio cruzmaltino para jogos dessa magnitude<strong><a href=\"https:\/\/www.gaveanews.com\/index.php\/2025\/04\/03\/martelo-batido-saiba-se-vasco-x-flamengo-sera-disputado-em-sao-januario\/\"> (leia a mat\u00e9ria completa).<\/a><\/strong><\/p>\n\n\n\n<figure class=\"wp-block-image size-full\"><img loading=\"lazy\" decoding=\"async\" width=\"838\" height=\"558\" src=\"http:\/\/www.gaveanews.com\/wp-content\/uploads\/Flamengo-x-Vasco-semifinal-Carioca-2025.webp\" alt=\"\" class=\"wp-image-236525\"\/><figcaption class=\"wp-element-caption\">Flamengo x Vasco semifinal Carioca 2025 (Foto: PaulaReis\/Flamengo)<\/figcaption><\/figure>\n\n\n\n<p>Embora o Vasco tenha respaldo na Lei Geral do Esporte para indicar seu est\u00e1dio como local do confronto, esse direito n\u00e3o \u00e9 absoluto. <\/p>\n\n\n\n<p>A decis\u00e3o final cabe \u00e0s autoridades de seguran\u00e7a, e especialistas apontam que a libera\u00e7\u00e3o do local depende de parecer t\u00e9cnico-operacional. O clube argumenta que jogar em S\u00e3o Janu\u00e1rio evitaria preju\u00edzos financeiros e garantiria igualdade nas condi\u00e7\u00f5es, j\u00e1 que no Maracan\u00e3 o Flamengo possui estrutura privilegiada e maior controle sobre as receitas do jogo.<\/p>\n\n\n\n<p>Com a negativa oficial, o Vasco deve buscar uma alternativa dentro do estado do Rio de Janeiro \u2014 sendo o est\u00e1dio Nilton Santos a principal op\u00e7\u00e3o. O regulamento da CBF impede que a partida seja transferida para fora do estado. Por outro lado, o Flamengo se manifestou contra a ideia de torcida \u00fanica, defendendo a presen\u00e7a de seus torcedores para completar o espet\u00e1culo. A quest\u00e3o segue sendo discutida entre as diretorias, autoridades e torcida, refor\u00e7ando os desafios log\u00edsticos e pol\u00edticos de organizar um cl\u00e1ssico dessa propor\u00e7\u00e3o.<\/p>\n\n\n\n<h2 class=\"wp-block-heading\" id=\"h-chegada-de-reforco\">Chegada de refor\u00e7o<\/h2>\n\n\n\n<p>O Flamengo est\u00e1 em negocia\u00e7\u00f5es avan\u00e7adas para contratar o volante Jorginho, atualmente no Arsenal. A diretoria do clube carioca v\u00ea a poss\u00edvel chegada do jogador como estrat\u00e9gica e intensifica as tratativas com o objetivo de concluir a transa\u00e7\u00e3o ainda em abril. A expectativa gira em torno da visita de Jo\u00e3o Santos, empres\u00e1rio do atleta, que deve desembarcar no Brasil na pr\u00f3xima semana. Durante a estadia, est\u00e1 previsto que ele compare\u00e7a ao Maracan\u00e3 para assistir ao jogo contra o Central C\u00f3rdoba, evento que pode simbolizar um avan\u00e7o nas conversas entre as partes<strong><a href=\"https:\/\/www.gaveanews.com\/index.php\/2025\/04\/03\/flamengo-pode-selar-mais-uma-contratacao-na-proxima-semana\/\"> (leia a mat\u00e9ria completa).<\/a><\/strong><\/p>\n\n\n\n<figure class=\"wp-block-image size-full\"><img loading=\"lazy\" decoding=\"async\" width=\"1920\" height=\"1281\" src=\"http:\/\/www.gaveanews.com\/wp-content\/uploads\/Jose-Boto-Flamengo-1.webp\" alt=\"\" class=\"wp-image-220981\"\/><figcaption class=\"wp-element-caption\">Diretor Jos\u00e9 Boto em coletiva (Foto: Paula Reis\/Flamengo)<\/figcaption><\/figure>\n\n\n\n<p>Ap\u00f3s o compromisso no Rio de Janeiro, Jo\u00e3o Santos retornar\u00e1 \u00e0 Europa para uma reuni\u00e3o com Andrea Berta, diretor de futebol do Arsenal. O encontro ser\u00e1 decisivo para definir os pr\u00f3ximos passos da negocia\u00e7\u00e3o e as exig\u00eancias financeiras do clube ingl\u00eas para liberar o volante. Fontes ligadas ao Flamengo indicam otimismo com rela\u00e7\u00e3o \u00e0 concretiza\u00e7\u00e3o do acordo, considerando Jorginho um refor\u00e7o de grande impacto para o elenco.<\/p>\n\n\n\n<p>O clube rubro-negro espera integrar Jorginho ao grupo antes do Mundial de Clubes da FIFA, que ocorrer\u00e1 entre junho e julho nos Estados Unidos. Isso torna o fator tempo um elemento crucial para o sucesso da opera\u00e7\u00e3o. Ainda que os detalhes contratuais e valores n\u00e3o tenham sido divulgados oficialmente, o andamento das negocia\u00e7\u00f5es indica que a chegada do atleta pode ser confirmada em breve, caso os entraves com o Arsenal sejam superados com o apoio direto do empres\u00e1rio.<\/p>\n<\/div><\/div>\n","protected":false},"excerpt":{"rendered":"<p>Nas \u00faltimas horas, o foco das not\u00edcias sobre o Flamengo se concentram nos bastidores do clube, com destaques do dia a dia do time. Por conta deste contexto, leia abaixo um resumo preparado pela equipe do portal G\u00e1vea News para lhe manter muito bem informado! Declara\u00e7\u00e3o de Ven\u00ea Casagrande O Flamengo inicia sua trajet\u00f3ria na [&hellip;]<\/p>\n","protected":false},"author":33,"featured_media":126591,"comment_status":"open","ping_status":"closed","sticky":false,"template":"","format":"standard","meta":{"footnotes":""},"categories":[1],"tags":[],"class_list":["post-249180","post","type-post","status-publish","format-standard","has-post-thumbnail","hentry","category-flamengo"],"yoast_head":"<!-- This site is optimized with the Yoast SEO Premium plugin v24.2 (Yoast SEO v26.9) - https:\/\/yoast.com\/product\/yoast-seo-premium-wordpress\/ -->\n<title>Chegada de refor\u00e7o, novidade no cl\u00e1ssico e declara\u00e7\u00e3o de Ven\u00ea Casagrande: as \u00faltimas not\u00edcias do Flamengo<\/title>\n<meta name=\"robots\" content=\"index, follow, max-snippet:-1, max-image-preview:large, max-video-preview:-1\" \/>\n<link rel=\"canonical\" href=\"https:\/\/www.gaveanews.com\/index.php\/2025\/04\/05\/chegada-de-reforco-novidade-no-classico-e-declaracao-de-vene-casagrande-as-ultimas-noticias-do-flamengo\/\" \/>\n<meta property=\"og:locale\" content=\"pt_BR\" \/>\n<meta property=\"og:type\" content=\"article\" \/>\n<meta property=\"og:title\" content=\"Chegada de refor\u00e7o, novidade no cl\u00e1ssico e declara\u00e7\u00e3o de Ven\u00ea Casagrande: as \u00faltimas not\u00edcias do Flamengo\" \/>\n<meta property=\"og:description\" content=\"Nas \u00faltimas horas, o foco das not\u00edcias sobre o Flamengo se concentram nos bastidores do clube, com destaques do dia a dia do time. Por conta deste contexto, leia abaixo um resumo preparado pela equipe do portal G\u00e1vea News para lhe manter muito bem informado! Declara\u00e7\u00e3o de Ven\u00ea Casagrande O Flamengo inicia sua trajet\u00f3ria na [&hellip;]\" \/>\n<meta property=\"og:url\" content=\"https:\/\/www.gaveanews.com\/index.php\/2025\/04\/05\/chegada-de-reforco-novidade-no-classico-e-declaracao-de-vene-casagrande-as-ultimas-noticias-do-flamengo\/\" \/>\n<meta property=\"og:site_name\" content=\"G\u00e1vea News\" \/>\n<meta property=\"article:publisher\" content=\"https:\/\/facebook.com\/gaveaNews\/\" \/>\n<meta property=\"article:published_time\" content=\"2025-04-05T03:10:00+00:00\" \/>\n<meta property=\"og:image\" content=\"https:\/\/www.gaveanews.com\/wp-content\/uploads\/escudoDoFlamengo.webp\" \/>\n\t<meta property=\"og:image:width\" content=\"1000\" \/>\n\t<meta property=\"og:image:height\" content=\"667\" \/>\n\t<meta property=\"og:image:type\" content=\"image\/jpeg\" \/>\n<meta name=\"author\" content=\"Brenda Cezillo\" \/>\n<meta name=\"twitter:card\" content=\"summary_large_image\" \/>\n<meta name=\"twitter:label1\" content=\"Escrito por\" \/>\n\t<meta name=\"twitter:data1\" content=\"Brenda Cezillo\" \/>\n\t<meta name=\"twitter:label2\" content=\"Est. tempo de leitura\" \/>\n\t<meta name=\"twitter:data2\" content=\"5 minutos\" \/>\n<script type=\"application\/ld+json\" class=\"yoast-schema-graph\">{\"@context\":\"https:\/\/schema.org\",\"@graph\":[{\"@type\":\"NewsArticle\",\"@id\":\"https:\/\/www.gaveanews.com\/index.php\/2025\/04\/05\/chegada-de-reforco-novidade-no-classico-e-declaracao-de-vene-casagrande-as-ultimas-noticias-do-flamengo\/#article\",\"isPartOf\":{\"@id\":\"https:\/\/www.gaveanews.com\/index.php\/2025\/04\/05\/chegada-de-reforco-novidade-no-classico-e-declaracao-de-vene-casagrande-as-ultimas-noticias-do-flamengo\/\"},\"author\":{\"name\":\"Brenda Cezillo\",\"@id\":\"https:\/\/www.gaveanews.com\/#\/schema\/person\/c79759ca337c40791ae8d08e2923d403\"},\"headline\":\"Chegada de refor\u00e7o, novidade no cl\u00e1ssico e declara\u00e7\u00e3o de Ven\u00ea Casagrande: as \u00faltimas not\u00edcias do Flamengo\",\"datePublished\":\"2025-04-05T03:10:00+00:00\",\"mainEntityOfPage\":{\"@id\":\"https:\/\/www.gaveanews.com\/index.php\/2025\/04\/05\/chegada-de-reforco-novidade-no-classico-e-declaracao-de-vene-casagrande-as-ultimas-noticias-do-flamengo\/\"},\"wordCount\":833,\"commentCount\":0,\"image\":{\"@id\":\"https:\/\/www.gaveanews.com\/index.php\/2025\/04\/05\/chegada-de-reforco-novidade-no-classico-e-declaracao-de-vene-casagrande-as-ultimas-noticias-do-flamengo\/#primaryimage\"},\"thumbnailUrl\":\"https:\/\/www.gaveanews.com\/wp-content\/uploads\/escudoDoFlamengo.webp\",\"articleSection\":[\"Flamengo\"],\"inLanguage\":\"pt-BR\",\"potentialAction\":[{\"@type\":\"CommentAction\",\"name\":\"Comment\",\"target\":[\"https:\/\/www.gaveanews.com\/index.php\/2025\/04\/05\/chegada-de-reforco-novidade-no-classico-e-declaracao-de-vene-casagrande-as-ultimas-noticias-do-flamengo\/#respond\"]}],\"copyrightYear\":\"2025\",\"copyrightHolder\":{\"@id\":\"https:\/\/www.gaveanews.com\/#organization\"}},{\"@type\":\"WebPage\",\"@id\":\"https:\/\/www.gaveanews.com\/index.php\/2025\/04\/05\/chegada-de-reforco-novidade-no-classico-e-declaracao-de-vene-casagrande-as-ultimas-noticias-do-flamengo\/\",\"url\":\"https:\/\/www.gaveanews.com\/index.php\/2025\/04\/05\/chegada-de-reforco-novidade-no-classico-e-declaracao-de-vene-casagrande-as-ultimas-noticias-do-flamengo\/\",\"name\":\"Chegada de refor\u00e7o, novidade no cl\u00e1ssico e declara\u00e7\u00e3o de Ven\u00ea Casagrande: as \u00faltimas not\u00edcias do Flamengo\",\"isPartOf\":{\"@id\":\"https:\/\/www.gaveanews.com\/#website\"},\"primaryImageOfPage\":{\"@id\":\"https:\/\/www.gaveanews.com\/index.php\/2025\/04\/05\/chegada-de-reforco-novidade-no-classico-e-declaracao-de-vene-casagrande-as-ultimas-noticias-do-flamengo\/#primaryimage\"},\"image\":{\"@id\":\"https:\/\/www.gaveanews.com\/index.php\/2025\/04\/05\/chegada-de-reforco-novidade-no-classico-e-declaracao-de-vene-casagrande-as-ultimas-noticias-do-flamengo\/#primaryimage\"},\"thumbnailUrl\":\"https:\/\/www.gaveanews.com\/wp-content\/uploads\/escudoDoFlamengo.webp\",\"datePublished\":\"2025-04-05T03:10:00+00:00\",\"author\":{\"@id\":\"https:\/\/www.gaveanews.com\/#\/schema\/person\/c79759ca337c40791ae8d08e2923d403\"},\"breadcrumb\":{\"@id\":\"https:\/\/www.gaveanews.com\/index.php\/2025\/04\/05\/chegada-de-reforco-novidade-no-classico-e-declaracao-de-vene-casagrande-as-ultimas-noticias-do-flamengo\/#breadcrumb\"},\"inLanguage\":\"pt-BR\",\"potentialAction\":[{\"@type\":\"ReadAction\",\"target\":[\"https:\/\/www.gaveanews.com\/index.php\/2025\/04\/05\/chegada-de-reforco-novidade-no-classico-e-declaracao-de-vene-casagrande-as-ultimas-noticias-do-flamengo\/\"]}]},{\"@type\":\"ImageObject\",\"inLanguage\":\"pt-BR\",\"@id\":\"https:\/\/www.gaveanews.com\/index.php\/2025\/04\/05\/chegada-de-reforco-novidade-no-classico-e-declaracao-de-vene-casagrande-as-ultimas-noticias-do-flamengo\/#primaryimage\",\"url\":\"https:\/\/www.gaveanews.com\/wp-content\/uploads\/escudoDoFlamengo.webp\",\"contentUrl\":\"https:\/\/www.gaveanews.com\/wp-content\/uploads\/escudoDoFlamengo.webp\",\"width\":1000,\"height\":667,\"caption\":\"Escudo do Flamengo (Foto: Reprodu\u00e7\u00e3o)\"},{\"@type\":\"BreadcrumbList\",\"@id\":\"https:\/\/www.gaveanews.com\/index.php\/2025\/04\/05\/chegada-de-reforco-novidade-no-classico-e-declaracao-de-vene-casagrande-as-ultimas-noticias-do-flamengo\/#breadcrumb\",\"itemListElement\":[{\"@type\":\"ListItem\",\"position\":1,\"name\":\"Home\",\"item\":\"https:\/\/www.gaveanews.com\/\"},{\"@type\":\"ListItem\",\"position\":2,\"name\":\"Chegada de refor\u00e7o, novidade no cl\u00e1ssico e declara\u00e7\u00e3o de Ven\u00ea Casagrande: as \u00faltimas not\u00edcias do Flamengo\"}]},{\"@type\":\"WebSite\",\"@id\":\"https:\/\/www.gaveanews.com\/#website\",\"url\":\"https:\/\/www.gaveanews.com\/\",\"name\":\"G\u00e1vea News\",\"description\":\"Veja todas as not\u00edcias sobre o Flamengo: Contrata\u00e7\u00f5es, categorias de base, resultados das partidas, tabela de classifica\u00e7\u00e3o, pr\u00f3ximos jogos!\",\"potentialAction\":[{\"@type\":\"SearchAction\",\"target\":{\"@type\":\"EntryPoint\",\"urlTemplate\":\"https:\/\/www.gaveanews.com\/?s={search_term_string}\"},\"query-input\":{\"@type\":\"PropertyValueSpecification\",\"valueRequired\":true,\"valueName\":\"search_term_string\"}}],\"inLanguage\":\"pt-BR\"},{\"@type\":\"Person\",\"@id\":\"https:\/\/www.gaveanews.com\/#\/schema\/person\/c79759ca337c40791ae8d08e2923d403\",\"name\":\"Brenda Cezillo\",\"image\":{\"@type\":\"ImageObject\",\"inLanguage\":\"pt-BR\",\"@id\":\"https:\/\/www.gaveanews.com\/#\/schema\/person\/image\/\",\"url\":\"https:\/\/secure.gravatar.com\/avatar\/1738d75cee7317f9c29ae61dd67620c5883d80a92e42a6fff88ae5d527af217a?s=96&d=mm&r=g\",\"contentUrl\":\"https:\/\/secure.gravatar.com\/avatar\/1738d75cee7317f9c29ae61dd67620c5883d80a92e42a6fff88ae5d527af217a?s=96&d=mm&r=g\",\"caption\":\"Brenda Cezillo\"}}]}<\/script>\n<!-- \/ Yoast SEO Premium plugin. -->","yoast_head_json":{"title":"Chegada de refor\u00e7o, novidade no cl\u00e1ssico e declara\u00e7\u00e3o de Ven\u00ea Casagrande: as \u00faltimas not\u00edcias do Flamengo","robots":{"index":"index","follow":"follow","max-snippet":"max-snippet:-1","max-image-preview":"max-image-preview:large","max-video-preview":"max-video-preview:-1"},"canonical":"https:\/\/www.gaveanews.com\/index.php\/2025\/04\/05\/chegada-de-reforco-novidade-no-classico-e-declaracao-de-vene-casagrande-as-ultimas-noticias-do-flamengo\/","og_locale":"pt_BR","og_type":"article","og_title":"Chegada de refor\u00e7o, novidade no cl\u00e1ssico e declara\u00e7\u00e3o de Ven\u00ea Casagrande: as \u00faltimas not\u00edcias do Flamengo","og_description":"Nas \u00faltimas horas, o foco das not\u00edcias sobre o Flamengo se concentram nos bastidores do clube, com destaques do dia a dia do time. Por conta deste contexto, leia abaixo um resumo preparado pela equipe do portal G\u00e1vea News para lhe manter muito bem informado! Declara\u00e7\u00e3o de Ven\u00ea Casagrande O Flamengo inicia sua trajet\u00f3ria na [&hellip;]","og_url":"https:\/\/www.gaveanews.com\/index.php\/2025\/04\/05\/chegada-de-reforco-novidade-no-classico-e-declaracao-de-vene-casagrande-as-ultimas-noticias-do-flamengo\/","og_site_name":"G\u00e1vea News","article_publisher":"https:\/\/facebook.com\/gaveaNews\/","article_published_time":"2025-04-05T03:10:00+00:00","og_image":[{"width":1000,"height":667,"url":"https:\/\/www.gaveanews.com\/wp-content\/uploads\/escudoDoFlamengo.webp","type":"image\/jpeg"}],"author":"Brenda Cezillo","twitter_card":"summary_large_image","twitter_misc":{"Escrito por":"Brenda Cezillo","Est. tempo de leitura":"5 minutos"},"schema":{"@context":"https:\/\/schema.org","@graph":[{"@type":"NewsArticle","@id":"https:\/\/www.gaveanews.com\/index.php\/2025\/04\/05\/chegada-de-reforco-novidade-no-classico-e-declaracao-de-vene-casagrande-as-ultimas-noticias-do-flamengo\/#article","isPartOf":{"@id":"https:\/\/www.gaveanews.com\/index.php\/2025\/04\/05\/chegada-de-reforco-novidade-no-classico-e-declaracao-de-vene-casagrande-as-ultimas-noticias-do-flamengo\/"},"author":{"name":"Brenda Cezillo","@id":"https:\/\/www.gaveanews.com\/#\/schema\/person\/c79759ca337c40791ae8d08e2923d403"},"headline":"Chegada de refor\u00e7o, novidade no cl\u00e1ssico e declara\u00e7\u00e3o de Ven\u00ea Casagrande: as \u00faltimas not\u00edcias do Flamengo","datePublished":"2025-04-05T03:10:00+00:00","mainEntityOfPage":{"@id":"https:\/\/www.gaveanews.com\/index.php\/2025\/04\/05\/chegada-de-reforco-novidade-no-classico-e-declaracao-de-vene-casagrande-as-ultimas-noticias-do-flamengo\/"},"wordCount":833,"commentCount":0,"image":{"@id":"https:\/\/www.gaveanews.com\/index.php\/2025\/04\/05\/chegada-de-reforco-novidade-no-classico-e-declaracao-de-vene-casagrande-as-ultimas-noticias-do-flamengo\/#primaryimage"},"thumbnailUrl":"https:\/\/www.gaveanews.com\/wp-content\/uploads\/escudoDoFlamengo.webp","articleSection":["Flamengo"],"inLanguage":"pt-BR","potentialAction":[{"@type":"CommentAction","name":"Comment","target":["https:\/\/www.gaveanews.com\/index.php\/2025\/04\/05\/chegada-de-reforco-novidade-no-classico-e-declaracao-de-vene-casagrande-as-ultimas-noticias-do-flamengo\/#respond"]}],"copyrightYear":"2025","copyrightHolder":{"@id":"https:\/\/www.gaveanews.com\/#organization"}},{"@type":"WebPage","@id":"https:\/\/www.gaveanews.com\/index.php\/2025\/04\/05\/chegada-de-reforco-novidade-no-classico-e-declaracao-de-vene-casagrande-as-ultimas-noticias-do-flamengo\/","url":"https:\/\/www.gaveanews.com\/index.php\/2025\/04\/05\/chegada-de-reforco-novidade-no-classico-e-declaracao-de-vene-casagrande-as-ultimas-noticias-do-flamengo\/","name":"Chegada de refor\u00e7o, novidade no cl\u00e1ssico e declara\u00e7\u00e3o de Ven\u00ea Casagrande: as \u00faltimas not\u00edcias do Flamengo","isPartOf":{"@id":"https:\/\/www.gaveanews.com\/#website"},"primaryImageOfPage":{"@id":"https:\/\/www.gaveanews.com\/index.php\/2025\/04\/05\/chegada-de-reforco-novidade-no-classico-e-declaracao-de-vene-casagrande-as-ultimas-noticias-do-flamengo\/#primaryimage"},"image":{"@id":"https:\/\/www.gaveanews.com\/index.php\/2025\/04\/05\/chegada-de-reforco-novidade-no-classico-e-declaracao-de-vene-casagrande-as-ultimas-noticias-do-flamengo\/#primaryimage"},"thumbnailUrl":"https:\/\/www.gaveanews.com\/wp-content\/uploads\/escudoDoFlamengo.webp","datePublished":"2025-04-05T03:10:00+00:00","author":{"@id":"https:\/\/www.gaveanews.com\/#\/schema\/person\/c79759ca337c40791ae8d08e2923d403"},"breadcrumb":{"@id":"https:\/\/www.gaveanews.com\/index.php\/2025\/04\/05\/chegada-de-reforco-novidade-no-classico-e-declaracao-de-vene-casagrande-as-ultimas-noticias-do-flamengo\/#breadcrumb"},"inLanguage":"pt-BR","potentialAction":[{"@type":"ReadAction","target":["https:\/\/www.gaveanews.com\/index.php\/2025\/04\/05\/chegada-de-reforco-novidade-no-classico-e-declaracao-de-vene-casagrande-as-ultimas-noticias-do-flamengo\/"]}]},{"@type":"ImageObject","inLanguage":"pt-BR","@id":"https:\/\/www.gaveanews.com\/index.php\/2025\/04\/05\/chegada-de-reforco-novidade-no-classico-e-declaracao-de-vene-casagrande-as-ultimas-noticias-do-flamengo\/#primaryimage","url":"https:\/\/www.gaveanews.com\/wp-content\/uploads\/escudoDoFlamengo.webp","contentUrl":"https:\/\/www.gaveanews.com\/wp-content\/uploads\/escudoDoFlamengo.webp","width":1000,"height":667,"caption":"Escudo do Flamengo (Foto: Reprodu\u00e7\u00e3o)"},{"@type":"BreadcrumbList","@id":"https:\/\/www.gaveanews.com\/index.php\/2025\/04\/05\/chegada-de-reforco-novidade-no-classico-e-declaracao-de-vene-casagrande-as-ultimas-noticias-do-flamengo\/#breadcrumb","itemListElement":[{"@type":"ListItem","position":1,"name":"Home","item":"https:\/\/www.gaveanews.com\/"},{"@type":"ListItem","position":2,"name":"Chegada de refor\u00e7o, novidade no cl\u00e1ssico e declara\u00e7\u00e3o de Ven\u00ea Casagrande: as \u00faltimas not\u00edcias do Flamengo"}]},{"@type":"WebSite","@id":"https:\/\/www.gaveanews.com\/#website","url":"https:\/\/www.gaveanews.com\/","name":"G\u00e1vea News","description":"Veja todas as not\u00edcias sobre o Flamengo: Contrata\u00e7\u00f5es, categorias de base, resultados das partidas, tabela de classifica\u00e7\u00e3o, pr\u00f3ximos jogos!","potentialAction":[{"@type":"SearchAction","target":{"@type":"EntryPoint","urlTemplate":"https:\/\/www.gaveanews.com\/?s={search_term_string}"},"query-input":{"@type":"PropertyValueSpecification","valueRequired":true,"valueName":"search_term_string"}}],"inLanguage":"pt-BR"},{"@type":"Person","@id":"https:\/\/www.gaveanews.com\/#\/schema\/person\/c79759ca337c40791ae8d08e2923d403","name":"Brenda Cezillo","image":{"@type":"ImageObject","inLanguage":"pt-BR","@id":"https:\/\/www.gaveanews.com\/#\/schema\/person\/image\/","url":"https:\/\/secure.gravatar.com\/avatar\/1738d75cee7317f9c29ae61dd67620c5883d80a92e42a6fff88ae5d527af217a?s=96&d=mm&r=g","contentUrl":"https:\/\/secure.gravatar.com\/avatar\/1738d75cee7317f9c29ae61dd67620c5883d80a92e42a6fff88ae5d527af217a?s=96&d=mm&r=g","caption":"Brenda Cezillo"}}]}},"_links":{"self":[{"href":"https:\/\/www.gaveanews.com\/index.php\/wp-json\/wp\/v2\/posts\/249180","targetHints":{"allow":["GET"]}}],"collection":[{"href":"https:\/\/www.gaveanews.com\/index.php\/wp-json\/wp\/v2\/posts"}],"about":[{"href":"https:\/\/www.gaveanews.com\/index.php\/wp-json\/wp\/v2\/types\/post"}],"author":[{"embeddable":true,"href":"https:\/\/www.gaveanews.com\/index.php\/wp-json\/wp\/v2\/users\/33"}],"replies":[{"embeddable":true,"href":"https:\/\/www.gaveanews.com\/index.php\/wp-json\/wp\/v2\/comments?post=249180"}],"version-history":[{"count":1,"href":"https:\/\/www.gaveanews.com\/index.php\/wp-json\/wp\/v2\/posts\/249180\/revisions"}],"predecessor-version":[{"id":249195,"href":"https:\/\/www.gaveanews.com\/index.php\/wp-json\/wp\/v2\/posts\/249180\/revisions\/249195"}],"wp:featuredmedia":[{"embeddable":true,"href":"https:\/\/www.gaveanews.com\/index.php\/wp-json\/wp\/v2\/media\/126591"}],"wp:attachment":[{"href":"https:\/\/www.gaveanews.com\/index.php\/wp-json\/wp\/v2\/media?parent=249180"}],"wp:term":[{"taxonomy":"category","embeddable":true,"href":"https:\/\/www.gaveanews.com\/index.php\/wp-json\/wp\/v2\/categories?post=249180"},{"taxonomy":"post_tag","embeddable":true,"href":"https:\/\/www.gaveanews.com\/index.php\/wp-json\/wp\/v2\/tags?post=249180"}],"curies":[{"name":"wp","href":"https:\/\/api.w.org\/{rel}","templated":true}]}}