{"id":249201,"date":"2025-04-05T16:25:49","date_gmt":"2025-04-05T19:25:49","guid":{"rendered":"https:\/\/www.gaveanews.com\/?p=249201"},"modified":"2025-04-05T16:05:12","modified_gmt":"2025-04-05T19:05:12","slug":"cruzeiro-pode-ter-dois-desfalques-de-peso-contra-o-internacional","status":"publish","type":"post","link":"https:\/\/www.gaveanews.com\/index.php\/2025\/04\/05\/cruzeiro-pode-ter-dois-desfalques-de-peso-contra-o-internacional\/","title":{"rendered":"Cruzeiro pode ter dois desfalques de peso contra o Internacional"},"content":{"rendered":"\n<h2 class=\"wp-block-heading\" id=\"h-times-se-enfrentam-neste-domingo\">Times se enfrentam neste domingo <\/h2>\n\n\n\n<p>O Cruzeiro entra em campo neste domingo (6) contra o Internacional pelo Brasileir\u00e3o e pode ter dois desfalques de peso para a partida. O atacante Gabigol est\u00e1 no Rio de Janeiro acompanhando o julgamento do recurso, que ser\u00e1 conclu\u00eddo nesta sexta-feira (4). At\u00e9 o momento, o resultado da sess\u00e3o no CAS (Tribunal Arbitral do Esporte) ainda n\u00e3o foi divulgado. <\/p>\n\n\n\n<p>Na manh\u00e3 deste s\u00e1bado, o Cruzeiro tem um treino marcado e Gabigol pode participar, a depender do desenrolar da situa\u00e7\u00e3o no Rio de Janeiro. O elenco cruzeirense viaja durante a tarde para Porto Alegre. A tend\u00eancia \u00e9 de que a resposta do recurso aconte\u00e7a ainda nesta sexta. O Cruzeiro acompanha a situa\u00e7\u00e3o de perto, por\u00e9m,\u00a0ainda sem comentar sobre os detalhes da audi\u00eancia. <\/p>\n\n\n\n<p>Gabigol segue atuando gra\u00e7as a um efeito suspensivo concedido pelo CAS, que foi obtido um m\u00eas ap\u00f3s a decis\u00e3o inicial. O atacante recorreu contra a Autoridade Brasileira de Controle de Dopagem (ABCD) e a Uni\u00e3o Federal, ap\u00f3s ser suspenso por dois anos devido a um epis\u00f3dio ocorrido em abril de 2023, durante uma coleta de exames no CT do Flamengo. A decis\u00e3o pela puni\u00e7\u00e3o foi anunciada em mar\u00e7o de 2024, com in\u00edcio retroativo marcado para 8 de abril de 2023.<\/p>\n\n\n\n<p>Por conta do efeito suspenso, Gabigol foi liberado e voltou a treinar e jogar com a camisa do Flamengo, na reta final de seu contrato, no ano passado. O atacante n\u00e3o chegou em um acordo com o rubro-negro carioca e ficou livre no mercado para acertar com o Cruzeiro de forma gratuita. <\/p>\n\n\n\n<p>Outro que pode ser desfalque \u00e9 o meia Matheus Pereira. O jogador vem treinando normalmente com o elenco, mas sua filha est\u00e1 prestes a nascer. Desta forma, Matheus vem sendo liberado das \u00faltimas viagens da equipe. Ainda h\u00e1 d\u00favida se o atleta ir\u00e1 ser relacionado para a partida. <\/p>\n\n\n\n<p>Matheus Pereira n\u00e3o disputou os jogos-treino contra Botafogo e Bragantino. No duelo diante do Uni\u00f3n, o meia n\u00e3o viajou pois estava cumprindo suspens\u00e3o. A maior chance \u00e9 de que Matheus fique de fora da partida contra o Inter neste fim de semana. <\/p>\n\n\n\n<p><strong>A prov\u00e1vel escala\u00e7\u00e3o do Cruzeiro \u00e9:<\/strong> C\u00e1ssio; William, Fabr\u00edcio Bruno, Gamarra (Jonathan Jesus) e Villalba; Walace (Lucas Romero) e Matheus Henrique; Wanderson, Dudu, Kaio Jorge e Gabigol. <\/p>\n\n\n\n<p>Internacional e Cruzeiro se enfrentam neste domingo (6) no Est\u00e1dio Beira-Rio, pela segunda rodada do Campeonato Brasileiro. A bola rola \u00e0s 18h30 (hor\u00e1rio de Bras\u00edlia). <\/p>\n","protected":false},"excerpt":{"rendered":"<p>Times se enfrentam neste domingo O Cruzeiro entra em campo neste domingo (6) contra o Internacional pelo Brasileir\u00e3o e pode ter dois desfalques de peso para a partida. O atacante Gabigol est\u00e1 no Rio de Janeiro acompanhando o julgamento do recurso, que ser\u00e1 conclu\u00eddo nesta sexta-feira (4). At\u00e9 o momento, o resultado da sess\u00e3o no [&hellip;]<\/p>\n","protected":false},"author":21,"featured_media":143443,"comment_status":"open","ping_status":"closed","sticky":false,"template":"","format":"standard","meta":{"footnotes":""},"categories":[143,148],"tags":[],"class_list":["post-249201","post","type-post","status-publish","format-standard","has-post-thumbnail","hentry","category-cruzeiro","category-internacional"],"yoast_head":"<!-- This site is optimized with the Yoast SEO Premium plugin v24.2 (Yoast SEO v26.9) - https:\/\/yoast.com\/product\/yoast-seo-premium-wordpress\/ -->\n<title>Cruzeiro pode ter dois desfalques de peso contra o Internacional<\/title>\n<meta name=\"robots\" content=\"index, follow, max-snippet:-1, max-image-preview:large, max-video-preview:-1\" \/>\n<link rel=\"canonical\" href=\"https:\/\/www.gaveanews.com\/index.php\/2025\/04\/05\/cruzeiro-pode-ter-dois-desfalques-de-peso-contra-o-internacional\/\" \/>\n<meta property=\"og:locale\" content=\"pt_BR\" \/>\n<meta property=\"og:type\" content=\"article\" \/>\n<meta property=\"og:title\" content=\"Cruzeiro pode ter dois desfalques de peso contra o Internacional\" \/>\n<meta property=\"og:description\" content=\"Times se enfrentam neste domingo O Cruzeiro entra em campo neste domingo (6) contra o Internacional pelo Brasileir\u00e3o e pode ter dois desfalques de peso para a partida. O atacante Gabigol est\u00e1 no Rio de Janeiro acompanhando o julgamento do recurso, que ser\u00e1 conclu\u00eddo nesta sexta-feira (4). At\u00e9 o momento, o resultado da sess\u00e3o no [&hellip;]\" \/>\n<meta property=\"og:url\" content=\"https:\/\/www.gaveanews.com\/index.php\/2025\/04\/05\/cruzeiro-pode-ter-dois-desfalques-de-peso-contra-o-internacional\/\" \/>\n<meta property=\"og:site_name\" content=\"G\u00e1vea News\" \/>\n<meta property=\"article:publisher\" content=\"https:\/\/facebook.com\/gaveaNews\/\" \/>\n<meta property=\"article:published_time\" content=\"2025-04-05T19:25:49+00:00\" \/>\n<meta property=\"og:image\" content=\"https:\/\/www.gaveanews.com\/wp-content\/uploads\/Elenco-do-Cruzeiro-comemorando-um-gol.webp\" \/>\n\t<meta property=\"og:image:width\" content=\"999\" \/>\n\t<meta property=\"og:image:height\" content=\"666\" \/>\n\t<meta property=\"og:image:type\" content=\"image\/webp\" \/>\n<meta name=\"author\" content=\"Andr\u00e9 Serra\" \/>\n<meta name=\"twitter:card\" content=\"summary_large_image\" \/>\n<meta name=\"twitter:label1\" content=\"Escrito por\" \/>\n\t<meta name=\"twitter:data1\" content=\"Andr\u00e9 Serra\" \/>\n\t<meta name=\"twitter:label2\" content=\"Est. tempo de leitura\" \/>\n\t<meta name=\"twitter:data2\" content=\"3 minutos\" \/>\n<script type=\"application\/ld+json\" class=\"yoast-schema-graph\">{\"@context\":\"https:\/\/schema.org\",\"@graph\":[{\"@type\":\"NewsArticle\",\"@id\":\"https:\/\/www.gaveanews.com\/index.php\/2025\/04\/05\/cruzeiro-pode-ter-dois-desfalques-de-peso-contra-o-internacional\/#article\",\"isPartOf\":{\"@id\":\"https:\/\/www.gaveanews.com\/index.php\/2025\/04\/05\/cruzeiro-pode-ter-dois-desfalques-de-peso-contra-o-internacional\/\"},\"author\":{\"name\":\"Andr\u00e9 Serra\",\"@id\":\"https:\/\/www.gaveanews.com\/#\/schema\/person\/0277a79a1289c451c281ec0411d84f0c\"},\"headline\":\"Cruzeiro pode ter dois desfalques de peso contra o Internacional\",\"datePublished\":\"2025-04-05T19:25:49+00:00\",\"mainEntityOfPage\":{\"@id\":\"https:\/\/www.gaveanews.com\/index.php\/2025\/04\/05\/cruzeiro-pode-ter-dois-desfalques-de-peso-contra-o-internacional\/\"},\"wordCount\":435,\"commentCount\":0,\"image\":{\"@id\":\"https:\/\/www.gaveanews.com\/index.php\/2025\/04\/05\/cruzeiro-pode-ter-dois-desfalques-de-peso-contra-o-internacional\/#primaryimage\"},\"thumbnailUrl\":\"https:\/\/www.gaveanews.com\/wp-content\/uploads\/Elenco-do-Cruzeiro-comemorando-um-gol.webp\",\"articleSection\":[\"Cruzeiro\",\"Internacional\"],\"inLanguage\":\"pt-BR\",\"potentialAction\":[{\"@type\":\"CommentAction\",\"name\":\"Comment\",\"target\":[\"https:\/\/www.gaveanews.com\/index.php\/2025\/04\/05\/cruzeiro-pode-ter-dois-desfalques-de-peso-contra-o-internacional\/#respond\"]}],\"copyrightYear\":\"2025\",\"copyrightHolder\":{\"@id\":\"https:\/\/www.gaveanews.com\/#organization\"}},{\"@type\":\"WebPage\",\"@id\":\"https:\/\/www.gaveanews.com\/index.php\/2025\/04\/05\/cruzeiro-pode-ter-dois-desfalques-de-peso-contra-o-internacional\/\",\"url\":\"https:\/\/www.gaveanews.com\/index.php\/2025\/04\/05\/cruzeiro-pode-ter-dois-desfalques-de-peso-contra-o-internacional\/\",\"name\":\"Cruzeiro pode ter dois desfalques de peso contra o Internacional\",\"isPartOf\":{\"@id\":\"https:\/\/www.gaveanews.com\/#website\"},\"primaryImageOfPage\":{\"@id\":\"https:\/\/www.gaveanews.com\/index.php\/2025\/04\/05\/cruzeiro-pode-ter-dois-desfalques-de-peso-contra-o-internacional\/#primaryimage\"},\"image\":{\"@id\":\"https:\/\/www.gaveanews.com\/index.php\/2025\/04\/05\/cruzeiro-pode-ter-dois-desfalques-de-peso-contra-o-internacional\/#primaryimage\"},\"thumbnailUrl\":\"https:\/\/www.gaveanews.com\/wp-content\/uploads\/Elenco-do-Cruzeiro-comemorando-um-gol.webp\",\"datePublished\":\"2025-04-05T19:25:49+00:00\",\"author\":{\"@id\":\"https:\/\/www.gaveanews.com\/#\/schema\/person\/0277a79a1289c451c281ec0411d84f0c\"},\"breadcrumb\":{\"@id\":\"https:\/\/www.gaveanews.com\/index.php\/2025\/04\/05\/cruzeiro-pode-ter-dois-desfalques-de-peso-contra-o-internacional\/#breadcrumb\"},\"inLanguage\":\"pt-BR\",\"potentialAction\":[{\"@type\":\"ReadAction\",\"target\":[\"https:\/\/www.gaveanews.com\/index.php\/2025\/04\/05\/cruzeiro-pode-ter-dois-desfalques-de-peso-contra-o-internacional\/\"]}]},{\"@type\":\"ImageObject\",\"inLanguage\":\"pt-BR\",\"@id\":\"https:\/\/www.gaveanews.com\/index.php\/2025\/04\/05\/cruzeiro-pode-ter-dois-desfalques-de-peso-contra-o-internacional\/#primaryimage\",\"url\":\"https:\/\/www.gaveanews.com\/wp-content\/uploads\/Elenco-do-Cruzeiro-comemorando-um-gol.webp\",\"contentUrl\":\"https:\/\/www.gaveanews.com\/wp-content\/uploads\/Elenco-do-Cruzeiro-comemorando-um-gol.webp\",\"width\":999,\"height\":666,\"caption\":\"Elenco do Cruzeiro comemorando um gol (Foto Reprodu\u00e7\u00e3o\/Instagram)\"},{\"@type\":\"BreadcrumbList\",\"@id\":\"https:\/\/www.gaveanews.com\/index.php\/2025\/04\/05\/cruzeiro-pode-ter-dois-desfalques-de-peso-contra-o-internacional\/#breadcrumb\",\"itemListElement\":[{\"@type\":\"ListItem\",\"position\":1,\"name\":\"Home\",\"item\":\"https:\/\/www.gaveanews.com\/\"},{\"@type\":\"ListItem\",\"position\":2,\"name\":\"Cruzeiro pode ter dois desfalques de peso contra o Internacional\"}]},{\"@type\":\"WebSite\",\"@id\":\"https:\/\/www.gaveanews.com\/#website\",\"url\":\"https:\/\/www.gaveanews.com\/\",\"name\":\"G\u00e1vea News\",\"description\":\"Veja todas as not\u00edcias sobre o Flamengo: Contrata\u00e7\u00f5es, categorias de base, resultados das partidas, tabela de classifica\u00e7\u00e3o, pr\u00f3ximos jogos!\",\"potentialAction\":[{\"@type\":\"SearchAction\",\"target\":{\"@type\":\"EntryPoint\",\"urlTemplate\":\"https:\/\/www.gaveanews.com\/?s={search_term_string}\"},\"query-input\":{\"@type\":\"PropertyValueSpecification\",\"valueRequired\":true,\"valueName\":\"search_term_string\"}}],\"inLanguage\":\"pt-BR\"},{\"@type\":\"Person\",\"@id\":\"https:\/\/www.gaveanews.com\/#\/schema\/person\/0277a79a1289c451c281ec0411d84f0c\",\"name\":\"Andr\u00e9 Serra\",\"image\":{\"@type\":\"ImageObject\",\"inLanguage\":\"pt-BR\",\"@id\":\"https:\/\/www.gaveanews.com\/#\/schema\/person\/image\/\",\"url\":\"https:\/\/secure.gravatar.com\/avatar\/d7231369fe48db93292b3e88eb2162dbd9a34a47a8437d9ef3bcaca2a86a83d7?s=96&d=mm&r=g\",\"contentUrl\":\"https:\/\/secure.gravatar.com\/avatar\/d7231369fe48db93292b3e88eb2162dbd9a34a47a8437d9ef3bcaca2a86a83d7?s=96&d=mm&r=g\",\"caption\":\"Andr\u00e9 Serra\"}}]}<\/script>\n<!-- \/ Yoast SEO Premium plugin. -->","yoast_head_json":{"title":"Cruzeiro pode ter dois desfalques de peso contra o Internacional","robots":{"index":"index","follow":"follow","max-snippet":"max-snippet:-1","max-image-preview":"max-image-preview:large","max-video-preview":"max-video-preview:-1"},"canonical":"https:\/\/www.gaveanews.com\/index.php\/2025\/04\/05\/cruzeiro-pode-ter-dois-desfalques-de-peso-contra-o-internacional\/","og_locale":"pt_BR","og_type":"article","og_title":"Cruzeiro pode ter dois desfalques de peso contra o Internacional","og_description":"Times se enfrentam neste domingo O Cruzeiro entra em campo neste domingo (6) contra o Internacional pelo Brasileir\u00e3o e pode ter dois desfalques de peso para a partida. O atacante Gabigol est\u00e1 no Rio de Janeiro acompanhando o julgamento do recurso, que ser\u00e1 conclu\u00eddo nesta sexta-feira (4). At\u00e9 o momento, o resultado da sess\u00e3o no [&hellip;]","og_url":"https:\/\/www.gaveanews.com\/index.php\/2025\/04\/05\/cruzeiro-pode-ter-dois-desfalques-de-peso-contra-o-internacional\/","og_site_name":"G\u00e1vea News","article_publisher":"https:\/\/facebook.com\/gaveaNews\/","article_published_time":"2025-04-05T19:25:49+00:00","og_image":[{"width":999,"height":666,"url":"https:\/\/www.gaveanews.com\/wp-content\/uploads\/Elenco-do-Cruzeiro-comemorando-um-gol.webp","type":"image\/webp"}],"author":"Andr\u00e9 Serra","twitter_card":"summary_large_image","twitter_misc":{"Escrito por":"Andr\u00e9 Serra","Est. tempo de leitura":"3 minutos"},"schema":{"@context":"https:\/\/schema.org","@graph":[{"@type":"NewsArticle","@id":"https:\/\/www.gaveanews.com\/index.php\/2025\/04\/05\/cruzeiro-pode-ter-dois-desfalques-de-peso-contra-o-internacional\/#article","isPartOf":{"@id":"https:\/\/www.gaveanews.com\/index.php\/2025\/04\/05\/cruzeiro-pode-ter-dois-desfalques-de-peso-contra-o-internacional\/"},"author":{"name":"Andr\u00e9 Serra","@id":"https:\/\/www.gaveanews.com\/#\/schema\/person\/0277a79a1289c451c281ec0411d84f0c"},"headline":"Cruzeiro pode ter dois desfalques de peso contra o Internacional","datePublished":"2025-04-05T19:25:49+00:00","mainEntityOfPage":{"@id":"https:\/\/www.gaveanews.com\/index.php\/2025\/04\/05\/cruzeiro-pode-ter-dois-desfalques-de-peso-contra-o-internacional\/"},"wordCount":435,"commentCount":0,"image":{"@id":"https:\/\/www.gaveanews.com\/index.php\/2025\/04\/05\/cruzeiro-pode-ter-dois-desfalques-de-peso-contra-o-internacional\/#primaryimage"},"thumbnailUrl":"https:\/\/www.gaveanews.com\/wp-content\/uploads\/Elenco-do-Cruzeiro-comemorando-um-gol.webp","articleSection":["Cruzeiro","Internacional"],"inLanguage":"pt-BR","potentialAction":[{"@type":"CommentAction","name":"Comment","target":["https:\/\/www.gaveanews.com\/index.php\/2025\/04\/05\/cruzeiro-pode-ter-dois-desfalques-de-peso-contra-o-internacional\/#respond"]}],"copyrightYear":"2025","copyrightHolder":{"@id":"https:\/\/www.gaveanews.com\/#organization"}},{"@type":"WebPage","@id":"https:\/\/www.gaveanews.com\/index.php\/2025\/04\/05\/cruzeiro-pode-ter-dois-desfalques-de-peso-contra-o-internacional\/","url":"https:\/\/www.gaveanews.com\/index.php\/2025\/04\/05\/cruzeiro-pode-ter-dois-desfalques-de-peso-contra-o-internacional\/","name":"Cruzeiro pode ter dois desfalques de peso contra o Internacional","isPartOf":{"@id":"https:\/\/www.gaveanews.com\/#website"},"primaryImageOfPage":{"@id":"https:\/\/www.gaveanews.com\/index.php\/2025\/04\/05\/cruzeiro-pode-ter-dois-desfalques-de-peso-contra-o-internacional\/#primaryimage"},"image":{"@id":"https:\/\/www.gaveanews.com\/index.php\/2025\/04\/05\/cruzeiro-pode-ter-dois-desfalques-de-peso-contra-o-internacional\/#primaryimage"},"thumbnailUrl":"https:\/\/www.gaveanews.com\/wp-content\/uploads\/Elenco-do-Cruzeiro-comemorando-um-gol.webp","datePublished":"2025-04-05T19:25:49+00:00","author":{"@id":"https:\/\/www.gaveanews.com\/#\/schema\/person\/0277a79a1289c451c281ec0411d84f0c"},"breadcrumb":{"@id":"https:\/\/www.gaveanews.com\/index.php\/2025\/04\/05\/cruzeiro-pode-ter-dois-desfalques-de-peso-contra-o-internacional\/#breadcrumb"},"inLanguage":"pt-BR","potentialAction":[{"@type":"ReadAction","target":["https:\/\/www.gaveanews.com\/index.php\/2025\/04\/05\/cruzeiro-pode-ter-dois-desfalques-de-peso-contra-o-internacional\/"]}]},{"@type":"ImageObject","inLanguage":"pt-BR","@id":"https:\/\/www.gaveanews.com\/index.php\/2025\/04\/05\/cruzeiro-pode-ter-dois-desfalques-de-peso-contra-o-internacional\/#primaryimage","url":"https:\/\/www.gaveanews.com\/wp-content\/uploads\/Elenco-do-Cruzeiro-comemorando-um-gol.webp","contentUrl":"https:\/\/www.gaveanews.com\/wp-content\/uploads\/Elenco-do-Cruzeiro-comemorando-um-gol.webp","width":999,"height":666,"caption":"Elenco do Cruzeiro comemorando um gol (Foto Reprodu\u00e7\u00e3o\/Instagram)"},{"@type":"BreadcrumbList","@id":"https:\/\/www.gaveanews.com\/index.php\/2025\/04\/05\/cruzeiro-pode-ter-dois-desfalques-de-peso-contra-o-internacional\/#breadcrumb","itemListElement":[{"@type":"ListItem","position":1,"name":"Home","item":"https:\/\/www.gaveanews.com\/"},{"@type":"ListItem","position":2,"name":"Cruzeiro pode ter dois desfalques de peso contra o Internacional"}]},{"@type":"WebSite","@id":"https:\/\/www.gaveanews.com\/#website","url":"https:\/\/www.gaveanews.com\/","name":"G\u00e1vea News","description":"Veja todas as not\u00edcias sobre o Flamengo: Contrata\u00e7\u00f5es, categorias de base, resultados das partidas, tabela de classifica\u00e7\u00e3o, pr\u00f3ximos jogos!","potentialAction":[{"@type":"SearchAction","target":{"@type":"EntryPoint","urlTemplate":"https:\/\/www.gaveanews.com\/?s={search_term_string}"},"query-input":{"@type":"PropertyValueSpecification","valueRequired":true,"valueName":"search_term_string"}}],"inLanguage":"pt-BR"},{"@type":"Person","@id":"https:\/\/www.gaveanews.com\/#\/schema\/person\/0277a79a1289c451c281ec0411d84f0c","name":"Andr\u00e9 Serra","image":{"@type":"ImageObject","inLanguage":"pt-BR","@id":"https:\/\/www.gaveanews.com\/#\/schema\/person\/image\/","url":"https:\/\/secure.gravatar.com\/avatar\/d7231369fe48db93292b3e88eb2162dbd9a34a47a8437d9ef3bcaca2a86a83d7?s=96&d=mm&r=g","contentUrl":"https:\/\/secure.gravatar.com\/avatar\/d7231369fe48db93292b3e88eb2162dbd9a34a47a8437d9ef3bcaca2a86a83d7?s=96&d=mm&r=g","caption":"Andr\u00e9 Serra"}}]}},"_links":{"self":[{"href":"https:\/\/www.gaveanews.com\/index.php\/wp-json\/wp\/v2\/posts\/249201","targetHints":{"allow":["GET"]}}],"collection":[{"href":"https:\/\/www.gaveanews.com\/index.php\/wp-json\/wp\/v2\/posts"}],"about":[{"href":"https:\/\/www.gaveanews.com\/index.php\/wp-json\/wp\/v2\/types\/post"}],"author":[{"embeddable":true,"href":"https:\/\/www.gaveanews.com\/index.php\/wp-json\/wp\/v2\/users\/21"}],"replies":[{"embeddable":true,"href":"https:\/\/www.gaveanews.com\/index.php\/wp-json\/wp\/v2\/comments?post=249201"}],"version-history":[{"count":1,"href":"https:\/\/www.gaveanews.com\/index.php\/wp-json\/wp\/v2\/posts\/249201\/revisions"}],"predecessor-version":[{"id":249211,"href":"https:\/\/www.gaveanews.com\/index.php\/wp-json\/wp\/v2\/posts\/249201\/revisions\/249211"}],"wp:featuredmedia":[{"embeddable":true,"href":"https:\/\/www.gaveanews.com\/index.php\/wp-json\/wp\/v2\/media\/143443"}],"wp:attachment":[{"href":"https:\/\/www.gaveanews.com\/index.php\/wp-json\/wp\/v2\/media?parent=249201"}],"wp:term":[{"taxonomy":"category","embeddable":true,"href":"https:\/\/www.gaveanews.com\/index.php\/wp-json\/wp\/v2\/categories?post=249201"},{"taxonomy":"post_tag","embeddable":true,"href":"https:\/\/www.gaveanews.com\/index.php\/wp-json\/wp\/v2\/tags?post=249201"}],"curies":[{"name":"wp","href":"https:\/\/api.w.org\/{rel}","templated":true}]}}