{"id":249231,"date":"2025-04-05T00:05:00","date_gmt":"2025-04-05T03:05:00","guid":{"rendered":"https:\/\/www.gaveanews.com\/?p=249231"},"modified":"2025-04-04T20:07:31","modified_gmt":"2025-04-04T23:07:31","slug":"rogerio-ceni-ganha-mais-um-desfalque-no-bahia","status":"publish","type":"post","link":"https:\/\/www.gaveanews.com\/index.php\/2025\/04\/05\/rogerio-ceni-ganha-mais-um-desfalque-no-bahia\/","title":{"rendered":"Rog\u00e9rio Ceni ganha mais um desfalque no Bahia"},"content":{"rendered":"\n<p>O zagueiro Gabriel Xavier deve desfalcar o Bahia pelas pr\u00f3ximas semanas. O jogador sofreu uma les\u00e3o na panturrilha e, conforme revelou o t\u00e9cnico Rog\u00e9rio Ceni, pode precisar de at\u00e9 quatro semanas para se recuperar completamente. O defensor j\u00e1 n\u00e3o atuou na partida contra o Internacional, realizada na \u00faltima quinta-feira (03 de abril), na Arena Fonte Nova, que terminou empatada por 1 a 1.<\/p>\n\n\n\n<p>Durante a entrevista coletiva, Ceni destacou a import\u00e2ncia de Gabriel na forma\u00e7\u00e3o do elenco. \u201cGabriel sofreu les\u00e3o na panturrilha e deve ficar fora as pr\u00f3ximas quatro semanas. Uma pena, principalmente para jogo fora de casa\u201d, lamentou o treinador. A aus\u00eancia afeta diretamente a estrutura t\u00e1tica da equipe, j\u00e1 que Gabriel era utilizado tamb\u00e9m como uma alternativa para aumentar a estatura defensiva na lateral.<\/p>\n\n\n\n<p>O zagueiro participou de oito partidas nesta temporada, sendo tr\u00eas pela Libertadores e duas nas finais do Campeonato Baiano. Sua presen\u00e7a constante nas escala\u00e7\u00f5es refor\u00e7a o impacto que sua aus\u00eancia pode causar, sobretudo em jogos decisivos e fora de casa. Afinal, sua versatilidade e capacidade de adapta\u00e7\u00e3o vinham sendo exploradas com frequ\u00eancia por Ceni.<\/p>\n\n\n\n<p>A les\u00e3o de Gabriel reduz as op\u00e7\u00f5es do treinador para o setor defensivo. Atualmente, David Duarte e Rezende s\u00e3o os substitutos imediatos. Segundo Ceni, essa limita\u00e7\u00e3o de pe\u00e7as mais altas para a defesa \u00e9 um dos pontos que a equipe tem lidado com ajustes no modelo de jogo. \u201cMudamos a maneira de jogar neste ano e temos administrado bem essa situa\u00e7\u00e3o\u201d, explicou.<\/p>\n\n\n\n<p>O Bahia volta a campo no domingo (06 de abril), \u00e0s 20h30 (hor\u00e1rio de Bras\u00edlia), para enfrentar o Santos, fora de casa, pela segunda rodada do Campeonato Brasileiro. O confronto ser\u00e1 na Vila Belmiro e, sem Gabriel, a defesa dever\u00e1 passar por reformula\u00e7\u00f5es.<\/p>\n\n\n\n<p>Enquanto isso, o clube segue monitorando a recupera\u00e7\u00e3o do zagueiro, aguardando sua evolu\u00e7\u00e3o f\u00edsica a fim de reintegr\u00e1-lo ao elenco o quanto antes.<\/p>\n","protected":false},"excerpt":{"rendered":"<p>O zagueiro Gabriel Xavier deve desfalcar o Bahia pelas pr\u00f3ximas semanas. O jogador sofreu uma les\u00e3o na panturrilha e, conforme revelou o t\u00e9cnico Rog\u00e9rio Ceni, pode precisar de at\u00e9 quatro semanas para se recuperar completamente. O defensor j\u00e1 n\u00e3o atuou na partida contra o Internacional, realizada na \u00faltima quinta-feira (03 de abril), na Arena Fonte [&hellip;]<\/p>\n","protected":false},"author":18,"featured_media":148395,"comment_status":"open","ping_status":"closed","sticky":false,"template":"","format":"standard","meta":{"footnotes":""},"categories":[137],"tags":[],"class_list":["post-249231","post","type-post","status-publish","format-standard","has-post-thumbnail","hentry","category-bahia"],"yoast_head":"<!-- This site is optimized with the Yoast SEO Premium plugin v24.2 (Yoast SEO v26.9) - https:\/\/yoast.com\/product\/yoast-seo-premium-wordpress\/ -->\n<title>Rog\u00e9rio Ceni ganha mais um desfalque no Bahia<\/title>\n<meta name=\"robots\" content=\"index, follow, max-snippet:-1, max-image-preview:large, max-video-preview:-1\" \/>\n<link rel=\"canonical\" href=\"https:\/\/www.gaveanews.com\/index.php\/2025\/04\/05\/rogerio-ceni-ganha-mais-um-desfalque-no-bahia\/\" \/>\n<meta property=\"og:locale\" content=\"pt_BR\" \/>\n<meta property=\"og:type\" content=\"article\" \/>\n<meta property=\"og:title\" content=\"Rog\u00e9rio Ceni ganha mais um desfalque no Bahia\" \/>\n<meta property=\"og:description\" content=\"O zagueiro Gabriel Xavier deve desfalcar o Bahia pelas pr\u00f3ximas semanas. O jogador sofreu uma les\u00e3o na panturrilha e, conforme revelou o t\u00e9cnico Rog\u00e9rio Ceni, pode precisar de at\u00e9 quatro semanas para se recuperar completamente. O defensor j\u00e1 n\u00e3o atuou na partida contra o Internacional, realizada na \u00faltima quinta-feira (03 de abril), na Arena Fonte [&hellip;]\" \/>\n<meta property=\"og:url\" content=\"https:\/\/www.gaveanews.com\/index.php\/2025\/04\/05\/rogerio-ceni-ganha-mais-um-desfalque-no-bahia\/\" \/>\n<meta property=\"og:site_name\" content=\"G\u00e1vea News\" \/>\n<meta property=\"article:publisher\" content=\"https:\/\/facebook.com\/gaveaNews\/\" \/>\n<meta property=\"article:published_time\" content=\"2025-04-05T03:05:00+00:00\" \/>\n<meta property=\"og:image\" content=\"https:\/\/www.gaveanews.com\/wp-content\/uploads\/rogerio-ceni-bahia.webp\" \/>\n\t<meta property=\"og:image:width\" content=\"984\" \/>\n\t<meta property=\"og:image:height\" content=\"656\" \/>\n\t<meta property=\"og:image:type\" content=\"image\/webp\" \/>\n<meta name=\"author\" content=\"Paula Silva\" \/>\n<meta name=\"twitter:card\" content=\"summary_large_image\" \/>\n<meta name=\"twitter:label1\" content=\"Escrito por\" \/>\n\t<meta name=\"twitter:data1\" content=\"Paula Silva\" \/>\n\t<meta name=\"twitter:label2\" content=\"Est. tempo de leitura\" \/>\n\t<meta name=\"twitter:data2\" content=\"2 minutos\" \/>\n<script type=\"application\/ld+json\" class=\"yoast-schema-graph\">{\"@context\":\"https:\/\/schema.org\",\"@graph\":[{\"@type\":\"NewsArticle\",\"@id\":\"https:\/\/www.gaveanews.com\/index.php\/2025\/04\/05\/rogerio-ceni-ganha-mais-um-desfalque-no-bahia\/#article\",\"isPartOf\":{\"@id\":\"https:\/\/www.gaveanews.com\/index.php\/2025\/04\/05\/rogerio-ceni-ganha-mais-um-desfalque-no-bahia\/\"},\"author\":{\"name\":\"Paula Silva\",\"@id\":\"https:\/\/www.gaveanews.com\/#\/schema\/person\/daf63eec72e1164eb13dc35096c2b8da\"},\"headline\":\"Rog\u00e9rio Ceni ganha mais um desfalque no Bahia\",\"datePublished\":\"2025-04-05T03:05:00+00:00\",\"mainEntityOfPage\":{\"@id\":\"https:\/\/www.gaveanews.com\/index.php\/2025\/04\/05\/rogerio-ceni-ganha-mais-um-desfalque-no-bahia\/\"},\"wordCount\":344,\"commentCount\":0,\"image\":{\"@id\":\"https:\/\/www.gaveanews.com\/index.php\/2025\/04\/05\/rogerio-ceni-ganha-mais-um-desfalque-no-bahia\/#primaryimage\"},\"thumbnailUrl\":\"https:\/\/www.gaveanews.com\/wp-content\/uploads\/rogerio-ceni-bahia.webp\",\"articleSection\":[\"Bahia\"],\"inLanguage\":\"pt-BR\",\"potentialAction\":[{\"@type\":\"CommentAction\",\"name\":\"Comment\",\"target\":[\"https:\/\/www.gaveanews.com\/index.php\/2025\/04\/05\/rogerio-ceni-ganha-mais-um-desfalque-no-bahia\/#respond\"]}],\"copyrightYear\":\"2025\",\"copyrightHolder\":{\"@id\":\"https:\/\/www.gaveanews.com\/#organization\"}},{\"@type\":\"WebPage\",\"@id\":\"https:\/\/www.gaveanews.com\/index.php\/2025\/04\/05\/rogerio-ceni-ganha-mais-um-desfalque-no-bahia\/\",\"url\":\"https:\/\/www.gaveanews.com\/index.php\/2025\/04\/05\/rogerio-ceni-ganha-mais-um-desfalque-no-bahia\/\",\"name\":\"Rog\u00e9rio Ceni ganha mais um desfalque no Bahia\",\"isPartOf\":{\"@id\":\"https:\/\/www.gaveanews.com\/#website\"},\"primaryImageOfPage\":{\"@id\":\"https:\/\/www.gaveanews.com\/index.php\/2025\/04\/05\/rogerio-ceni-ganha-mais-um-desfalque-no-bahia\/#primaryimage\"},\"image\":{\"@id\":\"https:\/\/www.gaveanews.com\/index.php\/2025\/04\/05\/rogerio-ceni-ganha-mais-um-desfalque-no-bahia\/#primaryimage\"},\"thumbnailUrl\":\"https:\/\/www.gaveanews.com\/wp-content\/uploads\/rogerio-ceni-bahia.webp\",\"datePublished\":\"2025-04-05T03:05:00+00:00\",\"author\":{\"@id\":\"https:\/\/www.gaveanews.com\/#\/schema\/person\/daf63eec72e1164eb13dc35096c2b8da\"},\"breadcrumb\":{\"@id\":\"https:\/\/www.gaveanews.com\/index.php\/2025\/04\/05\/rogerio-ceni-ganha-mais-um-desfalque-no-bahia\/#breadcrumb\"},\"inLanguage\":\"pt-BR\",\"potentialAction\":[{\"@type\":\"ReadAction\",\"target\":[\"https:\/\/www.gaveanews.com\/index.php\/2025\/04\/05\/rogerio-ceni-ganha-mais-um-desfalque-no-bahia\/\"]}]},{\"@type\":\"ImageObject\",\"inLanguage\":\"pt-BR\",\"@id\":\"https:\/\/www.gaveanews.com\/index.php\/2025\/04\/05\/rogerio-ceni-ganha-mais-um-desfalque-no-bahia\/#primaryimage\",\"url\":\"https:\/\/www.gaveanews.com\/wp-content\/uploads\/rogerio-ceni-bahia.webp\",\"contentUrl\":\"https:\/\/www.gaveanews.com\/wp-content\/uploads\/rogerio-ceni-bahia.webp\",\"width\":984,\"height\":656,\"caption\":\"Rog\u00e9rio Ceni comanda treino do Bahia (Foto: Felipe Oliveira\/EC Bahia)\"},{\"@type\":\"BreadcrumbList\",\"@id\":\"https:\/\/www.gaveanews.com\/index.php\/2025\/04\/05\/rogerio-ceni-ganha-mais-um-desfalque-no-bahia\/#breadcrumb\",\"itemListElement\":[{\"@type\":\"ListItem\",\"position\":1,\"name\":\"Home\",\"item\":\"https:\/\/www.gaveanews.com\/\"},{\"@type\":\"ListItem\",\"position\":2,\"name\":\"Rog\u00e9rio Ceni ganha mais um desfalque no Bahia\"}]},{\"@type\":\"WebSite\",\"@id\":\"https:\/\/www.gaveanews.com\/#website\",\"url\":\"https:\/\/www.gaveanews.com\/\",\"name\":\"G\u00e1vea News\",\"description\":\"Veja todas as not\u00edcias sobre o Flamengo: Contrata\u00e7\u00f5es, categorias de base, resultados das partidas, tabela de classifica\u00e7\u00e3o, pr\u00f3ximos jogos!\",\"potentialAction\":[{\"@type\":\"SearchAction\",\"target\":{\"@type\":\"EntryPoint\",\"urlTemplate\":\"https:\/\/www.gaveanews.com\/?s={search_term_string}\"},\"query-input\":{\"@type\":\"PropertyValueSpecification\",\"valueRequired\":true,\"valueName\":\"search_term_string\"}}],\"inLanguage\":\"pt-BR\"},{\"@type\":\"Person\",\"@id\":\"https:\/\/www.gaveanews.com\/#\/schema\/person\/daf63eec72e1164eb13dc35096c2b8da\",\"name\":\"Paula Silva\",\"image\":{\"@type\":\"ImageObject\",\"inLanguage\":\"pt-BR\",\"@id\":\"https:\/\/www.gaveanews.com\/#\/schema\/person\/image\/\",\"url\":\"https:\/\/secure.gravatar.com\/avatar\/eda381c845527cc5d64c13b901833cda29d97500ba040d3e6461f76f51d163bb?s=96&d=mm&r=g\",\"contentUrl\":\"https:\/\/secure.gravatar.com\/avatar\/eda381c845527cc5d64c13b901833cda29d97500ba040d3e6461f76f51d163bb?s=96&d=mm&r=g\",\"caption\":\"Paula Silva\"}}]}<\/script>\n<!-- \/ Yoast SEO Premium plugin. -->","yoast_head_json":{"title":"Rog\u00e9rio Ceni ganha mais um desfalque no Bahia","robots":{"index":"index","follow":"follow","max-snippet":"max-snippet:-1","max-image-preview":"max-image-preview:large","max-video-preview":"max-video-preview:-1"},"canonical":"https:\/\/www.gaveanews.com\/index.php\/2025\/04\/05\/rogerio-ceni-ganha-mais-um-desfalque-no-bahia\/","og_locale":"pt_BR","og_type":"article","og_title":"Rog\u00e9rio Ceni ganha mais um desfalque no Bahia","og_description":"O zagueiro Gabriel Xavier deve desfalcar o Bahia pelas pr\u00f3ximas semanas. O jogador sofreu uma les\u00e3o na panturrilha e, conforme revelou o t\u00e9cnico Rog\u00e9rio Ceni, pode precisar de at\u00e9 quatro semanas para se recuperar completamente. O defensor j\u00e1 n\u00e3o atuou na partida contra o Internacional, realizada na \u00faltima quinta-feira (03 de abril), na Arena Fonte [&hellip;]","og_url":"https:\/\/www.gaveanews.com\/index.php\/2025\/04\/05\/rogerio-ceni-ganha-mais-um-desfalque-no-bahia\/","og_site_name":"G\u00e1vea News","article_publisher":"https:\/\/facebook.com\/gaveaNews\/","article_published_time":"2025-04-05T03:05:00+00:00","og_image":[{"width":984,"height":656,"url":"https:\/\/www.gaveanews.com\/wp-content\/uploads\/rogerio-ceni-bahia.webp","type":"image\/webp"}],"author":"Paula Silva","twitter_card":"summary_large_image","twitter_misc":{"Escrito por":"Paula Silva","Est. tempo de leitura":"2 minutos"},"schema":{"@context":"https:\/\/schema.org","@graph":[{"@type":"NewsArticle","@id":"https:\/\/www.gaveanews.com\/index.php\/2025\/04\/05\/rogerio-ceni-ganha-mais-um-desfalque-no-bahia\/#article","isPartOf":{"@id":"https:\/\/www.gaveanews.com\/index.php\/2025\/04\/05\/rogerio-ceni-ganha-mais-um-desfalque-no-bahia\/"},"author":{"name":"Paula Silva","@id":"https:\/\/www.gaveanews.com\/#\/schema\/person\/daf63eec72e1164eb13dc35096c2b8da"},"headline":"Rog\u00e9rio Ceni ganha mais um desfalque no Bahia","datePublished":"2025-04-05T03:05:00+00:00","mainEntityOfPage":{"@id":"https:\/\/www.gaveanews.com\/index.php\/2025\/04\/05\/rogerio-ceni-ganha-mais-um-desfalque-no-bahia\/"},"wordCount":344,"commentCount":0,"image":{"@id":"https:\/\/www.gaveanews.com\/index.php\/2025\/04\/05\/rogerio-ceni-ganha-mais-um-desfalque-no-bahia\/#primaryimage"},"thumbnailUrl":"https:\/\/www.gaveanews.com\/wp-content\/uploads\/rogerio-ceni-bahia.webp","articleSection":["Bahia"],"inLanguage":"pt-BR","potentialAction":[{"@type":"CommentAction","name":"Comment","target":["https:\/\/www.gaveanews.com\/index.php\/2025\/04\/05\/rogerio-ceni-ganha-mais-um-desfalque-no-bahia\/#respond"]}],"copyrightYear":"2025","copyrightHolder":{"@id":"https:\/\/www.gaveanews.com\/#organization"}},{"@type":"WebPage","@id":"https:\/\/www.gaveanews.com\/index.php\/2025\/04\/05\/rogerio-ceni-ganha-mais-um-desfalque-no-bahia\/","url":"https:\/\/www.gaveanews.com\/index.php\/2025\/04\/05\/rogerio-ceni-ganha-mais-um-desfalque-no-bahia\/","name":"Rog\u00e9rio Ceni ganha mais um desfalque no Bahia","isPartOf":{"@id":"https:\/\/www.gaveanews.com\/#website"},"primaryImageOfPage":{"@id":"https:\/\/www.gaveanews.com\/index.php\/2025\/04\/05\/rogerio-ceni-ganha-mais-um-desfalque-no-bahia\/#primaryimage"},"image":{"@id":"https:\/\/www.gaveanews.com\/index.php\/2025\/04\/05\/rogerio-ceni-ganha-mais-um-desfalque-no-bahia\/#primaryimage"},"thumbnailUrl":"https:\/\/www.gaveanews.com\/wp-content\/uploads\/rogerio-ceni-bahia.webp","datePublished":"2025-04-05T03:05:00+00:00","author":{"@id":"https:\/\/www.gaveanews.com\/#\/schema\/person\/daf63eec72e1164eb13dc35096c2b8da"},"breadcrumb":{"@id":"https:\/\/www.gaveanews.com\/index.php\/2025\/04\/05\/rogerio-ceni-ganha-mais-um-desfalque-no-bahia\/#breadcrumb"},"inLanguage":"pt-BR","potentialAction":[{"@type":"ReadAction","target":["https:\/\/www.gaveanews.com\/index.php\/2025\/04\/05\/rogerio-ceni-ganha-mais-um-desfalque-no-bahia\/"]}]},{"@type":"ImageObject","inLanguage":"pt-BR","@id":"https:\/\/www.gaveanews.com\/index.php\/2025\/04\/05\/rogerio-ceni-ganha-mais-um-desfalque-no-bahia\/#primaryimage","url":"https:\/\/www.gaveanews.com\/wp-content\/uploads\/rogerio-ceni-bahia.webp","contentUrl":"https:\/\/www.gaveanews.com\/wp-content\/uploads\/rogerio-ceni-bahia.webp","width":984,"height":656,"caption":"Rog\u00e9rio Ceni comanda treino do Bahia (Foto: Felipe Oliveira\/EC Bahia)"},{"@type":"BreadcrumbList","@id":"https:\/\/www.gaveanews.com\/index.php\/2025\/04\/05\/rogerio-ceni-ganha-mais-um-desfalque-no-bahia\/#breadcrumb","itemListElement":[{"@type":"ListItem","position":1,"name":"Home","item":"https:\/\/www.gaveanews.com\/"},{"@type":"ListItem","position":2,"name":"Rog\u00e9rio Ceni ganha mais um desfalque no Bahia"}]},{"@type":"WebSite","@id":"https:\/\/www.gaveanews.com\/#website","url":"https:\/\/www.gaveanews.com\/","name":"G\u00e1vea News","description":"Veja todas as not\u00edcias sobre o Flamengo: Contrata\u00e7\u00f5es, categorias de base, resultados das partidas, tabela de classifica\u00e7\u00e3o, pr\u00f3ximos jogos!","potentialAction":[{"@type":"SearchAction","target":{"@type":"EntryPoint","urlTemplate":"https:\/\/www.gaveanews.com\/?s={search_term_string}"},"query-input":{"@type":"PropertyValueSpecification","valueRequired":true,"valueName":"search_term_string"}}],"inLanguage":"pt-BR"},{"@type":"Person","@id":"https:\/\/www.gaveanews.com\/#\/schema\/person\/daf63eec72e1164eb13dc35096c2b8da","name":"Paula Silva","image":{"@type":"ImageObject","inLanguage":"pt-BR","@id":"https:\/\/www.gaveanews.com\/#\/schema\/person\/image\/","url":"https:\/\/secure.gravatar.com\/avatar\/eda381c845527cc5d64c13b901833cda29d97500ba040d3e6461f76f51d163bb?s=96&d=mm&r=g","contentUrl":"https:\/\/secure.gravatar.com\/avatar\/eda381c845527cc5d64c13b901833cda29d97500ba040d3e6461f76f51d163bb?s=96&d=mm&r=g","caption":"Paula Silva"}}]}},"_links":{"self":[{"href":"https:\/\/www.gaveanews.com\/index.php\/wp-json\/wp\/v2\/posts\/249231","targetHints":{"allow":["GET"]}}],"collection":[{"href":"https:\/\/www.gaveanews.com\/index.php\/wp-json\/wp\/v2\/posts"}],"about":[{"href":"https:\/\/www.gaveanews.com\/index.php\/wp-json\/wp\/v2\/types\/post"}],"author":[{"embeddable":true,"href":"https:\/\/www.gaveanews.com\/index.php\/wp-json\/wp\/v2\/users\/18"}],"replies":[{"embeddable":true,"href":"https:\/\/www.gaveanews.com\/index.php\/wp-json\/wp\/v2\/comments?post=249231"}],"version-history":[{"count":1,"href":"https:\/\/www.gaveanews.com\/index.php\/wp-json\/wp\/v2\/posts\/249231\/revisions"}],"predecessor-version":[{"id":249232,"href":"https:\/\/www.gaveanews.com\/index.php\/wp-json\/wp\/v2\/posts\/249231\/revisions\/249232"}],"wp:featuredmedia":[{"embeddable":true,"href":"https:\/\/www.gaveanews.com\/index.php\/wp-json\/wp\/v2\/media\/148395"}],"wp:attachment":[{"href":"https:\/\/www.gaveanews.com\/index.php\/wp-json\/wp\/v2\/media?parent=249231"}],"wp:term":[{"taxonomy":"category","embeddable":true,"href":"https:\/\/www.gaveanews.com\/index.php\/wp-json\/wp\/v2\/categories?post=249231"},{"taxonomy":"post_tag","embeddable":true,"href":"https:\/\/www.gaveanews.com\/index.php\/wp-json\/wp\/v2\/tags?post=249231"}],"curies":[{"name":"wp","href":"https:\/\/api.w.org\/{rel}","templated":true}]}}