{"id":249243,"date":"2025-04-05T00:35:00","date_gmt":"2025-04-05T03:35:00","guid":{"rendered":"https:\/\/www.gaveanews.com\/?p=249243"},"modified":"2025-04-04T21:00:57","modified_gmt":"2025-04-05T00:00:57","slug":"torcida-do-corinthians-da-aula-para-seus-adversarios","status":"publish","type":"post","link":"https:\/\/www.gaveanews.com\/index.php\/2025\/04\/05\/torcida-do-corinthians-da-aula-para-seus-adversarios\/","title":{"rendered":"Torcida do Corinthians d\u00e1 aula para seus advers\u00e1rios"},"content":{"rendered":"\n<p>A partida entre Corinthians e Vasco, v\u00e1lida pela segunda rodada do Campeonato Brasileiro, ser\u00e1 disputada com casa cheia. Todos os ingressos foram previamente reservados por s\u00f3cios-torcedores por meio do programa Fiel Torcedor, conforme divulgado na tarde de quinta-feira (03 de abril) pelo clube paulista.<\/p>\n\n\n\n<p>Apesar de a reserva n\u00e3o garantir a compra efetiva, a grande procura demonstra o engajamento dos torcedores alvinegros. Caso haja desist\u00eancia ou n\u00e3o confirma\u00e7\u00e3o de pagamento, as entradas restantes ser\u00e3o disponibilizadas exclusivamente no site oficial do programa, o fieltorcedor.com.br.<\/p>\n\n\n\n<p>Com isso, o confronto do pr\u00f3ximo s\u00e1bado (05 de abril) marcar\u00e1 o 31\u00ba jogo consecutivo do Corinthians com p\u00fablico superior a 40 mil pessoas na Neo Qu\u00edmica Arena. Essa sequ\u00eancia expressiva refor\u00e7a a for\u00e7a da torcida em Itaquera, que tem se mantido presente mesmo diante de momentos inst\u00e1veis da equipe.<\/p>\n\n\n\n<p>Entretanto, o sucesso de p\u00fablico tamb\u00e9m tem levantado preocupa\u00e7\u00f5es. O clube confirmou que h\u00e1 investiga\u00e7\u00f5es em curso sobre den\u00fancias de cambismo envolvendo a comercializa\u00e7\u00e3o irregular de ingressos. A Pol\u00edcia Civil conduz as apura\u00e7\u00f5es, e a diretoria corintiana afirmou colaborar com as autoridades, al\u00e9m de alertar os torcedores para n\u00e3o adquirirem bilhetes fora dos canais oficiais.<\/p>\n\n\n\n<p>Ali\u00e1s, o alto n\u00famero de reservas e a mobiliza\u00e7\u00e3o dos torcedores refor\u00e7am a import\u00e2ncia da Neo Qu\u00edmica Arena como um dos palcos mais ativos do futebol nacional. A atmosfera gerada no est\u00e1dio costuma ser um diferencial para o desempenho da equipe dentro de campo, ainda que isso n\u00e3o garanta vit\u00f3rias.<\/p>\n\n\n\n<p>Por fim, o clube vive um momento de mobiliza\u00e7\u00e3o tamb\u00e9m fora das quatro linhas. Enquanto se organiza para o importante duelo contra o Vasco, a diretoria continua seu trabalho nos bastidores com a\u00e7\u00f5es como renova\u00e7\u00f5es contratuais e suporte aos atletas lesionados, mantendo o foco no planejamento da temporada.<\/p>\n","protected":false},"excerpt":{"rendered":"<p>A partida entre Corinthians e Vasco, v\u00e1lida pela segunda rodada do Campeonato Brasileiro, ser\u00e1 disputada com casa cheia. Todos os ingressos foram previamente reservados por s\u00f3cios-torcedores por meio do programa Fiel Torcedor, conforme divulgado na tarde de quinta-feira (03 de abril) pelo clube paulista. Apesar de a reserva n\u00e3o garantir a compra efetiva, a grande [&hellip;]<\/p>\n","protected":false},"author":18,"featured_media":249244,"comment_status":"open","ping_status":"closed","sticky":false,"template":"","format":"standard","meta":{"footnotes":""},"categories":[141],"tags":[],"class_list":["post-249243","post","type-post","status-publish","format-standard","has-post-thumbnail","hentry","category-corinthians"],"yoast_head":"<!-- This site is optimized with the Yoast SEO Premium plugin v24.2 (Yoast SEO v26.9) - https:\/\/yoast.com\/product\/yoast-seo-premium-wordpress\/ -->\n<title>Torcida do Corinthians d\u00e1 aula para seus advers\u00e1rios<\/title>\n<meta name=\"robots\" content=\"index, follow, max-snippet:-1, max-image-preview:large, max-video-preview:-1\" \/>\n<link rel=\"canonical\" href=\"https:\/\/www.gaveanews.com\/index.php\/2025\/04\/05\/torcida-do-corinthians-da-aula-para-seus-adversarios\/\" \/>\n<meta property=\"og:locale\" content=\"pt_BR\" \/>\n<meta property=\"og:type\" content=\"article\" \/>\n<meta property=\"og:title\" content=\"Torcida do Corinthians d\u00e1 aula para seus advers\u00e1rios\" \/>\n<meta property=\"og:description\" content=\"A partida entre Corinthians e Vasco, v\u00e1lida pela segunda rodada do Campeonato Brasileiro, ser\u00e1 disputada com casa cheia. Todos os ingressos foram previamente reservados por s\u00f3cios-torcedores por meio do programa Fiel Torcedor, conforme divulgado na tarde de quinta-feira (03 de abril) pelo clube paulista. Apesar de a reserva n\u00e3o garantir a compra efetiva, a grande [&hellip;]\" \/>\n<meta property=\"og:url\" content=\"https:\/\/www.gaveanews.com\/index.php\/2025\/04\/05\/torcida-do-corinthians-da-aula-para-seus-adversarios\/\" \/>\n<meta property=\"og:site_name\" content=\"G\u00e1vea News\" \/>\n<meta property=\"article:publisher\" content=\"https:\/\/facebook.com\/gaveaNews\/\" \/>\n<meta property=\"article:published_time\" content=\"2025-04-05T03:35:00+00:00\" \/>\n<meta property=\"og:image\" content=\"https:\/\/www.gaveanews.com\/wp-content\/uploads\/Torcida-do-Corinthians.webp\" \/>\n\t<meta property=\"og:image:width\" content=\"897\" \/>\n\t<meta property=\"og:image:height\" content=\"514\" \/>\n\t<meta property=\"og:image:type\" content=\"image\/jpeg\" \/>\n<meta name=\"author\" content=\"Paula Silva\" \/>\n<meta name=\"twitter:card\" content=\"summary_large_image\" \/>\n<meta name=\"twitter:label1\" content=\"Escrito por\" \/>\n\t<meta name=\"twitter:data1\" content=\"Paula Silva\" \/>\n\t<meta name=\"twitter:label2\" content=\"Est. tempo de leitura\" \/>\n\t<meta name=\"twitter:data2\" content=\"2 minutos\" \/>\n<script type=\"application\/ld+json\" class=\"yoast-schema-graph\">{\"@context\":\"https:\/\/schema.org\",\"@graph\":[{\"@type\":\"NewsArticle\",\"@id\":\"https:\/\/www.gaveanews.com\/index.php\/2025\/04\/05\/torcida-do-corinthians-da-aula-para-seus-adversarios\/#article\",\"isPartOf\":{\"@id\":\"https:\/\/www.gaveanews.com\/index.php\/2025\/04\/05\/torcida-do-corinthians-da-aula-para-seus-adversarios\/\"},\"author\":{\"name\":\"Paula Silva\",\"@id\":\"https:\/\/www.gaveanews.com\/#\/schema\/person\/daf63eec72e1164eb13dc35096c2b8da\"},\"headline\":\"Torcida do Corinthians d\u00e1 aula para seus advers\u00e1rios\",\"datePublished\":\"2025-04-05T03:35:00+00:00\",\"mainEntityOfPage\":{\"@id\":\"https:\/\/www.gaveanews.com\/index.php\/2025\/04\/05\/torcida-do-corinthians-da-aula-para-seus-adversarios\/\"},\"wordCount\":331,\"commentCount\":0,\"image\":{\"@id\":\"https:\/\/www.gaveanews.com\/index.php\/2025\/04\/05\/torcida-do-corinthians-da-aula-para-seus-adversarios\/#primaryimage\"},\"thumbnailUrl\":\"https:\/\/www.gaveanews.com\/wp-content\/uploads\/Torcida-do-Corinthians.webp\",\"articleSection\":[\"Corinthians\"],\"inLanguage\":\"pt-BR\",\"potentialAction\":[{\"@type\":\"CommentAction\",\"name\":\"Comment\",\"target\":[\"https:\/\/www.gaveanews.com\/index.php\/2025\/04\/05\/torcida-do-corinthians-da-aula-para-seus-adversarios\/#respond\"]}],\"copyrightYear\":\"2025\",\"copyrightHolder\":{\"@id\":\"https:\/\/www.gaveanews.com\/#organization\"}},{\"@type\":\"WebPage\",\"@id\":\"https:\/\/www.gaveanews.com\/index.php\/2025\/04\/05\/torcida-do-corinthians-da-aula-para-seus-adversarios\/\",\"url\":\"https:\/\/www.gaveanews.com\/index.php\/2025\/04\/05\/torcida-do-corinthians-da-aula-para-seus-adversarios\/\",\"name\":\"Torcida do Corinthians d\u00e1 aula para seus advers\u00e1rios\",\"isPartOf\":{\"@id\":\"https:\/\/www.gaveanews.com\/#website\"},\"primaryImageOfPage\":{\"@id\":\"https:\/\/www.gaveanews.com\/index.php\/2025\/04\/05\/torcida-do-corinthians-da-aula-para-seus-adversarios\/#primaryimage\"},\"image\":{\"@id\":\"https:\/\/www.gaveanews.com\/index.php\/2025\/04\/05\/torcida-do-corinthians-da-aula-para-seus-adversarios\/#primaryimage\"},\"thumbnailUrl\":\"https:\/\/www.gaveanews.com\/wp-content\/uploads\/Torcida-do-Corinthians.webp\",\"datePublished\":\"2025-04-05T03:35:00+00:00\",\"author\":{\"@id\":\"https:\/\/www.gaveanews.com\/#\/schema\/person\/daf63eec72e1164eb13dc35096c2b8da\"},\"breadcrumb\":{\"@id\":\"https:\/\/www.gaveanews.com\/index.php\/2025\/04\/05\/torcida-do-corinthians-da-aula-para-seus-adversarios\/#breadcrumb\"},\"inLanguage\":\"pt-BR\",\"potentialAction\":[{\"@type\":\"ReadAction\",\"target\":[\"https:\/\/www.gaveanews.com\/index.php\/2025\/04\/05\/torcida-do-corinthians-da-aula-para-seus-adversarios\/\"]}]},{\"@type\":\"ImageObject\",\"inLanguage\":\"pt-BR\",\"@id\":\"https:\/\/www.gaveanews.com\/index.php\/2025\/04\/05\/torcida-do-corinthians-da-aula-para-seus-adversarios\/#primaryimage\",\"url\":\"https:\/\/www.gaveanews.com\/wp-content\/uploads\/Torcida-do-Corinthians.webp\",\"contentUrl\":\"https:\/\/www.gaveanews.com\/wp-content\/uploads\/Torcida-do-Corinthians.webp\",\"width\":897,\"height\":514,\"caption\":\"Torcida do Corinthians (Foto: Rorigo Coca\/Ag\u00eancia Corinthians)\"},{\"@type\":\"BreadcrumbList\",\"@id\":\"https:\/\/www.gaveanews.com\/index.php\/2025\/04\/05\/torcida-do-corinthians-da-aula-para-seus-adversarios\/#breadcrumb\",\"itemListElement\":[{\"@type\":\"ListItem\",\"position\":1,\"name\":\"Home\",\"item\":\"https:\/\/www.gaveanews.com\/\"},{\"@type\":\"ListItem\",\"position\":2,\"name\":\"Torcida do Corinthians d\u00e1 aula para seus advers\u00e1rios\"}]},{\"@type\":\"WebSite\",\"@id\":\"https:\/\/www.gaveanews.com\/#website\",\"url\":\"https:\/\/www.gaveanews.com\/\",\"name\":\"G\u00e1vea News\",\"description\":\"Veja todas as not\u00edcias sobre o Flamengo: Contrata\u00e7\u00f5es, categorias de base, resultados das partidas, tabela de classifica\u00e7\u00e3o, pr\u00f3ximos jogos!\",\"potentialAction\":[{\"@type\":\"SearchAction\",\"target\":{\"@type\":\"EntryPoint\",\"urlTemplate\":\"https:\/\/www.gaveanews.com\/?s={search_term_string}\"},\"query-input\":{\"@type\":\"PropertyValueSpecification\",\"valueRequired\":true,\"valueName\":\"search_term_string\"}}],\"inLanguage\":\"pt-BR\"},{\"@type\":\"Person\",\"@id\":\"https:\/\/www.gaveanews.com\/#\/schema\/person\/daf63eec72e1164eb13dc35096c2b8da\",\"name\":\"Paula Silva\",\"image\":{\"@type\":\"ImageObject\",\"inLanguage\":\"pt-BR\",\"@id\":\"https:\/\/www.gaveanews.com\/#\/schema\/person\/image\/\",\"url\":\"https:\/\/secure.gravatar.com\/avatar\/eda381c845527cc5d64c13b901833cda29d97500ba040d3e6461f76f51d163bb?s=96&d=mm&r=g\",\"contentUrl\":\"https:\/\/secure.gravatar.com\/avatar\/eda381c845527cc5d64c13b901833cda29d97500ba040d3e6461f76f51d163bb?s=96&d=mm&r=g\",\"caption\":\"Paula Silva\"}}]}<\/script>\n<!-- \/ Yoast SEO Premium plugin. -->","yoast_head_json":{"title":"Torcida do Corinthians d\u00e1 aula para seus advers\u00e1rios","robots":{"index":"index","follow":"follow","max-snippet":"max-snippet:-1","max-image-preview":"max-image-preview:large","max-video-preview":"max-video-preview:-1"},"canonical":"https:\/\/www.gaveanews.com\/index.php\/2025\/04\/05\/torcida-do-corinthians-da-aula-para-seus-adversarios\/","og_locale":"pt_BR","og_type":"article","og_title":"Torcida do Corinthians d\u00e1 aula para seus advers\u00e1rios","og_description":"A partida entre Corinthians e Vasco, v\u00e1lida pela segunda rodada do Campeonato Brasileiro, ser\u00e1 disputada com casa cheia. Todos os ingressos foram previamente reservados por s\u00f3cios-torcedores por meio do programa Fiel Torcedor, conforme divulgado na tarde de quinta-feira (03 de abril) pelo clube paulista. Apesar de a reserva n\u00e3o garantir a compra efetiva, a grande [&hellip;]","og_url":"https:\/\/www.gaveanews.com\/index.php\/2025\/04\/05\/torcida-do-corinthians-da-aula-para-seus-adversarios\/","og_site_name":"G\u00e1vea News","article_publisher":"https:\/\/facebook.com\/gaveaNews\/","article_published_time":"2025-04-05T03:35:00+00:00","og_image":[{"width":897,"height":514,"url":"https:\/\/www.gaveanews.com\/wp-content\/uploads\/Torcida-do-Corinthians.webp","type":"image\/jpeg"}],"author":"Paula Silva","twitter_card":"summary_large_image","twitter_misc":{"Escrito por":"Paula Silva","Est. tempo de leitura":"2 minutos"},"schema":{"@context":"https:\/\/schema.org","@graph":[{"@type":"NewsArticle","@id":"https:\/\/www.gaveanews.com\/index.php\/2025\/04\/05\/torcida-do-corinthians-da-aula-para-seus-adversarios\/#article","isPartOf":{"@id":"https:\/\/www.gaveanews.com\/index.php\/2025\/04\/05\/torcida-do-corinthians-da-aula-para-seus-adversarios\/"},"author":{"name":"Paula Silva","@id":"https:\/\/www.gaveanews.com\/#\/schema\/person\/daf63eec72e1164eb13dc35096c2b8da"},"headline":"Torcida do Corinthians d\u00e1 aula para seus advers\u00e1rios","datePublished":"2025-04-05T03:35:00+00:00","mainEntityOfPage":{"@id":"https:\/\/www.gaveanews.com\/index.php\/2025\/04\/05\/torcida-do-corinthians-da-aula-para-seus-adversarios\/"},"wordCount":331,"commentCount":0,"image":{"@id":"https:\/\/www.gaveanews.com\/index.php\/2025\/04\/05\/torcida-do-corinthians-da-aula-para-seus-adversarios\/#primaryimage"},"thumbnailUrl":"https:\/\/www.gaveanews.com\/wp-content\/uploads\/Torcida-do-Corinthians.webp","articleSection":["Corinthians"],"inLanguage":"pt-BR","potentialAction":[{"@type":"CommentAction","name":"Comment","target":["https:\/\/www.gaveanews.com\/index.php\/2025\/04\/05\/torcida-do-corinthians-da-aula-para-seus-adversarios\/#respond"]}],"copyrightYear":"2025","copyrightHolder":{"@id":"https:\/\/www.gaveanews.com\/#organization"}},{"@type":"WebPage","@id":"https:\/\/www.gaveanews.com\/index.php\/2025\/04\/05\/torcida-do-corinthians-da-aula-para-seus-adversarios\/","url":"https:\/\/www.gaveanews.com\/index.php\/2025\/04\/05\/torcida-do-corinthians-da-aula-para-seus-adversarios\/","name":"Torcida do Corinthians d\u00e1 aula para seus advers\u00e1rios","isPartOf":{"@id":"https:\/\/www.gaveanews.com\/#website"},"primaryImageOfPage":{"@id":"https:\/\/www.gaveanews.com\/index.php\/2025\/04\/05\/torcida-do-corinthians-da-aula-para-seus-adversarios\/#primaryimage"},"image":{"@id":"https:\/\/www.gaveanews.com\/index.php\/2025\/04\/05\/torcida-do-corinthians-da-aula-para-seus-adversarios\/#primaryimage"},"thumbnailUrl":"https:\/\/www.gaveanews.com\/wp-content\/uploads\/Torcida-do-Corinthians.webp","datePublished":"2025-04-05T03:35:00+00:00","author":{"@id":"https:\/\/www.gaveanews.com\/#\/schema\/person\/daf63eec72e1164eb13dc35096c2b8da"},"breadcrumb":{"@id":"https:\/\/www.gaveanews.com\/index.php\/2025\/04\/05\/torcida-do-corinthians-da-aula-para-seus-adversarios\/#breadcrumb"},"inLanguage":"pt-BR","potentialAction":[{"@type":"ReadAction","target":["https:\/\/www.gaveanews.com\/index.php\/2025\/04\/05\/torcida-do-corinthians-da-aula-para-seus-adversarios\/"]}]},{"@type":"ImageObject","inLanguage":"pt-BR","@id":"https:\/\/www.gaveanews.com\/index.php\/2025\/04\/05\/torcida-do-corinthians-da-aula-para-seus-adversarios\/#primaryimage","url":"https:\/\/www.gaveanews.com\/wp-content\/uploads\/Torcida-do-Corinthians.webp","contentUrl":"https:\/\/www.gaveanews.com\/wp-content\/uploads\/Torcida-do-Corinthians.webp","width":897,"height":514,"caption":"Torcida do Corinthians (Foto: Rorigo Coca\/Ag\u00eancia Corinthians)"},{"@type":"BreadcrumbList","@id":"https:\/\/www.gaveanews.com\/index.php\/2025\/04\/05\/torcida-do-corinthians-da-aula-para-seus-adversarios\/#breadcrumb","itemListElement":[{"@type":"ListItem","position":1,"name":"Home","item":"https:\/\/www.gaveanews.com\/"},{"@type":"ListItem","position":2,"name":"Torcida do Corinthians d\u00e1 aula para seus advers\u00e1rios"}]},{"@type":"WebSite","@id":"https:\/\/www.gaveanews.com\/#website","url":"https:\/\/www.gaveanews.com\/","name":"G\u00e1vea News","description":"Veja todas as not\u00edcias sobre o Flamengo: Contrata\u00e7\u00f5es, categorias de base, resultados das partidas, tabela de classifica\u00e7\u00e3o, pr\u00f3ximos jogos!","potentialAction":[{"@type":"SearchAction","target":{"@type":"EntryPoint","urlTemplate":"https:\/\/www.gaveanews.com\/?s={search_term_string}"},"query-input":{"@type":"PropertyValueSpecification","valueRequired":true,"valueName":"search_term_string"}}],"inLanguage":"pt-BR"},{"@type":"Person","@id":"https:\/\/www.gaveanews.com\/#\/schema\/person\/daf63eec72e1164eb13dc35096c2b8da","name":"Paula Silva","image":{"@type":"ImageObject","inLanguage":"pt-BR","@id":"https:\/\/www.gaveanews.com\/#\/schema\/person\/image\/","url":"https:\/\/secure.gravatar.com\/avatar\/eda381c845527cc5d64c13b901833cda29d97500ba040d3e6461f76f51d163bb?s=96&d=mm&r=g","contentUrl":"https:\/\/secure.gravatar.com\/avatar\/eda381c845527cc5d64c13b901833cda29d97500ba040d3e6461f76f51d163bb?s=96&d=mm&r=g","caption":"Paula Silva"}}]}},"_links":{"self":[{"href":"https:\/\/www.gaveanews.com\/index.php\/wp-json\/wp\/v2\/posts\/249243","targetHints":{"allow":["GET"]}}],"collection":[{"href":"https:\/\/www.gaveanews.com\/index.php\/wp-json\/wp\/v2\/posts"}],"about":[{"href":"https:\/\/www.gaveanews.com\/index.php\/wp-json\/wp\/v2\/types\/post"}],"author":[{"embeddable":true,"href":"https:\/\/www.gaveanews.com\/index.php\/wp-json\/wp\/v2\/users\/18"}],"replies":[{"embeddable":true,"href":"https:\/\/www.gaveanews.com\/index.php\/wp-json\/wp\/v2\/comments?post=249243"}],"version-history":[{"count":1,"href":"https:\/\/www.gaveanews.com\/index.php\/wp-json\/wp\/v2\/posts\/249243\/revisions"}],"predecessor-version":[{"id":249245,"href":"https:\/\/www.gaveanews.com\/index.php\/wp-json\/wp\/v2\/posts\/249243\/revisions\/249245"}],"wp:featuredmedia":[{"embeddable":true,"href":"https:\/\/www.gaveanews.com\/index.php\/wp-json\/wp\/v2\/media\/249244"}],"wp:attachment":[{"href":"https:\/\/www.gaveanews.com\/index.php\/wp-json\/wp\/v2\/media?parent=249243"}],"wp:term":[{"taxonomy":"category","embeddable":true,"href":"https:\/\/www.gaveanews.com\/index.php\/wp-json\/wp\/v2\/categories?post=249243"},{"taxonomy":"post_tag","embeddable":true,"href":"https:\/\/www.gaveanews.com\/index.php\/wp-json\/wp\/v2\/tags?post=249243"}],"curies":[{"name":"wp","href":"https:\/\/api.w.org\/{rel}","templated":true}]}}