{"id":249246,"date":"2025-04-05T00:40:00","date_gmt":"2025-04-05T03:40:00","guid":{"rendered":"https:\/\/www.gaveanews.com\/?p=249246"},"modified":"2025-04-04T21:03:15","modified_gmt":"2025-04-05T00:03:15","slug":"a-reacao-de-renato-paiva-durante-o-jogo-do-botafogo-na-libertadores","status":"publish","type":"post","link":"https:\/\/www.gaveanews.com\/index.php\/2025\/04\/05\/a-reacao-de-renato-paiva-durante-o-jogo-do-botafogo-na-libertadores\/","title":{"rendered":"A rea\u00e7\u00e3o de Renato Paiva durante o jogo do Botafogo na Libertadores"},"content":{"rendered":"\n<p>O Botafogo iniciou sua caminhada na Conmebol Libertadores com uma derrota por 1 a 0 diante da Universidad de Chile, na noite de quarta-feira (02 de abril), no est\u00e1dio Nacional, em Santiago. A atua\u00e7\u00e3o do time foi marcada por frustra\u00e7\u00f5es, especialmente para o t\u00e9cnico Renato Paiva, que demonstrou insatisfa\u00e7\u00e3o ao longo da partida.<\/p>\n\n\n\n<p>Na primeira etapa, o Alvinegro teve maior controle da posse de bola, mas esbarrou na falta de criatividade ofensiva. A principal chance veio com Igor Jesus, aos 27 minutos, mas o goleiro Castell\u00f3n evitou o gol. A prop\u00f3sito, Paiva se mostrou irritado com o desempenho, orientando jogadores como Barboza e Patrick de Paula, e pedindo menos lan\u00e7amentos longos.<\/p>\n\n\n\n<p>Ainda no primeiro tempo, o treinador chegou a arremessar uma garrafa no ch\u00e3o, evidenciando seu descontentamento. \u201cO plano de jogo era claro contra uma linha de cinco. N\u00f3s n\u00e3o conseguimos aplicar o plano para fazer mal \u00e0 Universidad de Chile\u201d, comentou Paiva, que criticou a insist\u00eancia do time nos mesmos setores do campo.<\/p>\n\n\n\n<p>No segundo tempo, enquanto preparava as entradas de Elias Manoel e Artur, o Botafogo foi surpreendido com um contra-ataque que resultou no gol de Di Yorio, aos 14 minutos. A partir da\u00ed, o treinador passou a demonstrar mais desencanto do que irrita\u00e7\u00e3o.<\/p>\n\n\n\n<p>A entrada dos novos atletas n\u00e3o resolveu os problemas na cria\u00e7\u00e3o e finaliza\u00e7\u00e3o. Renato Paiva balan\u00e7ava a cabe\u00e7a negativamente diante dos erros do time, evidenciando a frustra\u00e7\u00e3o com o rendimento coletivo. O empate n\u00e3o veio, e o Botafogo deixou o Chile sem pontos.<\/p>\n\n\n\n<p>Ap\u00f3s o apito final, o t\u00e9cnico se dirigiu ao gramado para cumprimentar os jogadores e a arbitragem. Em sua terceira participa\u00e7\u00e3o na Libertadores, Paiva v\u00ea o desafio de repetir ao menos os feitos anteriores, quando comandou o Independiente del Valle.<\/p>\n","protected":false},"excerpt":{"rendered":"<p>O Botafogo iniciou sua caminhada na Conmebol Libertadores com uma derrota por 1 a 0 diante da Universidad de Chile, na noite de quarta-feira (02 de abril), no est\u00e1dio Nacional, em Santiago. A atua\u00e7\u00e3o do time foi marcada por frustra\u00e7\u00f5es, especialmente para o t\u00e9cnico Renato Paiva, que demonstrou insatisfa\u00e7\u00e3o ao longo da partida. Na primeira [&hellip;]<\/p>\n","protected":false},"author":18,"featured_media":244411,"comment_status":"open","ping_status":"closed","sticky":false,"template":"","format":"standard","meta":{"footnotes":""},"categories":[138],"tags":[],"class_list":["post-249246","post","type-post","status-publish","format-standard","has-post-thumbnail","hentry","category-botafogo"],"yoast_head":"<!-- This site is optimized with the Yoast SEO Premium plugin v24.2 (Yoast SEO v26.9) - https:\/\/yoast.com\/product\/yoast-seo-premium-wordpress\/ -->\n<title>A rea\u00e7\u00e3o de Renato Paiva durante o jogo do Botafogo na Libertadores<\/title>\n<meta name=\"robots\" content=\"index, follow, max-snippet:-1, max-image-preview:large, max-video-preview:-1\" \/>\n<link rel=\"canonical\" href=\"https:\/\/www.gaveanews.com\/index.php\/2025\/04\/05\/a-reacao-de-renato-paiva-durante-o-jogo-do-botafogo-na-libertadores\/\" \/>\n<meta property=\"og:locale\" content=\"pt_BR\" \/>\n<meta property=\"og:type\" content=\"article\" \/>\n<meta property=\"og:title\" content=\"A rea\u00e7\u00e3o de Renato Paiva durante o jogo do Botafogo na Libertadores\" \/>\n<meta property=\"og:description\" content=\"O Botafogo iniciou sua caminhada na Conmebol Libertadores com uma derrota por 1 a 0 diante da Universidad de Chile, na noite de quarta-feira (02 de abril), no est\u00e1dio Nacional, em Santiago. A atua\u00e7\u00e3o do time foi marcada por frustra\u00e7\u00f5es, especialmente para o t\u00e9cnico Renato Paiva, que demonstrou insatisfa\u00e7\u00e3o ao longo da partida. Na primeira [&hellip;]\" \/>\n<meta property=\"og:url\" content=\"https:\/\/www.gaveanews.com\/index.php\/2025\/04\/05\/a-reacao-de-renato-paiva-durante-o-jogo-do-botafogo-na-libertadores\/\" \/>\n<meta property=\"og:site_name\" content=\"G\u00e1vea News\" \/>\n<meta property=\"article:publisher\" content=\"https:\/\/facebook.com\/gaveaNews\/\" \/>\n<meta property=\"article:published_time\" content=\"2025-04-05T03:40:00+00:00\" \/>\n<meta property=\"og:image\" content=\"https:\/\/www.gaveanews.com\/wp-content\/uploads\/Renato-Paiva-em-acao-pelo-Botafogo-em-2025.webp\" \/>\n\t<meta property=\"og:image:width\" content=\"900\" \/>\n\t<meta property=\"og:image:height\" content=\"600\" \/>\n\t<meta property=\"og:image:type\" content=\"image\/jpeg\" \/>\n<meta name=\"author\" content=\"Paula Silva\" \/>\n<meta name=\"twitter:card\" content=\"summary_large_image\" \/>\n<meta name=\"twitter:label1\" content=\"Escrito por\" \/>\n\t<meta name=\"twitter:data1\" content=\"Paula Silva\" \/>\n\t<meta name=\"twitter:label2\" content=\"Est. tempo de leitura\" \/>\n\t<meta name=\"twitter:data2\" content=\"2 minutos\" \/>\n<script type=\"application\/ld+json\" class=\"yoast-schema-graph\">{\"@context\":\"https:\/\/schema.org\",\"@graph\":[{\"@type\":\"NewsArticle\",\"@id\":\"https:\/\/www.gaveanews.com\/index.php\/2025\/04\/05\/a-reacao-de-renato-paiva-durante-o-jogo-do-botafogo-na-libertadores\/#article\",\"isPartOf\":{\"@id\":\"https:\/\/www.gaveanews.com\/index.php\/2025\/04\/05\/a-reacao-de-renato-paiva-durante-o-jogo-do-botafogo-na-libertadores\/\"},\"author\":{\"name\":\"Paula Silva\",\"@id\":\"https:\/\/www.gaveanews.com\/#\/schema\/person\/daf63eec72e1164eb13dc35096c2b8da\"},\"headline\":\"A rea\u00e7\u00e3o de Renato Paiva durante o jogo do Botafogo na Libertadores\",\"datePublished\":\"2025-04-05T03:40:00+00:00\",\"mainEntityOfPage\":{\"@id\":\"https:\/\/www.gaveanews.com\/index.php\/2025\/04\/05\/a-reacao-de-renato-paiva-durante-o-jogo-do-botafogo-na-libertadores\/\"},\"wordCount\":319,\"commentCount\":0,\"image\":{\"@id\":\"https:\/\/www.gaveanews.com\/index.php\/2025\/04\/05\/a-reacao-de-renato-paiva-durante-o-jogo-do-botafogo-na-libertadores\/#primaryimage\"},\"thumbnailUrl\":\"https:\/\/www.gaveanews.com\/wp-content\/uploads\/Renato-Paiva-em-acao-pelo-Botafogo-em-2025.webp\",\"articleSection\":[\"Botafogo\"],\"inLanguage\":\"pt-BR\",\"potentialAction\":[{\"@type\":\"CommentAction\",\"name\":\"Comment\",\"target\":[\"https:\/\/www.gaveanews.com\/index.php\/2025\/04\/05\/a-reacao-de-renato-paiva-durante-o-jogo-do-botafogo-na-libertadores\/#respond\"]}],\"copyrightYear\":\"2025\",\"copyrightHolder\":{\"@id\":\"https:\/\/www.gaveanews.com\/#organization\"}},{\"@type\":\"WebPage\",\"@id\":\"https:\/\/www.gaveanews.com\/index.php\/2025\/04\/05\/a-reacao-de-renato-paiva-durante-o-jogo-do-botafogo-na-libertadores\/\",\"url\":\"https:\/\/www.gaveanews.com\/index.php\/2025\/04\/05\/a-reacao-de-renato-paiva-durante-o-jogo-do-botafogo-na-libertadores\/\",\"name\":\"A rea\u00e7\u00e3o de Renato Paiva durante o jogo do Botafogo na Libertadores\",\"isPartOf\":{\"@id\":\"https:\/\/www.gaveanews.com\/#website\"},\"primaryImageOfPage\":{\"@id\":\"https:\/\/www.gaveanews.com\/index.php\/2025\/04\/05\/a-reacao-de-renato-paiva-durante-o-jogo-do-botafogo-na-libertadores\/#primaryimage\"},\"image\":{\"@id\":\"https:\/\/www.gaveanews.com\/index.php\/2025\/04\/05\/a-reacao-de-renato-paiva-durante-o-jogo-do-botafogo-na-libertadores\/#primaryimage\"},\"thumbnailUrl\":\"https:\/\/www.gaveanews.com\/wp-content\/uploads\/Renato-Paiva-em-acao-pelo-Botafogo-em-2025.webp\",\"datePublished\":\"2025-04-05T03:40:00+00:00\",\"author\":{\"@id\":\"https:\/\/www.gaveanews.com\/#\/schema\/person\/daf63eec72e1164eb13dc35096c2b8da\"},\"breadcrumb\":{\"@id\":\"https:\/\/www.gaveanews.com\/index.php\/2025\/04\/05\/a-reacao-de-renato-paiva-durante-o-jogo-do-botafogo-na-libertadores\/#breadcrumb\"},\"inLanguage\":\"pt-BR\",\"potentialAction\":[{\"@type\":\"ReadAction\",\"target\":[\"https:\/\/www.gaveanews.com\/index.php\/2025\/04\/05\/a-reacao-de-renato-paiva-durante-o-jogo-do-botafogo-na-libertadores\/\"]}]},{\"@type\":\"ImageObject\",\"inLanguage\":\"pt-BR\",\"@id\":\"https:\/\/www.gaveanews.com\/index.php\/2025\/04\/05\/a-reacao-de-renato-paiva-durante-o-jogo-do-botafogo-na-libertadores\/#primaryimage\",\"url\":\"https:\/\/www.gaveanews.com\/wp-content\/uploads\/Renato-Paiva-em-acao-pelo-Botafogo-em-2025.webp\",\"contentUrl\":\"https:\/\/www.gaveanews.com\/wp-content\/uploads\/Renato-Paiva-em-acao-pelo-Botafogo-em-2025.webp\",\"width\":900,\"height\":600,\"caption\":\"Renato Paiva em a\u00e7\u00e3o pelo Botafogo em 2025 (Foto: Vitor Silva\/Botafogo)\"},{\"@type\":\"BreadcrumbList\",\"@id\":\"https:\/\/www.gaveanews.com\/index.php\/2025\/04\/05\/a-reacao-de-renato-paiva-durante-o-jogo-do-botafogo-na-libertadores\/#breadcrumb\",\"itemListElement\":[{\"@type\":\"ListItem\",\"position\":1,\"name\":\"Home\",\"item\":\"https:\/\/www.gaveanews.com\/\"},{\"@type\":\"ListItem\",\"position\":2,\"name\":\"A rea\u00e7\u00e3o de Renato Paiva durante o jogo do Botafogo na Libertadores\"}]},{\"@type\":\"WebSite\",\"@id\":\"https:\/\/www.gaveanews.com\/#website\",\"url\":\"https:\/\/www.gaveanews.com\/\",\"name\":\"G\u00e1vea News\",\"description\":\"Veja todas as not\u00edcias sobre o Flamengo: Contrata\u00e7\u00f5es, categorias de base, resultados das partidas, tabela de classifica\u00e7\u00e3o, pr\u00f3ximos jogos!\",\"potentialAction\":[{\"@type\":\"SearchAction\",\"target\":{\"@type\":\"EntryPoint\",\"urlTemplate\":\"https:\/\/www.gaveanews.com\/?s={search_term_string}\"},\"query-input\":{\"@type\":\"PropertyValueSpecification\",\"valueRequired\":true,\"valueName\":\"search_term_string\"}}],\"inLanguage\":\"pt-BR\"},{\"@type\":\"Person\",\"@id\":\"https:\/\/www.gaveanews.com\/#\/schema\/person\/daf63eec72e1164eb13dc35096c2b8da\",\"name\":\"Paula Silva\",\"image\":{\"@type\":\"ImageObject\",\"inLanguage\":\"pt-BR\",\"@id\":\"https:\/\/www.gaveanews.com\/#\/schema\/person\/image\/\",\"url\":\"https:\/\/secure.gravatar.com\/avatar\/eda381c845527cc5d64c13b901833cda29d97500ba040d3e6461f76f51d163bb?s=96&d=mm&r=g\",\"contentUrl\":\"https:\/\/secure.gravatar.com\/avatar\/eda381c845527cc5d64c13b901833cda29d97500ba040d3e6461f76f51d163bb?s=96&d=mm&r=g\",\"caption\":\"Paula Silva\"}}]}<\/script>\n<!-- \/ Yoast SEO Premium plugin. -->","yoast_head_json":{"title":"A rea\u00e7\u00e3o de Renato Paiva durante o jogo do Botafogo na Libertadores","robots":{"index":"index","follow":"follow","max-snippet":"max-snippet:-1","max-image-preview":"max-image-preview:large","max-video-preview":"max-video-preview:-1"},"canonical":"https:\/\/www.gaveanews.com\/index.php\/2025\/04\/05\/a-reacao-de-renato-paiva-durante-o-jogo-do-botafogo-na-libertadores\/","og_locale":"pt_BR","og_type":"article","og_title":"A rea\u00e7\u00e3o de Renato Paiva durante o jogo do Botafogo na Libertadores","og_description":"O Botafogo iniciou sua caminhada na Conmebol Libertadores com uma derrota por 1 a 0 diante da Universidad de Chile, na noite de quarta-feira (02 de abril), no est\u00e1dio Nacional, em Santiago. A atua\u00e7\u00e3o do time foi marcada por frustra\u00e7\u00f5es, especialmente para o t\u00e9cnico Renato Paiva, que demonstrou insatisfa\u00e7\u00e3o ao longo da partida. Na primeira [&hellip;]","og_url":"https:\/\/www.gaveanews.com\/index.php\/2025\/04\/05\/a-reacao-de-renato-paiva-durante-o-jogo-do-botafogo-na-libertadores\/","og_site_name":"G\u00e1vea News","article_publisher":"https:\/\/facebook.com\/gaveaNews\/","article_published_time":"2025-04-05T03:40:00+00:00","og_image":[{"width":900,"height":600,"url":"https:\/\/www.gaveanews.com\/wp-content\/uploads\/Renato-Paiva-em-acao-pelo-Botafogo-em-2025.webp","type":"image\/jpeg"}],"author":"Paula Silva","twitter_card":"summary_large_image","twitter_misc":{"Escrito por":"Paula Silva","Est. tempo de leitura":"2 minutos"},"schema":{"@context":"https:\/\/schema.org","@graph":[{"@type":"NewsArticle","@id":"https:\/\/www.gaveanews.com\/index.php\/2025\/04\/05\/a-reacao-de-renato-paiva-durante-o-jogo-do-botafogo-na-libertadores\/#article","isPartOf":{"@id":"https:\/\/www.gaveanews.com\/index.php\/2025\/04\/05\/a-reacao-de-renato-paiva-durante-o-jogo-do-botafogo-na-libertadores\/"},"author":{"name":"Paula Silva","@id":"https:\/\/www.gaveanews.com\/#\/schema\/person\/daf63eec72e1164eb13dc35096c2b8da"},"headline":"A rea\u00e7\u00e3o de Renato Paiva durante o jogo do Botafogo na Libertadores","datePublished":"2025-04-05T03:40:00+00:00","mainEntityOfPage":{"@id":"https:\/\/www.gaveanews.com\/index.php\/2025\/04\/05\/a-reacao-de-renato-paiva-durante-o-jogo-do-botafogo-na-libertadores\/"},"wordCount":319,"commentCount":0,"image":{"@id":"https:\/\/www.gaveanews.com\/index.php\/2025\/04\/05\/a-reacao-de-renato-paiva-durante-o-jogo-do-botafogo-na-libertadores\/#primaryimage"},"thumbnailUrl":"https:\/\/www.gaveanews.com\/wp-content\/uploads\/Renato-Paiva-em-acao-pelo-Botafogo-em-2025.webp","articleSection":["Botafogo"],"inLanguage":"pt-BR","potentialAction":[{"@type":"CommentAction","name":"Comment","target":["https:\/\/www.gaveanews.com\/index.php\/2025\/04\/05\/a-reacao-de-renato-paiva-durante-o-jogo-do-botafogo-na-libertadores\/#respond"]}],"copyrightYear":"2025","copyrightHolder":{"@id":"https:\/\/www.gaveanews.com\/#organization"}},{"@type":"WebPage","@id":"https:\/\/www.gaveanews.com\/index.php\/2025\/04\/05\/a-reacao-de-renato-paiva-durante-o-jogo-do-botafogo-na-libertadores\/","url":"https:\/\/www.gaveanews.com\/index.php\/2025\/04\/05\/a-reacao-de-renato-paiva-durante-o-jogo-do-botafogo-na-libertadores\/","name":"A rea\u00e7\u00e3o de Renato Paiva durante o jogo do Botafogo na Libertadores","isPartOf":{"@id":"https:\/\/www.gaveanews.com\/#website"},"primaryImageOfPage":{"@id":"https:\/\/www.gaveanews.com\/index.php\/2025\/04\/05\/a-reacao-de-renato-paiva-durante-o-jogo-do-botafogo-na-libertadores\/#primaryimage"},"image":{"@id":"https:\/\/www.gaveanews.com\/index.php\/2025\/04\/05\/a-reacao-de-renato-paiva-durante-o-jogo-do-botafogo-na-libertadores\/#primaryimage"},"thumbnailUrl":"https:\/\/www.gaveanews.com\/wp-content\/uploads\/Renato-Paiva-em-acao-pelo-Botafogo-em-2025.webp","datePublished":"2025-04-05T03:40:00+00:00","author":{"@id":"https:\/\/www.gaveanews.com\/#\/schema\/person\/daf63eec72e1164eb13dc35096c2b8da"},"breadcrumb":{"@id":"https:\/\/www.gaveanews.com\/index.php\/2025\/04\/05\/a-reacao-de-renato-paiva-durante-o-jogo-do-botafogo-na-libertadores\/#breadcrumb"},"inLanguage":"pt-BR","potentialAction":[{"@type":"ReadAction","target":["https:\/\/www.gaveanews.com\/index.php\/2025\/04\/05\/a-reacao-de-renato-paiva-durante-o-jogo-do-botafogo-na-libertadores\/"]}]},{"@type":"ImageObject","inLanguage":"pt-BR","@id":"https:\/\/www.gaveanews.com\/index.php\/2025\/04\/05\/a-reacao-de-renato-paiva-durante-o-jogo-do-botafogo-na-libertadores\/#primaryimage","url":"https:\/\/www.gaveanews.com\/wp-content\/uploads\/Renato-Paiva-em-acao-pelo-Botafogo-em-2025.webp","contentUrl":"https:\/\/www.gaveanews.com\/wp-content\/uploads\/Renato-Paiva-em-acao-pelo-Botafogo-em-2025.webp","width":900,"height":600,"caption":"Renato Paiva em a\u00e7\u00e3o pelo Botafogo em 2025 (Foto: Vitor Silva\/Botafogo)"},{"@type":"BreadcrumbList","@id":"https:\/\/www.gaveanews.com\/index.php\/2025\/04\/05\/a-reacao-de-renato-paiva-durante-o-jogo-do-botafogo-na-libertadores\/#breadcrumb","itemListElement":[{"@type":"ListItem","position":1,"name":"Home","item":"https:\/\/www.gaveanews.com\/"},{"@type":"ListItem","position":2,"name":"A rea\u00e7\u00e3o de Renato Paiva durante o jogo do Botafogo na Libertadores"}]},{"@type":"WebSite","@id":"https:\/\/www.gaveanews.com\/#website","url":"https:\/\/www.gaveanews.com\/","name":"G\u00e1vea News","description":"Veja todas as not\u00edcias sobre o Flamengo: Contrata\u00e7\u00f5es, categorias de base, resultados das partidas, tabela de classifica\u00e7\u00e3o, pr\u00f3ximos jogos!","potentialAction":[{"@type":"SearchAction","target":{"@type":"EntryPoint","urlTemplate":"https:\/\/www.gaveanews.com\/?s={search_term_string}"},"query-input":{"@type":"PropertyValueSpecification","valueRequired":true,"valueName":"search_term_string"}}],"inLanguage":"pt-BR"},{"@type":"Person","@id":"https:\/\/www.gaveanews.com\/#\/schema\/person\/daf63eec72e1164eb13dc35096c2b8da","name":"Paula Silva","image":{"@type":"ImageObject","inLanguage":"pt-BR","@id":"https:\/\/www.gaveanews.com\/#\/schema\/person\/image\/","url":"https:\/\/secure.gravatar.com\/avatar\/eda381c845527cc5d64c13b901833cda29d97500ba040d3e6461f76f51d163bb?s=96&d=mm&r=g","contentUrl":"https:\/\/secure.gravatar.com\/avatar\/eda381c845527cc5d64c13b901833cda29d97500ba040d3e6461f76f51d163bb?s=96&d=mm&r=g","caption":"Paula Silva"}}]}},"_links":{"self":[{"href":"https:\/\/www.gaveanews.com\/index.php\/wp-json\/wp\/v2\/posts\/249246","targetHints":{"allow":["GET"]}}],"collection":[{"href":"https:\/\/www.gaveanews.com\/index.php\/wp-json\/wp\/v2\/posts"}],"about":[{"href":"https:\/\/www.gaveanews.com\/index.php\/wp-json\/wp\/v2\/types\/post"}],"author":[{"embeddable":true,"href":"https:\/\/www.gaveanews.com\/index.php\/wp-json\/wp\/v2\/users\/18"}],"replies":[{"embeddable":true,"href":"https:\/\/www.gaveanews.com\/index.php\/wp-json\/wp\/v2\/comments?post=249246"}],"version-history":[{"count":1,"href":"https:\/\/www.gaveanews.com\/index.php\/wp-json\/wp\/v2\/posts\/249246\/revisions"}],"predecessor-version":[{"id":249247,"href":"https:\/\/www.gaveanews.com\/index.php\/wp-json\/wp\/v2\/posts\/249246\/revisions\/249247"}],"wp:featuredmedia":[{"embeddable":true,"href":"https:\/\/www.gaveanews.com\/index.php\/wp-json\/wp\/v2\/media\/244411"}],"wp:attachment":[{"href":"https:\/\/www.gaveanews.com\/index.php\/wp-json\/wp\/v2\/media?parent=249246"}],"wp:term":[{"taxonomy":"category","embeddable":true,"href":"https:\/\/www.gaveanews.com\/index.php\/wp-json\/wp\/v2\/categories?post=249246"},{"taxonomy":"post_tag","embeddable":true,"href":"https:\/\/www.gaveanews.com\/index.php\/wp-json\/wp\/v2\/tags?post=249246"}],"curies":[{"name":"wp","href":"https:\/\/api.w.org\/{rel}","templated":true}]}}