{"id":249249,"date":"2025-04-05T00:45:00","date_gmt":"2025-04-05T03:45:00","guid":{"rendered":"https:\/\/www.gaveanews.com\/?p=249249"},"modified":"2025-04-04T21:15:58","modified_gmt":"2025-04-05T00:15:58","slug":"atletico-mg-esta-pessimista-em-relacao-ao-julgamento","status":"publish","type":"post","link":"https:\/\/www.gaveanews.com\/index.php\/2025\/04\/05\/atletico-mg-esta-pessimista-em-relacao-ao-julgamento\/","title":{"rendered":"Atl\u00e9tico-MG est\u00e1 pessimista em rela\u00e7\u00e3o ao julgamento"},"content":{"rendered":"\n<p>O Atl\u00e9tico-MG vive um momento de incerteza quanto \u00e0 presen\u00e7a da torcida nos primeiros jogos como mandante na Copa Sul-Americana. O clube ainda aguarda uma resposta do Tribunal Arbitral do Esporte (CAS) sobre o pedido de efeito suspensivo que visa reverter uma puni\u00e7\u00e3o imposta pela Conmebol no final da temporada passada.<\/p>\n\n\n\n<p>A penaliza\u00e7\u00e3o, aplicada em decorr\u00eancia de incidentes nas partidas contra o River Plate, na semifinal da Libertadores de 2024, determinou que o clube mineiro jogue duas partidas com port\u00f5es fechados. Al\u00e9m disso, houve uma multa de 215 mil d\u00f3lares, equivalente a cerca de R$ 1,3 milh\u00e3o na cota\u00e7\u00e3o da \u00e9poca.<\/p>\n\n\n\n<p>De acordo com apura\u00e7\u00e3o, o recurso foi protocolado no CAS em fevereiro, contudo, o tribunal ainda n\u00e3o definiu um prazo para apresentar uma decis\u00e3o. Diante disso, o Atl\u00e9tico demonstra pouco otimismo em contar com apoio dos torcedores no duelo contra o Deportivo Iquique, marcado para quinta-feira (10 de abril), no Mineir\u00e3o, \u00e0s 21h30 (hor\u00e1rio de Bras\u00edlia).<\/p>\n\n\n\n<p>O segundo compromisso como mandante na fase de grupos tamb\u00e9m deve ocorrer sem p\u00fablico. Trata-se do confronto com o Caracas, da Venezuela, agendado para quarta-feira (15 de maio). O Galo integra o Grupo H, que tamb\u00e9m conta com o Cienciano, do Peru. Ali\u00e1s, na estreia, os mineiros empataram em 0 a 0 com a equipe peruana, em Cusco.<\/p>\n\n\n\n<p>A puni\u00e7\u00e3o foi motivada, principalmente, pelo uso recorrente de sinalizadores pela torcida atleticana. Entretanto, outros fatores foram considerados, como o arremesso de objetos no campo, atraso na retomada da partida, \u00e1rea de hospitalidade inadequada e refletores fora do padr\u00e3o exigido pela entidade.<\/p>\n\n\n\n<p>Enquanto aguarda uma resposta do CAS, o Atl\u00e9tico-MG tenta reorganizar o planejamento e lidar com os impactos esportivos e financeiros da san\u00e7\u00e3o, que, por ora, compromete o apoio da torcida em jogos decisivos na Sul-Americana.<\/p>\n","protected":false},"excerpt":{"rendered":"<p>O Atl\u00e9tico-MG vive um momento de incerteza quanto \u00e0 presen\u00e7a da torcida nos primeiros jogos como mandante na Copa Sul-Americana. O clube ainda aguarda uma resposta do Tribunal Arbitral do Esporte (CAS) sobre o pedido de efeito suspensivo que visa reverter uma puni\u00e7\u00e3o imposta pela Conmebol no final da temporada passada. A penaliza\u00e7\u00e3o, aplicada em [&hellip;]<\/p>\n","protected":false},"author":18,"featured_media":157061,"comment_status":"open","ping_status":"closed","sticky":false,"template":"","format":"standard","meta":{"footnotes":""},"categories":[136],"tags":[],"class_list":["post-249249","post","type-post","status-publish","format-standard","has-post-thumbnail","hentry","category-atletico-mg"],"yoast_head":"<!-- This site is optimized with the Yoast SEO Premium plugin v24.2 (Yoast SEO v26.9) - https:\/\/yoast.com\/product\/yoast-seo-premium-wordpress\/ -->\n<title>Atl\u00e9tico-MG est\u00e1 pessimista em rela\u00e7\u00e3o ao julgamento<\/title>\n<meta name=\"robots\" content=\"index, follow, max-snippet:-1, max-image-preview:large, max-video-preview:-1\" \/>\n<link rel=\"canonical\" href=\"https:\/\/www.gaveanews.com\/index.php\/2025\/04\/05\/atletico-mg-esta-pessimista-em-relacao-ao-julgamento\/\" \/>\n<meta property=\"og:locale\" content=\"pt_BR\" \/>\n<meta property=\"og:type\" content=\"article\" \/>\n<meta property=\"og:title\" content=\"Atl\u00e9tico-MG est\u00e1 pessimista em rela\u00e7\u00e3o ao julgamento\" \/>\n<meta property=\"og:description\" content=\"O Atl\u00e9tico-MG vive um momento de incerteza quanto \u00e0 presen\u00e7a da torcida nos primeiros jogos como mandante na Copa Sul-Americana. O clube ainda aguarda uma resposta do Tribunal Arbitral do Esporte (CAS) sobre o pedido de efeito suspensivo que visa reverter uma puni\u00e7\u00e3o imposta pela Conmebol no final da temporada passada. A penaliza\u00e7\u00e3o, aplicada em [&hellip;]\" \/>\n<meta property=\"og:url\" content=\"https:\/\/www.gaveanews.com\/index.php\/2025\/04\/05\/atletico-mg-esta-pessimista-em-relacao-ao-julgamento\/\" \/>\n<meta property=\"og:site_name\" content=\"G\u00e1vea News\" \/>\n<meta property=\"article:publisher\" content=\"https:\/\/facebook.com\/gaveaNews\/\" \/>\n<meta property=\"article:published_time\" content=\"2025-04-05T03:45:00+00:00\" \/>\n<meta property=\"og:image\" content=\"https:\/\/www.gaveanews.com\/wp-content\/uploads\/Camisa-do-Atletico-MG.webp\" \/>\n\t<meta property=\"og:image:width\" content=\"1080\" \/>\n\t<meta property=\"og:image:height\" content=\"720\" \/>\n\t<meta property=\"og:image:type\" content=\"image\/webp\" \/>\n<meta name=\"author\" content=\"Paula Silva\" \/>\n<meta name=\"twitter:card\" content=\"summary_large_image\" \/>\n<meta name=\"twitter:label1\" content=\"Escrito por\" \/>\n\t<meta name=\"twitter:data1\" content=\"Paula Silva\" \/>\n\t<meta name=\"twitter:label2\" content=\"Est. tempo de leitura\" \/>\n\t<meta name=\"twitter:data2\" content=\"2 minutos\" \/>\n<script type=\"application\/ld+json\" class=\"yoast-schema-graph\">{\"@context\":\"https:\/\/schema.org\",\"@graph\":[{\"@type\":\"NewsArticle\",\"@id\":\"https:\/\/www.gaveanews.com\/index.php\/2025\/04\/05\/atletico-mg-esta-pessimista-em-relacao-ao-julgamento\/#article\",\"isPartOf\":{\"@id\":\"https:\/\/www.gaveanews.com\/index.php\/2025\/04\/05\/atletico-mg-esta-pessimista-em-relacao-ao-julgamento\/\"},\"author\":{\"name\":\"Paula Silva\",\"@id\":\"https:\/\/www.gaveanews.com\/#\/schema\/person\/daf63eec72e1164eb13dc35096c2b8da\"},\"headline\":\"Atl\u00e9tico-MG est\u00e1 pessimista em rela\u00e7\u00e3o ao julgamento\",\"datePublished\":\"2025-04-05T03:45:00+00:00\",\"mainEntityOfPage\":{\"@id\":\"https:\/\/www.gaveanews.com\/index.php\/2025\/04\/05\/atletico-mg-esta-pessimista-em-relacao-ao-julgamento\/\"},\"wordCount\":318,\"commentCount\":0,\"image\":{\"@id\":\"https:\/\/www.gaveanews.com\/index.php\/2025\/04\/05\/atletico-mg-esta-pessimista-em-relacao-ao-julgamento\/#primaryimage\"},\"thumbnailUrl\":\"https:\/\/www.gaveanews.com\/wp-content\/uploads\/Camisa-do-Atletico-MG.webp\",\"articleSection\":[\"Atl\u00e9tico-MG\"],\"inLanguage\":\"pt-BR\",\"potentialAction\":[{\"@type\":\"CommentAction\",\"name\":\"Comment\",\"target\":[\"https:\/\/www.gaveanews.com\/index.php\/2025\/04\/05\/atletico-mg-esta-pessimista-em-relacao-ao-julgamento\/#respond\"]}],\"copyrightYear\":\"2025\",\"copyrightHolder\":{\"@id\":\"https:\/\/www.gaveanews.com\/#organization\"}},{\"@type\":\"WebPage\",\"@id\":\"https:\/\/www.gaveanews.com\/index.php\/2025\/04\/05\/atletico-mg-esta-pessimista-em-relacao-ao-julgamento\/\",\"url\":\"https:\/\/www.gaveanews.com\/index.php\/2025\/04\/05\/atletico-mg-esta-pessimista-em-relacao-ao-julgamento\/\",\"name\":\"Atl\u00e9tico-MG est\u00e1 pessimista em rela\u00e7\u00e3o ao julgamento\",\"isPartOf\":{\"@id\":\"https:\/\/www.gaveanews.com\/#website\"},\"primaryImageOfPage\":{\"@id\":\"https:\/\/www.gaveanews.com\/index.php\/2025\/04\/05\/atletico-mg-esta-pessimista-em-relacao-ao-julgamento\/#primaryimage\"},\"image\":{\"@id\":\"https:\/\/www.gaveanews.com\/index.php\/2025\/04\/05\/atletico-mg-esta-pessimista-em-relacao-ao-julgamento\/#primaryimage\"},\"thumbnailUrl\":\"https:\/\/www.gaveanews.com\/wp-content\/uploads\/Camisa-do-Atletico-MG.webp\",\"datePublished\":\"2025-04-05T03:45:00+00:00\",\"author\":{\"@id\":\"https:\/\/www.gaveanews.com\/#\/schema\/person\/daf63eec72e1164eb13dc35096c2b8da\"},\"breadcrumb\":{\"@id\":\"https:\/\/www.gaveanews.com\/index.php\/2025\/04\/05\/atletico-mg-esta-pessimista-em-relacao-ao-julgamento\/#breadcrumb\"},\"inLanguage\":\"pt-BR\",\"potentialAction\":[{\"@type\":\"ReadAction\",\"target\":[\"https:\/\/www.gaveanews.com\/index.php\/2025\/04\/05\/atletico-mg-esta-pessimista-em-relacao-ao-julgamento\/\"]}]},{\"@type\":\"ImageObject\",\"inLanguage\":\"pt-BR\",\"@id\":\"https:\/\/www.gaveanews.com\/index.php\/2025\/04\/05\/atletico-mg-esta-pessimista-em-relacao-ao-julgamento\/#primaryimage\",\"url\":\"https:\/\/www.gaveanews.com\/wp-content\/uploads\/Camisa-do-Atletico-MG.webp\",\"contentUrl\":\"https:\/\/www.gaveanews.com\/wp-content\/uploads\/Camisa-do-Atletico-MG.webp\",\"width\":1080,\"height\":720,\"caption\":\"Camisa do Atl\u00e9tico-MG (Foto: Reprodu\u00e7\u00e3o\/Instagram)\"},{\"@type\":\"BreadcrumbList\",\"@id\":\"https:\/\/www.gaveanews.com\/index.php\/2025\/04\/05\/atletico-mg-esta-pessimista-em-relacao-ao-julgamento\/#breadcrumb\",\"itemListElement\":[{\"@type\":\"ListItem\",\"position\":1,\"name\":\"Home\",\"item\":\"https:\/\/www.gaveanews.com\/\"},{\"@type\":\"ListItem\",\"position\":2,\"name\":\"Atl\u00e9tico-MG est\u00e1 pessimista em rela\u00e7\u00e3o ao julgamento\"}]},{\"@type\":\"WebSite\",\"@id\":\"https:\/\/www.gaveanews.com\/#website\",\"url\":\"https:\/\/www.gaveanews.com\/\",\"name\":\"G\u00e1vea News\",\"description\":\"Veja todas as not\u00edcias sobre o Flamengo: Contrata\u00e7\u00f5es, categorias de base, resultados das partidas, tabela de classifica\u00e7\u00e3o, pr\u00f3ximos jogos!\",\"potentialAction\":[{\"@type\":\"SearchAction\",\"target\":{\"@type\":\"EntryPoint\",\"urlTemplate\":\"https:\/\/www.gaveanews.com\/?s={search_term_string}\"},\"query-input\":{\"@type\":\"PropertyValueSpecification\",\"valueRequired\":true,\"valueName\":\"search_term_string\"}}],\"inLanguage\":\"pt-BR\"},{\"@type\":\"Person\",\"@id\":\"https:\/\/www.gaveanews.com\/#\/schema\/person\/daf63eec72e1164eb13dc35096c2b8da\",\"name\":\"Paula Silva\",\"image\":{\"@type\":\"ImageObject\",\"inLanguage\":\"pt-BR\",\"@id\":\"https:\/\/www.gaveanews.com\/#\/schema\/person\/image\/\",\"url\":\"https:\/\/secure.gravatar.com\/avatar\/eda381c845527cc5d64c13b901833cda29d97500ba040d3e6461f76f51d163bb?s=96&d=mm&r=g\",\"contentUrl\":\"https:\/\/secure.gravatar.com\/avatar\/eda381c845527cc5d64c13b901833cda29d97500ba040d3e6461f76f51d163bb?s=96&d=mm&r=g\",\"caption\":\"Paula Silva\"}}]}<\/script>\n<!-- \/ Yoast SEO Premium plugin. -->","yoast_head_json":{"title":"Atl\u00e9tico-MG est\u00e1 pessimista em rela\u00e7\u00e3o ao julgamento","robots":{"index":"index","follow":"follow","max-snippet":"max-snippet:-1","max-image-preview":"max-image-preview:large","max-video-preview":"max-video-preview:-1"},"canonical":"https:\/\/www.gaveanews.com\/index.php\/2025\/04\/05\/atletico-mg-esta-pessimista-em-relacao-ao-julgamento\/","og_locale":"pt_BR","og_type":"article","og_title":"Atl\u00e9tico-MG est\u00e1 pessimista em rela\u00e7\u00e3o ao julgamento","og_description":"O Atl\u00e9tico-MG vive um momento de incerteza quanto \u00e0 presen\u00e7a da torcida nos primeiros jogos como mandante na Copa Sul-Americana. O clube ainda aguarda uma resposta do Tribunal Arbitral do Esporte (CAS) sobre o pedido de efeito suspensivo que visa reverter uma puni\u00e7\u00e3o imposta pela Conmebol no final da temporada passada. A penaliza\u00e7\u00e3o, aplicada em [&hellip;]","og_url":"https:\/\/www.gaveanews.com\/index.php\/2025\/04\/05\/atletico-mg-esta-pessimista-em-relacao-ao-julgamento\/","og_site_name":"G\u00e1vea News","article_publisher":"https:\/\/facebook.com\/gaveaNews\/","article_published_time":"2025-04-05T03:45:00+00:00","og_image":[{"width":1080,"height":720,"url":"https:\/\/www.gaveanews.com\/wp-content\/uploads\/Camisa-do-Atletico-MG.webp","type":"image\/webp"}],"author":"Paula Silva","twitter_card":"summary_large_image","twitter_misc":{"Escrito por":"Paula Silva","Est. tempo de leitura":"2 minutos"},"schema":{"@context":"https:\/\/schema.org","@graph":[{"@type":"NewsArticle","@id":"https:\/\/www.gaveanews.com\/index.php\/2025\/04\/05\/atletico-mg-esta-pessimista-em-relacao-ao-julgamento\/#article","isPartOf":{"@id":"https:\/\/www.gaveanews.com\/index.php\/2025\/04\/05\/atletico-mg-esta-pessimista-em-relacao-ao-julgamento\/"},"author":{"name":"Paula Silva","@id":"https:\/\/www.gaveanews.com\/#\/schema\/person\/daf63eec72e1164eb13dc35096c2b8da"},"headline":"Atl\u00e9tico-MG est\u00e1 pessimista em rela\u00e7\u00e3o ao julgamento","datePublished":"2025-04-05T03:45:00+00:00","mainEntityOfPage":{"@id":"https:\/\/www.gaveanews.com\/index.php\/2025\/04\/05\/atletico-mg-esta-pessimista-em-relacao-ao-julgamento\/"},"wordCount":318,"commentCount":0,"image":{"@id":"https:\/\/www.gaveanews.com\/index.php\/2025\/04\/05\/atletico-mg-esta-pessimista-em-relacao-ao-julgamento\/#primaryimage"},"thumbnailUrl":"https:\/\/www.gaveanews.com\/wp-content\/uploads\/Camisa-do-Atletico-MG.webp","articleSection":["Atl\u00e9tico-MG"],"inLanguage":"pt-BR","potentialAction":[{"@type":"CommentAction","name":"Comment","target":["https:\/\/www.gaveanews.com\/index.php\/2025\/04\/05\/atletico-mg-esta-pessimista-em-relacao-ao-julgamento\/#respond"]}],"copyrightYear":"2025","copyrightHolder":{"@id":"https:\/\/www.gaveanews.com\/#organization"}},{"@type":"WebPage","@id":"https:\/\/www.gaveanews.com\/index.php\/2025\/04\/05\/atletico-mg-esta-pessimista-em-relacao-ao-julgamento\/","url":"https:\/\/www.gaveanews.com\/index.php\/2025\/04\/05\/atletico-mg-esta-pessimista-em-relacao-ao-julgamento\/","name":"Atl\u00e9tico-MG est\u00e1 pessimista em rela\u00e7\u00e3o ao julgamento","isPartOf":{"@id":"https:\/\/www.gaveanews.com\/#website"},"primaryImageOfPage":{"@id":"https:\/\/www.gaveanews.com\/index.php\/2025\/04\/05\/atletico-mg-esta-pessimista-em-relacao-ao-julgamento\/#primaryimage"},"image":{"@id":"https:\/\/www.gaveanews.com\/index.php\/2025\/04\/05\/atletico-mg-esta-pessimista-em-relacao-ao-julgamento\/#primaryimage"},"thumbnailUrl":"https:\/\/www.gaveanews.com\/wp-content\/uploads\/Camisa-do-Atletico-MG.webp","datePublished":"2025-04-05T03:45:00+00:00","author":{"@id":"https:\/\/www.gaveanews.com\/#\/schema\/person\/daf63eec72e1164eb13dc35096c2b8da"},"breadcrumb":{"@id":"https:\/\/www.gaveanews.com\/index.php\/2025\/04\/05\/atletico-mg-esta-pessimista-em-relacao-ao-julgamento\/#breadcrumb"},"inLanguage":"pt-BR","potentialAction":[{"@type":"ReadAction","target":["https:\/\/www.gaveanews.com\/index.php\/2025\/04\/05\/atletico-mg-esta-pessimista-em-relacao-ao-julgamento\/"]}]},{"@type":"ImageObject","inLanguage":"pt-BR","@id":"https:\/\/www.gaveanews.com\/index.php\/2025\/04\/05\/atletico-mg-esta-pessimista-em-relacao-ao-julgamento\/#primaryimage","url":"https:\/\/www.gaveanews.com\/wp-content\/uploads\/Camisa-do-Atletico-MG.webp","contentUrl":"https:\/\/www.gaveanews.com\/wp-content\/uploads\/Camisa-do-Atletico-MG.webp","width":1080,"height":720,"caption":"Camisa do Atl\u00e9tico-MG (Foto: Reprodu\u00e7\u00e3o\/Instagram)"},{"@type":"BreadcrumbList","@id":"https:\/\/www.gaveanews.com\/index.php\/2025\/04\/05\/atletico-mg-esta-pessimista-em-relacao-ao-julgamento\/#breadcrumb","itemListElement":[{"@type":"ListItem","position":1,"name":"Home","item":"https:\/\/www.gaveanews.com\/"},{"@type":"ListItem","position":2,"name":"Atl\u00e9tico-MG est\u00e1 pessimista em rela\u00e7\u00e3o ao julgamento"}]},{"@type":"WebSite","@id":"https:\/\/www.gaveanews.com\/#website","url":"https:\/\/www.gaveanews.com\/","name":"G\u00e1vea News","description":"Veja todas as not\u00edcias sobre o Flamengo: Contrata\u00e7\u00f5es, categorias de base, resultados das partidas, tabela de classifica\u00e7\u00e3o, pr\u00f3ximos jogos!","potentialAction":[{"@type":"SearchAction","target":{"@type":"EntryPoint","urlTemplate":"https:\/\/www.gaveanews.com\/?s={search_term_string}"},"query-input":{"@type":"PropertyValueSpecification","valueRequired":true,"valueName":"search_term_string"}}],"inLanguage":"pt-BR"},{"@type":"Person","@id":"https:\/\/www.gaveanews.com\/#\/schema\/person\/daf63eec72e1164eb13dc35096c2b8da","name":"Paula Silva","image":{"@type":"ImageObject","inLanguage":"pt-BR","@id":"https:\/\/www.gaveanews.com\/#\/schema\/person\/image\/","url":"https:\/\/secure.gravatar.com\/avatar\/eda381c845527cc5d64c13b901833cda29d97500ba040d3e6461f76f51d163bb?s=96&d=mm&r=g","contentUrl":"https:\/\/secure.gravatar.com\/avatar\/eda381c845527cc5d64c13b901833cda29d97500ba040d3e6461f76f51d163bb?s=96&d=mm&r=g","caption":"Paula Silva"}}]}},"_links":{"self":[{"href":"https:\/\/www.gaveanews.com\/index.php\/wp-json\/wp\/v2\/posts\/249249","targetHints":{"allow":["GET"]}}],"collection":[{"href":"https:\/\/www.gaveanews.com\/index.php\/wp-json\/wp\/v2\/posts"}],"about":[{"href":"https:\/\/www.gaveanews.com\/index.php\/wp-json\/wp\/v2\/types\/post"}],"author":[{"embeddable":true,"href":"https:\/\/www.gaveanews.com\/index.php\/wp-json\/wp\/v2\/users\/18"}],"replies":[{"embeddable":true,"href":"https:\/\/www.gaveanews.com\/index.php\/wp-json\/wp\/v2\/comments?post=249249"}],"version-history":[{"count":1,"href":"https:\/\/www.gaveanews.com\/index.php\/wp-json\/wp\/v2\/posts\/249249\/revisions"}],"predecessor-version":[{"id":249250,"href":"https:\/\/www.gaveanews.com\/index.php\/wp-json\/wp\/v2\/posts\/249249\/revisions\/249250"}],"wp:featuredmedia":[{"embeddable":true,"href":"https:\/\/www.gaveanews.com\/index.php\/wp-json\/wp\/v2\/media\/157061"}],"wp:attachment":[{"href":"https:\/\/www.gaveanews.com\/index.php\/wp-json\/wp\/v2\/media?parent=249249"}],"wp:term":[{"taxonomy":"category","embeddable":true,"href":"https:\/\/www.gaveanews.com\/index.php\/wp-json\/wp\/v2\/categories?post=249249"},{"taxonomy":"post_tag","embeddable":true,"href":"https:\/\/www.gaveanews.com\/index.php\/wp-json\/wp\/v2\/tags?post=249249"}],"curies":[{"name":"wp","href":"https:\/\/api.w.org\/{rel}","templated":true}]}}