{"id":249251,"date":"2025-04-05T00:55:00","date_gmt":"2025-04-05T03:55:00","guid":{"rendered":"https:\/\/www.gaveanews.com\/?p=249251"},"modified":"2025-04-04T21:25:21","modified_gmt":"2025-04-05T00:25:21","slug":"santos-avancar-por-construcao-da-nova-vila-belmiro","status":"publish","type":"post","link":"https:\/\/www.gaveanews.com\/index.php\/2025\/04\/05\/santos-avancar-por-construcao-da-nova-vila-belmiro\/","title":{"rendered":"Santos avan\u00e7ar por constru\u00e7\u00e3o da nova Vila Belmiro"},"content":{"rendered":"\n<p>A diretoria do Santos deu mais um passo importante rumo \u00e0 constru\u00e7\u00e3o de sua nova arena. Na quinta-feira (03 de abril), representantes do clube se reuniram com autoridades municipais para tratar dos tr\u00e2mites finais que antecedem a assinatura do contrato com a empresa WTorre, respons\u00e1vel pelo projeto da futura Vila Belmiro.<\/p>\n\n\n\n<p>Participaram do encontro o presidente Marcelo Teixeira, seu filho Marcelinho, membros do Comit\u00ea de Gest\u00e3o e o assessor especial J\u00fanior Bozzella. Pelo lado do poder p\u00fablico, estiveram presentes o prefeito Rog\u00e9rio Santos, o deputado federal Paulo Alexandre Barbosa e outros secret\u00e1rios. Representando a WTorre, estiveram Marco Siqueira e Luiz Ot\u00e1vio.<\/p>\n\n\n\n<p>O clube espera formalizar o acordo at\u00e9 o anivers\u00e1rio do Santos, marcado para 14 de abril. \u201cN\u00e3o temos pressa para n\u00e3o nos arrependermos depois\u201d, afirmou Teixeira, ressaltando as altera\u00e7\u00f5es realizadas no documento desde o in\u00edcio de sua gest\u00e3o, em janeiro do ano passado. Afinal, o contrato original havia sido elaborado pela administra\u00e7\u00e3o anterior.<\/p>\n\n\n\n<p>Durante os 15 meses de negocia\u00e7\u00f5es, diversas cl\u00e1usulas do memorando de inten\u00e7\u00f5es foram revistas. Conforme os envolvidos, h\u00e1 otimismo para que a assinatura ocorra em breve. Ali\u00e1s, o projeto \u00e9 visto como um marco para a cidade, com impacto direto na economia local e na estrutura do clube.<\/p>\n\n\n\n<p>Embora a Vila Belmiro tenha recebido melhorias recentes, muitas delas impulsionadas pelo pai de Neymar, n\u00e3o h\u00e1 entraves para a demoli\u00e7\u00e3o do est\u00e1dio. Segundo fontes ligadas ao clube, o pr\u00f3prio Neymar pai est\u00e1 ciente dos planos da diretoria e n\u00e3o se op\u00f5e \u00e0 mudan\u00e7a.<\/p>\n\n\n\n<p>Entretanto, mesmo com a assinatura do contrato, a demoli\u00e7\u00e3o n\u00e3o ser\u00e1 imediata. O Santos ainda precisar\u00e1 captar recursos por meio da venda de cadeiras cativas e camarotes. Posteriormente, ser\u00e1 dado in\u00edcio ao processo de reconstru\u00e7\u00e3o da nova casa alvinegra.<\/p>\n","protected":false},"excerpt":{"rendered":"<p>A diretoria do Santos deu mais um passo importante rumo \u00e0 constru\u00e7\u00e3o de sua nova arena. Na quinta-feira (03 de abril), representantes do clube se reuniram com autoridades municipais para tratar dos tr\u00e2mites finais que antecedem a assinatura do contrato com a empresa WTorre, respons\u00e1vel pelo projeto da futura Vila Belmiro. Participaram do encontro o [&hellip;]<\/p>\n","protected":false},"author":18,"featured_media":147259,"comment_status":"open","ping_status":"closed","sticky":false,"template":"","format":"standard","meta":{"footnotes":""},"categories":[139],"tags":[],"class_list":["post-249251","post","type-post","status-publish","format-standard","has-post-thumbnail","hentry","category-santos"],"yoast_head":"<!-- This site is optimized with the Yoast SEO Premium plugin v24.2 (Yoast SEO v26.9) - https:\/\/yoast.com\/product\/yoast-seo-premium-wordpress\/ -->\n<title>Santos avan\u00e7ar por constru\u00e7\u00e3o da nova Vila Belmiro<\/title>\n<meta name=\"robots\" content=\"index, follow, max-snippet:-1, max-image-preview:large, max-video-preview:-1\" \/>\n<link rel=\"canonical\" href=\"https:\/\/www.gaveanews.com\/index.php\/2025\/04\/05\/santos-avancar-por-construcao-da-nova-vila-belmiro\/\" \/>\n<meta property=\"og:locale\" content=\"pt_BR\" \/>\n<meta property=\"og:type\" content=\"article\" \/>\n<meta property=\"og:title\" content=\"Santos avan\u00e7ar por constru\u00e7\u00e3o da nova Vila Belmiro\" \/>\n<meta property=\"og:description\" content=\"A diretoria do Santos deu mais um passo importante rumo \u00e0 constru\u00e7\u00e3o de sua nova arena. Na quinta-feira (03 de abril), representantes do clube se reuniram com autoridades municipais para tratar dos tr\u00e2mites finais que antecedem a assinatura do contrato com a empresa WTorre, respons\u00e1vel pelo projeto da futura Vila Belmiro. Participaram do encontro o [&hellip;]\" \/>\n<meta property=\"og:url\" content=\"https:\/\/www.gaveanews.com\/index.php\/2025\/04\/05\/santos-avancar-por-construcao-da-nova-vila-belmiro\/\" \/>\n<meta property=\"og:site_name\" content=\"G\u00e1vea News\" \/>\n<meta property=\"article:publisher\" content=\"https:\/\/facebook.com\/gaveaNews\/\" \/>\n<meta property=\"article:published_time\" content=\"2025-04-05T03:55:00+00:00\" \/>\n<meta property=\"og:image\" content=\"https:\/\/www.gaveanews.com\/wp-content\/uploads\/Interior-da-Vila-Belmiro.webp\" \/>\n\t<meta property=\"og:image:width\" content=\"1280\" \/>\n\t<meta property=\"og:image:height\" content=\"960\" \/>\n\t<meta property=\"og:image:type\" content=\"image\/jpeg\" \/>\n<meta name=\"author\" content=\"Paula Silva\" \/>\n<meta name=\"twitter:card\" content=\"summary_large_image\" \/>\n<meta name=\"twitter:label1\" content=\"Escrito por\" \/>\n\t<meta name=\"twitter:data1\" content=\"Paula Silva\" \/>\n\t<meta name=\"twitter:label2\" content=\"Est. tempo de leitura\" \/>\n\t<meta name=\"twitter:data2\" content=\"2 minutos\" \/>\n<script type=\"application\/ld+json\" class=\"yoast-schema-graph\">{\"@context\":\"https:\/\/schema.org\",\"@graph\":[{\"@type\":\"NewsArticle\",\"@id\":\"https:\/\/www.gaveanews.com\/index.php\/2025\/04\/05\/santos-avancar-por-construcao-da-nova-vila-belmiro\/#article\",\"isPartOf\":{\"@id\":\"https:\/\/www.gaveanews.com\/index.php\/2025\/04\/05\/santos-avancar-por-construcao-da-nova-vila-belmiro\/\"},\"author\":{\"name\":\"Paula Silva\",\"@id\":\"https:\/\/www.gaveanews.com\/#\/schema\/person\/daf63eec72e1164eb13dc35096c2b8da\"},\"headline\":\"Santos avan\u00e7ar por constru\u00e7\u00e3o da nova Vila Belmiro\",\"datePublished\":\"2025-04-05T03:55:00+00:00\",\"mainEntityOfPage\":{\"@id\":\"https:\/\/www.gaveanews.com\/index.php\/2025\/04\/05\/santos-avancar-por-construcao-da-nova-vila-belmiro\/\"},\"wordCount\":320,\"commentCount\":0,\"image\":{\"@id\":\"https:\/\/www.gaveanews.com\/index.php\/2025\/04\/05\/santos-avancar-por-construcao-da-nova-vila-belmiro\/#primaryimage\"},\"thumbnailUrl\":\"https:\/\/www.gaveanews.com\/wp-content\/uploads\/Interior-da-Vila-Belmiro.webp\",\"articleSection\":[\"Santos\"],\"inLanguage\":\"pt-BR\",\"potentialAction\":[{\"@type\":\"CommentAction\",\"name\":\"Comment\",\"target\":[\"https:\/\/www.gaveanews.com\/index.php\/2025\/04\/05\/santos-avancar-por-construcao-da-nova-vila-belmiro\/#respond\"]}],\"copyrightYear\":\"2025\",\"copyrightHolder\":{\"@id\":\"https:\/\/www.gaveanews.com\/#organization\"}},{\"@type\":\"WebPage\",\"@id\":\"https:\/\/www.gaveanews.com\/index.php\/2025\/04\/05\/santos-avancar-por-construcao-da-nova-vila-belmiro\/\",\"url\":\"https:\/\/www.gaveanews.com\/index.php\/2025\/04\/05\/santos-avancar-por-construcao-da-nova-vila-belmiro\/\",\"name\":\"Santos avan\u00e7ar por constru\u00e7\u00e3o da nova Vila Belmiro\",\"isPartOf\":{\"@id\":\"https:\/\/www.gaveanews.com\/#website\"},\"primaryImageOfPage\":{\"@id\":\"https:\/\/www.gaveanews.com\/index.php\/2025\/04\/05\/santos-avancar-por-construcao-da-nova-vila-belmiro\/#primaryimage\"},\"image\":{\"@id\":\"https:\/\/www.gaveanews.com\/index.php\/2025\/04\/05\/santos-avancar-por-construcao-da-nova-vila-belmiro\/#primaryimage\"},\"thumbnailUrl\":\"https:\/\/www.gaveanews.com\/wp-content\/uploads\/Interior-da-Vila-Belmiro.webp\",\"datePublished\":\"2025-04-05T03:55:00+00:00\",\"author\":{\"@id\":\"https:\/\/www.gaveanews.com\/#\/schema\/person\/daf63eec72e1164eb13dc35096c2b8da\"},\"breadcrumb\":{\"@id\":\"https:\/\/www.gaveanews.com\/index.php\/2025\/04\/05\/santos-avancar-por-construcao-da-nova-vila-belmiro\/#breadcrumb\"},\"inLanguage\":\"pt-BR\",\"potentialAction\":[{\"@type\":\"ReadAction\",\"target\":[\"https:\/\/www.gaveanews.com\/index.php\/2025\/04\/05\/santos-avancar-por-construcao-da-nova-vila-belmiro\/\"]}]},{\"@type\":\"ImageObject\",\"inLanguage\":\"pt-BR\",\"@id\":\"https:\/\/www.gaveanews.com\/index.php\/2025\/04\/05\/santos-avancar-por-construcao-da-nova-vila-belmiro\/#primaryimage\",\"url\":\"https:\/\/www.gaveanews.com\/wp-content\/uploads\/Interior-da-Vila-Belmiro.webp\",\"contentUrl\":\"https:\/\/www.gaveanews.com\/wp-content\/uploads\/Interior-da-Vila-Belmiro.webp\",\"width\":1280,\"height\":960,\"caption\":\"Interior da Vila Belmiro (Foto: F\u00e1bio Maradei\/Santos)\"},{\"@type\":\"BreadcrumbList\",\"@id\":\"https:\/\/www.gaveanews.com\/index.php\/2025\/04\/05\/santos-avancar-por-construcao-da-nova-vila-belmiro\/#breadcrumb\",\"itemListElement\":[{\"@type\":\"ListItem\",\"position\":1,\"name\":\"Home\",\"item\":\"https:\/\/www.gaveanews.com\/\"},{\"@type\":\"ListItem\",\"position\":2,\"name\":\"Santos avan\u00e7ar por constru\u00e7\u00e3o da nova Vila Belmiro\"}]},{\"@type\":\"WebSite\",\"@id\":\"https:\/\/www.gaveanews.com\/#website\",\"url\":\"https:\/\/www.gaveanews.com\/\",\"name\":\"G\u00e1vea News\",\"description\":\"Veja todas as not\u00edcias sobre o Flamengo: Contrata\u00e7\u00f5es, categorias de base, resultados das partidas, tabela de classifica\u00e7\u00e3o, pr\u00f3ximos jogos!\",\"potentialAction\":[{\"@type\":\"SearchAction\",\"target\":{\"@type\":\"EntryPoint\",\"urlTemplate\":\"https:\/\/www.gaveanews.com\/?s={search_term_string}\"},\"query-input\":{\"@type\":\"PropertyValueSpecification\",\"valueRequired\":true,\"valueName\":\"search_term_string\"}}],\"inLanguage\":\"pt-BR\"},{\"@type\":\"Person\",\"@id\":\"https:\/\/www.gaveanews.com\/#\/schema\/person\/daf63eec72e1164eb13dc35096c2b8da\",\"name\":\"Paula Silva\",\"image\":{\"@type\":\"ImageObject\",\"inLanguage\":\"pt-BR\",\"@id\":\"https:\/\/www.gaveanews.com\/#\/schema\/person\/image\/\",\"url\":\"https:\/\/secure.gravatar.com\/avatar\/eda381c845527cc5d64c13b901833cda29d97500ba040d3e6461f76f51d163bb?s=96&d=mm&r=g\",\"contentUrl\":\"https:\/\/secure.gravatar.com\/avatar\/eda381c845527cc5d64c13b901833cda29d97500ba040d3e6461f76f51d163bb?s=96&d=mm&r=g\",\"caption\":\"Paula Silva\"}}]}<\/script>\n<!-- \/ Yoast SEO Premium plugin. -->","yoast_head_json":{"title":"Santos avan\u00e7ar por constru\u00e7\u00e3o da nova Vila Belmiro","robots":{"index":"index","follow":"follow","max-snippet":"max-snippet:-1","max-image-preview":"max-image-preview:large","max-video-preview":"max-video-preview:-1"},"canonical":"https:\/\/www.gaveanews.com\/index.php\/2025\/04\/05\/santos-avancar-por-construcao-da-nova-vila-belmiro\/","og_locale":"pt_BR","og_type":"article","og_title":"Santos avan\u00e7ar por constru\u00e7\u00e3o da nova Vila Belmiro","og_description":"A diretoria do Santos deu mais um passo importante rumo \u00e0 constru\u00e7\u00e3o de sua nova arena. Na quinta-feira (03 de abril), representantes do clube se reuniram com autoridades municipais para tratar dos tr\u00e2mites finais que antecedem a assinatura do contrato com a empresa WTorre, respons\u00e1vel pelo projeto da futura Vila Belmiro. Participaram do encontro o [&hellip;]","og_url":"https:\/\/www.gaveanews.com\/index.php\/2025\/04\/05\/santos-avancar-por-construcao-da-nova-vila-belmiro\/","og_site_name":"G\u00e1vea News","article_publisher":"https:\/\/facebook.com\/gaveaNews\/","article_published_time":"2025-04-05T03:55:00+00:00","og_image":[{"width":1280,"height":960,"url":"https:\/\/www.gaveanews.com\/wp-content\/uploads\/Interior-da-Vila-Belmiro.webp","type":"image\/jpeg"}],"author":"Paula Silva","twitter_card":"summary_large_image","twitter_misc":{"Escrito por":"Paula Silva","Est. tempo de leitura":"2 minutos"},"schema":{"@context":"https:\/\/schema.org","@graph":[{"@type":"NewsArticle","@id":"https:\/\/www.gaveanews.com\/index.php\/2025\/04\/05\/santos-avancar-por-construcao-da-nova-vila-belmiro\/#article","isPartOf":{"@id":"https:\/\/www.gaveanews.com\/index.php\/2025\/04\/05\/santos-avancar-por-construcao-da-nova-vila-belmiro\/"},"author":{"name":"Paula Silva","@id":"https:\/\/www.gaveanews.com\/#\/schema\/person\/daf63eec72e1164eb13dc35096c2b8da"},"headline":"Santos avan\u00e7ar por constru\u00e7\u00e3o da nova Vila Belmiro","datePublished":"2025-04-05T03:55:00+00:00","mainEntityOfPage":{"@id":"https:\/\/www.gaveanews.com\/index.php\/2025\/04\/05\/santos-avancar-por-construcao-da-nova-vila-belmiro\/"},"wordCount":320,"commentCount":0,"image":{"@id":"https:\/\/www.gaveanews.com\/index.php\/2025\/04\/05\/santos-avancar-por-construcao-da-nova-vila-belmiro\/#primaryimage"},"thumbnailUrl":"https:\/\/www.gaveanews.com\/wp-content\/uploads\/Interior-da-Vila-Belmiro.webp","articleSection":["Santos"],"inLanguage":"pt-BR","potentialAction":[{"@type":"CommentAction","name":"Comment","target":["https:\/\/www.gaveanews.com\/index.php\/2025\/04\/05\/santos-avancar-por-construcao-da-nova-vila-belmiro\/#respond"]}],"copyrightYear":"2025","copyrightHolder":{"@id":"https:\/\/www.gaveanews.com\/#organization"}},{"@type":"WebPage","@id":"https:\/\/www.gaveanews.com\/index.php\/2025\/04\/05\/santos-avancar-por-construcao-da-nova-vila-belmiro\/","url":"https:\/\/www.gaveanews.com\/index.php\/2025\/04\/05\/santos-avancar-por-construcao-da-nova-vila-belmiro\/","name":"Santos avan\u00e7ar por constru\u00e7\u00e3o da nova Vila Belmiro","isPartOf":{"@id":"https:\/\/www.gaveanews.com\/#website"},"primaryImageOfPage":{"@id":"https:\/\/www.gaveanews.com\/index.php\/2025\/04\/05\/santos-avancar-por-construcao-da-nova-vila-belmiro\/#primaryimage"},"image":{"@id":"https:\/\/www.gaveanews.com\/index.php\/2025\/04\/05\/santos-avancar-por-construcao-da-nova-vila-belmiro\/#primaryimage"},"thumbnailUrl":"https:\/\/www.gaveanews.com\/wp-content\/uploads\/Interior-da-Vila-Belmiro.webp","datePublished":"2025-04-05T03:55:00+00:00","author":{"@id":"https:\/\/www.gaveanews.com\/#\/schema\/person\/daf63eec72e1164eb13dc35096c2b8da"},"breadcrumb":{"@id":"https:\/\/www.gaveanews.com\/index.php\/2025\/04\/05\/santos-avancar-por-construcao-da-nova-vila-belmiro\/#breadcrumb"},"inLanguage":"pt-BR","potentialAction":[{"@type":"ReadAction","target":["https:\/\/www.gaveanews.com\/index.php\/2025\/04\/05\/santos-avancar-por-construcao-da-nova-vila-belmiro\/"]}]},{"@type":"ImageObject","inLanguage":"pt-BR","@id":"https:\/\/www.gaveanews.com\/index.php\/2025\/04\/05\/santos-avancar-por-construcao-da-nova-vila-belmiro\/#primaryimage","url":"https:\/\/www.gaveanews.com\/wp-content\/uploads\/Interior-da-Vila-Belmiro.webp","contentUrl":"https:\/\/www.gaveanews.com\/wp-content\/uploads\/Interior-da-Vila-Belmiro.webp","width":1280,"height":960,"caption":"Interior da Vila Belmiro (Foto: F\u00e1bio Maradei\/Santos)"},{"@type":"BreadcrumbList","@id":"https:\/\/www.gaveanews.com\/index.php\/2025\/04\/05\/santos-avancar-por-construcao-da-nova-vila-belmiro\/#breadcrumb","itemListElement":[{"@type":"ListItem","position":1,"name":"Home","item":"https:\/\/www.gaveanews.com\/"},{"@type":"ListItem","position":2,"name":"Santos avan\u00e7ar por constru\u00e7\u00e3o da nova Vila Belmiro"}]},{"@type":"WebSite","@id":"https:\/\/www.gaveanews.com\/#website","url":"https:\/\/www.gaveanews.com\/","name":"G\u00e1vea News","description":"Veja todas as not\u00edcias sobre o Flamengo: Contrata\u00e7\u00f5es, categorias de base, resultados das partidas, tabela de classifica\u00e7\u00e3o, pr\u00f3ximos jogos!","potentialAction":[{"@type":"SearchAction","target":{"@type":"EntryPoint","urlTemplate":"https:\/\/www.gaveanews.com\/?s={search_term_string}"},"query-input":{"@type":"PropertyValueSpecification","valueRequired":true,"valueName":"search_term_string"}}],"inLanguage":"pt-BR"},{"@type":"Person","@id":"https:\/\/www.gaveanews.com\/#\/schema\/person\/daf63eec72e1164eb13dc35096c2b8da","name":"Paula Silva","image":{"@type":"ImageObject","inLanguage":"pt-BR","@id":"https:\/\/www.gaveanews.com\/#\/schema\/person\/image\/","url":"https:\/\/secure.gravatar.com\/avatar\/eda381c845527cc5d64c13b901833cda29d97500ba040d3e6461f76f51d163bb?s=96&d=mm&r=g","contentUrl":"https:\/\/secure.gravatar.com\/avatar\/eda381c845527cc5d64c13b901833cda29d97500ba040d3e6461f76f51d163bb?s=96&d=mm&r=g","caption":"Paula Silva"}}]}},"_links":{"self":[{"href":"https:\/\/www.gaveanews.com\/index.php\/wp-json\/wp\/v2\/posts\/249251","targetHints":{"allow":["GET"]}}],"collection":[{"href":"https:\/\/www.gaveanews.com\/index.php\/wp-json\/wp\/v2\/posts"}],"about":[{"href":"https:\/\/www.gaveanews.com\/index.php\/wp-json\/wp\/v2\/types\/post"}],"author":[{"embeddable":true,"href":"https:\/\/www.gaveanews.com\/index.php\/wp-json\/wp\/v2\/users\/18"}],"replies":[{"embeddable":true,"href":"https:\/\/www.gaveanews.com\/index.php\/wp-json\/wp\/v2\/comments?post=249251"}],"version-history":[{"count":1,"href":"https:\/\/www.gaveanews.com\/index.php\/wp-json\/wp\/v2\/posts\/249251\/revisions"}],"predecessor-version":[{"id":249253,"href":"https:\/\/www.gaveanews.com\/index.php\/wp-json\/wp\/v2\/posts\/249251\/revisions\/249253"}],"wp:featuredmedia":[{"embeddable":true,"href":"https:\/\/www.gaveanews.com\/index.php\/wp-json\/wp\/v2\/media\/147259"}],"wp:attachment":[{"href":"https:\/\/www.gaveanews.com\/index.php\/wp-json\/wp\/v2\/media?parent=249251"}],"wp:term":[{"taxonomy":"category","embeddable":true,"href":"https:\/\/www.gaveanews.com\/index.php\/wp-json\/wp\/v2\/categories?post=249251"},{"taxonomy":"post_tag","embeddable":true,"href":"https:\/\/www.gaveanews.com\/index.php\/wp-json\/wp\/v2\/tags?post=249251"}],"curies":[{"name":"wp","href":"https:\/\/api.w.org\/{rel}","templated":true}]}}