{"id":249255,"date":"2025-04-05T01:05:00","date_gmt":"2025-04-05T04:05:00","guid":{"rendered":"https:\/\/www.gaveanews.com\/?p=249255"},"modified":"2025-04-04T21:44:13","modified_gmt":"2025-04-05T00:44:13","slug":"internacional-entenda-a-situacao-de-juninho","status":"publish","type":"post","link":"https:\/\/www.gaveanews.com\/index.php\/2025\/04\/05\/internacional-entenda-a-situacao-de-juninho\/","title":{"rendered":"Internacional: entenda a situa\u00e7\u00e3o de Juninho"},"content":{"rendered":"\n<p>O Internacional iniciou sua trajet\u00f3ria na Libertadores com um empate por 1 a 1 contra o Bahia, fora de casa, na Arena Fonte Nova. Contudo, o resultado n\u00e3o foi o \u00fanico destaque da noite de quinta-feira (03 de abril). O zagueiro Juninho precisou ser substitu\u00eddo na segunda etapa, ap\u00f3s sentir um desconforto muscular na coxa esquerda.<\/p>\n\n\n\n<p>Juninho deixou o campo aos 26 minutos do segundo tempo, pouco antes do gol marcado pelo advers\u00e1rio. O defensor alegou ter sentido o m\u00fasculo adutor e relatou dificuldade para executar sprints. &#8220;Senti o adutor, estava dif\u00edcil para dar os sprints, mas n\u00e3o \u00e9 nada preocupante&#8221;, afirmou o jogador na zona mista, buscando tranquilizar os torcedores sobre sua situa\u00e7\u00e3o.<\/p>\n\n\n\n<p>A substitui\u00e7\u00e3o foi imediata, e Rogel entrou em seu lugar. O t\u00e9cnico Roger Machado comentou brevemente sobre o ocorrido, revelando que o atleta relatou um &#8220;peso&#8221; na regi\u00e3o afetada. Juninho ser\u00e1 reavaliado nesta sexta-feira (04 de abril), na reapresenta\u00e7\u00e3o da equipe no CT Parque Gigante, em Porto Alegre.<\/p>\n\n\n\n<p>Atualmente, Juninho tem sido titular na zaga colorada ao lado de Vit\u00e3o, principalmente em fun\u00e7\u00e3o da les\u00e3o de Victor Gabriel, que participou de toda a campanha vitoriosa no Campeonato Ga\u00facho. Al\u00e9m de Rogel, Ka\u00edque Rocha tamb\u00e9m figura como op\u00e7\u00e3o no sistema defensivo da equipe.<\/p>\n\n\n\n<p>O Internacional volta a campo no domingo (06 de abril), \u00e0s 18h30 (hor\u00e1rio de Bras\u00edlia), quando enfrenta o Cruzeiro no est\u00e1dio Beira-Rio, pela segunda rodada do Campeonato Brasileiro. A presen\u00e7a de Juninho na partida ainda depender\u00e1 do resultado dos exames m\u00e9dicos.<\/p>\n\n\n\n<p>Embora o problema muscular tenha gerado apreens\u00e3o inicial, o pr\u00f3prio atleta tratou de minimizar os riscos, e a comiss\u00e3o t\u00e9cnica aguarda os testes para definir os pr\u00f3ximos passos. O elenco segue focado no planejamento da temporada, que j\u00e1 se mostra exigente logo em seu in\u00edcio.<\/p>\n","protected":false},"excerpt":{"rendered":"<p>O Internacional iniciou sua trajet\u00f3ria na Libertadores com um empate por 1 a 1 contra o Bahia, fora de casa, na Arena Fonte Nova. Contudo, o resultado n\u00e3o foi o \u00fanico destaque da noite de quinta-feira (03 de abril). O zagueiro Juninho precisou ser substitu\u00eddo na segunda etapa, ap\u00f3s sentir um desconforto muscular na coxa [&hellip;]<\/p>\n","protected":false},"author":18,"featured_media":246614,"comment_status":"open","ping_status":"closed","sticky":false,"template":"","format":"standard","meta":{"footnotes":""},"categories":[148],"tags":[],"class_list":["post-249255","post","type-post","status-publish","format-standard","has-post-thumbnail","hentry","category-internacional"],"yoast_head":"<!-- This site is optimized with the Yoast SEO Premium plugin v24.2 (Yoast SEO v26.9) - https:\/\/yoast.com\/product\/yoast-seo-premium-wordpress\/ -->\n<title>Internacional: entenda a situa\u00e7\u00e3o de Juninho<\/title>\n<meta name=\"robots\" content=\"index, follow, max-snippet:-1, max-image-preview:large, max-video-preview:-1\" \/>\n<link rel=\"canonical\" href=\"https:\/\/www.gaveanews.com\/index.php\/2025\/04\/05\/internacional-entenda-a-situacao-de-juninho\/\" \/>\n<meta property=\"og:locale\" content=\"pt_BR\" \/>\n<meta property=\"og:type\" content=\"article\" \/>\n<meta property=\"og:title\" content=\"Internacional: entenda a situa\u00e7\u00e3o de Juninho\" \/>\n<meta property=\"og:description\" content=\"O Internacional iniciou sua trajet\u00f3ria na Libertadores com um empate por 1 a 1 contra o Bahia, fora de casa, na Arena Fonte Nova. Contudo, o resultado n\u00e3o foi o \u00fanico destaque da noite de quinta-feira (03 de abril). O zagueiro Juninho precisou ser substitu\u00eddo na segunda etapa, ap\u00f3s sentir um desconforto muscular na coxa [&hellip;]\" \/>\n<meta property=\"og:url\" content=\"https:\/\/www.gaveanews.com\/index.php\/2025\/04\/05\/internacional-entenda-a-situacao-de-juninho\/\" \/>\n<meta property=\"og:site_name\" content=\"G\u00e1vea News\" \/>\n<meta property=\"article:publisher\" content=\"https:\/\/facebook.com\/gaveaNews\/\" \/>\n<meta property=\"article:published_time\" content=\"2025-04-05T04:05:00+00:00\" \/>\n<meta property=\"og:image\" content=\"https:\/\/www.gaveanews.com\/wp-content\/uploads\/Juninho-pelo-Internacional.webp\" \/>\n\t<meta property=\"og:image:width\" content=\"748\" \/>\n\t<meta property=\"og:image:height\" content=\"486\" \/>\n\t<meta property=\"og:image:type\" content=\"image\/jpeg\" \/>\n<meta name=\"author\" content=\"Paula Silva\" \/>\n<meta name=\"twitter:card\" content=\"summary_large_image\" \/>\n<meta name=\"twitter:label1\" content=\"Escrito por\" \/>\n\t<meta name=\"twitter:data1\" content=\"Paula Silva\" \/>\n\t<meta name=\"twitter:label2\" content=\"Est. tempo de leitura\" \/>\n\t<meta name=\"twitter:data2\" content=\"2 minutos\" \/>\n<script type=\"application\/ld+json\" class=\"yoast-schema-graph\">{\"@context\":\"https:\/\/schema.org\",\"@graph\":[{\"@type\":\"NewsArticle\",\"@id\":\"https:\/\/www.gaveanews.com\/index.php\/2025\/04\/05\/internacional-entenda-a-situacao-de-juninho\/#article\",\"isPartOf\":{\"@id\":\"https:\/\/www.gaveanews.com\/index.php\/2025\/04\/05\/internacional-entenda-a-situacao-de-juninho\/\"},\"author\":{\"name\":\"Paula Silva\",\"@id\":\"https:\/\/www.gaveanews.com\/#\/schema\/person\/daf63eec72e1164eb13dc35096c2b8da\"},\"headline\":\"Internacional: entenda a situa\u00e7\u00e3o de Juninho\",\"datePublished\":\"2025-04-05T04:05:00+00:00\",\"mainEntityOfPage\":{\"@id\":\"https:\/\/www.gaveanews.com\/index.php\/2025\/04\/05\/internacional-entenda-a-situacao-de-juninho\/\"},\"wordCount\":324,\"commentCount\":0,\"image\":{\"@id\":\"https:\/\/www.gaveanews.com\/index.php\/2025\/04\/05\/internacional-entenda-a-situacao-de-juninho\/#primaryimage\"},\"thumbnailUrl\":\"https:\/\/www.gaveanews.com\/wp-content\/uploads\/Juninho-pelo-Internacional.webp\",\"articleSection\":[\"Internacional\"],\"inLanguage\":\"pt-BR\",\"potentialAction\":[{\"@type\":\"CommentAction\",\"name\":\"Comment\",\"target\":[\"https:\/\/www.gaveanews.com\/index.php\/2025\/04\/05\/internacional-entenda-a-situacao-de-juninho\/#respond\"]}],\"copyrightYear\":\"2025\",\"copyrightHolder\":{\"@id\":\"https:\/\/www.gaveanews.com\/#organization\"}},{\"@type\":\"WebPage\",\"@id\":\"https:\/\/www.gaveanews.com\/index.php\/2025\/04\/05\/internacional-entenda-a-situacao-de-juninho\/\",\"url\":\"https:\/\/www.gaveanews.com\/index.php\/2025\/04\/05\/internacional-entenda-a-situacao-de-juninho\/\",\"name\":\"Internacional: entenda a situa\u00e7\u00e3o de Juninho\",\"isPartOf\":{\"@id\":\"https:\/\/www.gaveanews.com\/#website\"},\"primaryImageOfPage\":{\"@id\":\"https:\/\/www.gaveanews.com\/index.php\/2025\/04\/05\/internacional-entenda-a-situacao-de-juninho\/#primaryimage\"},\"image\":{\"@id\":\"https:\/\/www.gaveanews.com\/index.php\/2025\/04\/05\/internacional-entenda-a-situacao-de-juninho\/#primaryimage\"},\"thumbnailUrl\":\"https:\/\/www.gaveanews.com\/wp-content\/uploads\/Juninho-pelo-Internacional.webp\",\"datePublished\":\"2025-04-05T04:05:00+00:00\",\"author\":{\"@id\":\"https:\/\/www.gaveanews.com\/#\/schema\/person\/daf63eec72e1164eb13dc35096c2b8da\"},\"breadcrumb\":{\"@id\":\"https:\/\/www.gaveanews.com\/index.php\/2025\/04\/05\/internacional-entenda-a-situacao-de-juninho\/#breadcrumb\"},\"inLanguage\":\"pt-BR\",\"potentialAction\":[{\"@type\":\"ReadAction\",\"target\":[\"https:\/\/www.gaveanews.com\/index.php\/2025\/04\/05\/internacional-entenda-a-situacao-de-juninho\/\"]}]},{\"@type\":\"ImageObject\",\"inLanguage\":\"pt-BR\",\"@id\":\"https:\/\/www.gaveanews.com\/index.php\/2025\/04\/05\/internacional-entenda-a-situacao-de-juninho\/#primaryimage\",\"url\":\"https:\/\/www.gaveanews.com\/wp-content\/uploads\/Juninho-pelo-Internacional.webp\",\"contentUrl\":\"https:\/\/www.gaveanews.com\/wp-content\/uploads\/Juninho-pelo-Internacional.webp\",\"width\":748,\"height\":486,\"caption\":\"Juninho pelo Internacional (Foto: Ricardo Duarte\/Inter)\"},{\"@type\":\"BreadcrumbList\",\"@id\":\"https:\/\/www.gaveanews.com\/index.php\/2025\/04\/05\/internacional-entenda-a-situacao-de-juninho\/#breadcrumb\",\"itemListElement\":[{\"@type\":\"ListItem\",\"position\":1,\"name\":\"Home\",\"item\":\"https:\/\/www.gaveanews.com\/\"},{\"@type\":\"ListItem\",\"position\":2,\"name\":\"Internacional: entenda a situa\u00e7\u00e3o de Juninho\"}]},{\"@type\":\"WebSite\",\"@id\":\"https:\/\/www.gaveanews.com\/#website\",\"url\":\"https:\/\/www.gaveanews.com\/\",\"name\":\"G\u00e1vea News\",\"description\":\"Veja todas as not\u00edcias sobre o Flamengo: Contrata\u00e7\u00f5es, categorias de base, resultados das partidas, tabela de classifica\u00e7\u00e3o, pr\u00f3ximos jogos!\",\"potentialAction\":[{\"@type\":\"SearchAction\",\"target\":{\"@type\":\"EntryPoint\",\"urlTemplate\":\"https:\/\/www.gaveanews.com\/?s={search_term_string}\"},\"query-input\":{\"@type\":\"PropertyValueSpecification\",\"valueRequired\":true,\"valueName\":\"search_term_string\"}}],\"inLanguage\":\"pt-BR\"},{\"@type\":\"Person\",\"@id\":\"https:\/\/www.gaveanews.com\/#\/schema\/person\/daf63eec72e1164eb13dc35096c2b8da\",\"name\":\"Paula Silva\",\"image\":{\"@type\":\"ImageObject\",\"inLanguage\":\"pt-BR\",\"@id\":\"https:\/\/www.gaveanews.com\/#\/schema\/person\/image\/\",\"url\":\"https:\/\/secure.gravatar.com\/avatar\/eda381c845527cc5d64c13b901833cda29d97500ba040d3e6461f76f51d163bb?s=96&d=mm&r=g\",\"contentUrl\":\"https:\/\/secure.gravatar.com\/avatar\/eda381c845527cc5d64c13b901833cda29d97500ba040d3e6461f76f51d163bb?s=96&d=mm&r=g\",\"caption\":\"Paula Silva\"}}]}<\/script>\n<!-- \/ Yoast SEO Premium plugin. -->","yoast_head_json":{"title":"Internacional: entenda a situa\u00e7\u00e3o de Juninho","robots":{"index":"index","follow":"follow","max-snippet":"max-snippet:-1","max-image-preview":"max-image-preview:large","max-video-preview":"max-video-preview:-1"},"canonical":"https:\/\/www.gaveanews.com\/index.php\/2025\/04\/05\/internacional-entenda-a-situacao-de-juninho\/","og_locale":"pt_BR","og_type":"article","og_title":"Internacional: entenda a situa\u00e7\u00e3o de Juninho","og_description":"O Internacional iniciou sua trajet\u00f3ria na Libertadores com um empate por 1 a 1 contra o Bahia, fora de casa, na Arena Fonte Nova. Contudo, o resultado n\u00e3o foi o \u00fanico destaque da noite de quinta-feira (03 de abril). O zagueiro Juninho precisou ser substitu\u00eddo na segunda etapa, ap\u00f3s sentir um desconforto muscular na coxa [&hellip;]","og_url":"https:\/\/www.gaveanews.com\/index.php\/2025\/04\/05\/internacional-entenda-a-situacao-de-juninho\/","og_site_name":"G\u00e1vea News","article_publisher":"https:\/\/facebook.com\/gaveaNews\/","article_published_time":"2025-04-05T04:05:00+00:00","og_image":[{"width":748,"height":486,"url":"https:\/\/www.gaveanews.com\/wp-content\/uploads\/Juninho-pelo-Internacional.webp","type":"image\/jpeg"}],"author":"Paula Silva","twitter_card":"summary_large_image","twitter_misc":{"Escrito por":"Paula Silva","Est. tempo de leitura":"2 minutos"},"schema":{"@context":"https:\/\/schema.org","@graph":[{"@type":"NewsArticle","@id":"https:\/\/www.gaveanews.com\/index.php\/2025\/04\/05\/internacional-entenda-a-situacao-de-juninho\/#article","isPartOf":{"@id":"https:\/\/www.gaveanews.com\/index.php\/2025\/04\/05\/internacional-entenda-a-situacao-de-juninho\/"},"author":{"name":"Paula Silva","@id":"https:\/\/www.gaveanews.com\/#\/schema\/person\/daf63eec72e1164eb13dc35096c2b8da"},"headline":"Internacional: entenda a situa\u00e7\u00e3o de Juninho","datePublished":"2025-04-05T04:05:00+00:00","mainEntityOfPage":{"@id":"https:\/\/www.gaveanews.com\/index.php\/2025\/04\/05\/internacional-entenda-a-situacao-de-juninho\/"},"wordCount":324,"commentCount":0,"image":{"@id":"https:\/\/www.gaveanews.com\/index.php\/2025\/04\/05\/internacional-entenda-a-situacao-de-juninho\/#primaryimage"},"thumbnailUrl":"https:\/\/www.gaveanews.com\/wp-content\/uploads\/Juninho-pelo-Internacional.webp","articleSection":["Internacional"],"inLanguage":"pt-BR","potentialAction":[{"@type":"CommentAction","name":"Comment","target":["https:\/\/www.gaveanews.com\/index.php\/2025\/04\/05\/internacional-entenda-a-situacao-de-juninho\/#respond"]}],"copyrightYear":"2025","copyrightHolder":{"@id":"https:\/\/www.gaveanews.com\/#organization"}},{"@type":"WebPage","@id":"https:\/\/www.gaveanews.com\/index.php\/2025\/04\/05\/internacional-entenda-a-situacao-de-juninho\/","url":"https:\/\/www.gaveanews.com\/index.php\/2025\/04\/05\/internacional-entenda-a-situacao-de-juninho\/","name":"Internacional: entenda a situa\u00e7\u00e3o de Juninho","isPartOf":{"@id":"https:\/\/www.gaveanews.com\/#website"},"primaryImageOfPage":{"@id":"https:\/\/www.gaveanews.com\/index.php\/2025\/04\/05\/internacional-entenda-a-situacao-de-juninho\/#primaryimage"},"image":{"@id":"https:\/\/www.gaveanews.com\/index.php\/2025\/04\/05\/internacional-entenda-a-situacao-de-juninho\/#primaryimage"},"thumbnailUrl":"https:\/\/www.gaveanews.com\/wp-content\/uploads\/Juninho-pelo-Internacional.webp","datePublished":"2025-04-05T04:05:00+00:00","author":{"@id":"https:\/\/www.gaveanews.com\/#\/schema\/person\/daf63eec72e1164eb13dc35096c2b8da"},"breadcrumb":{"@id":"https:\/\/www.gaveanews.com\/index.php\/2025\/04\/05\/internacional-entenda-a-situacao-de-juninho\/#breadcrumb"},"inLanguage":"pt-BR","potentialAction":[{"@type":"ReadAction","target":["https:\/\/www.gaveanews.com\/index.php\/2025\/04\/05\/internacional-entenda-a-situacao-de-juninho\/"]}]},{"@type":"ImageObject","inLanguage":"pt-BR","@id":"https:\/\/www.gaveanews.com\/index.php\/2025\/04\/05\/internacional-entenda-a-situacao-de-juninho\/#primaryimage","url":"https:\/\/www.gaveanews.com\/wp-content\/uploads\/Juninho-pelo-Internacional.webp","contentUrl":"https:\/\/www.gaveanews.com\/wp-content\/uploads\/Juninho-pelo-Internacional.webp","width":748,"height":486,"caption":"Juninho pelo Internacional (Foto: Ricardo Duarte\/Inter)"},{"@type":"BreadcrumbList","@id":"https:\/\/www.gaveanews.com\/index.php\/2025\/04\/05\/internacional-entenda-a-situacao-de-juninho\/#breadcrumb","itemListElement":[{"@type":"ListItem","position":1,"name":"Home","item":"https:\/\/www.gaveanews.com\/"},{"@type":"ListItem","position":2,"name":"Internacional: entenda a situa\u00e7\u00e3o de Juninho"}]},{"@type":"WebSite","@id":"https:\/\/www.gaveanews.com\/#website","url":"https:\/\/www.gaveanews.com\/","name":"G\u00e1vea News","description":"Veja todas as not\u00edcias sobre o Flamengo: Contrata\u00e7\u00f5es, categorias de base, resultados das partidas, tabela de classifica\u00e7\u00e3o, pr\u00f3ximos jogos!","potentialAction":[{"@type":"SearchAction","target":{"@type":"EntryPoint","urlTemplate":"https:\/\/www.gaveanews.com\/?s={search_term_string}"},"query-input":{"@type":"PropertyValueSpecification","valueRequired":true,"valueName":"search_term_string"}}],"inLanguage":"pt-BR"},{"@type":"Person","@id":"https:\/\/www.gaveanews.com\/#\/schema\/person\/daf63eec72e1164eb13dc35096c2b8da","name":"Paula Silva","image":{"@type":"ImageObject","inLanguage":"pt-BR","@id":"https:\/\/www.gaveanews.com\/#\/schema\/person\/image\/","url":"https:\/\/secure.gravatar.com\/avatar\/eda381c845527cc5d64c13b901833cda29d97500ba040d3e6461f76f51d163bb?s=96&d=mm&r=g","contentUrl":"https:\/\/secure.gravatar.com\/avatar\/eda381c845527cc5d64c13b901833cda29d97500ba040d3e6461f76f51d163bb?s=96&d=mm&r=g","caption":"Paula Silva"}}]}},"_links":{"self":[{"href":"https:\/\/www.gaveanews.com\/index.php\/wp-json\/wp\/v2\/posts\/249255","targetHints":{"allow":["GET"]}}],"collection":[{"href":"https:\/\/www.gaveanews.com\/index.php\/wp-json\/wp\/v2\/posts"}],"about":[{"href":"https:\/\/www.gaveanews.com\/index.php\/wp-json\/wp\/v2\/types\/post"}],"author":[{"embeddable":true,"href":"https:\/\/www.gaveanews.com\/index.php\/wp-json\/wp\/v2\/users\/18"}],"replies":[{"embeddable":true,"href":"https:\/\/www.gaveanews.com\/index.php\/wp-json\/wp\/v2\/comments?post=249255"}],"version-history":[{"count":1,"href":"https:\/\/www.gaveanews.com\/index.php\/wp-json\/wp\/v2\/posts\/249255\/revisions"}],"predecessor-version":[{"id":249258,"href":"https:\/\/www.gaveanews.com\/index.php\/wp-json\/wp\/v2\/posts\/249255\/revisions\/249258"}],"wp:featuredmedia":[{"embeddable":true,"href":"https:\/\/www.gaveanews.com\/index.php\/wp-json\/wp\/v2\/media\/246614"}],"wp:attachment":[{"href":"https:\/\/www.gaveanews.com\/index.php\/wp-json\/wp\/v2\/media?parent=249255"}],"wp:term":[{"taxonomy":"category","embeddable":true,"href":"https:\/\/www.gaveanews.com\/index.php\/wp-json\/wp\/v2\/categories?post=249255"},{"taxonomy":"post_tag","embeddable":true,"href":"https:\/\/www.gaveanews.com\/index.php\/wp-json\/wp\/v2\/tags?post=249255"}],"curies":[{"name":"wp","href":"https:\/\/api.w.org\/{rel}","templated":true}]}}