{"id":249294,"date":"2025-04-05T16:40:23","date_gmt":"2025-04-05T19:40:23","guid":{"rendered":"https:\/\/www.gaveanews.com\/?p=249294"},"modified":"2025-04-05T16:09:43","modified_gmt":"2025-04-05T19:09:43","slug":"a-declaracao-de-romero-envolvendo-ramon-diaz-no-corinthians","status":"publish","type":"post","link":"https:\/\/www.gaveanews.com\/index.php\/2025\/04\/05\/a-declaracao-de-romero-envolvendo-ramon-diaz-no-corinthians\/","title":{"rendered":"A declara\u00e7\u00e3o de Romero envolvendo Ram\u00f3n D\u00edaz no Corinthians"},"content":{"rendered":"\n<p>Ap\u00f3s a estreia com derrota na Copa Sul-Americana, o atacante \u00c1ngel Romero, do Corinthians, dirigiu-se \u00e0 imprensa. O jogador paraguaio comentou a situa\u00e7\u00e3o do elenco frente aos m\u00faltiplos desfalques por les\u00e3o que afetam a equipe neste momento da temporada.<\/p>\n\n\n\n<p>O confronto contra o Hurac\u00e1n, finalizado em 2 a 1 para os argentinos na Neo Qu\u00edmica Arena, precedeu a an\u00e1lise do camisa 11. Romero, que atuou como titular na partida, destacou a quantidade significativa de atletas entregues ao departamento m\u00e9dico, ao mesmo tempo que sublinhou a capacidade do grupo.<\/p>\n\n\n\n<h2 class=\"wp-block-heading\" id=\"h-romero-comenta-desfalques-no-elenco\">Romero comenta desfalques no elenco<\/h2>\n\n\n\n<p>O atacante mencionou especificamente alguns companheiros ausentes. &#8220;Na verdade, a gente tem muitos lesionados&#8221;, iniciou Romero, citando o caso de Rodrigo Garro, que busca tratamento para o joelho, bem como as aus\u00eancias de Hugo e Angileri no \u00faltimo jogo.<\/p>\n\n\n\n<p>Apesar das baixas, Romero refor\u00e7ou a confian\u00e7a no plantel corintiano. Ele acredita que todos os jogadores est\u00e3o aptos a contribuir quando necess\u00e1rio, embora reconhe\u00e7a a import\u00e2ncia dos atletas que est\u00e3o fora de combate por problemas f\u00edsicos.<\/p>\n\n\n\n<p>O paraguaio enfatizou a necessidade de o time focar nos resultados. Segundo ele, representar o Corinthians exige supera\u00e7\u00e3o, portanto, lamentar as les\u00f5es n\u00e3o trar\u00e1 benef\u00edcios. O objetivo agora se volta para o pr\u00f3ximo desafio na competi\u00e7\u00e3o continental.<\/p>\n\n\n\n<p>Ele apontou a dificuldade da pr\u00f3xima partida pela Sul-Americana, na Col\u00f4mbia, onde o time buscar\u00e1 a reabilita\u00e7\u00e3o. &#8220;Nosso objetivo \u00e9 n\u00e3o adiantar a gente ficar lamentando os lesionados. Temos que levantar tudo junto a isso&#8221;, declarou o atacante, convocando uni\u00e3o.<\/p>\n\n\n\n<h2 class=\"wp-block-heading\" id=\"h-adaptacao-tatica-sem-garro-promovida-por-ramon-diaz\">Adapta\u00e7\u00e3o t\u00e1tica sem Garro promovida por Ram\u00f3n D\u00edaz<\/h2>\n\n\n\n<p>Romero tamb\u00e9m abordou a situa\u00e7\u00e3o de Rodrigo Garro, que viajou \u00e0 Espanha para tratar uma tendinopatia patelar no joelho direito. O atacante lamentou a les\u00e3o do colega, mas ressaltou o grande esfor\u00e7o que Garro vinha fazendo. &#8220;Primeiro lamentar a les\u00e3o do Garro, ele fez um sacrif\u00edcio muito grande pelo time&#8221;, comentou, revelando que a dor o acompanhava h\u00e1 tempos.<\/p>\n\n\n\n<p>A aus\u00eancia de Garro, por tempo indeterminado, levanta quest\u00f5es sobre o esquema t\u00e1tico da equipe. Romero explicou que possui caracter\u00edsticas distintas do meia argentino, sendo mais um finalizador do que um criador de jogadas. Contudo, ele deixou claro que qualquer adapta\u00e7\u00e3o no sistema de jogo ser\u00e1 uma decis\u00e3o do t\u00e9cnico Ram\u00f3n D\u00edaz. &#8220;Quem decide \u00e9 Ramon&#8221;, finalizou.<\/p>\n\n\n\n<figure class=\"wp-block-image size-large\"><img loading=\"lazy\" decoding=\"async\" width=\"1024\" height=\"768\" src=\"http:\/\/www.gaveanews.com\/wp-content\/uploads\/Ramon-Diaz-pelo-Corinthians-em-2024-1024x768.webp\" alt=\"\" class=\"wp-image-152536\" srcset=\"https:\/\/www.gaveanews.com\/wp-content\/uploads\/Ramon-Diaz-pelo-Corinthians-em-2024-1024x768.webp 1024w, https:\/\/www.gaveanews.com\/wp-content\/uploads\/Ramon-Diaz-pelo-Corinthians-em-2024-300x225.webp 300w, https:\/\/www.gaveanews.com\/wp-content\/uploads\/Ramon-Diaz-pelo-Corinthians-em-2024-768x576.webp 768w, https:\/\/www.gaveanews.com\/wp-content\/uploads\/Ramon-Diaz-pelo-Corinthians-em-2024-560x420.webp 560w, https:\/\/www.gaveanews.com\/wp-content\/uploads\/Ramon-Diaz-pelo-Corinthians-em-2024-1121x840.webp 1121w, https:\/\/www.gaveanews.com\/wp-content\/uploads\/Ramon-Diaz-pelo-Corinthians-em-2024-80x60.webp 80w, https:\/\/www.gaveanews.com\/wp-content\/uploads\/Ramon-Diaz-pelo-Corinthians-em-2024-160x120.webp 160w, https:\/\/www.gaveanews.com\/wp-content\/uploads\/Ramon-Diaz-pelo-Corinthians-em-2024-100x75.webp 100w, https:\/\/www.gaveanews.com\/wp-content\/uploads\/Ramon-Diaz-pelo-Corinthians-em-2024-200x150.webp 200w, https:\/\/www.gaveanews.com\/wp-content\/uploads\/Ramon-Diaz-pelo-Corinthians-em-2024-180x135.webp 180w, https:\/\/www.gaveanews.com\/wp-content\/uploads\/Ramon-Diaz-pelo-Corinthians-em-2024-360x270.webp 360w, https:\/\/www.gaveanews.com\/wp-content\/uploads\/Ramon-Diaz-pelo-Corinthians-em-2024-238x178.webp 238w, https:\/\/www.gaveanews.com\/wp-content\/uploads\/Ramon-Diaz-pelo-Corinthians-em-2024-476x356.webp 476w, https:\/\/www.gaveanews.com\/wp-content\/uploads\/Ramon-Diaz-pelo-Corinthians-em-2024-640x480.webp 640w, https:\/\/www.gaveanews.com\/wp-content\/uploads\/Ramon-Diaz-pelo-Corinthians-em-2024-1280x960.webp 1280w, https:\/\/www.gaveanews.com\/wp-content\/uploads\/Ramon-Diaz-pelo-Corinthians-em-2024-681x510.webp 681w, https:\/\/www.gaveanews.com\/wp-content\/uploads\/Ramon-Diaz-pelo-Corinthians-em-2024.webp 1346w\" sizes=\"auto, (max-width: 1024px) 100vw, 1024px\" \/><figcaption class=\"wp-element-caption\">Ram\u00f3n D\u00edaz pelo Corinthians em 2024 (Foto: Reprodu\u00e7\u00e3o\/Corinthians)<\/figcaption><\/figure>\n\n\n\n<p>O Corinthians, agora, volta suas aten\u00e7\u00f5es para o Campeonato Brasileiro. A equipe se prepara para o pr\u00f3ximo compromisso neste s\u00e1bado (05).<\/p>\n\n\n\n<p>O jogo ser\u00e1 contra o Vasco, \u00e0s 18h30, novamente na Neo Qu\u00edmica Arena, v\u00e1lido pela segunda rodada da competi\u00e7\u00e3o nacional.<\/p>\n","protected":false},"excerpt":{"rendered":"<p>Ap\u00f3s a estreia com derrota na Copa Sul-Americana, o atacante \u00c1ngel Romero, do Corinthians, dirigiu-se \u00e0 imprensa. O jogador paraguaio comentou a situa\u00e7\u00e3o do elenco frente aos m\u00faltiplos desfalques por les\u00e3o que afetam a equipe neste momento da temporada. O confronto contra o Hurac\u00e1n, finalizado em 2 a 1 para os argentinos na Neo Qu\u00edmica [&hellip;]<\/p>\n","protected":false},"author":28,"featured_media":153975,"comment_status":"open","ping_status":"closed","sticky":false,"template":"","format":"standard","meta":{"footnotes":""},"categories":[141],"tags":[],"class_list":["post-249294","post","type-post","status-publish","format-standard","has-post-thumbnail","hentry","category-corinthians"],"yoast_head":"<!-- This site is optimized with the Yoast SEO Premium plugin v24.2 (Yoast SEO v26.9) - https:\/\/yoast.com\/product\/yoast-seo-premium-wordpress\/ -->\n<title>A declara\u00e7\u00e3o de Romero envolvendo Ram\u00f3n D\u00edaz no Corinthians<\/title>\n<meta name=\"robots\" content=\"index, follow, max-snippet:-1, max-image-preview:large, max-video-preview:-1\" \/>\n<link rel=\"canonical\" href=\"https:\/\/www.gaveanews.com\/index.php\/2025\/04\/05\/a-declaracao-de-romero-envolvendo-ramon-diaz-no-corinthians\/\" \/>\n<meta property=\"og:locale\" content=\"pt_BR\" \/>\n<meta property=\"og:type\" content=\"article\" \/>\n<meta property=\"og:title\" content=\"A declara\u00e7\u00e3o de Romero envolvendo Ram\u00f3n D\u00edaz no Corinthians\" \/>\n<meta property=\"og:description\" content=\"Ap\u00f3s a estreia com derrota na Copa Sul-Americana, o atacante \u00c1ngel Romero, do Corinthians, dirigiu-se \u00e0 imprensa. O jogador paraguaio comentou a situa\u00e7\u00e3o do elenco frente aos m\u00faltiplos desfalques por les\u00e3o que afetam a equipe neste momento da temporada. O confronto contra o Hurac\u00e1n, finalizado em 2 a 1 para os argentinos na Neo Qu\u00edmica [&hellip;]\" \/>\n<meta property=\"og:url\" content=\"https:\/\/www.gaveanews.com\/index.php\/2025\/04\/05\/a-declaracao-de-romero-envolvendo-ramon-diaz-no-corinthians\/\" \/>\n<meta property=\"og:site_name\" content=\"G\u00e1vea News\" \/>\n<meta property=\"article:publisher\" content=\"https:\/\/facebook.com\/gaveaNews\/\" \/>\n<meta property=\"article:published_time\" content=\"2025-04-05T19:40:23+00:00\" \/>\n<meta property=\"og:image\" content=\"https:\/\/www.gaveanews.com\/wp-content\/uploads\/Angel-Rodrigo-Romero-com-a-camisa-do-Corinthians-em-2024.webp\" \/>\n\t<meta property=\"og:image:width\" content=\"1242\" \/>\n\t<meta property=\"og:image:height\" content=\"1216\" \/>\n\t<meta property=\"og:image:type\" content=\"image\/jpeg\" \/>\n<meta name=\"author\" content=\"Hudson Pereira\" \/>\n<meta name=\"twitter:card\" content=\"summary_large_image\" \/>\n<meta name=\"twitter:label1\" content=\"Escrito por\" \/>\n\t<meta name=\"twitter:data1\" content=\"Hudson Pereira\" \/>\n\t<meta name=\"twitter:label2\" content=\"Est. tempo de leitura\" \/>\n\t<meta name=\"twitter:data2\" content=\"3 minutos\" \/>\n<script type=\"application\/ld+json\" class=\"yoast-schema-graph\">{\"@context\":\"https:\/\/schema.org\",\"@graph\":[{\"@type\":\"NewsArticle\",\"@id\":\"https:\/\/www.gaveanews.com\/index.php\/2025\/04\/05\/a-declaracao-de-romero-envolvendo-ramon-diaz-no-corinthians\/#article\",\"isPartOf\":{\"@id\":\"https:\/\/www.gaveanews.com\/index.php\/2025\/04\/05\/a-declaracao-de-romero-envolvendo-ramon-diaz-no-corinthians\/\"},\"author\":{\"name\":\"Hudson Pereira\",\"@id\":\"https:\/\/www.gaveanews.com\/#\/schema\/person\/bd08f00534b403119b92741a6d469ef0\"},\"headline\":\"A declara\u00e7\u00e3o de Romero envolvendo Ram\u00f3n D\u00edaz no Corinthians\",\"datePublished\":\"2025-04-05T19:40:23+00:00\",\"mainEntityOfPage\":{\"@id\":\"https:\/\/www.gaveanews.com\/index.php\/2025\/04\/05\/a-declaracao-de-romero-envolvendo-ramon-diaz-no-corinthians\/\"},\"wordCount\":478,\"commentCount\":0,\"image\":{\"@id\":\"https:\/\/www.gaveanews.com\/index.php\/2025\/04\/05\/a-declaracao-de-romero-envolvendo-ramon-diaz-no-corinthians\/#primaryimage\"},\"thumbnailUrl\":\"https:\/\/www.gaveanews.com\/wp-content\/uploads\/Angel-Rodrigo-Romero-com-a-camisa-do-Corinthians-em-2024.webp\",\"articleSection\":[\"Corinthians\"],\"inLanguage\":\"pt-BR\",\"potentialAction\":[{\"@type\":\"CommentAction\",\"name\":\"Comment\",\"target\":[\"https:\/\/www.gaveanews.com\/index.php\/2025\/04\/05\/a-declaracao-de-romero-envolvendo-ramon-diaz-no-corinthians\/#respond\"]}],\"copyrightYear\":\"2025\",\"copyrightHolder\":{\"@id\":\"https:\/\/www.gaveanews.com\/#organization\"}},{\"@type\":\"WebPage\",\"@id\":\"https:\/\/www.gaveanews.com\/index.php\/2025\/04\/05\/a-declaracao-de-romero-envolvendo-ramon-diaz-no-corinthians\/\",\"url\":\"https:\/\/www.gaveanews.com\/index.php\/2025\/04\/05\/a-declaracao-de-romero-envolvendo-ramon-diaz-no-corinthians\/\",\"name\":\"A declara\u00e7\u00e3o de Romero envolvendo Ram\u00f3n D\u00edaz no Corinthians\",\"isPartOf\":{\"@id\":\"https:\/\/www.gaveanews.com\/#website\"},\"primaryImageOfPage\":{\"@id\":\"https:\/\/www.gaveanews.com\/index.php\/2025\/04\/05\/a-declaracao-de-romero-envolvendo-ramon-diaz-no-corinthians\/#primaryimage\"},\"image\":{\"@id\":\"https:\/\/www.gaveanews.com\/index.php\/2025\/04\/05\/a-declaracao-de-romero-envolvendo-ramon-diaz-no-corinthians\/#primaryimage\"},\"thumbnailUrl\":\"https:\/\/www.gaveanews.com\/wp-content\/uploads\/Angel-Rodrigo-Romero-com-a-camisa-do-Corinthians-em-2024.webp\",\"datePublished\":\"2025-04-05T19:40:23+00:00\",\"author\":{\"@id\":\"https:\/\/www.gaveanews.com\/#\/schema\/person\/bd08f00534b403119b92741a6d469ef0\"},\"breadcrumb\":{\"@id\":\"https:\/\/www.gaveanews.com\/index.php\/2025\/04\/05\/a-declaracao-de-romero-envolvendo-ramon-diaz-no-corinthians\/#breadcrumb\"},\"inLanguage\":\"pt-BR\",\"potentialAction\":[{\"@type\":\"ReadAction\",\"target\":[\"https:\/\/www.gaveanews.com\/index.php\/2025\/04\/05\/a-declaracao-de-romero-envolvendo-ramon-diaz-no-corinthians\/\"]}]},{\"@type\":\"ImageObject\",\"inLanguage\":\"pt-BR\",\"@id\":\"https:\/\/www.gaveanews.com\/index.php\/2025\/04\/05\/a-declaracao-de-romero-envolvendo-ramon-diaz-no-corinthians\/#primaryimage\",\"url\":\"https:\/\/www.gaveanews.com\/wp-content\/uploads\/Angel-Rodrigo-Romero-com-a-camisa-do-Corinthians-em-2024.webp\",\"contentUrl\":\"https:\/\/www.gaveanews.com\/wp-content\/uploads\/Angel-Rodrigo-Romero-com-a-camisa-do-Corinthians-em-2024.webp\",\"width\":1242,\"height\":1216,\"caption\":\"\u00c1ngel Rodrigo Romero com a camisa do Corinthians em 2024 (Foto: Reprodu\u00e7\u00e3o\/Corinthians)\"},{\"@type\":\"BreadcrumbList\",\"@id\":\"https:\/\/www.gaveanews.com\/index.php\/2025\/04\/05\/a-declaracao-de-romero-envolvendo-ramon-diaz-no-corinthians\/#breadcrumb\",\"itemListElement\":[{\"@type\":\"ListItem\",\"position\":1,\"name\":\"Home\",\"item\":\"https:\/\/www.gaveanews.com\/\"},{\"@type\":\"ListItem\",\"position\":2,\"name\":\"A declara\u00e7\u00e3o de Romero envolvendo Ram\u00f3n D\u00edaz no Corinthians\"}]},{\"@type\":\"WebSite\",\"@id\":\"https:\/\/www.gaveanews.com\/#website\",\"url\":\"https:\/\/www.gaveanews.com\/\",\"name\":\"G\u00e1vea News\",\"description\":\"Veja todas as not\u00edcias sobre o Flamengo: Contrata\u00e7\u00f5es, categorias de base, resultados das partidas, tabela de classifica\u00e7\u00e3o, pr\u00f3ximos jogos!\",\"potentialAction\":[{\"@type\":\"SearchAction\",\"target\":{\"@type\":\"EntryPoint\",\"urlTemplate\":\"https:\/\/www.gaveanews.com\/?s={search_term_string}\"},\"query-input\":{\"@type\":\"PropertyValueSpecification\",\"valueRequired\":true,\"valueName\":\"search_term_string\"}}],\"inLanguage\":\"pt-BR\"},{\"@type\":\"Person\",\"@id\":\"https:\/\/www.gaveanews.com\/#\/schema\/person\/bd08f00534b403119b92741a6d469ef0\",\"name\":\"Hudson Pereira\",\"image\":{\"@type\":\"ImageObject\",\"inLanguage\":\"pt-BR\",\"@id\":\"https:\/\/www.gaveanews.com\/#\/schema\/person\/image\/\",\"url\":\"https:\/\/secure.gravatar.com\/avatar\/ecc491b489e454e510efffc9b23c1052ce5fb4f2e05555768ba65819cd55f03e?s=96&d=mm&r=g\",\"contentUrl\":\"https:\/\/secure.gravatar.com\/avatar\/ecc491b489e454e510efffc9b23c1052ce5fb4f2e05555768ba65819cd55f03e?s=96&d=mm&r=g\",\"caption\":\"Hudson Pereira\"}}]}<\/script>\n<!-- \/ Yoast SEO Premium plugin. -->","yoast_head_json":{"title":"A declara\u00e7\u00e3o de Romero envolvendo Ram\u00f3n D\u00edaz no Corinthians","robots":{"index":"index","follow":"follow","max-snippet":"max-snippet:-1","max-image-preview":"max-image-preview:large","max-video-preview":"max-video-preview:-1"},"canonical":"https:\/\/www.gaveanews.com\/index.php\/2025\/04\/05\/a-declaracao-de-romero-envolvendo-ramon-diaz-no-corinthians\/","og_locale":"pt_BR","og_type":"article","og_title":"A declara\u00e7\u00e3o de Romero envolvendo Ram\u00f3n D\u00edaz no Corinthians","og_description":"Ap\u00f3s a estreia com derrota na Copa Sul-Americana, o atacante \u00c1ngel Romero, do Corinthians, dirigiu-se \u00e0 imprensa. O jogador paraguaio comentou a situa\u00e7\u00e3o do elenco frente aos m\u00faltiplos desfalques por les\u00e3o que afetam a equipe neste momento da temporada. O confronto contra o Hurac\u00e1n, finalizado em 2 a 1 para os argentinos na Neo Qu\u00edmica [&hellip;]","og_url":"https:\/\/www.gaveanews.com\/index.php\/2025\/04\/05\/a-declaracao-de-romero-envolvendo-ramon-diaz-no-corinthians\/","og_site_name":"G\u00e1vea News","article_publisher":"https:\/\/facebook.com\/gaveaNews\/","article_published_time":"2025-04-05T19:40:23+00:00","og_image":[{"width":1242,"height":1216,"url":"https:\/\/www.gaveanews.com\/wp-content\/uploads\/Angel-Rodrigo-Romero-com-a-camisa-do-Corinthians-em-2024.webp","type":"image\/jpeg"}],"author":"Hudson Pereira","twitter_card":"summary_large_image","twitter_misc":{"Escrito por":"Hudson Pereira","Est. tempo de leitura":"3 minutos"},"schema":{"@context":"https:\/\/schema.org","@graph":[{"@type":"NewsArticle","@id":"https:\/\/www.gaveanews.com\/index.php\/2025\/04\/05\/a-declaracao-de-romero-envolvendo-ramon-diaz-no-corinthians\/#article","isPartOf":{"@id":"https:\/\/www.gaveanews.com\/index.php\/2025\/04\/05\/a-declaracao-de-romero-envolvendo-ramon-diaz-no-corinthians\/"},"author":{"name":"Hudson Pereira","@id":"https:\/\/www.gaveanews.com\/#\/schema\/person\/bd08f00534b403119b92741a6d469ef0"},"headline":"A declara\u00e7\u00e3o de Romero envolvendo Ram\u00f3n D\u00edaz no Corinthians","datePublished":"2025-04-05T19:40:23+00:00","mainEntityOfPage":{"@id":"https:\/\/www.gaveanews.com\/index.php\/2025\/04\/05\/a-declaracao-de-romero-envolvendo-ramon-diaz-no-corinthians\/"},"wordCount":478,"commentCount":0,"image":{"@id":"https:\/\/www.gaveanews.com\/index.php\/2025\/04\/05\/a-declaracao-de-romero-envolvendo-ramon-diaz-no-corinthians\/#primaryimage"},"thumbnailUrl":"https:\/\/www.gaveanews.com\/wp-content\/uploads\/Angel-Rodrigo-Romero-com-a-camisa-do-Corinthians-em-2024.webp","articleSection":["Corinthians"],"inLanguage":"pt-BR","potentialAction":[{"@type":"CommentAction","name":"Comment","target":["https:\/\/www.gaveanews.com\/index.php\/2025\/04\/05\/a-declaracao-de-romero-envolvendo-ramon-diaz-no-corinthians\/#respond"]}],"copyrightYear":"2025","copyrightHolder":{"@id":"https:\/\/www.gaveanews.com\/#organization"}},{"@type":"WebPage","@id":"https:\/\/www.gaveanews.com\/index.php\/2025\/04\/05\/a-declaracao-de-romero-envolvendo-ramon-diaz-no-corinthians\/","url":"https:\/\/www.gaveanews.com\/index.php\/2025\/04\/05\/a-declaracao-de-romero-envolvendo-ramon-diaz-no-corinthians\/","name":"A declara\u00e7\u00e3o de Romero envolvendo Ram\u00f3n D\u00edaz no Corinthians","isPartOf":{"@id":"https:\/\/www.gaveanews.com\/#website"},"primaryImageOfPage":{"@id":"https:\/\/www.gaveanews.com\/index.php\/2025\/04\/05\/a-declaracao-de-romero-envolvendo-ramon-diaz-no-corinthians\/#primaryimage"},"image":{"@id":"https:\/\/www.gaveanews.com\/index.php\/2025\/04\/05\/a-declaracao-de-romero-envolvendo-ramon-diaz-no-corinthians\/#primaryimage"},"thumbnailUrl":"https:\/\/www.gaveanews.com\/wp-content\/uploads\/Angel-Rodrigo-Romero-com-a-camisa-do-Corinthians-em-2024.webp","datePublished":"2025-04-05T19:40:23+00:00","author":{"@id":"https:\/\/www.gaveanews.com\/#\/schema\/person\/bd08f00534b403119b92741a6d469ef0"},"breadcrumb":{"@id":"https:\/\/www.gaveanews.com\/index.php\/2025\/04\/05\/a-declaracao-de-romero-envolvendo-ramon-diaz-no-corinthians\/#breadcrumb"},"inLanguage":"pt-BR","potentialAction":[{"@type":"ReadAction","target":["https:\/\/www.gaveanews.com\/index.php\/2025\/04\/05\/a-declaracao-de-romero-envolvendo-ramon-diaz-no-corinthians\/"]}]},{"@type":"ImageObject","inLanguage":"pt-BR","@id":"https:\/\/www.gaveanews.com\/index.php\/2025\/04\/05\/a-declaracao-de-romero-envolvendo-ramon-diaz-no-corinthians\/#primaryimage","url":"https:\/\/www.gaveanews.com\/wp-content\/uploads\/Angel-Rodrigo-Romero-com-a-camisa-do-Corinthians-em-2024.webp","contentUrl":"https:\/\/www.gaveanews.com\/wp-content\/uploads\/Angel-Rodrigo-Romero-com-a-camisa-do-Corinthians-em-2024.webp","width":1242,"height":1216,"caption":"\u00c1ngel Rodrigo Romero com a camisa do Corinthians em 2024 (Foto: Reprodu\u00e7\u00e3o\/Corinthians)"},{"@type":"BreadcrumbList","@id":"https:\/\/www.gaveanews.com\/index.php\/2025\/04\/05\/a-declaracao-de-romero-envolvendo-ramon-diaz-no-corinthians\/#breadcrumb","itemListElement":[{"@type":"ListItem","position":1,"name":"Home","item":"https:\/\/www.gaveanews.com\/"},{"@type":"ListItem","position":2,"name":"A declara\u00e7\u00e3o de Romero envolvendo Ram\u00f3n D\u00edaz no Corinthians"}]},{"@type":"WebSite","@id":"https:\/\/www.gaveanews.com\/#website","url":"https:\/\/www.gaveanews.com\/","name":"G\u00e1vea News","description":"Veja todas as not\u00edcias sobre o Flamengo: Contrata\u00e7\u00f5es, categorias de base, resultados das partidas, tabela de classifica\u00e7\u00e3o, pr\u00f3ximos jogos!","potentialAction":[{"@type":"SearchAction","target":{"@type":"EntryPoint","urlTemplate":"https:\/\/www.gaveanews.com\/?s={search_term_string}"},"query-input":{"@type":"PropertyValueSpecification","valueRequired":true,"valueName":"search_term_string"}}],"inLanguage":"pt-BR"},{"@type":"Person","@id":"https:\/\/www.gaveanews.com\/#\/schema\/person\/bd08f00534b403119b92741a6d469ef0","name":"Hudson Pereira","image":{"@type":"ImageObject","inLanguage":"pt-BR","@id":"https:\/\/www.gaveanews.com\/#\/schema\/person\/image\/","url":"https:\/\/secure.gravatar.com\/avatar\/ecc491b489e454e510efffc9b23c1052ce5fb4f2e05555768ba65819cd55f03e?s=96&d=mm&r=g","contentUrl":"https:\/\/secure.gravatar.com\/avatar\/ecc491b489e454e510efffc9b23c1052ce5fb4f2e05555768ba65819cd55f03e?s=96&d=mm&r=g","caption":"Hudson Pereira"}}]}},"_links":{"self":[{"href":"https:\/\/www.gaveanews.com\/index.php\/wp-json\/wp\/v2\/posts\/249294","targetHints":{"allow":["GET"]}}],"collection":[{"href":"https:\/\/www.gaveanews.com\/index.php\/wp-json\/wp\/v2\/posts"}],"about":[{"href":"https:\/\/www.gaveanews.com\/index.php\/wp-json\/wp\/v2\/types\/post"}],"author":[{"embeddable":true,"href":"https:\/\/www.gaveanews.com\/index.php\/wp-json\/wp\/v2\/users\/28"}],"replies":[{"embeddable":true,"href":"https:\/\/www.gaveanews.com\/index.php\/wp-json\/wp\/v2\/comments?post=249294"}],"version-history":[{"count":1,"href":"https:\/\/www.gaveanews.com\/index.php\/wp-json\/wp\/v2\/posts\/249294\/revisions"}],"predecessor-version":[{"id":249295,"href":"https:\/\/www.gaveanews.com\/index.php\/wp-json\/wp\/v2\/posts\/249294\/revisions\/249295"}],"wp:featuredmedia":[{"embeddable":true,"href":"https:\/\/www.gaveanews.com\/index.php\/wp-json\/wp\/v2\/media\/153975"}],"wp:attachment":[{"href":"https:\/\/www.gaveanews.com\/index.php\/wp-json\/wp\/v2\/media?parent=249294"}],"wp:term":[{"taxonomy":"category","embeddable":true,"href":"https:\/\/www.gaveanews.com\/index.php\/wp-json\/wp\/v2\/categories?post=249294"},{"taxonomy":"post_tag","embeddable":true,"href":"https:\/\/www.gaveanews.com\/index.php\/wp-json\/wp\/v2\/tags?post=249294"}],"curies":[{"name":"wp","href":"https:\/\/api.w.org\/{rel}","templated":true}]}}