{"id":249306,"date":"2025-04-05T16:15:30","date_gmt":"2025-04-05T19:15:30","guid":{"rendered":"https:\/\/www.gaveanews.com\/?p=249306"},"modified":"2025-04-05T16:04:51","modified_gmt":"2025-04-05T19:04:51","slug":"a-declaracao-de-abel-ferreira-direcionada-a-raniele-do-corinthians","status":"publish","type":"post","link":"https:\/\/www.gaveanews.com\/index.php\/2025\/04\/05\/a-declaracao-de-abel-ferreira-direcionada-a-raniele-do-corinthians\/","title":{"rendered":"A declara\u00e7\u00e3o de Abel Ferreira direcionada a Raniele, do Corinthians"},"content":{"rendered":"\n<p>Abel Ferreira valorizou a estreia com vit\u00f3ria na Copa Libertadores da Am\u00e9rica e usou um jogador do maior rival para destacar as qualidades do Palmeiras. O t\u00e9cnico portugu\u00eas relembrou uma declara\u00e7\u00e3o de Raniele, volante do Corinthians, para defender que as equipes encaram o Alviverde de uma maneira diferente das dos demais times.<\/p>\n\n\n\n<p>O Palmeiras come\u00e7ou a Copa Conmebol Libertadores da Am\u00e9rica com o p\u00e9 direito. O time paulista visitou o est\u00e1dio Nacional do Peru para enfrentar o Sporting Cristal pela primeira rodada da fase de grupos da competi\u00e7\u00e3o continental e saiu vitorioso.<\/p>\n\n\n\n<p>Em uma partida de cinco gols, o Alviverde viu os donos da casa igualarem o marcador duas vezes. Est\u00eav\u00e3o abriu o placar aos 36 minutos, Jes\u00fas Pretell, aos 23 do segundo tempo, empatou. A oito minutos do fim, Piquerez ampliou para os palestrinos e, um minuto depois, Martin T\u00e1vara p\u00f4s n\u00fameros iguais no jogo mais uma vez. No entanto, j\u00e1 nos acr\u00e9scimos, a estrela de Richard Rios brilhou para dar a vit\u00f3ria para o Alviverde.<\/p>\n\n\n\n<p>Ap\u00f3s o confronto, Abel Ferreira valorizou a vit\u00f3ria do Palmeiras. O t\u00e9cnico portugu\u00eas destacou que as equipes se empenham mais para vencer o time dele e usou Raniele, do Corinthians, como exemplo.<\/p>\n\n\n\n<p>&#8220;Voc\u00eas viram o que o Raniele disse depois do jogo contra o Corinthians, n\u00e3o viram? Ou\u00e7am bem o que ele disse. O que \u00e9 jogar contra o Palmeiras. \u00c9 isso que eu e meus jogadores temos que estar preparados. \u00c0s vezes jogamos mal, mas n\u00e3o s\u00f3 jogamos mal porque n\u00e3o estamos em boa forma, jogamos mal porque os advers\u00e1rios n\u00e3o nos deixam jogar. Ou\u00e7am com aten\u00e7\u00e3o o que ele usou. &#8216;Temos que jogar todos os jogos como jogamos contra o Palmeiras&#8217;. \u00c9 isso que os advers\u00e1rios fazem contra o Palmeiras, n\u00e3o \u00e9 s\u00f3 a din\u00e2mica e fluidez da equipe, \u00e9 o que os advers\u00e1rios d\u00e3o a vida para ganhar ao Palmeiras. Ainda bem que n\u00e3o fui eu que disse, se eu dissesse ia cair mal. Quando damos esses passos de crescimento, as equipes quando jogam contra n\u00f3s, se for preciso passar 15 minutos sem haver jogo, como foi na final do Paulist\u00e3o, foi isso o que o Corinthians fez\u201d, disse.<\/p>\n\n\n\n<p>O Palmeiras volta a campo no domingo (6\/4), para enfrentar o Sport, fora de casa, na Ilha do Retiro, pela segunda rodada do Campeonato Brasileiro, \u00e0s 18h30.<\/p>\n","protected":false},"excerpt":{"rendered":"<p>Abel Ferreira valorizou a estreia com vit\u00f3ria na Copa Libertadores da Am\u00e9rica e usou um jogador do maior rival para destacar as qualidades do Palmeiras. O t\u00e9cnico portugu\u00eas relembrou uma declara\u00e7\u00e3o de Raniele, volante do Corinthians, para defender que as equipes encaram o Alviverde de uma maneira diferente das dos demais times. O Palmeiras come\u00e7ou [&hellip;]<\/p>\n","protected":false},"author":29,"featured_media":157845,"comment_status":"open","ping_status":"closed","sticky":false,"template":"","format":"standard","meta":{"footnotes":""},"categories":[141,150],"tags":[],"class_list":["post-249306","post","type-post","status-publish","format-standard","has-post-thumbnail","hentry","category-corinthians","category-palmeiras"],"yoast_head":"<!-- This site is optimized with the Yoast SEO Premium plugin v24.2 (Yoast SEO v26.9) - https:\/\/yoast.com\/product\/yoast-seo-premium-wordpress\/ -->\n<title>A declara\u00e7\u00e3o de Abel Ferreira direcionada a Raniele, do Corinthians<\/title>\n<meta name=\"robots\" content=\"index, follow, max-snippet:-1, max-image-preview:large, max-video-preview:-1\" \/>\n<link rel=\"canonical\" href=\"https:\/\/www.gaveanews.com\/index.php\/2025\/04\/05\/a-declaracao-de-abel-ferreira-direcionada-a-raniele-do-corinthians\/\" \/>\n<meta property=\"og:locale\" content=\"pt_BR\" \/>\n<meta property=\"og:type\" content=\"article\" \/>\n<meta property=\"og:title\" content=\"A declara\u00e7\u00e3o de Abel Ferreira direcionada a Raniele, do Corinthians\" \/>\n<meta property=\"og:description\" content=\"Abel Ferreira valorizou a estreia com vit\u00f3ria na Copa Libertadores da Am\u00e9rica e usou um jogador do maior rival para destacar as qualidades do Palmeiras. O t\u00e9cnico portugu\u00eas relembrou uma declara\u00e7\u00e3o de Raniele, volante do Corinthians, para defender que as equipes encaram o Alviverde de uma maneira diferente das dos demais times. O Palmeiras come\u00e7ou [&hellip;]\" \/>\n<meta property=\"og:url\" content=\"https:\/\/www.gaveanews.com\/index.php\/2025\/04\/05\/a-declaracao-de-abel-ferreira-direcionada-a-raniele-do-corinthians\/\" \/>\n<meta property=\"og:site_name\" content=\"G\u00e1vea News\" \/>\n<meta property=\"article:publisher\" content=\"https:\/\/facebook.com\/gaveaNews\/\" \/>\n<meta property=\"article:published_time\" content=\"2025-04-05T19:15:30+00:00\" \/>\n<meta property=\"og:image\" content=\"https:\/\/www.gaveanews.com\/wp-content\/uploads\/Abel-Ferreira-e-fotografado-passando-instrucoes-durante-um-jogo-do-Palmeiras.webp\" \/>\n\t<meta property=\"og:image:width\" content=\"1500\" \/>\n\t<meta property=\"og:image:height\" content=\"844\" \/>\n\t<meta property=\"og:image:type\" content=\"image\/jpeg\" \/>\n<meta name=\"author\" content=\"Marco Menezes\" \/>\n<meta name=\"twitter:card\" content=\"summary_large_image\" \/>\n<meta name=\"twitter:label1\" content=\"Escrito por\" \/>\n\t<meta name=\"twitter:data1\" content=\"Marco Menezes\" \/>\n\t<meta name=\"twitter:label2\" content=\"Est. tempo de leitura\" \/>\n\t<meta name=\"twitter:data2\" content=\"3 minutos\" \/>\n<script type=\"application\/ld+json\" class=\"yoast-schema-graph\">{\"@context\":\"https:\/\/schema.org\",\"@graph\":[{\"@type\":\"NewsArticle\",\"@id\":\"https:\/\/www.gaveanews.com\/index.php\/2025\/04\/05\/a-declaracao-de-abel-ferreira-direcionada-a-raniele-do-corinthians\/#article\",\"isPartOf\":{\"@id\":\"https:\/\/www.gaveanews.com\/index.php\/2025\/04\/05\/a-declaracao-de-abel-ferreira-direcionada-a-raniele-do-corinthians\/\"},\"author\":{\"name\":\"Marco Menezes\",\"@id\":\"https:\/\/www.gaveanews.com\/#\/schema\/person\/a9f62fe75380c6bada1b2fc49bc23d69\"},\"headline\":\"A declara\u00e7\u00e3o de Abel Ferreira direcionada a Raniele, do Corinthians\",\"datePublished\":\"2025-04-05T19:15:30+00:00\",\"mainEntityOfPage\":{\"@id\":\"https:\/\/www.gaveanews.com\/index.php\/2025\/04\/05\/a-declaracao-de-abel-ferreira-direcionada-a-raniele-do-corinthians\/\"},\"wordCount\":426,\"commentCount\":0,\"image\":{\"@id\":\"https:\/\/www.gaveanews.com\/index.php\/2025\/04\/05\/a-declaracao-de-abel-ferreira-direcionada-a-raniele-do-corinthians\/#primaryimage\"},\"thumbnailUrl\":\"https:\/\/www.gaveanews.com\/wp-content\/uploads\/Abel-Ferreira-e-fotografado-passando-instrucoes-durante-um-jogo-do-Palmeiras.webp\",\"articleSection\":[\"Corinthians\",\"Palmeiras\"],\"inLanguage\":\"pt-BR\",\"potentialAction\":[{\"@type\":\"CommentAction\",\"name\":\"Comment\",\"target\":[\"https:\/\/www.gaveanews.com\/index.php\/2025\/04\/05\/a-declaracao-de-abel-ferreira-direcionada-a-raniele-do-corinthians\/#respond\"]}],\"copyrightYear\":\"2025\",\"copyrightHolder\":{\"@id\":\"https:\/\/www.gaveanews.com\/#organization\"}},{\"@type\":\"WebPage\",\"@id\":\"https:\/\/www.gaveanews.com\/index.php\/2025\/04\/05\/a-declaracao-de-abel-ferreira-direcionada-a-raniele-do-corinthians\/\",\"url\":\"https:\/\/www.gaveanews.com\/index.php\/2025\/04\/05\/a-declaracao-de-abel-ferreira-direcionada-a-raniele-do-corinthians\/\",\"name\":\"A declara\u00e7\u00e3o de Abel Ferreira direcionada a Raniele, do Corinthians\",\"isPartOf\":{\"@id\":\"https:\/\/www.gaveanews.com\/#website\"},\"primaryImageOfPage\":{\"@id\":\"https:\/\/www.gaveanews.com\/index.php\/2025\/04\/05\/a-declaracao-de-abel-ferreira-direcionada-a-raniele-do-corinthians\/#primaryimage\"},\"image\":{\"@id\":\"https:\/\/www.gaveanews.com\/index.php\/2025\/04\/05\/a-declaracao-de-abel-ferreira-direcionada-a-raniele-do-corinthians\/#primaryimage\"},\"thumbnailUrl\":\"https:\/\/www.gaveanews.com\/wp-content\/uploads\/Abel-Ferreira-e-fotografado-passando-instrucoes-durante-um-jogo-do-Palmeiras.webp\",\"datePublished\":\"2025-04-05T19:15:30+00:00\",\"author\":{\"@id\":\"https:\/\/www.gaveanews.com\/#\/schema\/person\/a9f62fe75380c6bada1b2fc49bc23d69\"},\"breadcrumb\":{\"@id\":\"https:\/\/www.gaveanews.com\/index.php\/2025\/04\/05\/a-declaracao-de-abel-ferreira-direcionada-a-raniele-do-corinthians\/#breadcrumb\"},\"inLanguage\":\"pt-BR\",\"potentialAction\":[{\"@type\":\"ReadAction\",\"target\":[\"https:\/\/www.gaveanews.com\/index.php\/2025\/04\/05\/a-declaracao-de-abel-ferreira-direcionada-a-raniele-do-corinthians\/\"]}]},{\"@type\":\"ImageObject\",\"inLanguage\":\"pt-BR\",\"@id\":\"https:\/\/www.gaveanews.com\/index.php\/2025\/04\/05\/a-declaracao-de-abel-ferreira-direcionada-a-raniele-do-corinthians\/#primaryimage\",\"url\":\"https:\/\/www.gaveanews.com\/wp-content\/uploads\/Abel-Ferreira-e-fotografado-passando-instrucoes-durante-um-jogo-do-Palmeiras.webp\",\"contentUrl\":\"https:\/\/www.gaveanews.com\/wp-content\/uploads\/Abel-Ferreira-e-fotografado-passando-instrucoes-durante-um-jogo-do-Palmeiras.webp\",\"width\":1500,\"height\":844,\"caption\":\"Abel Ferreira \u00e9 fotografado passando instru\u00e7\u00f5es durante um jogo do Palmeiras (Foto: Cesar Greco\/Palmeiras)\"},{\"@type\":\"BreadcrumbList\",\"@id\":\"https:\/\/www.gaveanews.com\/index.php\/2025\/04\/05\/a-declaracao-de-abel-ferreira-direcionada-a-raniele-do-corinthians\/#breadcrumb\",\"itemListElement\":[{\"@type\":\"ListItem\",\"position\":1,\"name\":\"Home\",\"item\":\"https:\/\/www.gaveanews.com\/\"},{\"@type\":\"ListItem\",\"position\":2,\"name\":\"A declara\u00e7\u00e3o de Abel Ferreira direcionada a Raniele, do Corinthians\"}]},{\"@type\":\"WebSite\",\"@id\":\"https:\/\/www.gaveanews.com\/#website\",\"url\":\"https:\/\/www.gaveanews.com\/\",\"name\":\"G\u00e1vea News\",\"description\":\"Veja todas as not\u00edcias sobre o Flamengo: Contrata\u00e7\u00f5es, categorias de base, resultados das partidas, tabela de classifica\u00e7\u00e3o, pr\u00f3ximos jogos!\",\"potentialAction\":[{\"@type\":\"SearchAction\",\"target\":{\"@type\":\"EntryPoint\",\"urlTemplate\":\"https:\/\/www.gaveanews.com\/?s={search_term_string}\"},\"query-input\":{\"@type\":\"PropertyValueSpecification\",\"valueRequired\":true,\"valueName\":\"search_term_string\"}}],\"inLanguage\":\"pt-BR\"},{\"@type\":\"Person\",\"@id\":\"https:\/\/www.gaveanews.com\/#\/schema\/person\/a9f62fe75380c6bada1b2fc49bc23d69\",\"name\":\"Marco Menezes\",\"image\":{\"@type\":\"ImageObject\",\"inLanguage\":\"pt-BR\",\"@id\":\"https:\/\/www.gaveanews.com\/#\/schema\/person\/image\/\",\"url\":\"https:\/\/secure.gravatar.com\/avatar\/a1d148ae17fc8bfc5dbccffd07979e8bd2c9ba494221779de86ec2c7907b71ec?s=96&d=mm&r=g\",\"contentUrl\":\"https:\/\/secure.gravatar.com\/avatar\/a1d148ae17fc8bfc5dbccffd07979e8bd2c9ba494221779de86ec2c7907b71ec?s=96&d=mm&r=g\",\"caption\":\"Marco Menezes\"}}]}<\/script>\n<!-- \/ Yoast SEO Premium plugin. -->","yoast_head_json":{"title":"A declara\u00e7\u00e3o de Abel Ferreira direcionada a Raniele, do Corinthians","robots":{"index":"index","follow":"follow","max-snippet":"max-snippet:-1","max-image-preview":"max-image-preview:large","max-video-preview":"max-video-preview:-1"},"canonical":"https:\/\/www.gaveanews.com\/index.php\/2025\/04\/05\/a-declaracao-de-abel-ferreira-direcionada-a-raniele-do-corinthians\/","og_locale":"pt_BR","og_type":"article","og_title":"A declara\u00e7\u00e3o de Abel Ferreira direcionada a Raniele, do Corinthians","og_description":"Abel Ferreira valorizou a estreia com vit\u00f3ria na Copa Libertadores da Am\u00e9rica e usou um jogador do maior rival para destacar as qualidades do Palmeiras. O t\u00e9cnico portugu\u00eas relembrou uma declara\u00e7\u00e3o de Raniele, volante do Corinthians, para defender que as equipes encaram o Alviverde de uma maneira diferente das dos demais times. O Palmeiras come\u00e7ou [&hellip;]","og_url":"https:\/\/www.gaveanews.com\/index.php\/2025\/04\/05\/a-declaracao-de-abel-ferreira-direcionada-a-raniele-do-corinthians\/","og_site_name":"G\u00e1vea News","article_publisher":"https:\/\/facebook.com\/gaveaNews\/","article_published_time":"2025-04-05T19:15:30+00:00","og_image":[{"width":1500,"height":844,"url":"https:\/\/www.gaveanews.com\/wp-content\/uploads\/Abel-Ferreira-e-fotografado-passando-instrucoes-durante-um-jogo-do-Palmeiras.webp","type":"image\/jpeg"}],"author":"Marco Menezes","twitter_card":"summary_large_image","twitter_misc":{"Escrito por":"Marco Menezes","Est. tempo de leitura":"3 minutos"},"schema":{"@context":"https:\/\/schema.org","@graph":[{"@type":"NewsArticle","@id":"https:\/\/www.gaveanews.com\/index.php\/2025\/04\/05\/a-declaracao-de-abel-ferreira-direcionada-a-raniele-do-corinthians\/#article","isPartOf":{"@id":"https:\/\/www.gaveanews.com\/index.php\/2025\/04\/05\/a-declaracao-de-abel-ferreira-direcionada-a-raniele-do-corinthians\/"},"author":{"name":"Marco Menezes","@id":"https:\/\/www.gaveanews.com\/#\/schema\/person\/a9f62fe75380c6bada1b2fc49bc23d69"},"headline":"A declara\u00e7\u00e3o de Abel Ferreira direcionada a Raniele, do Corinthians","datePublished":"2025-04-05T19:15:30+00:00","mainEntityOfPage":{"@id":"https:\/\/www.gaveanews.com\/index.php\/2025\/04\/05\/a-declaracao-de-abel-ferreira-direcionada-a-raniele-do-corinthians\/"},"wordCount":426,"commentCount":0,"image":{"@id":"https:\/\/www.gaveanews.com\/index.php\/2025\/04\/05\/a-declaracao-de-abel-ferreira-direcionada-a-raniele-do-corinthians\/#primaryimage"},"thumbnailUrl":"https:\/\/www.gaveanews.com\/wp-content\/uploads\/Abel-Ferreira-e-fotografado-passando-instrucoes-durante-um-jogo-do-Palmeiras.webp","articleSection":["Corinthians","Palmeiras"],"inLanguage":"pt-BR","potentialAction":[{"@type":"CommentAction","name":"Comment","target":["https:\/\/www.gaveanews.com\/index.php\/2025\/04\/05\/a-declaracao-de-abel-ferreira-direcionada-a-raniele-do-corinthians\/#respond"]}],"copyrightYear":"2025","copyrightHolder":{"@id":"https:\/\/www.gaveanews.com\/#organization"}},{"@type":"WebPage","@id":"https:\/\/www.gaveanews.com\/index.php\/2025\/04\/05\/a-declaracao-de-abel-ferreira-direcionada-a-raniele-do-corinthians\/","url":"https:\/\/www.gaveanews.com\/index.php\/2025\/04\/05\/a-declaracao-de-abel-ferreira-direcionada-a-raniele-do-corinthians\/","name":"A declara\u00e7\u00e3o de Abel Ferreira direcionada a Raniele, do Corinthians","isPartOf":{"@id":"https:\/\/www.gaveanews.com\/#website"},"primaryImageOfPage":{"@id":"https:\/\/www.gaveanews.com\/index.php\/2025\/04\/05\/a-declaracao-de-abel-ferreira-direcionada-a-raniele-do-corinthians\/#primaryimage"},"image":{"@id":"https:\/\/www.gaveanews.com\/index.php\/2025\/04\/05\/a-declaracao-de-abel-ferreira-direcionada-a-raniele-do-corinthians\/#primaryimage"},"thumbnailUrl":"https:\/\/www.gaveanews.com\/wp-content\/uploads\/Abel-Ferreira-e-fotografado-passando-instrucoes-durante-um-jogo-do-Palmeiras.webp","datePublished":"2025-04-05T19:15:30+00:00","author":{"@id":"https:\/\/www.gaveanews.com\/#\/schema\/person\/a9f62fe75380c6bada1b2fc49bc23d69"},"breadcrumb":{"@id":"https:\/\/www.gaveanews.com\/index.php\/2025\/04\/05\/a-declaracao-de-abel-ferreira-direcionada-a-raniele-do-corinthians\/#breadcrumb"},"inLanguage":"pt-BR","potentialAction":[{"@type":"ReadAction","target":["https:\/\/www.gaveanews.com\/index.php\/2025\/04\/05\/a-declaracao-de-abel-ferreira-direcionada-a-raniele-do-corinthians\/"]}]},{"@type":"ImageObject","inLanguage":"pt-BR","@id":"https:\/\/www.gaveanews.com\/index.php\/2025\/04\/05\/a-declaracao-de-abel-ferreira-direcionada-a-raniele-do-corinthians\/#primaryimage","url":"https:\/\/www.gaveanews.com\/wp-content\/uploads\/Abel-Ferreira-e-fotografado-passando-instrucoes-durante-um-jogo-do-Palmeiras.webp","contentUrl":"https:\/\/www.gaveanews.com\/wp-content\/uploads\/Abel-Ferreira-e-fotografado-passando-instrucoes-durante-um-jogo-do-Palmeiras.webp","width":1500,"height":844,"caption":"Abel Ferreira \u00e9 fotografado passando instru\u00e7\u00f5es durante um jogo do Palmeiras (Foto: Cesar Greco\/Palmeiras)"},{"@type":"BreadcrumbList","@id":"https:\/\/www.gaveanews.com\/index.php\/2025\/04\/05\/a-declaracao-de-abel-ferreira-direcionada-a-raniele-do-corinthians\/#breadcrumb","itemListElement":[{"@type":"ListItem","position":1,"name":"Home","item":"https:\/\/www.gaveanews.com\/"},{"@type":"ListItem","position":2,"name":"A declara\u00e7\u00e3o de Abel Ferreira direcionada a Raniele, do Corinthians"}]},{"@type":"WebSite","@id":"https:\/\/www.gaveanews.com\/#website","url":"https:\/\/www.gaveanews.com\/","name":"G\u00e1vea News","description":"Veja todas as not\u00edcias sobre o Flamengo: Contrata\u00e7\u00f5es, categorias de base, resultados das partidas, tabela de classifica\u00e7\u00e3o, pr\u00f3ximos jogos!","potentialAction":[{"@type":"SearchAction","target":{"@type":"EntryPoint","urlTemplate":"https:\/\/www.gaveanews.com\/?s={search_term_string}"},"query-input":{"@type":"PropertyValueSpecification","valueRequired":true,"valueName":"search_term_string"}}],"inLanguage":"pt-BR"},{"@type":"Person","@id":"https:\/\/www.gaveanews.com\/#\/schema\/person\/a9f62fe75380c6bada1b2fc49bc23d69","name":"Marco Menezes","image":{"@type":"ImageObject","inLanguage":"pt-BR","@id":"https:\/\/www.gaveanews.com\/#\/schema\/person\/image\/","url":"https:\/\/secure.gravatar.com\/avatar\/a1d148ae17fc8bfc5dbccffd07979e8bd2c9ba494221779de86ec2c7907b71ec?s=96&d=mm&r=g","contentUrl":"https:\/\/secure.gravatar.com\/avatar\/a1d148ae17fc8bfc5dbccffd07979e8bd2c9ba494221779de86ec2c7907b71ec?s=96&d=mm&r=g","caption":"Marco Menezes"}}]}},"_links":{"self":[{"href":"https:\/\/www.gaveanews.com\/index.php\/wp-json\/wp\/v2\/posts\/249306","targetHints":{"allow":["GET"]}}],"collection":[{"href":"https:\/\/www.gaveanews.com\/index.php\/wp-json\/wp\/v2\/posts"}],"about":[{"href":"https:\/\/www.gaveanews.com\/index.php\/wp-json\/wp\/v2\/types\/post"}],"author":[{"embeddable":true,"href":"https:\/\/www.gaveanews.com\/index.php\/wp-json\/wp\/v2\/users\/29"}],"replies":[{"embeddable":true,"href":"https:\/\/www.gaveanews.com\/index.php\/wp-json\/wp\/v2\/comments?post=249306"}],"version-history":[{"count":1,"href":"https:\/\/www.gaveanews.com\/index.php\/wp-json\/wp\/v2\/posts\/249306\/revisions"}],"predecessor-version":[{"id":249307,"href":"https:\/\/www.gaveanews.com\/index.php\/wp-json\/wp\/v2\/posts\/249306\/revisions\/249307"}],"wp:featuredmedia":[{"embeddable":true,"href":"https:\/\/www.gaveanews.com\/index.php\/wp-json\/wp\/v2\/media\/157845"}],"wp:attachment":[{"href":"https:\/\/www.gaveanews.com\/index.php\/wp-json\/wp\/v2\/media?parent=249306"}],"wp:term":[{"taxonomy":"category","embeddable":true,"href":"https:\/\/www.gaveanews.com\/index.php\/wp-json\/wp\/v2\/categories?post=249306"},{"taxonomy":"post_tag","embeddable":true,"href":"https:\/\/www.gaveanews.com\/index.php\/wp-json\/wp\/v2\/tags?post=249306"}],"curies":[{"name":"wp","href":"https:\/\/api.w.org\/{rel}","templated":true}]}}