{"id":249326,"date":"2025-04-05T19:37:16","date_gmt":"2025-04-05T22:37:16","guid":{"rendered":"https:\/\/www.gaveanews.com\/?p=249326"},"modified":"2025-04-05T19:55:24","modified_gmt":"2025-04-05T22:55:24","slug":"a-declaracao-de-yuri-alberto-direcionada-a-carrillo-e-memphis-do-corinthians","status":"publish","type":"post","link":"https:\/\/www.gaveanews.com\/index.php\/2025\/04\/05\/a-declaracao-de-yuri-alberto-direcionada-a-carrillo-e-memphis-do-corinthians\/","title":{"rendered":"A declara\u00e7\u00e3o de Yuri Alberto direcionada a Carrillo e Memphis, do Corinthians"},"content":{"rendered":"\n<p>O Corinthians vai vencendo o Vasco por 2 a 0, na Neo Qu\u00edmica Arena em jogo v\u00e1lido pela segunda rodada do Campeonato Brasileiro, na noite deste s\u00e1bado (05), com gols de Yuri Alberto e Memphis Depay. <\/p>\n\n\n\n<p>Sem exercer press\u00e3o constante, o Corinthians ficou com a posse no meio de campo e adotou uma postura de espera. A equipe se beneficiou dos erros cometidos pelo Vasco, que entrou em campo com uma forma\u00e7\u00e3o alternativa por causa do desgaste f\u00edsico dos titulares.<\/p>\n\n\n\n<p>Comandado por F\u00e1bio Carille, o time carioca teve dificuldades na marca\u00e7\u00e3o e cedeu espa\u00e7os em lances pontuais, que resultaram nos gols do advers\u00e1rio. A equipe tamb\u00e9m apresentou problemas na sa\u00edda de bola e foi pouco eficiente nas transi\u00e7\u00f5es ofensivas.<\/p>\n\n\n\n<p>O Corinthians teve poucas chances claras, mas foi objetivo quando se aproximou da \u00e1rea. Mesmo sem um volume ofensivo alto, conseguiu transformar as falhas do Vasco em vantagem no placar. O time paulista soube administrar o ritmo da partida, sem se expor.<\/p>\n\n\n\n<h2 class=\"wp-block-heading\" id=\"h-fala-yuri-alberto\">Fala, Yuri Alberto<\/h2>\n\n\n\n<p>O atacante falou sobre a jogada que originou o primeiro gol, na vis\u00e3o do camisa 9 foi muito bonita al\u00e9m da troca de passes com Carrillo e Memphis. Yuri tamb\u00e9m falou sobre a import\u00e2ncia de ter um resultado positivo dentro de casa logo no primeiro tempo. Apesar dos pontos positivos, o jogador ressaltou que a equipe precisa aproveitar da melhor maneira os espa\u00e7os encontrados, e pediu foco e concentra\u00e7\u00e3o no \u00faltimo passe. <\/p>\n\n\n\n<p>&#8220;Acho que a jogada toda do meu primeiro gol foi muito bonita, minha troca de passes com o Carrillo e o Memphis depois. Muito feliz de no primeiro tempo termos um resultado positivo dentro de casa. Sabemos que temos mais espa\u00e7o para aproveitar da melhor maneira. Acho que podemos estar um pouco mais ligados, focados, concentrados um pouco mais no \u00faltimo passe&#8221;, disse Yuri. <\/p>\n","protected":false},"excerpt":{"rendered":"<p>O Corinthians vai vencendo o Vasco por 2 a 0, na Neo Qu\u00edmica Arena em jogo v\u00e1lido pela segunda rodada do Campeonato Brasileiro, na noite deste s\u00e1bado (05), com gols de Yuri Alberto e Memphis Depay. Sem exercer press\u00e3o constante, o Corinthians ficou com a posse no meio de campo e adotou uma postura de [&hellip;]<\/p>\n","protected":false},"author":17,"featured_media":171334,"comment_status":"open","ping_status":"closed","sticky":false,"template":"","format":"standard","meta":{"footnotes":""},"categories":[141],"tags":[],"class_list":["post-249326","post","type-post","status-publish","format-standard","has-post-thumbnail","hentry","category-corinthians"],"yoast_head":"<!-- This site is optimized with the Yoast SEO Premium plugin v24.2 (Yoast SEO v26.9) - https:\/\/yoast.com\/product\/yoast-seo-premium-wordpress\/ -->\n<title>A declara\u00e7\u00e3o de Yuri Alberto direcionada a Carrillo e Memphis, do Corinthians<\/title>\n<meta name=\"robots\" content=\"index, follow, max-snippet:-1, max-image-preview:large, max-video-preview:-1\" \/>\n<link rel=\"canonical\" href=\"https:\/\/www.gaveanews.com\/index.php\/2025\/04\/05\/a-declaracao-de-yuri-alberto-direcionada-a-carrillo-e-memphis-do-corinthians\/\" \/>\n<meta property=\"og:locale\" content=\"pt_BR\" \/>\n<meta property=\"og:type\" content=\"article\" \/>\n<meta property=\"og:title\" content=\"A declara\u00e7\u00e3o de Yuri Alberto direcionada a Carrillo e Memphis, do Corinthians\" \/>\n<meta property=\"og:description\" content=\"O Corinthians vai vencendo o Vasco por 2 a 0, na Neo Qu\u00edmica Arena em jogo v\u00e1lido pela segunda rodada do Campeonato Brasileiro, na noite deste s\u00e1bado (05), com gols de Yuri Alberto e Memphis Depay. Sem exercer press\u00e3o constante, o Corinthians ficou com a posse no meio de campo e adotou uma postura de [&hellip;]\" \/>\n<meta property=\"og:url\" content=\"https:\/\/www.gaveanews.com\/index.php\/2025\/04\/05\/a-declaracao-de-yuri-alberto-direcionada-a-carrillo-e-memphis-do-corinthians\/\" \/>\n<meta property=\"og:site_name\" content=\"G\u00e1vea News\" \/>\n<meta property=\"article:publisher\" content=\"https:\/\/facebook.com\/gaveaNews\/\" \/>\n<meta property=\"article:published_time\" content=\"2025-04-05T22:37:16+00:00\" \/>\n<meta property=\"article:modified_time\" content=\"2025-04-05T22:55:24+00:00\" \/>\n<meta property=\"og:image\" content=\"http:\/\/www.gaveanews.com\/wp-content\/uploads\/Yuri-Alberto-em-acao-pelo-Corinthians.webp\" \/>\n\t<meta property=\"og:image:width\" content=\"941\" \/>\n\t<meta property=\"og:image:height\" content=\"604\" \/>\n\t<meta property=\"og:image:type\" content=\"image\/jpeg\" \/>\n<meta name=\"author\" content=\"Geovanna Thomaz\" \/>\n<meta name=\"twitter:card\" content=\"summary_large_image\" \/>\n<meta name=\"twitter:label1\" content=\"Escrito por\" \/>\n\t<meta name=\"twitter:data1\" content=\"Geovanna Thomaz\" \/>\n\t<meta name=\"twitter:label2\" content=\"Est. tempo de leitura\" \/>\n\t<meta name=\"twitter:data2\" content=\"2 minutos\" \/>\n<script type=\"application\/ld+json\" class=\"yoast-schema-graph\">{\"@context\":\"https:\/\/schema.org\",\"@graph\":[{\"@type\":\"NewsArticle\",\"@id\":\"https:\/\/www.gaveanews.com\/index.php\/2025\/04\/05\/a-declaracao-de-yuri-alberto-direcionada-a-carrillo-e-memphis-do-corinthians\/#article\",\"isPartOf\":{\"@id\":\"https:\/\/www.gaveanews.com\/index.php\/2025\/04\/05\/a-declaracao-de-yuri-alberto-direcionada-a-carrillo-e-memphis-do-corinthians\/\"},\"author\":{\"name\":\"Geovanna Thomaz\",\"@id\":\"https:\/\/www.gaveanews.com\/#\/schema\/person\/f42654babcd2b2014a1a65af82b081f1\"},\"headline\":\"A declara\u00e7\u00e3o de Yuri Alberto direcionada a Carrillo e Memphis, do Corinthians\",\"datePublished\":\"2025-04-05T22:37:16+00:00\",\"dateModified\":\"2025-04-05T22:55:24+00:00\",\"mainEntityOfPage\":{\"@id\":\"https:\/\/www.gaveanews.com\/index.php\/2025\/04\/05\/a-declaracao-de-yuri-alberto-direcionada-a-carrillo-e-memphis-do-corinthians\/\"},\"wordCount\":329,\"commentCount\":0,\"image\":{\"@id\":\"https:\/\/www.gaveanews.com\/index.php\/2025\/04\/05\/a-declaracao-de-yuri-alberto-direcionada-a-carrillo-e-memphis-do-corinthians\/#primaryimage\"},\"thumbnailUrl\":\"https:\/\/www.gaveanews.com\/wp-content\/uploads\/Yuri-Alberto-em-acao-pelo-Corinthians.webp\",\"articleSection\":[\"Corinthians\"],\"inLanguage\":\"pt-BR\",\"potentialAction\":[{\"@type\":\"CommentAction\",\"name\":\"Comment\",\"target\":[\"https:\/\/www.gaveanews.com\/index.php\/2025\/04\/05\/a-declaracao-de-yuri-alberto-direcionada-a-carrillo-e-memphis-do-corinthians\/#respond\"]}],\"copyrightYear\":\"2025\",\"copyrightHolder\":{\"@id\":\"https:\/\/www.gaveanews.com\/#organization\"}},{\"@type\":\"WebPage\",\"@id\":\"https:\/\/www.gaveanews.com\/index.php\/2025\/04\/05\/a-declaracao-de-yuri-alberto-direcionada-a-carrillo-e-memphis-do-corinthians\/\",\"url\":\"https:\/\/www.gaveanews.com\/index.php\/2025\/04\/05\/a-declaracao-de-yuri-alberto-direcionada-a-carrillo-e-memphis-do-corinthians\/\",\"name\":\"A declara\u00e7\u00e3o de Yuri Alberto direcionada a Carrillo e Memphis, do Corinthians\",\"isPartOf\":{\"@id\":\"https:\/\/www.gaveanews.com\/#website\"},\"primaryImageOfPage\":{\"@id\":\"https:\/\/www.gaveanews.com\/index.php\/2025\/04\/05\/a-declaracao-de-yuri-alberto-direcionada-a-carrillo-e-memphis-do-corinthians\/#primaryimage\"},\"image\":{\"@id\":\"https:\/\/www.gaveanews.com\/index.php\/2025\/04\/05\/a-declaracao-de-yuri-alberto-direcionada-a-carrillo-e-memphis-do-corinthians\/#primaryimage\"},\"thumbnailUrl\":\"https:\/\/www.gaveanews.com\/wp-content\/uploads\/Yuri-Alberto-em-acao-pelo-Corinthians.webp\",\"datePublished\":\"2025-04-05T22:37:16+00:00\",\"dateModified\":\"2025-04-05T22:55:24+00:00\",\"author\":{\"@id\":\"https:\/\/www.gaveanews.com\/#\/schema\/person\/f42654babcd2b2014a1a65af82b081f1\"},\"breadcrumb\":{\"@id\":\"https:\/\/www.gaveanews.com\/index.php\/2025\/04\/05\/a-declaracao-de-yuri-alberto-direcionada-a-carrillo-e-memphis-do-corinthians\/#breadcrumb\"},\"inLanguage\":\"pt-BR\",\"potentialAction\":[{\"@type\":\"ReadAction\",\"target\":[\"https:\/\/www.gaveanews.com\/index.php\/2025\/04\/05\/a-declaracao-de-yuri-alberto-direcionada-a-carrillo-e-memphis-do-corinthians\/\"]}]},{\"@type\":\"ImageObject\",\"inLanguage\":\"pt-BR\",\"@id\":\"https:\/\/www.gaveanews.com\/index.php\/2025\/04\/05\/a-declaracao-de-yuri-alberto-direcionada-a-carrillo-e-memphis-do-corinthians\/#primaryimage\",\"url\":\"https:\/\/www.gaveanews.com\/wp-content\/uploads\/Yuri-Alberto-em-acao-pelo-Corinthians.webp\",\"contentUrl\":\"https:\/\/www.gaveanews.com\/wp-content\/uploads\/Yuri-Alberto-em-acao-pelo-Corinthians.webp\",\"width\":941,\"height\":604,\"caption\":\"Yuri Alberto em a\u00e7\u00e3o pelo Corinthians (Foto: Rodrigo Coca\/Ag\u00eancia Corinthians)\"},{\"@type\":\"BreadcrumbList\",\"@id\":\"https:\/\/www.gaveanews.com\/index.php\/2025\/04\/05\/a-declaracao-de-yuri-alberto-direcionada-a-carrillo-e-memphis-do-corinthians\/#breadcrumb\",\"itemListElement\":[{\"@type\":\"ListItem\",\"position\":1,\"name\":\"Home\",\"item\":\"https:\/\/www.gaveanews.com\/\"},{\"@type\":\"ListItem\",\"position\":2,\"name\":\"A declara\u00e7\u00e3o de Yuri Alberto direcionada a Carrillo e Memphis, do Corinthians\"}]},{\"@type\":\"WebSite\",\"@id\":\"https:\/\/www.gaveanews.com\/#website\",\"url\":\"https:\/\/www.gaveanews.com\/\",\"name\":\"G\u00e1vea News\",\"description\":\"Veja todas as not\u00edcias sobre o Flamengo: Contrata\u00e7\u00f5es, categorias de base, resultados das partidas, tabela de classifica\u00e7\u00e3o, pr\u00f3ximos jogos!\",\"potentialAction\":[{\"@type\":\"SearchAction\",\"target\":{\"@type\":\"EntryPoint\",\"urlTemplate\":\"https:\/\/www.gaveanews.com\/?s={search_term_string}\"},\"query-input\":{\"@type\":\"PropertyValueSpecification\",\"valueRequired\":true,\"valueName\":\"search_term_string\"}}],\"inLanguage\":\"pt-BR\"},{\"@type\":\"Person\",\"@id\":\"https:\/\/www.gaveanews.com\/#\/schema\/person\/f42654babcd2b2014a1a65af82b081f1\",\"name\":\"Geovanna Thomaz\",\"image\":{\"@type\":\"ImageObject\",\"inLanguage\":\"pt-BR\",\"@id\":\"https:\/\/www.gaveanews.com\/#\/schema\/person\/image\/\",\"url\":\"https:\/\/secure.gravatar.com\/avatar\/4092073255489533afb558984b49b64268c47198af8623cc82a925ae9fb7118a?s=96&d=mm&r=g\",\"contentUrl\":\"https:\/\/secure.gravatar.com\/avatar\/4092073255489533afb558984b49b64268c47198af8623cc82a925ae9fb7118a?s=96&d=mm&r=g\",\"caption\":\"Geovanna Thomaz\"}}]}<\/script>\n<!-- \/ Yoast SEO Premium plugin. -->","yoast_head_json":{"title":"A declara\u00e7\u00e3o de Yuri Alberto direcionada a Carrillo e Memphis, do Corinthians","robots":{"index":"index","follow":"follow","max-snippet":"max-snippet:-1","max-image-preview":"max-image-preview:large","max-video-preview":"max-video-preview:-1"},"canonical":"https:\/\/www.gaveanews.com\/index.php\/2025\/04\/05\/a-declaracao-de-yuri-alberto-direcionada-a-carrillo-e-memphis-do-corinthians\/","og_locale":"pt_BR","og_type":"article","og_title":"A declara\u00e7\u00e3o de Yuri Alberto direcionada a Carrillo e Memphis, do Corinthians","og_description":"O Corinthians vai vencendo o Vasco por 2 a 0, na Neo Qu\u00edmica Arena em jogo v\u00e1lido pela segunda rodada do Campeonato Brasileiro, na noite deste s\u00e1bado (05), com gols de Yuri Alberto e Memphis Depay. Sem exercer press\u00e3o constante, o Corinthians ficou com a posse no meio de campo e adotou uma postura de [&hellip;]","og_url":"https:\/\/www.gaveanews.com\/index.php\/2025\/04\/05\/a-declaracao-de-yuri-alberto-direcionada-a-carrillo-e-memphis-do-corinthians\/","og_site_name":"G\u00e1vea News","article_publisher":"https:\/\/facebook.com\/gaveaNews\/","article_published_time":"2025-04-05T22:37:16+00:00","article_modified_time":"2025-04-05T22:55:24+00:00","og_image":[{"width":941,"height":604,"url":"http:\/\/www.gaveanews.com\/wp-content\/uploads\/Yuri-Alberto-em-acao-pelo-Corinthians.webp","type":"image\/jpeg"}],"author":"Geovanna Thomaz","twitter_card":"summary_large_image","twitter_misc":{"Escrito por":"Geovanna Thomaz","Est. tempo de leitura":"2 minutos"},"schema":{"@context":"https:\/\/schema.org","@graph":[{"@type":"NewsArticle","@id":"https:\/\/www.gaveanews.com\/index.php\/2025\/04\/05\/a-declaracao-de-yuri-alberto-direcionada-a-carrillo-e-memphis-do-corinthians\/#article","isPartOf":{"@id":"https:\/\/www.gaveanews.com\/index.php\/2025\/04\/05\/a-declaracao-de-yuri-alberto-direcionada-a-carrillo-e-memphis-do-corinthians\/"},"author":{"name":"Geovanna Thomaz","@id":"https:\/\/www.gaveanews.com\/#\/schema\/person\/f42654babcd2b2014a1a65af82b081f1"},"headline":"A declara\u00e7\u00e3o de Yuri Alberto direcionada a Carrillo e Memphis, do Corinthians","datePublished":"2025-04-05T22:37:16+00:00","dateModified":"2025-04-05T22:55:24+00:00","mainEntityOfPage":{"@id":"https:\/\/www.gaveanews.com\/index.php\/2025\/04\/05\/a-declaracao-de-yuri-alberto-direcionada-a-carrillo-e-memphis-do-corinthians\/"},"wordCount":329,"commentCount":0,"image":{"@id":"https:\/\/www.gaveanews.com\/index.php\/2025\/04\/05\/a-declaracao-de-yuri-alberto-direcionada-a-carrillo-e-memphis-do-corinthians\/#primaryimage"},"thumbnailUrl":"https:\/\/www.gaveanews.com\/wp-content\/uploads\/Yuri-Alberto-em-acao-pelo-Corinthians.webp","articleSection":["Corinthians"],"inLanguage":"pt-BR","potentialAction":[{"@type":"CommentAction","name":"Comment","target":["https:\/\/www.gaveanews.com\/index.php\/2025\/04\/05\/a-declaracao-de-yuri-alberto-direcionada-a-carrillo-e-memphis-do-corinthians\/#respond"]}],"copyrightYear":"2025","copyrightHolder":{"@id":"https:\/\/www.gaveanews.com\/#organization"}},{"@type":"WebPage","@id":"https:\/\/www.gaveanews.com\/index.php\/2025\/04\/05\/a-declaracao-de-yuri-alberto-direcionada-a-carrillo-e-memphis-do-corinthians\/","url":"https:\/\/www.gaveanews.com\/index.php\/2025\/04\/05\/a-declaracao-de-yuri-alberto-direcionada-a-carrillo-e-memphis-do-corinthians\/","name":"A declara\u00e7\u00e3o de Yuri Alberto direcionada a Carrillo e Memphis, do Corinthians","isPartOf":{"@id":"https:\/\/www.gaveanews.com\/#website"},"primaryImageOfPage":{"@id":"https:\/\/www.gaveanews.com\/index.php\/2025\/04\/05\/a-declaracao-de-yuri-alberto-direcionada-a-carrillo-e-memphis-do-corinthians\/#primaryimage"},"image":{"@id":"https:\/\/www.gaveanews.com\/index.php\/2025\/04\/05\/a-declaracao-de-yuri-alberto-direcionada-a-carrillo-e-memphis-do-corinthians\/#primaryimage"},"thumbnailUrl":"https:\/\/www.gaveanews.com\/wp-content\/uploads\/Yuri-Alberto-em-acao-pelo-Corinthians.webp","datePublished":"2025-04-05T22:37:16+00:00","dateModified":"2025-04-05T22:55:24+00:00","author":{"@id":"https:\/\/www.gaveanews.com\/#\/schema\/person\/f42654babcd2b2014a1a65af82b081f1"},"breadcrumb":{"@id":"https:\/\/www.gaveanews.com\/index.php\/2025\/04\/05\/a-declaracao-de-yuri-alberto-direcionada-a-carrillo-e-memphis-do-corinthians\/#breadcrumb"},"inLanguage":"pt-BR","potentialAction":[{"@type":"ReadAction","target":["https:\/\/www.gaveanews.com\/index.php\/2025\/04\/05\/a-declaracao-de-yuri-alberto-direcionada-a-carrillo-e-memphis-do-corinthians\/"]}]},{"@type":"ImageObject","inLanguage":"pt-BR","@id":"https:\/\/www.gaveanews.com\/index.php\/2025\/04\/05\/a-declaracao-de-yuri-alberto-direcionada-a-carrillo-e-memphis-do-corinthians\/#primaryimage","url":"https:\/\/www.gaveanews.com\/wp-content\/uploads\/Yuri-Alberto-em-acao-pelo-Corinthians.webp","contentUrl":"https:\/\/www.gaveanews.com\/wp-content\/uploads\/Yuri-Alberto-em-acao-pelo-Corinthians.webp","width":941,"height":604,"caption":"Yuri Alberto em a\u00e7\u00e3o pelo Corinthians (Foto: Rodrigo Coca\/Ag\u00eancia Corinthians)"},{"@type":"BreadcrumbList","@id":"https:\/\/www.gaveanews.com\/index.php\/2025\/04\/05\/a-declaracao-de-yuri-alberto-direcionada-a-carrillo-e-memphis-do-corinthians\/#breadcrumb","itemListElement":[{"@type":"ListItem","position":1,"name":"Home","item":"https:\/\/www.gaveanews.com\/"},{"@type":"ListItem","position":2,"name":"A declara\u00e7\u00e3o de Yuri Alberto direcionada a Carrillo e Memphis, do Corinthians"}]},{"@type":"WebSite","@id":"https:\/\/www.gaveanews.com\/#website","url":"https:\/\/www.gaveanews.com\/","name":"G\u00e1vea News","description":"Veja todas as not\u00edcias sobre o Flamengo: Contrata\u00e7\u00f5es, categorias de base, resultados das partidas, tabela de classifica\u00e7\u00e3o, pr\u00f3ximos jogos!","potentialAction":[{"@type":"SearchAction","target":{"@type":"EntryPoint","urlTemplate":"https:\/\/www.gaveanews.com\/?s={search_term_string}"},"query-input":{"@type":"PropertyValueSpecification","valueRequired":true,"valueName":"search_term_string"}}],"inLanguage":"pt-BR"},{"@type":"Person","@id":"https:\/\/www.gaveanews.com\/#\/schema\/person\/f42654babcd2b2014a1a65af82b081f1","name":"Geovanna Thomaz","image":{"@type":"ImageObject","inLanguage":"pt-BR","@id":"https:\/\/www.gaveanews.com\/#\/schema\/person\/image\/","url":"https:\/\/secure.gravatar.com\/avatar\/4092073255489533afb558984b49b64268c47198af8623cc82a925ae9fb7118a?s=96&d=mm&r=g","contentUrl":"https:\/\/secure.gravatar.com\/avatar\/4092073255489533afb558984b49b64268c47198af8623cc82a925ae9fb7118a?s=96&d=mm&r=g","caption":"Geovanna Thomaz"}}]}},"_links":{"self":[{"href":"https:\/\/www.gaveanews.com\/index.php\/wp-json\/wp\/v2\/posts\/249326","targetHints":{"allow":["GET"]}}],"collection":[{"href":"https:\/\/www.gaveanews.com\/index.php\/wp-json\/wp\/v2\/posts"}],"about":[{"href":"https:\/\/www.gaveanews.com\/index.php\/wp-json\/wp\/v2\/types\/post"}],"author":[{"embeddable":true,"href":"https:\/\/www.gaveanews.com\/index.php\/wp-json\/wp\/v2\/users\/17"}],"replies":[{"embeddable":true,"href":"https:\/\/www.gaveanews.com\/index.php\/wp-json\/wp\/v2\/comments?post=249326"}],"version-history":[{"count":2,"href":"https:\/\/www.gaveanews.com\/index.php\/wp-json\/wp\/v2\/posts\/249326\/revisions"}],"predecessor-version":[{"id":249338,"href":"https:\/\/www.gaveanews.com\/index.php\/wp-json\/wp\/v2\/posts\/249326\/revisions\/249338"}],"wp:featuredmedia":[{"embeddable":true,"href":"https:\/\/www.gaveanews.com\/index.php\/wp-json\/wp\/v2\/media\/171334"}],"wp:attachment":[{"href":"https:\/\/www.gaveanews.com\/index.php\/wp-json\/wp\/v2\/media?parent=249326"}],"wp:term":[{"taxonomy":"category","embeddable":true,"href":"https:\/\/www.gaveanews.com\/index.php\/wp-json\/wp\/v2\/categories?post=249326"},{"taxonomy":"post_tag","embeddable":true,"href":"https:\/\/www.gaveanews.com\/index.php\/wp-json\/wp\/v2\/tags?post=249326"}],"curies":[{"name":"wp","href":"https:\/\/api.w.org\/{rel}","templated":true}]}}