{"id":249328,"date":"2025-04-05T19:41:16","date_gmt":"2025-04-05T22:41:16","guid":{"rendered":"https:\/\/www.gaveanews.com\/?p=249328"},"modified":"2025-04-05T19:54:15","modified_gmt":"2025-04-05T22:54:15","slug":"a-declaracao-de-leo-jardim-sobre-o-gol-marcado-pelo-corinthians","status":"publish","type":"post","link":"https:\/\/www.gaveanews.com\/index.php\/2025\/04\/05\/a-declaracao-de-leo-jardim-sobre-o-gol-marcado-pelo-corinthians\/","title":{"rendered":"A declara\u00e7\u00e3o de L\u00e9o Jardim sobre o gol marcado pelo Corinthians"},"content":{"rendered":"\n<p>O Vasco foi para o intervalo perdendo por 2 a 0 para o Corinthians, na Neo Quimica Arena, na noite deste s\u00e1bado (05), em jogo v\u00e1lido pela segunda rodada do Campeonato Brasileiro, Yuri Alberto e Memphis Depay foram os autores dos gols corinthianos. <\/p>\n\n\n\n<p>O primeiro tempo entre Corinthians e Vasco, neste s\u00e1bado, na Neo Qu\u00edmica Arena, foi marcado por poucas emo\u00e7\u00f5es e muitos erros do time visitante. Sem pressionar o advers\u00e1rio, o Tim\u00e3o adotou uma postura mais conservadora, trocando passes no meio de campo e aguardando falhas do rival para construir o placar.<\/p>\n\n\n\n<p>A estrat\u00e9gia deu resultado. Em uma etapa inicial com poucas chances claras de gol, o Corinthians soube ser eficiente nas finaliza\u00e7\u00f5es e foi para o intervalo vencendo por 2 a 0. A equipe aproveitou bem os erros cometidos pelo Vasco, que entrou em campo com uma forma\u00e7\u00e3o alternativa devido ao desgaste f\u00edsico de parte do elenco.<\/p>\n\n\n\n<p>Comandado por F\u00e1bio Carille, o Vasco teve dificuldades para manter a posse e abusou dos equ\u00edvocos defensivos. A equipe cruz-maltina teve pouca organiza\u00e7\u00e3o t\u00e1tica e falhou na marca\u00e7\u00e3o, permitindo espa\u00e7os explorados pelo advers\u00e1rio.<\/p>\n\n\n\n<p>Sem conseguir se impor em campo e com problemas na sa\u00edda de bola, o time carioca viu o Corinthians ser cir\u00fargico nas poucas oportunidades que criou. A vantagem constru\u00edda pelo Alvinegro paulista refletiu mais os erros vasca\u00ednos do que uma atua\u00e7\u00e3o dominante dos donos da casa.<\/p>\n\n\n\n<h2 class=\"wp-block-heading\" id=\"h-fala-leo-jardim\">Fala, L\u00e9o Jardim <\/h2>\n\n\n\n<p>&#8220;N\u00e3o \u00e9 essa a quest\u00e3o, das trocas da equipe. Acho que estamos no jogo, conseguindo jogar, ter a bola, mas cometemos alguns erros na sa\u00edda de bola e na constru\u00e7\u00e3o que acabaram aproveitando e fazendo os gols. O segundo \u00e9 question\u00e1vel em rela\u00e7\u00e3o \u00e0 arbitragem, sei que existe uma falta de crit\u00e9rio nessas situa\u00e7\u00f5es. J\u00e1 sofremos com essa interpreta\u00e7\u00e3o. Sempre que tiver essa quest\u00e3o de interpreta\u00e7\u00e3o \u00e9 muito f\u00e1cil para os \u00e1rbitros se justificarem. Mas acho que a equipe teve a bola e vamos ver o que o professor F\u00e1bio tem para falar para a gente fazer no segundo tempo&#8221;<\/p>\n","protected":false},"excerpt":{"rendered":"<p>O Vasco foi para o intervalo perdendo por 2 a 0 para o Corinthians, na Neo Quimica Arena, na noite deste s\u00e1bado (05), em jogo v\u00e1lido pela segunda rodada do Campeonato Brasileiro, Yuri Alberto e Memphis Depay foram os autores dos gols corinthianos. O primeiro tempo entre Corinthians e Vasco, neste s\u00e1bado, na Neo Qu\u00edmica [&hellip;]<\/p>\n","protected":false},"author":17,"featured_media":169868,"comment_status":"open","ping_status":"closed","sticky":false,"template":"","format":"standard","meta":{"footnotes":""},"categories":[152],"tags":[],"class_list":["post-249328","post","type-post","status-publish","format-standard","has-post-thumbnail","hentry","category-vasco"],"yoast_head":"<!-- This site is optimized with the Yoast SEO Premium plugin v24.2 (Yoast SEO v26.9) - https:\/\/yoast.com\/product\/yoast-seo-premium-wordpress\/ -->\n<title>A declara\u00e7\u00e3o de L\u00e9o Jardim sobre o gol marcado pelo Corinthians<\/title>\n<meta name=\"robots\" content=\"index, follow, max-snippet:-1, max-image-preview:large, max-video-preview:-1\" \/>\n<link rel=\"canonical\" href=\"https:\/\/www.gaveanews.com\/index.php\/2025\/04\/05\/a-declaracao-de-leo-jardim-sobre-o-gol-marcado-pelo-corinthians\/\" \/>\n<meta property=\"og:locale\" content=\"pt_BR\" \/>\n<meta property=\"og:type\" content=\"article\" \/>\n<meta property=\"og:title\" content=\"A declara\u00e7\u00e3o de L\u00e9o Jardim sobre o gol marcado pelo Corinthians\" \/>\n<meta property=\"og:description\" content=\"O Vasco foi para o intervalo perdendo por 2 a 0 para o Corinthians, na Neo Quimica Arena, na noite deste s\u00e1bado (05), em jogo v\u00e1lido pela segunda rodada do Campeonato Brasileiro, Yuri Alberto e Memphis Depay foram os autores dos gols corinthianos. O primeiro tempo entre Corinthians e Vasco, neste s\u00e1bado, na Neo Qu\u00edmica [&hellip;]\" \/>\n<meta property=\"og:url\" content=\"https:\/\/www.gaveanews.com\/index.php\/2025\/04\/05\/a-declaracao-de-leo-jardim-sobre-o-gol-marcado-pelo-corinthians\/\" \/>\n<meta property=\"og:site_name\" content=\"G\u00e1vea News\" \/>\n<meta property=\"article:publisher\" content=\"https:\/\/facebook.com\/gaveaNews\/\" \/>\n<meta property=\"article:published_time\" content=\"2025-04-05T22:41:16+00:00\" \/>\n<meta property=\"article:modified_time\" content=\"2025-04-05T22:54:15+00:00\" \/>\n<meta property=\"og:image\" content=\"http:\/\/www.gaveanews.com\/wp-content\/uploads\/Leo-Jardim-em-acao-pelo-Vasco.webp\" \/>\n\t<meta property=\"og:image:width\" content=\"1600\" \/>\n\t<meta property=\"og:image:height\" content=\"1000\" \/>\n\t<meta property=\"og:image:type\" content=\"image\/jpeg\" \/>\n<meta name=\"author\" content=\"Geovanna Thomaz\" \/>\n<meta name=\"twitter:card\" content=\"summary_large_image\" \/>\n<meta name=\"twitter:label1\" content=\"Escrito por\" \/>\n\t<meta name=\"twitter:data1\" content=\"Geovanna Thomaz\" \/>\n\t<meta name=\"twitter:label2\" content=\"Est. tempo de leitura\" \/>\n\t<meta name=\"twitter:data2\" content=\"3 minutos\" \/>\n<script type=\"application\/ld+json\" class=\"yoast-schema-graph\">{\"@context\":\"https:\/\/schema.org\",\"@graph\":[{\"@type\":\"NewsArticle\",\"@id\":\"https:\/\/www.gaveanews.com\/index.php\/2025\/04\/05\/a-declaracao-de-leo-jardim-sobre-o-gol-marcado-pelo-corinthians\/#article\",\"isPartOf\":{\"@id\":\"https:\/\/www.gaveanews.com\/index.php\/2025\/04\/05\/a-declaracao-de-leo-jardim-sobre-o-gol-marcado-pelo-corinthians\/\"},\"author\":{\"name\":\"Geovanna Thomaz\",\"@id\":\"https:\/\/www.gaveanews.com\/#\/schema\/person\/f42654babcd2b2014a1a65af82b081f1\"},\"headline\":\"A declara\u00e7\u00e3o de L\u00e9o Jardim sobre o gol marcado pelo Corinthians\",\"datePublished\":\"2025-04-05T22:41:16+00:00\",\"dateModified\":\"2025-04-05T22:54:15+00:00\",\"mainEntityOfPage\":{\"@id\":\"https:\/\/www.gaveanews.com\/index.php\/2025\/04\/05\/a-declaracao-de-leo-jardim-sobre-o-gol-marcado-pelo-corinthians\/\"},\"wordCount\":372,\"commentCount\":0,\"image\":{\"@id\":\"https:\/\/www.gaveanews.com\/index.php\/2025\/04\/05\/a-declaracao-de-leo-jardim-sobre-o-gol-marcado-pelo-corinthians\/#primaryimage\"},\"thumbnailUrl\":\"https:\/\/www.gaveanews.com\/wp-content\/uploads\/Leo-Jardim-em-acao-pelo-Vasco.webp\",\"articleSection\":[\"Vasco\"],\"inLanguage\":\"pt-BR\",\"potentialAction\":[{\"@type\":\"CommentAction\",\"name\":\"Comment\",\"target\":[\"https:\/\/www.gaveanews.com\/index.php\/2025\/04\/05\/a-declaracao-de-leo-jardim-sobre-o-gol-marcado-pelo-corinthians\/#respond\"]}],\"copyrightYear\":\"2025\",\"copyrightHolder\":{\"@id\":\"https:\/\/www.gaveanews.com\/#organization\"}},{\"@type\":\"WebPage\",\"@id\":\"https:\/\/www.gaveanews.com\/index.php\/2025\/04\/05\/a-declaracao-de-leo-jardim-sobre-o-gol-marcado-pelo-corinthians\/\",\"url\":\"https:\/\/www.gaveanews.com\/index.php\/2025\/04\/05\/a-declaracao-de-leo-jardim-sobre-o-gol-marcado-pelo-corinthians\/\",\"name\":\"A declara\u00e7\u00e3o de L\u00e9o Jardim sobre o gol marcado pelo Corinthians\",\"isPartOf\":{\"@id\":\"https:\/\/www.gaveanews.com\/#website\"},\"primaryImageOfPage\":{\"@id\":\"https:\/\/www.gaveanews.com\/index.php\/2025\/04\/05\/a-declaracao-de-leo-jardim-sobre-o-gol-marcado-pelo-corinthians\/#primaryimage\"},\"image\":{\"@id\":\"https:\/\/www.gaveanews.com\/index.php\/2025\/04\/05\/a-declaracao-de-leo-jardim-sobre-o-gol-marcado-pelo-corinthians\/#primaryimage\"},\"thumbnailUrl\":\"https:\/\/www.gaveanews.com\/wp-content\/uploads\/Leo-Jardim-em-acao-pelo-Vasco.webp\",\"datePublished\":\"2025-04-05T22:41:16+00:00\",\"dateModified\":\"2025-04-05T22:54:15+00:00\",\"author\":{\"@id\":\"https:\/\/www.gaveanews.com\/#\/schema\/person\/f42654babcd2b2014a1a65af82b081f1\"},\"breadcrumb\":{\"@id\":\"https:\/\/www.gaveanews.com\/index.php\/2025\/04\/05\/a-declaracao-de-leo-jardim-sobre-o-gol-marcado-pelo-corinthians\/#breadcrumb\"},\"inLanguage\":\"pt-BR\",\"potentialAction\":[{\"@type\":\"ReadAction\",\"target\":[\"https:\/\/www.gaveanews.com\/index.php\/2025\/04\/05\/a-declaracao-de-leo-jardim-sobre-o-gol-marcado-pelo-corinthians\/\"]}]},{\"@type\":\"ImageObject\",\"inLanguage\":\"pt-BR\",\"@id\":\"https:\/\/www.gaveanews.com\/index.php\/2025\/04\/05\/a-declaracao-de-leo-jardim-sobre-o-gol-marcado-pelo-corinthians\/#primaryimage\",\"url\":\"https:\/\/www.gaveanews.com\/wp-content\/uploads\/Leo-Jardim-em-acao-pelo-Vasco.webp\",\"contentUrl\":\"https:\/\/www.gaveanews.com\/wp-content\/uploads\/Leo-Jardim-em-acao-pelo-Vasco.webp\",\"width\":1600,\"height\":1000,\"caption\":\"L\u00e9o Jardim em a\u00e7\u00e3o pelo Vasco (Foto: Leandro Amorim\/Vasco)\"},{\"@type\":\"BreadcrumbList\",\"@id\":\"https:\/\/www.gaveanews.com\/index.php\/2025\/04\/05\/a-declaracao-de-leo-jardim-sobre-o-gol-marcado-pelo-corinthians\/#breadcrumb\",\"itemListElement\":[{\"@type\":\"ListItem\",\"position\":1,\"name\":\"Home\",\"item\":\"https:\/\/www.gaveanews.com\/\"},{\"@type\":\"ListItem\",\"position\":2,\"name\":\"A declara\u00e7\u00e3o de L\u00e9o Jardim sobre o gol marcado pelo Corinthians\"}]},{\"@type\":\"WebSite\",\"@id\":\"https:\/\/www.gaveanews.com\/#website\",\"url\":\"https:\/\/www.gaveanews.com\/\",\"name\":\"G\u00e1vea News\",\"description\":\"Veja todas as not\u00edcias sobre o Flamengo: Contrata\u00e7\u00f5es, categorias de base, resultados das partidas, tabela de classifica\u00e7\u00e3o, pr\u00f3ximos jogos!\",\"potentialAction\":[{\"@type\":\"SearchAction\",\"target\":{\"@type\":\"EntryPoint\",\"urlTemplate\":\"https:\/\/www.gaveanews.com\/?s={search_term_string}\"},\"query-input\":{\"@type\":\"PropertyValueSpecification\",\"valueRequired\":true,\"valueName\":\"search_term_string\"}}],\"inLanguage\":\"pt-BR\"},{\"@type\":\"Person\",\"@id\":\"https:\/\/www.gaveanews.com\/#\/schema\/person\/f42654babcd2b2014a1a65af82b081f1\",\"name\":\"Geovanna Thomaz\",\"image\":{\"@type\":\"ImageObject\",\"inLanguage\":\"pt-BR\",\"@id\":\"https:\/\/www.gaveanews.com\/#\/schema\/person\/image\/\",\"url\":\"https:\/\/secure.gravatar.com\/avatar\/4092073255489533afb558984b49b64268c47198af8623cc82a925ae9fb7118a?s=96&d=mm&r=g\",\"contentUrl\":\"https:\/\/secure.gravatar.com\/avatar\/4092073255489533afb558984b49b64268c47198af8623cc82a925ae9fb7118a?s=96&d=mm&r=g\",\"caption\":\"Geovanna Thomaz\"}}]}<\/script>\n<!-- \/ Yoast SEO Premium plugin. -->","yoast_head_json":{"title":"A declara\u00e7\u00e3o de L\u00e9o Jardim sobre o gol marcado pelo Corinthians","robots":{"index":"index","follow":"follow","max-snippet":"max-snippet:-1","max-image-preview":"max-image-preview:large","max-video-preview":"max-video-preview:-1"},"canonical":"https:\/\/www.gaveanews.com\/index.php\/2025\/04\/05\/a-declaracao-de-leo-jardim-sobre-o-gol-marcado-pelo-corinthians\/","og_locale":"pt_BR","og_type":"article","og_title":"A declara\u00e7\u00e3o de L\u00e9o Jardim sobre o gol marcado pelo Corinthians","og_description":"O Vasco foi para o intervalo perdendo por 2 a 0 para o Corinthians, na Neo Quimica Arena, na noite deste s\u00e1bado (05), em jogo v\u00e1lido pela segunda rodada do Campeonato Brasileiro, Yuri Alberto e Memphis Depay foram os autores dos gols corinthianos. O primeiro tempo entre Corinthians e Vasco, neste s\u00e1bado, na Neo Qu\u00edmica [&hellip;]","og_url":"https:\/\/www.gaveanews.com\/index.php\/2025\/04\/05\/a-declaracao-de-leo-jardim-sobre-o-gol-marcado-pelo-corinthians\/","og_site_name":"G\u00e1vea News","article_publisher":"https:\/\/facebook.com\/gaveaNews\/","article_published_time":"2025-04-05T22:41:16+00:00","article_modified_time":"2025-04-05T22:54:15+00:00","og_image":[{"width":1600,"height":1000,"url":"http:\/\/www.gaveanews.com\/wp-content\/uploads\/Leo-Jardim-em-acao-pelo-Vasco.webp","type":"image\/jpeg"}],"author":"Geovanna Thomaz","twitter_card":"summary_large_image","twitter_misc":{"Escrito por":"Geovanna Thomaz","Est. tempo de leitura":"3 minutos"},"schema":{"@context":"https:\/\/schema.org","@graph":[{"@type":"NewsArticle","@id":"https:\/\/www.gaveanews.com\/index.php\/2025\/04\/05\/a-declaracao-de-leo-jardim-sobre-o-gol-marcado-pelo-corinthians\/#article","isPartOf":{"@id":"https:\/\/www.gaveanews.com\/index.php\/2025\/04\/05\/a-declaracao-de-leo-jardim-sobre-o-gol-marcado-pelo-corinthians\/"},"author":{"name":"Geovanna Thomaz","@id":"https:\/\/www.gaveanews.com\/#\/schema\/person\/f42654babcd2b2014a1a65af82b081f1"},"headline":"A declara\u00e7\u00e3o de L\u00e9o Jardim sobre o gol marcado pelo Corinthians","datePublished":"2025-04-05T22:41:16+00:00","dateModified":"2025-04-05T22:54:15+00:00","mainEntityOfPage":{"@id":"https:\/\/www.gaveanews.com\/index.php\/2025\/04\/05\/a-declaracao-de-leo-jardim-sobre-o-gol-marcado-pelo-corinthians\/"},"wordCount":372,"commentCount":0,"image":{"@id":"https:\/\/www.gaveanews.com\/index.php\/2025\/04\/05\/a-declaracao-de-leo-jardim-sobre-o-gol-marcado-pelo-corinthians\/#primaryimage"},"thumbnailUrl":"https:\/\/www.gaveanews.com\/wp-content\/uploads\/Leo-Jardim-em-acao-pelo-Vasco.webp","articleSection":["Vasco"],"inLanguage":"pt-BR","potentialAction":[{"@type":"CommentAction","name":"Comment","target":["https:\/\/www.gaveanews.com\/index.php\/2025\/04\/05\/a-declaracao-de-leo-jardim-sobre-o-gol-marcado-pelo-corinthians\/#respond"]}],"copyrightYear":"2025","copyrightHolder":{"@id":"https:\/\/www.gaveanews.com\/#organization"}},{"@type":"WebPage","@id":"https:\/\/www.gaveanews.com\/index.php\/2025\/04\/05\/a-declaracao-de-leo-jardim-sobre-o-gol-marcado-pelo-corinthians\/","url":"https:\/\/www.gaveanews.com\/index.php\/2025\/04\/05\/a-declaracao-de-leo-jardim-sobre-o-gol-marcado-pelo-corinthians\/","name":"A declara\u00e7\u00e3o de L\u00e9o Jardim sobre o gol marcado pelo Corinthians","isPartOf":{"@id":"https:\/\/www.gaveanews.com\/#website"},"primaryImageOfPage":{"@id":"https:\/\/www.gaveanews.com\/index.php\/2025\/04\/05\/a-declaracao-de-leo-jardim-sobre-o-gol-marcado-pelo-corinthians\/#primaryimage"},"image":{"@id":"https:\/\/www.gaveanews.com\/index.php\/2025\/04\/05\/a-declaracao-de-leo-jardim-sobre-o-gol-marcado-pelo-corinthians\/#primaryimage"},"thumbnailUrl":"https:\/\/www.gaveanews.com\/wp-content\/uploads\/Leo-Jardim-em-acao-pelo-Vasco.webp","datePublished":"2025-04-05T22:41:16+00:00","dateModified":"2025-04-05T22:54:15+00:00","author":{"@id":"https:\/\/www.gaveanews.com\/#\/schema\/person\/f42654babcd2b2014a1a65af82b081f1"},"breadcrumb":{"@id":"https:\/\/www.gaveanews.com\/index.php\/2025\/04\/05\/a-declaracao-de-leo-jardim-sobre-o-gol-marcado-pelo-corinthians\/#breadcrumb"},"inLanguage":"pt-BR","potentialAction":[{"@type":"ReadAction","target":["https:\/\/www.gaveanews.com\/index.php\/2025\/04\/05\/a-declaracao-de-leo-jardim-sobre-o-gol-marcado-pelo-corinthians\/"]}]},{"@type":"ImageObject","inLanguage":"pt-BR","@id":"https:\/\/www.gaveanews.com\/index.php\/2025\/04\/05\/a-declaracao-de-leo-jardim-sobre-o-gol-marcado-pelo-corinthians\/#primaryimage","url":"https:\/\/www.gaveanews.com\/wp-content\/uploads\/Leo-Jardim-em-acao-pelo-Vasco.webp","contentUrl":"https:\/\/www.gaveanews.com\/wp-content\/uploads\/Leo-Jardim-em-acao-pelo-Vasco.webp","width":1600,"height":1000,"caption":"L\u00e9o Jardim em a\u00e7\u00e3o pelo Vasco (Foto: Leandro Amorim\/Vasco)"},{"@type":"BreadcrumbList","@id":"https:\/\/www.gaveanews.com\/index.php\/2025\/04\/05\/a-declaracao-de-leo-jardim-sobre-o-gol-marcado-pelo-corinthians\/#breadcrumb","itemListElement":[{"@type":"ListItem","position":1,"name":"Home","item":"https:\/\/www.gaveanews.com\/"},{"@type":"ListItem","position":2,"name":"A declara\u00e7\u00e3o de L\u00e9o Jardim sobre o gol marcado pelo Corinthians"}]},{"@type":"WebSite","@id":"https:\/\/www.gaveanews.com\/#website","url":"https:\/\/www.gaveanews.com\/","name":"G\u00e1vea News","description":"Veja todas as not\u00edcias sobre o Flamengo: Contrata\u00e7\u00f5es, categorias de base, resultados das partidas, tabela de classifica\u00e7\u00e3o, pr\u00f3ximos jogos!","potentialAction":[{"@type":"SearchAction","target":{"@type":"EntryPoint","urlTemplate":"https:\/\/www.gaveanews.com\/?s={search_term_string}"},"query-input":{"@type":"PropertyValueSpecification","valueRequired":true,"valueName":"search_term_string"}}],"inLanguage":"pt-BR"},{"@type":"Person","@id":"https:\/\/www.gaveanews.com\/#\/schema\/person\/f42654babcd2b2014a1a65af82b081f1","name":"Geovanna Thomaz","image":{"@type":"ImageObject","inLanguage":"pt-BR","@id":"https:\/\/www.gaveanews.com\/#\/schema\/person\/image\/","url":"https:\/\/secure.gravatar.com\/avatar\/4092073255489533afb558984b49b64268c47198af8623cc82a925ae9fb7118a?s=96&d=mm&r=g","contentUrl":"https:\/\/secure.gravatar.com\/avatar\/4092073255489533afb558984b49b64268c47198af8623cc82a925ae9fb7118a?s=96&d=mm&r=g","caption":"Geovanna Thomaz"}}]}},"_links":{"self":[{"href":"https:\/\/www.gaveanews.com\/index.php\/wp-json\/wp\/v2\/posts\/249328","targetHints":{"allow":["GET"]}}],"collection":[{"href":"https:\/\/www.gaveanews.com\/index.php\/wp-json\/wp\/v2\/posts"}],"about":[{"href":"https:\/\/www.gaveanews.com\/index.php\/wp-json\/wp\/v2\/types\/post"}],"author":[{"embeddable":true,"href":"https:\/\/www.gaveanews.com\/index.php\/wp-json\/wp\/v2\/users\/17"}],"replies":[{"embeddable":true,"href":"https:\/\/www.gaveanews.com\/index.php\/wp-json\/wp\/v2\/comments?post=249328"}],"version-history":[{"count":2,"href":"https:\/\/www.gaveanews.com\/index.php\/wp-json\/wp\/v2\/posts\/249328\/revisions"}],"predecessor-version":[{"id":249337,"href":"https:\/\/www.gaveanews.com\/index.php\/wp-json\/wp\/v2\/posts\/249328\/revisions\/249337"}],"wp:featuredmedia":[{"embeddable":true,"href":"https:\/\/www.gaveanews.com\/index.php\/wp-json\/wp\/v2\/media\/169868"}],"wp:attachment":[{"href":"https:\/\/www.gaveanews.com\/index.php\/wp-json\/wp\/v2\/media?parent=249328"}],"wp:term":[{"taxonomy":"category","embeddable":true,"href":"https:\/\/www.gaveanews.com\/index.php\/wp-json\/wp\/v2\/categories?post=249328"},{"taxonomy":"post_tag","embeddable":true,"href":"https:\/\/www.gaveanews.com\/index.php\/wp-json\/wp\/v2\/tags?post=249328"}],"curies":[{"name":"wp","href":"https:\/\/api.w.org\/{rel}","templated":true}]}}