{"id":249372,"date":"2025-04-06T14:20:00","date_gmt":"2025-04-06T17:20:00","guid":{"rendered":"https:\/\/www.gaveanews.com\/?p=249372"},"modified":"2025-04-06T12:44:20","modified_gmt":"2025-04-06T15:44:20","slug":"a-declaracao-de-denilson-direcionada-a-richard-rios-do-palmeiras","status":"publish","type":"post","link":"https:\/\/www.gaveanews.com\/index.php\/2025\/04\/06\/a-declaracao-de-denilson-direcionada-a-richard-rios-do-palmeiras\/","title":{"rendered":"A declara\u00e7\u00e3o de Den\u00edlson direcionada a Richard R\u00edos, do Palmeiras"},"content":{"rendered":"\n<p>O Palmeiras iniciou sua trajet\u00f3ria na Copa Libertadores da Am\u00e9rica com um triunfo sobre o Sporting Cristal. Essa vit\u00f3ria ocorreu logo ap\u00f3s a equipe empatar em sua estreia na S\u00e9rie A do Campeonato Brasileiro, jogando em seus dom\u00ednios.<\/p>\n\n\n\n<p>Embora os resultados recentes n\u00e3o configurem uma crise, o desempenho do time em campo ainda n\u00e3o conquistou plenamente a aprova\u00e7\u00e3o de seus torcedores. Consequentemente, cr\u00edticas surgem da arquibancada, visando principalmente o trabalho do t\u00e9cnico Abel Ferreira.<\/p>\n\n\n\n<h2 class=\"wp-block-heading\" id=\"h-destaque-para-meio-campista-colombiano\">Destaque para meio-campista colombiano<\/h2>\n\n\n\n<p>Um dos atletas que apresentou performance vari\u00e1vel nesta temporada \u00e9 o meio-campista colombiano Richard R\u00edos. O jogador ainda busca consolidar sua posi\u00e7\u00e3o na equipe titular durante o ano corrente.<\/p>\n\n\n\n<p>No recente confronto pela Libertadores, R\u00edos iniciou a partida como suplente. Contudo, ele entrou no decorrer do jogo e, ademais, foi o autor do gol que garantiu a vit\u00f3ria para o Palmeiras nos momentos finais da disputa.<\/p>\n\n\n\n<p>O comentarista esportivo e ex-jogador Denilson Show teceu coment\u00e1rios sobre Richard R\u00edos. Durante sua an\u00e1lise, Denilson fez quest\u00e3o de enaltecer as qualidades do atleta colombiano.<\/p>\n\n\n\n<p>Denilson ressaltou n\u00e3o apenas a import\u00e2ncia do gol marcado por R\u00edos, mas tamb\u00e9m o alto n\u00edvel t\u00e9cnico que o jogador demonstra em campo. Assim, ele expressou sua admira\u00e7\u00e3o pelo futebol do meio-campista.<\/p>\n\n\n\n<p>\u201cNa moral, aqui joga, o tal do R\u00edos, irm\u00e3o. Aqui joga! Entrou no segundo tempo. Mas que jogo tamb\u00e9m hein. Ele joga muito!\u201c, afirmou o comentarista, evidenciando sua avalia\u00e7\u00e3o positiva.<\/p>\n\n\n\n<figure class=\"wp-block-image size-full is-resized\"><img loading=\"lazy\" decoding=\"async\" width=\"785\" height=\"475\" src=\"http:\/\/www.gaveanews.com\/wp-content\/uploads\/richard-rios-palmeiras-flamengo.webp\" alt=\"\" class=\"wp-image-99564\" style=\"width:838px;height:auto\" srcset=\"https:\/\/www.gaveanews.com\/wp-content\/uploads\/richard-rios-palmeiras-flamengo.webp 785w, https:\/\/www.gaveanews.com\/wp-content\/uploads\/richard-rios-palmeiras-flamengo-300x182.webp 300w, https:\/\/www.gaveanews.com\/wp-content\/uploads\/richard-rios-palmeiras-flamengo-768x465.webp 768w, https:\/\/www.gaveanews.com\/wp-content\/uploads\/richard-rios-palmeiras-flamengo-694x420.webp 694w, https:\/\/www.gaveanews.com\/wp-content\/uploads\/richard-rios-palmeiras-flamengo-640x387.webp 640w, https:\/\/www.gaveanews.com\/wp-content\/uploads\/richard-rios-palmeiras-flamengo-681x412.webp 681w, https:\/\/www.gaveanews.com\/wp-content\/uploads\/richard-rios-palmeiras-flamengo-100x61.webp 100w\" sizes=\"auto, (max-width: 785px) 100vw, 785px\" \/><figcaption class=\"wp-element-caption\">Richard R\u00edos em a\u00e7\u00e3o pelo Palmeiras (Foto: Cesar Greco\/Palmeiras)<\/figcaption><\/figure>\n\n\n\n<h2 class=\"wp-block-heading\" id=\"h-reacao-de-rios-em-entrevista\">Rea\u00e7\u00e3o de R\u00edos em entrevista<\/h2>\n\n\n\n<p>Posteriormente ao jogo, Richard R\u00edos concedeu entrevista e abordou a quest\u00e3o sobre sua presen\u00e7a no banco de reservas. O atleta colombiano mostrou certo inc\u00f4modo com a pergunta de um rep\u00f3rter sobre ter perdido a titularidade.<\/p>\n\n\n\n<p>R\u00edos respondeu enfaticamente, rejeitando a ideia de uma vaga perdida: \u201cAcho que j\u00e1 falei que n\u00e3o tinha titular, voc\u00ea falar que eu perdi a vaga \u00e9 feio. A gente vem trabalhando bastante, independentemente do resultado. Tivemos derrota no Paulist\u00e3o (para o Corinthians) e a estreia no Brasileir\u00e3o n\u00e3o foi como quer\u00edamos\u201c.<\/p>\n\n\n\n<p>O jogador concluiu sua fala enfatizando a coes\u00e3o do elenco e o respaldo ao treinador Abel Ferreira. \u201cA gente trabalha at\u00e9 o \u00faltimo minuto e come\u00e7amos com vit\u00f3ria. A gente est\u00e1 sempre unido, o Abel \u00e9 nosso treinador e estaremos com ele at\u00e9 o final. Enquanto ele estiver aqui vamos trabalhar com ele. Somos uma equipe unida\u201c, finalizou R\u00edos.<\/p>\n","protected":false},"excerpt":{"rendered":"<p>O Palmeiras iniciou sua trajet\u00f3ria na Copa Libertadores da Am\u00e9rica com um triunfo sobre o Sporting Cristal. Essa vit\u00f3ria ocorreu logo ap\u00f3s a equipe empatar em sua estreia na S\u00e9rie A do Campeonato Brasileiro, jogando em seus dom\u00ednios. Embora os resultados recentes n\u00e3o configurem uma crise, o desempenho do time em campo ainda n\u00e3o conquistou [&hellip;]<\/p>\n","protected":false},"author":28,"featured_media":142066,"comment_status":"open","ping_status":"closed","sticky":false,"template":"","format":"standard","meta":{"footnotes":""},"categories":[150],"tags":[],"class_list":["post-249372","post","type-post","status-publish","format-standard","has-post-thumbnail","hentry","category-palmeiras"],"yoast_head":"<!-- This site is optimized with the Yoast SEO Premium plugin v24.2 (Yoast SEO v26.9) - https:\/\/yoast.com\/product\/yoast-seo-premium-wordpress\/ -->\n<title>A declara\u00e7\u00e3o de Den\u00edlson direcionada a Richard R\u00edos, do Palmeiras<\/title>\n<meta name=\"robots\" content=\"index, follow, max-snippet:-1, max-image-preview:large, max-video-preview:-1\" \/>\n<link rel=\"canonical\" href=\"https:\/\/www.gaveanews.com\/index.php\/2025\/04\/06\/a-declaracao-de-denilson-direcionada-a-richard-rios-do-palmeiras\/\" \/>\n<meta property=\"og:locale\" content=\"pt_BR\" \/>\n<meta property=\"og:type\" content=\"article\" \/>\n<meta property=\"og:title\" content=\"A declara\u00e7\u00e3o de Den\u00edlson direcionada a Richard R\u00edos, do Palmeiras\" \/>\n<meta property=\"og:description\" content=\"O Palmeiras iniciou sua trajet\u00f3ria na Copa Libertadores da Am\u00e9rica com um triunfo sobre o Sporting Cristal. Essa vit\u00f3ria ocorreu logo ap\u00f3s a equipe empatar em sua estreia na S\u00e9rie A do Campeonato Brasileiro, jogando em seus dom\u00ednios. Embora os resultados recentes n\u00e3o configurem uma crise, o desempenho do time em campo ainda n\u00e3o conquistou [&hellip;]\" \/>\n<meta property=\"og:url\" content=\"https:\/\/www.gaveanews.com\/index.php\/2025\/04\/06\/a-declaracao-de-denilson-direcionada-a-richard-rios-do-palmeiras\/\" \/>\n<meta property=\"og:site_name\" content=\"G\u00e1vea News\" \/>\n<meta property=\"article:publisher\" content=\"https:\/\/facebook.com\/gaveaNews\/\" \/>\n<meta property=\"article:published_time\" content=\"2025-04-06T17:20:00+00:00\" \/>\n<meta property=\"og:image\" content=\"https:\/\/www.gaveanews.com\/wp-content\/uploads\/denilson-ex-jogador.webp\" \/>\n\t<meta property=\"og:image:width\" content=\"729\" \/>\n\t<meta property=\"og:image:height\" content=\"400\" \/>\n\t<meta property=\"og:image:type\" content=\"image\/jpeg\" \/>\n<meta name=\"author\" content=\"Hudson Pereira\" \/>\n<meta name=\"twitter:card\" content=\"summary_large_image\" \/>\n<meta name=\"twitter:label1\" content=\"Escrito por\" \/>\n\t<meta name=\"twitter:data1\" content=\"Hudson Pereira\" \/>\n\t<meta name=\"twitter:label2\" content=\"Est. tempo de leitura\" \/>\n\t<meta name=\"twitter:data2\" content=\"3 minutos\" \/>\n<script type=\"application\/ld+json\" class=\"yoast-schema-graph\">{\"@context\":\"https:\/\/schema.org\",\"@graph\":[{\"@type\":\"NewsArticle\",\"@id\":\"https:\/\/www.gaveanews.com\/index.php\/2025\/04\/06\/a-declaracao-de-denilson-direcionada-a-richard-rios-do-palmeiras\/#article\",\"isPartOf\":{\"@id\":\"https:\/\/www.gaveanews.com\/index.php\/2025\/04\/06\/a-declaracao-de-denilson-direcionada-a-richard-rios-do-palmeiras\/\"},\"author\":{\"name\":\"Hudson Pereira\",\"@id\":\"https:\/\/www.gaveanews.com\/#\/schema\/person\/bd08f00534b403119b92741a6d469ef0\"},\"headline\":\"A declara\u00e7\u00e3o de Den\u00edlson direcionada a Richard R\u00edos, do Palmeiras\",\"datePublished\":\"2025-04-06T17:20:00+00:00\",\"mainEntityOfPage\":{\"@id\":\"https:\/\/www.gaveanews.com\/index.php\/2025\/04\/06\/a-declaracao-de-denilson-direcionada-a-richard-rios-do-palmeiras\/\"},\"wordCount\":451,\"commentCount\":0,\"image\":{\"@id\":\"https:\/\/www.gaveanews.com\/index.php\/2025\/04\/06\/a-declaracao-de-denilson-direcionada-a-richard-rios-do-palmeiras\/#primaryimage\"},\"thumbnailUrl\":\"https:\/\/www.gaveanews.com\/wp-content\/uploads\/denilson-ex-jogador.webp\",\"articleSection\":[\"Palmeiras\"],\"inLanguage\":\"pt-BR\",\"potentialAction\":[{\"@type\":\"CommentAction\",\"name\":\"Comment\",\"target\":[\"https:\/\/www.gaveanews.com\/index.php\/2025\/04\/06\/a-declaracao-de-denilson-direcionada-a-richard-rios-do-palmeiras\/#respond\"]}],\"copyrightYear\":\"2025\",\"copyrightHolder\":{\"@id\":\"https:\/\/www.gaveanews.com\/#organization\"}},{\"@type\":\"WebPage\",\"@id\":\"https:\/\/www.gaveanews.com\/index.php\/2025\/04\/06\/a-declaracao-de-denilson-direcionada-a-richard-rios-do-palmeiras\/\",\"url\":\"https:\/\/www.gaveanews.com\/index.php\/2025\/04\/06\/a-declaracao-de-denilson-direcionada-a-richard-rios-do-palmeiras\/\",\"name\":\"A declara\u00e7\u00e3o de Den\u00edlson direcionada a Richard R\u00edos, do Palmeiras\",\"isPartOf\":{\"@id\":\"https:\/\/www.gaveanews.com\/#website\"},\"primaryImageOfPage\":{\"@id\":\"https:\/\/www.gaveanews.com\/index.php\/2025\/04\/06\/a-declaracao-de-denilson-direcionada-a-richard-rios-do-palmeiras\/#primaryimage\"},\"image\":{\"@id\":\"https:\/\/www.gaveanews.com\/index.php\/2025\/04\/06\/a-declaracao-de-denilson-direcionada-a-richard-rios-do-palmeiras\/#primaryimage\"},\"thumbnailUrl\":\"https:\/\/www.gaveanews.com\/wp-content\/uploads\/denilson-ex-jogador.webp\",\"datePublished\":\"2025-04-06T17:20:00+00:00\",\"author\":{\"@id\":\"https:\/\/www.gaveanews.com\/#\/schema\/person\/bd08f00534b403119b92741a6d469ef0\"},\"breadcrumb\":{\"@id\":\"https:\/\/www.gaveanews.com\/index.php\/2025\/04\/06\/a-declaracao-de-denilson-direcionada-a-richard-rios-do-palmeiras\/#breadcrumb\"},\"inLanguage\":\"pt-BR\",\"potentialAction\":[{\"@type\":\"ReadAction\",\"target\":[\"https:\/\/www.gaveanews.com\/index.php\/2025\/04\/06\/a-declaracao-de-denilson-direcionada-a-richard-rios-do-palmeiras\/\"]}]},{\"@type\":\"ImageObject\",\"inLanguage\":\"pt-BR\",\"@id\":\"https:\/\/www.gaveanews.com\/index.php\/2025\/04\/06\/a-declaracao-de-denilson-direcionada-a-richard-rios-do-palmeiras\/#primaryimage\",\"url\":\"https:\/\/www.gaveanews.com\/wp-content\/uploads\/denilson-ex-jogador.webp\",\"contentUrl\":\"https:\/\/www.gaveanews.com\/wp-content\/uploads\/denilson-ex-jogador.webp\",\"width\":729,\"height\":400,\"caption\":\"Den\u00edlson em participa\u00e7\u00e3o no programa Jogo Aberto (Foto: Reprodu\u00e7\u00e3o\/Band)\"},{\"@type\":\"BreadcrumbList\",\"@id\":\"https:\/\/www.gaveanews.com\/index.php\/2025\/04\/06\/a-declaracao-de-denilson-direcionada-a-richard-rios-do-palmeiras\/#breadcrumb\",\"itemListElement\":[{\"@type\":\"ListItem\",\"position\":1,\"name\":\"Home\",\"item\":\"https:\/\/www.gaveanews.com\/\"},{\"@type\":\"ListItem\",\"position\":2,\"name\":\"A declara\u00e7\u00e3o de Den\u00edlson direcionada a Richard R\u00edos, do Palmeiras\"}]},{\"@type\":\"WebSite\",\"@id\":\"https:\/\/www.gaveanews.com\/#website\",\"url\":\"https:\/\/www.gaveanews.com\/\",\"name\":\"G\u00e1vea News\",\"description\":\"Veja todas as not\u00edcias sobre o Flamengo: Contrata\u00e7\u00f5es, categorias de base, resultados das partidas, tabela de classifica\u00e7\u00e3o, pr\u00f3ximos jogos!\",\"potentialAction\":[{\"@type\":\"SearchAction\",\"target\":{\"@type\":\"EntryPoint\",\"urlTemplate\":\"https:\/\/www.gaveanews.com\/?s={search_term_string}\"},\"query-input\":{\"@type\":\"PropertyValueSpecification\",\"valueRequired\":true,\"valueName\":\"search_term_string\"}}],\"inLanguage\":\"pt-BR\"},{\"@type\":\"Person\",\"@id\":\"https:\/\/www.gaveanews.com\/#\/schema\/person\/bd08f00534b403119b92741a6d469ef0\",\"name\":\"Hudson Pereira\",\"image\":{\"@type\":\"ImageObject\",\"inLanguage\":\"pt-BR\",\"@id\":\"https:\/\/www.gaveanews.com\/#\/schema\/person\/image\/\",\"url\":\"https:\/\/secure.gravatar.com\/avatar\/ecc491b489e454e510efffc9b23c1052ce5fb4f2e05555768ba65819cd55f03e?s=96&d=mm&r=g\",\"contentUrl\":\"https:\/\/secure.gravatar.com\/avatar\/ecc491b489e454e510efffc9b23c1052ce5fb4f2e05555768ba65819cd55f03e?s=96&d=mm&r=g\",\"caption\":\"Hudson Pereira\"}}]}<\/script>\n<!-- \/ Yoast SEO Premium plugin. -->","yoast_head_json":{"title":"A declara\u00e7\u00e3o de Den\u00edlson direcionada a Richard R\u00edos, do Palmeiras","robots":{"index":"index","follow":"follow","max-snippet":"max-snippet:-1","max-image-preview":"max-image-preview:large","max-video-preview":"max-video-preview:-1"},"canonical":"https:\/\/www.gaveanews.com\/index.php\/2025\/04\/06\/a-declaracao-de-denilson-direcionada-a-richard-rios-do-palmeiras\/","og_locale":"pt_BR","og_type":"article","og_title":"A declara\u00e7\u00e3o de Den\u00edlson direcionada a Richard R\u00edos, do Palmeiras","og_description":"O Palmeiras iniciou sua trajet\u00f3ria na Copa Libertadores da Am\u00e9rica com um triunfo sobre o Sporting Cristal. Essa vit\u00f3ria ocorreu logo ap\u00f3s a equipe empatar em sua estreia na S\u00e9rie A do Campeonato Brasileiro, jogando em seus dom\u00ednios. Embora os resultados recentes n\u00e3o configurem uma crise, o desempenho do time em campo ainda n\u00e3o conquistou [&hellip;]","og_url":"https:\/\/www.gaveanews.com\/index.php\/2025\/04\/06\/a-declaracao-de-denilson-direcionada-a-richard-rios-do-palmeiras\/","og_site_name":"G\u00e1vea News","article_publisher":"https:\/\/facebook.com\/gaveaNews\/","article_published_time":"2025-04-06T17:20:00+00:00","og_image":[{"width":729,"height":400,"url":"https:\/\/www.gaveanews.com\/wp-content\/uploads\/denilson-ex-jogador.webp","type":"image\/jpeg"}],"author":"Hudson Pereira","twitter_card":"summary_large_image","twitter_misc":{"Escrito por":"Hudson Pereira","Est. tempo de leitura":"3 minutos"},"schema":{"@context":"https:\/\/schema.org","@graph":[{"@type":"NewsArticle","@id":"https:\/\/www.gaveanews.com\/index.php\/2025\/04\/06\/a-declaracao-de-denilson-direcionada-a-richard-rios-do-palmeiras\/#article","isPartOf":{"@id":"https:\/\/www.gaveanews.com\/index.php\/2025\/04\/06\/a-declaracao-de-denilson-direcionada-a-richard-rios-do-palmeiras\/"},"author":{"name":"Hudson Pereira","@id":"https:\/\/www.gaveanews.com\/#\/schema\/person\/bd08f00534b403119b92741a6d469ef0"},"headline":"A declara\u00e7\u00e3o de Den\u00edlson direcionada a Richard R\u00edos, do Palmeiras","datePublished":"2025-04-06T17:20:00+00:00","mainEntityOfPage":{"@id":"https:\/\/www.gaveanews.com\/index.php\/2025\/04\/06\/a-declaracao-de-denilson-direcionada-a-richard-rios-do-palmeiras\/"},"wordCount":451,"commentCount":0,"image":{"@id":"https:\/\/www.gaveanews.com\/index.php\/2025\/04\/06\/a-declaracao-de-denilson-direcionada-a-richard-rios-do-palmeiras\/#primaryimage"},"thumbnailUrl":"https:\/\/www.gaveanews.com\/wp-content\/uploads\/denilson-ex-jogador.webp","articleSection":["Palmeiras"],"inLanguage":"pt-BR","potentialAction":[{"@type":"CommentAction","name":"Comment","target":["https:\/\/www.gaveanews.com\/index.php\/2025\/04\/06\/a-declaracao-de-denilson-direcionada-a-richard-rios-do-palmeiras\/#respond"]}],"copyrightYear":"2025","copyrightHolder":{"@id":"https:\/\/www.gaveanews.com\/#organization"}},{"@type":"WebPage","@id":"https:\/\/www.gaveanews.com\/index.php\/2025\/04\/06\/a-declaracao-de-denilson-direcionada-a-richard-rios-do-palmeiras\/","url":"https:\/\/www.gaveanews.com\/index.php\/2025\/04\/06\/a-declaracao-de-denilson-direcionada-a-richard-rios-do-palmeiras\/","name":"A declara\u00e7\u00e3o de Den\u00edlson direcionada a Richard R\u00edos, do Palmeiras","isPartOf":{"@id":"https:\/\/www.gaveanews.com\/#website"},"primaryImageOfPage":{"@id":"https:\/\/www.gaveanews.com\/index.php\/2025\/04\/06\/a-declaracao-de-denilson-direcionada-a-richard-rios-do-palmeiras\/#primaryimage"},"image":{"@id":"https:\/\/www.gaveanews.com\/index.php\/2025\/04\/06\/a-declaracao-de-denilson-direcionada-a-richard-rios-do-palmeiras\/#primaryimage"},"thumbnailUrl":"https:\/\/www.gaveanews.com\/wp-content\/uploads\/denilson-ex-jogador.webp","datePublished":"2025-04-06T17:20:00+00:00","author":{"@id":"https:\/\/www.gaveanews.com\/#\/schema\/person\/bd08f00534b403119b92741a6d469ef0"},"breadcrumb":{"@id":"https:\/\/www.gaveanews.com\/index.php\/2025\/04\/06\/a-declaracao-de-denilson-direcionada-a-richard-rios-do-palmeiras\/#breadcrumb"},"inLanguage":"pt-BR","potentialAction":[{"@type":"ReadAction","target":["https:\/\/www.gaveanews.com\/index.php\/2025\/04\/06\/a-declaracao-de-denilson-direcionada-a-richard-rios-do-palmeiras\/"]}]},{"@type":"ImageObject","inLanguage":"pt-BR","@id":"https:\/\/www.gaveanews.com\/index.php\/2025\/04\/06\/a-declaracao-de-denilson-direcionada-a-richard-rios-do-palmeiras\/#primaryimage","url":"https:\/\/www.gaveanews.com\/wp-content\/uploads\/denilson-ex-jogador.webp","contentUrl":"https:\/\/www.gaveanews.com\/wp-content\/uploads\/denilson-ex-jogador.webp","width":729,"height":400,"caption":"Den\u00edlson em participa\u00e7\u00e3o no programa Jogo Aberto (Foto: Reprodu\u00e7\u00e3o\/Band)"},{"@type":"BreadcrumbList","@id":"https:\/\/www.gaveanews.com\/index.php\/2025\/04\/06\/a-declaracao-de-denilson-direcionada-a-richard-rios-do-palmeiras\/#breadcrumb","itemListElement":[{"@type":"ListItem","position":1,"name":"Home","item":"https:\/\/www.gaveanews.com\/"},{"@type":"ListItem","position":2,"name":"A declara\u00e7\u00e3o de Den\u00edlson direcionada a Richard R\u00edos, do Palmeiras"}]},{"@type":"WebSite","@id":"https:\/\/www.gaveanews.com\/#website","url":"https:\/\/www.gaveanews.com\/","name":"G\u00e1vea News","description":"Veja todas as not\u00edcias sobre o Flamengo: Contrata\u00e7\u00f5es, categorias de base, resultados das partidas, tabela de classifica\u00e7\u00e3o, pr\u00f3ximos jogos!","potentialAction":[{"@type":"SearchAction","target":{"@type":"EntryPoint","urlTemplate":"https:\/\/www.gaveanews.com\/?s={search_term_string}"},"query-input":{"@type":"PropertyValueSpecification","valueRequired":true,"valueName":"search_term_string"}}],"inLanguage":"pt-BR"},{"@type":"Person","@id":"https:\/\/www.gaveanews.com\/#\/schema\/person\/bd08f00534b403119b92741a6d469ef0","name":"Hudson Pereira","image":{"@type":"ImageObject","inLanguage":"pt-BR","@id":"https:\/\/www.gaveanews.com\/#\/schema\/person\/image\/","url":"https:\/\/secure.gravatar.com\/avatar\/ecc491b489e454e510efffc9b23c1052ce5fb4f2e05555768ba65819cd55f03e?s=96&d=mm&r=g","contentUrl":"https:\/\/secure.gravatar.com\/avatar\/ecc491b489e454e510efffc9b23c1052ce5fb4f2e05555768ba65819cd55f03e?s=96&d=mm&r=g","caption":"Hudson Pereira"}}]}},"_links":{"self":[{"href":"https:\/\/www.gaveanews.com\/index.php\/wp-json\/wp\/v2\/posts\/249372","targetHints":{"allow":["GET"]}}],"collection":[{"href":"https:\/\/www.gaveanews.com\/index.php\/wp-json\/wp\/v2\/posts"}],"about":[{"href":"https:\/\/www.gaveanews.com\/index.php\/wp-json\/wp\/v2\/types\/post"}],"author":[{"embeddable":true,"href":"https:\/\/www.gaveanews.com\/index.php\/wp-json\/wp\/v2\/users\/28"}],"replies":[{"embeddable":true,"href":"https:\/\/www.gaveanews.com\/index.php\/wp-json\/wp\/v2\/comments?post=249372"}],"version-history":[{"count":2,"href":"https:\/\/www.gaveanews.com\/index.php\/wp-json\/wp\/v2\/posts\/249372\/revisions"}],"predecessor-version":[{"id":249377,"href":"https:\/\/www.gaveanews.com\/index.php\/wp-json\/wp\/v2\/posts\/249372\/revisions\/249377"}],"wp:featuredmedia":[{"embeddable":true,"href":"https:\/\/www.gaveanews.com\/index.php\/wp-json\/wp\/v2\/media\/142066"}],"wp:attachment":[{"href":"https:\/\/www.gaveanews.com\/index.php\/wp-json\/wp\/v2\/media?parent=249372"}],"wp:term":[{"taxonomy":"category","embeddable":true,"href":"https:\/\/www.gaveanews.com\/index.php\/wp-json\/wp\/v2\/categories?post=249372"},{"taxonomy":"post_tag","embeddable":true,"href":"https:\/\/www.gaveanews.com\/index.php\/wp-json\/wp\/v2\/tags?post=249372"}],"curies":[{"name":"wp","href":"https:\/\/api.w.org\/{rel}","templated":true}]}}