{"id":249386,"date":"2025-04-05T23:16:44","date_gmt":"2025-04-06T02:16:44","guid":{"rendered":"https:\/\/www.gaveanews.com\/?p=249386"},"modified":"2025-04-05T23:18:18","modified_gmt":"2025-04-06T02:18:18","slug":"a-declaracao-de-memphis-apos-o-jogo-entre-corinthians-x-vasco","status":"publish","type":"post","link":"https:\/\/www.gaveanews.com\/index.php\/2025\/04\/05\/a-declaracao-de-memphis-apos-o-jogo-entre-corinthians-x-vasco\/","title":{"rendered":"A declara\u00e7\u00e3o de Memphis ap\u00f3s o jogo entre Corinthians x Vasco"},"content":{"rendered":"\n<p>Principal nome da vit\u00f3ria do Corinthians por 3 a 0 diante do Vasco, neste s\u00e1bado, na Neo Qu\u00edmica Arena, o atacante Memphis Depay foi direto nas cr\u00edticas ao VAR e \u00e0 nova recomenda\u00e7\u00e3o da CBF que prev\u00ea cart\u00e3o amarelo para jogadores que subirem na bola com os p\u00e9s. O holand\u00eas, que participou dos dois primeiros gols da equipe e viu outros dois lances anulados, se posicionou ap\u00f3s a partida.<\/p>\n\n\n\n<p>\u201cEu n\u00e3o sei o que o VAR fez hoje, no primeiro tempo poderiam ter checado o lance no meu tornozelo, era falta para cart\u00e3o vermelho, mas em vez disso eles preferem fazer regras como a de n\u00e3o subir na bola. Do que estamos falando? De futebol, n\u00e3o?\u201d, afirmou Memphis. \u201cEu acho que se continuar assim, quem manda no futebol no Brasil vai fazer a coisa errada\u201d, completou.<\/p>\n\n\n\n<p>A reclama\u00e7\u00e3o do camisa 10 se refere a uma entrada de Lucas Piton, lateral do Vasco, ainda na primeira etapa, que atingiu o tornozelo de Memphis. O lance passou sem revis\u00e3o no VAR, e o jogador do Corinthians n\u00e3o escondeu a insatisfa\u00e7\u00e3o com a condu\u00e7\u00e3o da arbitragem.<\/p>\n\n\n\n<p>Na entrevista, Memphis tamb\u00e9m ironizou a nova diretriz da CBF, enviada aos clubes e federa\u00e7\u00f5es na sexta-feira. No of\u00edcio, a entidade orienta que atletas que subirem na bola sejam advertidos com cart\u00e3o amarelo, sob justificativa de &#8220;mostrar falta de respeito pelo futebol&#8221;.<\/p>\n\n\n\n<p>O gesto foi justamente o que Memphis realizou na final do Campeonato Paulista, contra o Palmeiras, no Allianz Parque, quando subiu na bola com os dois p\u00e9s, arrancando aplausos da torcida e cr\u00edticas dos advers\u00e1rios. A jogada, vista como provoca\u00e7\u00e3o, n\u00e3o rendeu advert\u00eancia \u00e0 \u00e9poca, mas foi mencionada como gatilho para a nova norma.<\/p>\n\n\n\n<p>\u201cQuero ser claro sobre isso: o Brasil \u00e9 o pa\u00eds do futebol, e futebol voc\u00ea n\u00e3o se joga s\u00f3 com os p\u00e9s, mas tamb\u00e9m com sua mente. Eles t\u00eam que fazer um trabalho melhor\u201d, declarou Memphis.<\/p>\n\n\n\n<p>O movimento j\u00e1 havia ocorrido anteriormente no futebol brasileiro. Em 2023, o venezuelano Soteldo, ent\u00e3o no Santos, realizou a mesma jogada durante uma vit\u00f3ria sobre o Vasco, na Vila Belmiro. Na ocasi\u00e3o, o meia foi advertido com cart\u00e3o amarelo por gerar confus\u00e3o entre os jogadores.<\/p>\n\n\n\n<p>Neste s\u00e1bado, o Corinthians venceu com gols de Yuri Alberto, Memphis Depay e um contra de Jo\u00e3o Victor. A equipe chegou aos quatro pontos no Campeonato Brasileiro. Na ter\u00e7a-feira, o Tim\u00e3o volta a campo pela Sul-Americana, contra o Am\u00e9rica de Cali, na Col\u00f4mbia.<\/p>\n","protected":false},"excerpt":{"rendered":"<p>Principal nome da vit\u00f3ria do Corinthians por 3 a 0 diante do Vasco, neste s\u00e1bado, na Neo Qu\u00edmica Arena, o atacante Memphis Depay foi direto nas cr\u00edticas ao VAR e \u00e0 nova recomenda\u00e7\u00e3o da CBF que prev\u00ea cart\u00e3o amarelo para jogadores que subirem na bola com os p\u00e9s. O holand\u00eas, que participou dos dois primeiros [&hellip;]<\/p>\n","protected":false},"author":17,"featured_media":199280,"comment_status":"open","ping_status":"closed","sticky":false,"template":"","format":"standard","meta":{"footnotes":""},"categories":[141,152],"tags":[],"class_list":["post-249386","post","type-post","status-publish","format-standard","has-post-thumbnail","hentry","category-corinthians","category-vasco"],"yoast_head":"<!-- This site is optimized with the Yoast SEO Premium plugin v24.2 (Yoast SEO v26.9) - https:\/\/yoast.com\/product\/yoast-seo-premium-wordpress\/ -->\n<title>A declara\u00e7\u00e3o de Memphis ap\u00f3s o jogo entre Corinthians x Vasco<\/title>\n<meta name=\"robots\" content=\"index, follow, max-snippet:-1, max-image-preview:large, max-video-preview:-1\" \/>\n<link rel=\"canonical\" href=\"https:\/\/www.gaveanews.com\/index.php\/2025\/04\/05\/a-declaracao-de-memphis-apos-o-jogo-entre-corinthians-x-vasco\/\" \/>\n<meta property=\"og:locale\" content=\"pt_BR\" \/>\n<meta property=\"og:type\" content=\"article\" \/>\n<meta property=\"og:title\" content=\"A declara\u00e7\u00e3o de Memphis ap\u00f3s o jogo entre Corinthians x Vasco\" \/>\n<meta property=\"og:description\" content=\"Principal nome da vit\u00f3ria do Corinthians por 3 a 0 diante do Vasco, neste s\u00e1bado, na Neo Qu\u00edmica Arena, o atacante Memphis Depay foi direto nas cr\u00edticas ao VAR e \u00e0 nova recomenda\u00e7\u00e3o da CBF que prev\u00ea cart\u00e3o amarelo para jogadores que subirem na bola com os p\u00e9s. O holand\u00eas, que participou dos dois primeiros [&hellip;]\" \/>\n<meta property=\"og:url\" content=\"https:\/\/www.gaveanews.com\/index.php\/2025\/04\/05\/a-declaracao-de-memphis-apos-o-jogo-entre-corinthians-x-vasco\/\" \/>\n<meta property=\"og:site_name\" content=\"G\u00e1vea News\" \/>\n<meta property=\"article:publisher\" content=\"https:\/\/facebook.com\/gaveaNews\/\" \/>\n<meta property=\"article:published_time\" content=\"2025-04-06T02:16:44+00:00\" \/>\n<meta property=\"article:modified_time\" content=\"2025-04-06T02:18:18+00:00\" \/>\n<meta property=\"og:image\" content=\"http:\/\/www.gaveanews.com\/wp-content\/uploads\/Memphis-Depay-pelo-Corinthians.webp\" \/>\n\t<meta property=\"og:image:width\" content=\"1170\" \/>\n\t<meta property=\"og:image:height\" content=\"1312\" \/>\n\t<meta property=\"og:image:type\" content=\"image\/jpeg\" \/>\n<meta name=\"author\" content=\"Geovanna Thomaz\" \/>\n<meta name=\"twitter:card\" content=\"summary_large_image\" \/>\n<meta name=\"twitter:label1\" content=\"Escrito por\" \/>\n\t<meta name=\"twitter:data1\" content=\"Geovanna Thomaz\" \/>\n\t<meta name=\"twitter:label2\" content=\"Est. tempo de leitura\" \/>\n\t<meta name=\"twitter:data2\" content=\"3 minutos\" \/>\n<script type=\"application\/ld+json\" class=\"yoast-schema-graph\">{\"@context\":\"https:\/\/schema.org\",\"@graph\":[{\"@type\":\"NewsArticle\",\"@id\":\"https:\/\/www.gaveanews.com\/index.php\/2025\/04\/05\/a-declaracao-de-memphis-apos-o-jogo-entre-corinthians-x-vasco\/#article\",\"isPartOf\":{\"@id\":\"https:\/\/www.gaveanews.com\/index.php\/2025\/04\/05\/a-declaracao-de-memphis-apos-o-jogo-entre-corinthians-x-vasco\/\"},\"author\":{\"name\":\"Geovanna Thomaz\",\"@id\":\"https:\/\/www.gaveanews.com\/#\/schema\/person\/f42654babcd2b2014a1a65af82b081f1\"},\"headline\":\"A declara\u00e7\u00e3o de Memphis ap\u00f3s o jogo entre Corinthians x Vasco\",\"datePublished\":\"2025-04-06T02:16:44+00:00\",\"dateModified\":\"2025-04-06T02:18:18+00:00\",\"mainEntityOfPage\":{\"@id\":\"https:\/\/www.gaveanews.com\/index.php\/2025\/04\/05\/a-declaracao-de-memphis-apos-o-jogo-entre-corinthians-x-vasco\/\"},\"wordCount\":453,\"commentCount\":0,\"image\":{\"@id\":\"https:\/\/www.gaveanews.com\/index.php\/2025\/04\/05\/a-declaracao-de-memphis-apos-o-jogo-entre-corinthians-x-vasco\/#primaryimage\"},\"thumbnailUrl\":\"https:\/\/www.gaveanews.com\/wp-content\/uploads\/Memphis-Depay-pelo-Corinthians.webp\",\"articleSection\":[\"Corinthians\",\"Vasco\"],\"inLanguage\":\"pt-BR\",\"potentialAction\":[{\"@type\":\"CommentAction\",\"name\":\"Comment\",\"target\":[\"https:\/\/www.gaveanews.com\/index.php\/2025\/04\/05\/a-declaracao-de-memphis-apos-o-jogo-entre-corinthians-x-vasco\/#respond\"]}],\"copyrightYear\":\"2025\",\"copyrightHolder\":{\"@id\":\"https:\/\/www.gaveanews.com\/#organization\"}},{\"@type\":\"WebPage\",\"@id\":\"https:\/\/www.gaveanews.com\/index.php\/2025\/04\/05\/a-declaracao-de-memphis-apos-o-jogo-entre-corinthians-x-vasco\/\",\"url\":\"https:\/\/www.gaveanews.com\/index.php\/2025\/04\/05\/a-declaracao-de-memphis-apos-o-jogo-entre-corinthians-x-vasco\/\",\"name\":\"A declara\u00e7\u00e3o de Memphis ap\u00f3s o jogo entre Corinthians x Vasco\",\"isPartOf\":{\"@id\":\"https:\/\/www.gaveanews.com\/#website\"},\"primaryImageOfPage\":{\"@id\":\"https:\/\/www.gaveanews.com\/index.php\/2025\/04\/05\/a-declaracao-de-memphis-apos-o-jogo-entre-corinthians-x-vasco\/#primaryimage\"},\"image\":{\"@id\":\"https:\/\/www.gaveanews.com\/index.php\/2025\/04\/05\/a-declaracao-de-memphis-apos-o-jogo-entre-corinthians-x-vasco\/#primaryimage\"},\"thumbnailUrl\":\"https:\/\/www.gaveanews.com\/wp-content\/uploads\/Memphis-Depay-pelo-Corinthians.webp\",\"datePublished\":\"2025-04-06T02:16:44+00:00\",\"dateModified\":\"2025-04-06T02:18:18+00:00\",\"author\":{\"@id\":\"https:\/\/www.gaveanews.com\/#\/schema\/person\/f42654babcd2b2014a1a65af82b081f1\"},\"breadcrumb\":{\"@id\":\"https:\/\/www.gaveanews.com\/index.php\/2025\/04\/05\/a-declaracao-de-memphis-apos-o-jogo-entre-corinthians-x-vasco\/#breadcrumb\"},\"inLanguage\":\"pt-BR\",\"potentialAction\":[{\"@type\":\"ReadAction\",\"target\":[\"https:\/\/www.gaveanews.com\/index.php\/2025\/04\/05\/a-declaracao-de-memphis-apos-o-jogo-entre-corinthians-x-vasco\/\"]}]},{\"@type\":\"ImageObject\",\"inLanguage\":\"pt-BR\",\"@id\":\"https:\/\/www.gaveanews.com\/index.php\/2025\/04\/05\/a-declaracao-de-memphis-apos-o-jogo-entre-corinthians-x-vasco\/#primaryimage\",\"url\":\"https:\/\/www.gaveanews.com\/wp-content\/uploads\/Memphis-Depay-pelo-Corinthians.webp\",\"contentUrl\":\"https:\/\/www.gaveanews.com\/wp-content\/uploads\/Memphis-Depay-pelo-Corinthians.webp\",\"width\":1170,\"height\":1312,\"caption\":\"Memphis Depay pelo Corinthians (Foto: Reprodu\u00e7\u00e3o\/Instagram Depay)\"},{\"@type\":\"BreadcrumbList\",\"@id\":\"https:\/\/www.gaveanews.com\/index.php\/2025\/04\/05\/a-declaracao-de-memphis-apos-o-jogo-entre-corinthians-x-vasco\/#breadcrumb\",\"itemListElement\":[{\"@type\":\"ListItem\",\"position\":1,\"name\":\"Home\",\"item\":\"https:\/\/www.gaveanews.com\/\"},{\"@type\":\"ListItem\",\"position\":2,\"name\":\"A declara\u00e7\u00e3o de Memphis ap\u00f3s o jogo entre Corinthians x Vasco\"}]},{\"@type\":\"WebSite\",\"@id\":\"https:\/\/www.gaveanews.com\/#website\",\"url\":\"https:\/\/www.gaveanews.com\/\",\"name\":\"G\u00e1vea News\",\"description\":\"Veja todas as not\u00edcias sobre o Flamengo: Contrata\u00e7\u00f5es, categorias de base, resultados das partidas, tabela de classifica\u00e7\u00e3o, pr\u00f3ximos jogos!\",\"potentialAction\":[{\"@type\":\"SearchAction\",\"target\":{\"@type\":\"EntryPoint\",\"urlTemplate\":\"https:\/\/www.gaveanews.com\/?s={search_term_string}\"},\"query-input\":{\"@type\":\"PropertyValueSpecification\",\"valueRequired\":true,\"valueName\":\"search_term_string\"}}],\"inLanguage\":\"pt-BR\"},{\"@type\":\"Person\",\"@id\":\"https:\/\/www.gaveanews.com\/#\/schema\/person\/f42654babcd2b2014a1a65af82b081f1\",\"name\":\"Geovanna Thomaz\",\"image\":{\"@type\":\"ImageObject\",\"inLanguage\":\"pt-BR\",\"@id\":\"https:\/\/www.gaveanews.com\/#\/schema\/person\/image\/\",\"url\":\"https:\/\/secure.gravatar.com\/avatar\/4092073255489533afb558984b49b64268c47198af8623cc82a925ae9fb7118a?s=96&d=mm&r=g\",\"contentUrl\":\"https:\/\/secure.gravatar.com\/avatar\/4092073255489533afb558984b49b64268c47198af8623cc82a925ae9fb7118a?s=96&d=mm&r=g\",\"caption\":\"Geovanna Thomaz\"}}]}<\/script>\n<!-- \/ Yoast SEO Premium plugin. -->","yoast_head_json":{"title":"A declara\u00e7\u00e3o de Memphis ap\u00f3s o jogo entre Corinthians x Vasco","robots":{"index":"index","follow":"follow","max-snippet":"max-snippet:-1","max-image-preview":"max-image-preview:large","max-video-preview":"max-video-preview:-1"},"canonical":"https:\/\/www.gaveanews.com\/index.php\/2025\/04\/05\/a-declaracao-de-memphis-apos-o-jogo-entre-corinthians-x-vasco\/","og_locale":"pt_BR","og_type":"article","og_title":"A declara\u00e7\u00e3o de Memphis ap\u00f3s o jogo entre Corinthians x Vasco","og_description":"Principal nome da vit\u00f3ria do Corinthians por 3 a 0 diante do Vasco, neste s\u00e1bado, na Neo Qu\u00edmica Arena, o atacante Memphis Depay foi direto nas cr\u00edticas ao VAR e \u00e0 nova recomenda\u00e7\u00e3o da CBF que prev\u00ea cart\u00e3o amarelo para jogadores que subirem na bola com os p\u00e9s. O holand\u00eas, que participou dos dois primeiros [&hellip;]","og_url":"https:\/\/www.gaveanews.com\/index.php\/2025\/04\/05\/a-declaracao-de-memphis-apos-o-jogo-entre-corinthians-x-vasco\/","og_site_name":"G\u00e1vea News","article_publisher":"https:\/\/facebook.com\/gaveaNews\/","article_published_time":"2025-04-06T02:16:44+00:00","article_modified_time":"2025-04-06T02:18:18+00:00","og_image":[{"width":1170,"height":1312,"url":"http:\/\/www.gaveanews.com\/wp-content\/uploads\/Memphis-Depay-pelo-Corinthians.webp","type":"image\/jpeg"}],"author":"Geovanna Thomaz","twitter_card":"summary_large_image","twitter_misc":{"Escrito por":"Geovanna Thomaz","Est. tempo de leitura":"3 minutos"},"schema":{"@context":"https:\/\/schema.org","@graph":[{"@type":"NewsArticle","@id":"https:\/\/www.gaveanews.com\/index.php\/2025\/04\/05\/a-declaracao-de-memphis-apos-o-jogo-entre-corinthians-x-vasco\/#article","isPartOf":{"@id":"https:\/\/www.gaveanews.com\/index.php\/2025\/04\/05\/a-declaracao-de-memphis-apos-o-jogo-entre-corinthians-x-vasco\/"},"author":{"name":"Geovanna Thomaz","@id":"https:\/\/www.gaveanews.com\/#\/schema\/person\/f42654babcd2b2014a1a65af82b081f1"},"headline":"A declara\u00e7\u00e3o de Memphis ap\u00f3s o jogo entre Corinthians x Vasco","datePublished":"2025-04-06T02:16:44+00:00","dateModified":"2025-04-06T02:18:18+00:00","mainEntityOfPage":{"@id":"https:\/\/www.gaveanews.com\/index.php\/2025\/04\/05\/a-declaracao-de-memphis-apos-o-jogo-entre-corinthians-x-vasco\/"},"wordCount":453,"commentCount":0,"image":{"@id":"https:\/\/www.gaveanews.com\/index.php\/2025\/04\/05\/a-declaracao-de-memphis-apos-o-jogo-entre-corinthians-x-vasco\/#primaryimage"},"thumbnailUrl":"https:\/\/www.gaveanews.com\/wp-content\/uploads\/Memphis-Depay-pelo-Corinthians.webp","articleSection":["Corinthians","Vasco"],"inLanguage":"pt-BR","potentialAction":[{"@type":"CommentAction","name":"Comment","target":["https:\/\/www.gaveanews.com\/index.php\/2025\/04\/05\/a-declaracao-de-memphis-apos-o-jogo-entre-corinthians-x-vasco\/#respond"]}],"copyrightYear":"2025","copyrightHolder":{"@id":"https:\/\/www.gaveanews.com\/#organization"}},{"@type":"WebPage","@id":"https:\/\/www.gaveanews.com\/index.php\/2025\/04\/05\/a-declaracao-de-memphis-apos-o-jogo-entre-corinthians-x-vasco\/","url":"https:\/\/www.gaveanews.com\/index.php\/2025\/04\/05\/a-declaracao-de-memphis-apos-o-jogo-entre-corinthians-x-vasco\/","name":"A declara\u00e7\u00e3o de Memphis ap\u00f3s o jogo entre Corinthians x Vasco","isPartOf":{"@id":"https:\/\/www.gaveanews.com\/#website"},"primaryImageOfPage":{"@id":"https:\/\/www.gaveanews.com\/index.php\/2025\/04\/05\/a-declaracao-de-memphis-apos-o-jogo-entre-corinthians-x-vasco\/#primaryimage"},"image":{"@id":"https:\/\/www.gaveanews.com\/index.php\/2025\/04\/05\/a-declaracao-de-memphis-apos-o-jogo-entre-corinthians-x-vasco\/#primaryimage"},"thumbnailUrl":"https:\/\/www.gaveanews.com\/wp-content\/uploads\/Memphis-Depay-pelo-Corinthians.webp","datePublished":"2025-04-06T02:16:44+00:00","dateModified":"2025-04-06T02:18:18+00:00","author":{"@id":"https:\/\/www.gaveanews.com\/#\/schema\/person\/f42654babcd2b2014a1a65af82b081f1"},"breadcrumb":{"@id":"https:\/\/www.gaveanews.com\/index.php\/2025\/04\/05\/a-declaracao-de-memphis-apos-o-jogo-entre-corinthians-x-vasco\/#breadcrumb"},"inLanguage":"pt-BR","potentialAction":[{"@type":"ReadAction","target":["https:\/\/www.gaveanews.com\/index.php\/2025\/04\/05\/a-declaracao-de-memphis-apos-o-jogo-entre-corinthians-x-vasco\/"]}]},{"@type":"ImageObject","inLanguage":"pt-BR","@id":"https:\/\/www.gaveanews.com\/index.php\/2025\/04\/05\/a-declaracao-de-memphis-apos-o-jogo-entre-corinthians-x-vasco\/#primaryimage","url":"https:\/\/www.gaveanews.com\/wp-content\/uploads\/Memphis-Depay-pelo-Corinthians.webp","contentUrl":"https:\/\/www.gaveanews.com\/wp-content\/uploads\/Memphis-Depay-pelo-Corinthians.webp","width":1170,"height":1312,"caption":"Memphis Depay pelo Corinthians (Foto: Reprodu\u00e7\u00e3o\/Instagram Depay)"},{"@type":"BreadcrumbList","@id":"https:\/\/www.gaveanews.com\/index.php\/2025\/04\/05\/a-declaracao-de-memphis-apos-o-jogo-entre-corinthians-x-vasco\/#breadcrumb","itemListElement":[{"@type":"ListItem","position":1,"name":"Home","item":"https:\/\/www.gaveanews.com\/"},{"@type":"ListItem","position":2,"name":"A declara\u00e7\u00e3o de Memphis ap\u00f3s o jogo entre Corinthians x Vasco"}]},{"@type":"WebSite","@id":"https:\/\/www.gaveanews.com\/#website","url":"https:\/\/www.gaveanews.com\/","name":"G\u00e1vea News","description":"Veja todas as not\u00edcias sobre o Flamengo: Contrata\u00e7\u00f5es, categorias de base, resultados das partidas, tabela de classifica\u00e7\u00e3o, pr\u00f3ximos jogos!","potentialAction":[{"@type":"SearchAction","target":{"@type":"EntryPoint","urlTemplate":"https:\/\/www.gaveanews.com\/?s={search_term_string}"},"query-input":{"@type":"PropertyValueSpecification","valueRequired":true,"valueName":"search_term_string"}}],"inLanguage":"pt-BR"},{"@type":"Person","@id":"https:\/\/www.gaveanews.com\/#\/schema\/person\/f42654babcd2b2014a1a65af82b081f1","name":"Geovanna Thomaz","image":{"@type":"ImageObject","inLanguage":"pt-BR","@id":"https:\/\/www.gaveanews.com\/#\/schema\/person\/image\/","url":"https:\/\/secure.gravatar.com\/avatar\/4092073255489533afb558984b49b64268c47198af8623cc82a925ae9fb7118a?s=96&d=mm&r=g","contentUrl":"https:\/\/secure.gravatar.com\/avatar\/4092073255489533afb558984b49b64268c47198af8623cc82a925ae9fb7118a?s=96&d=mm&r=g","caption":"Geovanna Thomaz"}}]}},"_links":{"self":[{"href":"https:\/\/www.gaveanews.com\/index.php\/wp-json\/wp\/v2\/posts\/249386","targetHints":{"allow":["GET"]}}],"collection":[{"href":"https:\/\/www.gaveanews.com\/index.php\/wp-json\/wp\/v2\/posts"}],"about":[{"href":"https:\/\/www.gaveanews.com\/index.php\/wp-json\/wp\/v2\/types\/post"}],"author":[{"embeddable":true,"href":"https:\/\/www.gaveanews.com\/index.php\/wp-json\/wp\/v2\/users\/17"}],"replies":[{"embeddable":true,"href":"https:\/\/www.gaveanews.com\/index.php\/wp-json\/wp\/v2\/comments?post=249386"}],"version-history":[{"count":1,"href":"https:\/\/www.gaveanews.com\/index.php\/wp-json\/wp\/v2\/posts\/249386\/revisions"}],"predecessor-version":[{"id":249387,"href":"https:\/\/www.gaveanews.com\/index.php\/wp-json\/wp\/v2\/posts\/249386\/revisions\/249387"}],"wp:featuredmedia":[{"embeddable":true,"href":"https:\/\/www.gaveanews.com\/index.php\/wp-json\/wp\/v2\/media\/199280"}],"wp:attachment":[{"href":"https:\/\/www.gaveanews.com\/index.php\/wp-json\/wp\/v2\/media?parent=249386"}],"wp:term":[{"taxonomy":"category","embeddable":true,"href":"https:\/\/www.gaveanews.com\/index.php\/wp-json\/wp\/v2\/categories?post=249386"},{"taxonomy":"post_tag","embeddable":true,"href":"https:\/\/www.gaveanews.com\/index.php\/wp-json\/wp\/v2\/tags?post=249386"}],"curies":[{"name":"wp","href":"https:\/\/api.w.org\/{rel}","templated":true}]}}