{"id":249396,"date":"2025-04-06T14:55:00","date_gmt":"2025-04-06T17:55:00","guid":{"rendered":"https:\/\/www.gaveanews.com\/?p=249396"},"modified":"2025-04-06T12:45:36","modified_gmt":"2025-04-06T15:45:36","slug":"a-declaracao-de-hector-hernandez-sobre-os-bastidores-do-corinthians","status":"publish","type":"post","link":"https:\/\/www.gaveanews.com\/index.php\/2025\/04\/06\/a-declaracao-de-hector-hernandez-sobre-os-bastidores-do-corinthians\/","title":{"rendered":"A declara\u00e7\u00e3o de H\u00e9ctor Hern\u00e1ndez sobre os bastidores do Corinthians"},"content":{"rendered":"\n<p>Na \u00faltima quarta-feira (2), o Corinthians foi derrotado pelo Hurac\u00e1n por 2 a 1, na Neo Qu\u00edmica Arena, em sua estreia na fase de grupos da Copa Sul-Americana. Antes disso, empatou com o Bahia por 1 a 1, fora de casa, pela primeira rodada do Brasileir\u00e3o.<\/p>\n\n\n\n<p>O gol diante do Bahia foi marcado por H\u00e9ctor Hern\u00e1ndez. O centroavante espanhol chegou ao clube no ano passado, mas ainda n\u00e3o conseguiu se firmar com a camisa alvinegra. Alvo de cr\u00edticas de parte da torcida, o jogador tem buscado for\u00e7as fora das quatro linhas para lidar com o momento.<\/p>\n\n\n\n<p>Em entrevista ao portal UOL, H\u00e9ctor revelou que vem investindo em sess\u00f5es de terapia e acompanhamento psicol\u00f3gico com profissionais do clube. O objetivo \u00e9 trabalhar o emocional para estar mentalmente preparado quando for chamado pelo t\u00e9cnico Ram\u00f3n D\u00edaz.<\/p>\n\n\n\n<p>\u201cNa verdade eu venho h\u00e1 algum tempo fazendo um trabalho mental com o coach. Aqui no clube temos grandes profissionais como a Anah\u00ed [Couto] e a Luana [Gast\u00e3o]\u201d, afirmou. \u201cA mim, por exemplo, me ajudaram muito nesse tempo em que n\u00e3o estava tendo muitas oportunidades. A verdade \u00e9 que eles me ajudaram muito nesse aspecto e, al\u00e9m disso, eu sempre trabalhei muito o mental\u201d, completou.<\/p>\n\n\n\n<p>Apesar das dificuldades em campo, o atacante afirma estar bem adaptado ao Brasil, tanto fora quanto dentro de campo. Ele destacou a receptividade dos companheiros e do treinador como fatores que facilitaram esse processo.<\/p>\n\n\n\n<p>\u201cA adapta\u00e7\u00e3o foi f\u00e1cil, meus companheiros no clube e o t\u00e9cnico me ajudaram bastante a me adaptar ao jogo. Me surpreendeu muito a qualidade t\u00e9cnica que tem aqui no Brasil e fisicamente tamb\u00e9m. Vejo que \u00e9 uma liga muito competitiva e estou agradecido por estar aqui aproveitando os momentos nesta competi\u00e7\u00e3o\u201d, disse o espanhol.<\/p>\n\n\n\n<p>Com calend\u00e1rio apertado e sequ\u00eancia de jogos decisivos, o Corinthians espera reencontrar o bom desempenho coletivo, e H\u00e9ctor Hern\u00e1ndez quer estar pronto para contribuir quando tiver novas chances.<\/p>\n","protected":false},"excerpt":{"rendered":"<p>Na \u00faltima quarta-feira (2), o Corinthians foi derrotado pelo Hurac\u00e1n por 2 a 1, na Neo Qu\u00edmica Arena, em sua estreia na fase de grupos da Copa Sul-Americana. Antes disso, empatou com o Bahia por 1 a 1, fora de casa, pela primeira rodada do Brasileir\u00e3o. O gol diante do Bahia foi marcado por H\u00e9ctor [&hellip;]<\/p>\n","protected":false},"author":17,"featured_media":163228,"comment_status":"open","ping_status":"closed","sticky":false,"template":"","format":"standard","meta":{"footnotes":""},"categories":[141],"tags":[],"class_list":["post-249396","post","type-post","status-publish","format-standard","has-post-thumbnail","hentry","category-corinthians"],"yoast_head":"<!-- This site is optimized with the Yoast SEO Premium plugin v24.2 (Yoast SEO v26.9) - https:\/\/yoast.com\/product\/yoast-seo-premium-wordpress\/ -->\n<title>A declara\u00e7\u00e3o de H\u00e9ctor Hern\u00e1ndez sobre os bastidores do Corinthians<\/title>\n<meta name=\"robots\" content=\"index, follow, max-snippet:-1, max-image-preview:large, max-video-preview:-1\" \/>\n<link rel=\"canonical\" href=\"https:\/\/www.gaveanews.com\/index.php\/2025\/04\/06\/a-declaracao-de-hector-hernandez-sobre-os-bastidores-do-corinthians\/\" \/>\n<meta property=\"og:locale\" content=\"pt_BR\" \/>\n<meta property=\"og:type\" content=\"article\" \/>\n<meta property=\"og:title\" content=\"A declara\u00e7\u00e3o de H\u00e9ctor Hern\u00e1ndez sobre os bastidores do Corinthians\" \/>\n<meta property=\"og:description\" content=\"Na \u00faltima quarta-feira (2), o Corinthians foi derrotado pelo Hurac\u00e1n por 2 a 1, na Neo Qu\u00edmica Arena, em sua estreia na fase de grupos da Copa Sul-Americana. Antes disso, empatou com o Bahia por 1 a 1, fora de casa, pela primeira rodada do Brasileir\u00e3o. O gol diante do Bahia foi marcado por H\u00e9ctor [&hellip;]\" \/>\n<meta property=\"og:url\" content=\"https:\/\/www.gaveanews.com\/index.php\/2025\/04\/06\/a-declaracao-de-hector-hernandez-sobre-os-bastidores-do-corinthians\/\" \/>\n<meta property=\"og:site_name\" content=\"G\u00e1vea News\" \/>\n<meta property=\"article:publisher\" content=\"https:\/\/facebook.com\/gaveaNews\/\" \/>\n<meta property=\"article:published_time\" content=\"2025-04-06T17:55:00+00:00\" \/>\n<meta property=\"og:image\" content=\"https:\/\/www.gaveanews.com\/wp-content\/uploads\/Hector-Hernandez-deixou-a-Neo-Quimica-Arena-com-4-minutos-de-jogo.webp\" \/>\n\t<meta property=\"og:image:width\" content=\"1892\" \/>\n\t<meta property=\"og:image:height\" content=\"998\" \/>\n\t<meta property=\"og:image:type\" content=\"image\/webp\" \/>\n<meta name=\"author\" content=\"Geovanna Thomaz\" \/>\n<meta name=\"twitter:card\" content=\"summary_large_image\" \/>\n<meta name=\"twitter:label1\" content=\"Escrito por\" \/>\n\t<meta name=\"twitter:data1\" content=\"Geovanna Thomaz\" \/>\n\t<meta name=\"twitter:label2\" content=\"Est. tempo de leitura\" \/>\n\t<meta name=\"twitter:data2\" content=\"2 minutos\" \/>\n<script type=\"application\/ld+json\" class=\"yoast-schema-graph\">{\"@context\":\"https:\/\/schema.org\",\"@graph\":[{\"@type\":\"NewsArticle\",\"@id\":\"https:\/\/www.gaveanews.com\/index.php\/2025\/04\/06\/a-declaracao-de-hector-hernandez-sobre-os-bastidores-do-corinthians\/#article\",\"isPartOf\":{\"@id\":\"https:\/\/www.gaveanews.com\/index.php\/2025\/04\/06\/a-declaracao-de-hector-hernandez-sobre-os-bastidores-do-corinthians\/\"},\"author\":{\"name\":\"Geovanna Thomaz\",\"@id\":\"https:\/\/www.gaveanews.com\/#\/schema\/person\/f42654babcd2b2014a1a65af82b081f1\"},\"headline\":\"A declara\u00e7\u00e3o de H\u00e9ctor Hern\u00e1ndez sobre os bastidores do Corinthians\",\"datePublished\":\"2025-04-06T17:55:00+00:00\",\"mainEntityOfPage\":{\"@id\":\"https:\/\/www.gaveanews.com\/index.php\/2025\/04\/06\/a-declaracao-de-hector-hernandez-sobre-os-bastidores-do-corinthians\/\"},\"wordCount\":347,\"commentCount\":0,\"image\":{\"@id\":\"https:\/\/www.gaveanews.com\/index.php\/2025\/04\/06\/a-declaracao-de-hector-hernandez-sobre-os-bastidores-do-corinthians\/#primaryimage\"},\"thumbnailUrl\":\"https:\/\/www.gaveanews.com\/wp-content\/uploads\/Hector-Hernandez-deixou-a-Neo-Quimica-Arena-com-4-minutos-de-jogo.webp\",\"articleSection\":[\"Corinthians\"],\"inLanguage\":\"pt-BR\",\"potentialAction\":[{\"@type\":\"CommentAction\",\"name\":\"Comment\",\"target\":[\"https:\/\/www.gaveanews.com\/index.php\/2025\/04\/06\/a-declaracao-de-hector-hernandez-sobre-os-bastidores-do-corinthians\/#respond\"]}],\"copyrightYear\":\"2025\",\"copyrightHolder\":{\"@id\":\"https:\/\/www.gaveanews.com\/#organization\"}},{\"@type\":\"WebPage\",\"@id\":\"https:\/\/www.gaveanews.com\/index.php\/2025\/04\/06\/a-declaracao-de-hector-hernandez-sobre-os-bastidores-do-corinthians\/\",\"url\":\"https:\/\/www.gaveanews.com\/index.php\/2025\/04\/06\/a-declaracao-de-hector-hernandez-sobre-os-bastidores-do-corinthians\/\",\"name\":\"A declara\u00e7\u00e3o de H\u00e9ctor Hern\u00e1ndez sobre os bastidores do Corinthians\",\"isPartOf\":{\"@id\":\"https:\/\/www.gaveanews.com\/#website\"},\"primaryImageOfPage\":{\"@id\":\"https:\/\/www.gaveanews.com\/index.php\/2025\/04\/06\/a-declaracao-de-hector-hernandez-sobre-os-bastidores-do-corinthians\/#primaryimage\"},\"image\":{\"@id\":\"https:\/\/www.gaveanews.com\/index.php\/2025\/04\/06\/a-declaracao-de-hector-hernandez-sobre-os-bastidores-do-corinthians\/#primaryimage\"},\"thumbnailUrl\":\"https:\/\/www.gaveanews.com\/wp-content\/uploads\/Hector-Hernandez-deixou-a-Neo-Quimica-Arena-com-4-minutos-de-jogo.webp\",\"datePublished\":\"2025-04-06T17:55:00+00:00\",\"author\":{\"@id\":\"https:\/\/www.gaveanews.com\/#\/schema\/person\/f42654babcd2b2014a1a65af82b081f1\"},\"breadcrumb\":{\"@id\":\"https:\/\/www.gaveanews.com\/index.php\/2025\/04\/06\/a-declaracao-de-hector-hernandez-sobre-os-bastidores-do-corinthians\/#breadcrumb\"},\"inLanguage\":\"pt-BR\",\"potentialAction\":[{\"@type\":\"ReadAction\",\"target\":[\"https:\/\/www.gaveanews.com\/index.php\/2025\/04\/06\/a-declaracao-de-hector-hernandez-sobre-os-bastidores-do-corinthians\/\"]}]},{\"@type\":\"ImageObject\",\"inLanguage\":\"pt-BR\",\"@id\":\"https:\/\/www.gaveanews.com\/index.php\/2025\/04\/06\/a-declaracao-de-hector-hernandez-sobre-os-bastidores-do-corinthians\/#primaryimage\",\"url\":\"https:\/\/www.gaveanews.com\/wp-content\/uploads\/Hector-Hernandez-deixou-a-Neo-Quimica-Arena-com-4-minutos-de-jogo.webp\",\"contentUrl\":\"https:\/\/www.gaveanews.com\/wp-content\/uploads\/Hector-Hernandez-deixou-a-Neo-Quimica-Arena-com-4-minutos-de-jogo.webp\",\"width\":1892,\"height\":998,\"caption\":\"H\u00e9ctor Hern\u00e1ndez deixando a Neo Quimica Arena com 4 minutos de jogo (Foto: Reprodu\u00e7\u00e3o\/Rede Globo)\"},{\"@type\":\"BreadcrumbList\",\"@id\":\"https:\/\/www.gaveanews.com\/index.php\/2025\/04\/06\/a-declaracao-de-hector-hernandez-sobre-os-bastidores-do-corinthians\/#breadcrumb\",\"itemListElement\":[{\"@type\":\"ListItem\",\"position\":1,\"name\":\"Home\",\"item\":\"https:\/\/www.gaveanews.com\/\"},{\"@type\":\"ListItem\",\"position\":2,\"name\":\"A declara\u00e7\u00e3o de H\u00e9ctor Hern\u00e1ndez sobre os bastidores do Corinthians\"}]},{\"@type\":\"WebSite\",\"@id\":\"https:\/\/www.gaveanews.com\/#website\",\"url\":\"https:\/\/www.gaveanews.com\/\",\"name\":\"G\u00e1vea News\",\"description\":\"Veja todas as not\u00edcias sobre o Flamengo: Contrata\u00e7\u00f5es, categorias de base, resultados das partidas, tabela de classifica\u00e7\u00e3o, pr\u00f3ximos jogos!\",\"potentialAction\":[{\"@type\":\"SearchAction\",\"target\":{\"@type\":\"EntryPoint\",\"urlTemplate\":\"https:\/\/www.gaveanews.com\/?s={search_term_string}\"},\"query-input\":{\"@type\":\"PropertyValueSpecification\",\"valueRequired\":true,\"valueName\":\"search_term_string\"}}],\"inLanguage\":\"pt-BR\"},{\"@type\":\"Person\",\"@id\":\"https:\/\/www.gaveanews.com\/#\/schema\/person\/f42654babcd2b2014a1a65af82b081f1\",\"name\":\"Geovanna Thomaz\",\"image\":{\"@type\":\"ImageObject\",\"inLanguage\":\"pt-BR\",\"@id\":\"https:\/\/www.gaveanews.com\/#\/schema\/person\/image\/\",\"url\":\"https:\/\/secure.gravatar.com\/avatar\/4092073255489533afb558984b49b64268c47198af8623cc82a925ae9fb7118a?s=96&d=mm&r=g\",\"contentUrl\":\"https:\/\/secure.gravatar.com\/avatar\/4092073255489533afb558984b49b64268c47198af8623cc82a925ae9fb7118a?s=96&d=mm&r=g\",\"caption\":\"Geovanna Thomaz\"}}]}<\/script>\n<!-- \/ Yoast SEO Premium plugin. -->","yoast_head_json":{"title":"A declara\u00e7\u00e3o de H\u00e9ctor Hern\u00e1ndez sobre os bastidores do Corinthians","robots":{"index":"index","follow":"follow","max-snippet":"max-snippet:-1","max-image-preview":"max-image-preview:large","max-video-preview":"max-video-preview:-1"},"canonical":"https:\/\/www.gaveanews.com\/index.php\/2025\/04\/06\/a-declaracao-de-hector-hernandez-sobre-os-bastidores-do-corinthians\/","og_locale":"pt_BR","og_type":"article","og_title":"A declara\u00e7\u00e3o de H\u00e9ctor Hern\u00e1ndez sobre os bastidores do Corinthians","og_description":"Na \u00faltima quarta-feira (2), o Corinthians foi derrotado pelo Hurac\u00e1n por 2 a 1, na Neo Qu\u00edmica Arena, em sua estreia na fase de grupos da Copa Sul-Americana. Antes disso, empatou com o Bahia por 1 a 1, fora de casa, pela primeira rodada do Brasileir\u00e3o. O gol diante do Bahia foi marcado por H\u00e9ctor [&hellip;]","og_url":"https:\/\/www.gaveanews.com\/index.php\/2025\/04\/06\/a-declaracao-de-hector-hernandez-sobre-os-bastidores-do-corinthians\/","og_site_name":"G\u00e1vea News","article_publisher":"https:\/\/facebook.com\/gaveaNews\/","article_published_time":"2025-04-06T17:55:00+00:00","og_image":[{"width":1892,"height":998,"url":"https:\/\/www.gaveanews.com\/wp-content\/uploads\/Hector-Hernandez-deixou-a-Neo-Quimica-Arena-com-4-minutos-de-jogo.webp","type":"image\/webp"}],"author":"Geovanna Thomaz","twitter_card":"summary_large_image","twitter_misc":{"Escrito por":"Geovanna Thomaz","Est. tempo de leitura":"2 minutos"},"schema":{"@context":"https:\/\/schema.org","@graph":[{"@type":"NewsArticle","@id":"https:\/\/www.gaveanews.com\/index.php\/2025\/04\/06\/a-declaracao-de-hector-hernandez-sobre-os-bastidores-do-corinthians\/#article","isPartOf":{"@id":"https:\/\/www.gaveanews.com\/index.php\/2025\/04\/06\/a-declaracao-de-hector-hernandez-sobre-os-bastidores-do-corinthians\/"},"author":{"name":"Geovanna Thomaz","@id":"https:\/\/www.gaveanews.com\/#\/schema\/person\/f42654babcd2b2014a1a65af82b081f1"},"headline":"A declara\u00e7\u00e3o de H\u00e9ctor Hern\u00e1ndez sobre os bastidores do Corinthians","datePublished":"2025-04-06T17:55:00+00:00","mainEntityOfPage":{"@id":"https:\/\/www.gaveanews.com\/index.php\/2025\/04\/06\/a-declaracao-de-hector-hernandez-sobre-os-bastidores-do-corinthians\/"},"wordCount":347,"commentCount":0,"image":{"@id":"https:\/\/www.gaveanews.com\/index.php\/2025\/04\/06\/a-declaracao-de-hector-hernandez-sobre-os-bastidores-do-corinthians\/#primaryimage"},"thumbnailUrl":"https:\/\/www.gaveanews.com\/wp-content\/uploads\/Hector-Hernandez-deixou-a-Neo-Quimica-Arena-com-4-minutos-de-jogo.webp","articleSection":["Corinthians"],"inLanguage":"pt-BR","potentialAction":[{"@type":"CommentAction","name":"Comment","target":["https:\/\/www.gaveanews.com\/index.php\/2025\/04\/06\/a-declaracao-de-hector-hernandez-sobre-os-bastidores-do-corinthians\/#respond"]}],"copyrightYear":"2025","copyrightHolder":{"@id":"https:\/\/www.gaveanews.com\/#organization"}},{"@type":"WebPage","@id":"https:\/\/www.gaveanews.com\/index.php\/2025\/04\/06\/a-declaracao-de-hector-hernandez-sobre-os-bastidores-do-corinthians\/","url":"https:\/\/www.gaveanews.com\/index.php\/2025\/04\/06\/a-declaracao-de-hector-hernandez-sobre-os-bastidores-do-corinthians\/","name":"A declara\u00e7\u00e3o de H\u00e9ctor Hern\u00e1ndez sobre os bastidores do Corinthians","isPartOf":{"@id":"https:\/\/www.gaveanews.com\/#website"},"primaryImageOfPage":{"@id":"https:\/\/www.gaveanews.com\/index.php\/2025\/04\/06\/a-declaracao-de-hector-hernandez-sobre-os-bastidores-do-corinthians\/#primaryimage"},"image":{"@id":"https:\/\/www.gaveanews.com\/index.php\/2025\/04\/06\/a-declaracao-de-hector-hernandez-sobre-os-bastidores-do-corinthians\/#primaryimage"},"thumbnailUrl":"https:\/\/www.gaveanews.com\/wp-content\/uploads\/Hector-Hernandez-deixou-a-Neo-Quimica-Arena-com-4-minutos-de-jogo.webp","datePublished":"2025-04-06T17:55:00+00:00","author":{"@id":"https:\/\/www.gaveanews.com\/#\/schema\/person\/f42654babcd2b2014a1a65af82b081f1"},"breadcrumb":{"@id":"https:\/\/www.gaveanews.com\/index.php\/2025\/04\/06\/a-declaracao-de-hector-hernandez-sobre-os-bastidores-do-corinthians\/#breadcrumb"},"inLanguage":"pt-BR","potentialAction":[{"@type":"ReadAction","target":["https:\/\/www.gaveanews.com\/index.php\/2025\/04\/06\/a-declaracao-de-hector-hernandez-sobre-os-bastidores-do-corinthians\/"]}]},{"@type":"ImageObject","inLanguage":"pt-BR","@id":"https:\/\/www.gaveanews.com\/index.php\/2025\/04\/06\/a-declaracao-de-hector-hernandez-sobre-os-bastidores-do-corinthians\/#primaryimage","url":"https:\/\/www.gaveanews.com\/wp-content\/uploads\/Hector-Hernandez-deixou-a-Neo-Quimica-Arena-com-4-minutos-de-jogo.webp","contentUrl":"https:\/\/www.gaveanews.com\/wp-content\/uploads\/Hector-Hernandez-deixou-a-Neo-Quimica-Arena-com-4-minutos-de-jogo.webp","width":1892,"height":998,"caption":"H\u00e9ctor Hern\u00e1ndez deixando a Neo Quimica Arena com 4 minutos de jogo (Foto: Reprodu\u00e7\u00e3o\/Rede Globo)"},{"@type":"BreadcrumbList","@id":"https:\/\/www.gaveanews.com\/index.php\/2025\/04\/06\/a-declaracao-de-hector-hernandez-sobre-os-bastidores-do-corinthians\/#breadcrumb","itemListElement":[{"@type":"ListItem","position":1,"name":"Home","item":"https:\/\/www.gaveanews.com\/"},{"@type":"ListItem","position":2,"name":"A declara\u00e7\u00e3o de H\u00e9ctor Hern\u00e1ndez sobre os bastidores do Corinthians"}]},{"@type":"WebSite","@id":"https:\/\/www.gaveanews.com\/#website","url":"https:\/\/www.gaveanews.com\/","name":"G\u00e1vea News","description":"Veja todas as not\u00edcias sobre o Flamengo: Contrata\u00e7\u00f5es, categorias de base, resultados das partidas, tabela de classifica\u00e7\u00e3o, pr\u00f3ximos jogos!","potentialAction":[{"@type":"SearchAction","target":{"@type":"EntryPoint","urlTemplate":"https:\/\/www.gaveanews.com\/?s={search_term_string}"},"query-input":{"@type":"PropertyValueSpecification","valueRequired":true,"valueName":"search_term_string"}}],"inLanguage":"pt-BR"},{"@type":"Person","@id":"https:\/\/www.gaveanews.com\/#\/schema\/person\/f42654babcd2b2014a1a65af82b081f1","name":"Geovanna Thomaz","image":{"@type":"ImageObject","inLanguage":"pt-BR","@id":"https:\/\/www.gaveanews.com\/#\/schema\/person\/image\/","url":"https:\/\/secure.gravatar.com\/avatar\/4092073255489533afb558984b49b64268c47198af8623cc82a925ae9fb7118a?s=96&d=mm&r=g","contentUrl":"https:\/\/secure.gravatar.com\/avatar\/4092073255489533afb558984b49b64268c47198af8623cc82a925ae9fb7118a?s=96&d=mm&r=g","caption":"Geovanna Thomaz"}}]}},"_links":{"self":[{"href":"https:\/\/www.gaveanews.com\/index.php\/wp-json\/wp\/v2\/posts\/249396","targetHints":{"allow":["GET"]}}],"collection":[{"href":"https:\/\/www.gaveanews.com\/index.php\/wp-json\/wp\/v2\/posts"}],"about":[{"href":"https:\/\/www.gaveanews.com\/index.php\/wp-json\/wp\/v2\/types\/post"}],"author":[{"embeddable":true,"href":"https:\/\/www.gaveanews.com\/index.php\/wp-json\/wp\/v2\/users\/17"}],"replies":[{"embeddable":true,"href":"https:\/\/www.gaveanews.com\/index.php\/wp-json\/wp\/v2\/comments?post=249396"}],"version-history":[{"count":1,"href":"https:\/\/www.gaveanews.com\/index.php\/wp-json\/wp\/v2\/posts\/249396\/revisions"}],"predecessor-version":[{"id":249397,"href":"https:\/\/www.gaveanews.com\/index.php\/wp-json\/wp\/v2\/posts\/249396\/revisions\/249397"}],"wp:featuredmedia":[{"embeddable":true,"href":"https:\/\/www.gaveanews.com\/index.php\/wp-json\/wp\/v2\/media\/163228"}],"wp:attachment":[{"href":"https:\/\/www.gaveanews.com\/index.php\/wp-json\/wp\/v2\/media?parent=249396"}],"wp:term":[{"taxonomy":"category","embeddable":true,"href":"https:\/\/www.gaveanews.com\/index.php\/wp-json\/wp\/v2\/categories?post=249396"},{"taxonomy":"post_tag","embeddable":true,"href":"https:\/\/www.gaveanews.com\/index.php\/wp-json\/wp\/v2\/tags?post=249396"}],"curies":[{"name":"wp","href":"https:\/\/api.w.org\/{rel}","templated":true}]}}