{"id":249416,"date":"2025-04-06T15:35:00","date_gmt":"2025-04-06T18:35:00","guid":{"rendered":"https:\/\/www.gaveanews.com\/?p=249416"},"modified":"2025-04-06T12:52:33","modified_gmt":"2025-04-06T15:52:33","slug":"a-declaracao-de-marcelo-paz-sobre-o-momento-do-fortaleza","status":"publish","type":"post","link":"https:\/\/www.gaveanews.com\/index.php\/2025\/04\/06\/a-declaracao-de-marcelo-paz-sobre-o-momento-do-fortaleza\/","title":{"rendered":"A declara\u00e7\u00e3o de Marcelo Paz sobre o momento do Fortaleza"},"content":{"rendered":"\n<p>Ap\u00f3s as sa\u00eddas de Alex Santiago e Bruno Costa, que ocupavam os cargos de diretor e executivo de futebol do Fortaleza, respectivamente, o CEO Marcelo Paz anunciou que ter\u00e1 atua\u00e7\u00e3o mais pr\u00f3xima no Departamento de Futebol do clube.<\/p>\n\n\n\n<p> Em pronunciamento em v\u00eddeo voltado \u00e0 torcida e \u00e0 imprensa, o dirigente agradeceu os servi\u00e7os prestados pelos dois ex-funcion\u00e1rios e destacou que a reestrutura\u00e7\u00e3o ser\u00e1 conduzida com cautela.<\/p>\n\n\n\n<p>\u201cMarcelo Paz vai estar cada vez mais dentro do Departamento de Futebol. Esse \u00e9 o primeiro passo. J\u00e1 comunicamos isso ao Vojvoda, j\u00e1 comunicamos isso aos jogadores. Importante lembrar que sempre tive atua\u00e7\u00e3o dentro do futebol, desde 2015, quando cheguei ao Fortaleza\u201d, afirmou.<\/p>\n\n\n\n<p>Mesmo sem confirmar a contrata\u00e7\u00e3o de um novo diretor, Paz citou os profissionais que permanecem no dia a dia do clube e refor\u00e7ou a confian\u00e7a no trabalho da equipe interna.<\/p>\n\n\n\n<p> \u201cTem o Marcelo Boeck, assessor executivo de futebol, o Daniel de Paula Pessoa, gerente de futebol, o J\u00falio Manso, que faz um grande trabalho como supervisor. Temos o doutor Cl\u00e1udio Maur\u00edcio, figura importante que \u00e9 atual vice-presidente da Associa\u00e7\u00e3o e atual chefe do Departamento de Sa\u00fade e Performance\u201d, completou.<\/p>\n\n\n\n<p>Sobre a reposi\u00e7\u00e3o para os cargos vagos, o CEO foi cauteloso e evitou cravar contrata\u00e7\u00f5es no curto prazo. \u201cVamos avaliar, com muita calma, a necessidade de contrata\u00e7\u00e3o para algu\u00e9m para esse departamento. Algu\u00e9m que possa agregar, somar e encaixar dentro da forma. Estamos passando por uma turbul\u00eancia, reconhecemos\u201d, disse.<\/p>\n\n\n\n<p>O dirigente tamb\u00e9m mencionou o CIFEC (Comit\u00ea Interno de Futebol e Estrat\u00e9gia do Clube), que atualmente conta com quatro membros e dever\u00e1 ser ampliado. \u201cVamos contratar mais um membro. Com calma, confiem no trabalho, confiem no que est\u00e1 sendo feito, que vamos fazer um grande ano. Principalmente contando com o apoio do torcedor, que estar\u00e1 junto\u201d, concluiu.<\/p>\n","protected":false},"excerpt":{"rendered":"<p>Ap\u00f3s as sa\u00eddas de Alex Santiago e Bruno Costa, que ocupavam os cargos de diretor e executivo de futebol do Fortaleza, respectivamente, o CEO Marcelo Paz anunciou que ter\u00e1 atua\u00e7\u00e3o mais pr\u00f3xima no Departamento de Futebol do clube. Em pronunciamento em v\u00eddeo voltado \u00e0 torcida e \u00e0 imprensa, o dirigente agradeceu os servi\u00e7os prestados pelos [&hellip;]<\/p>\n","protected":false},"author":17,"featured_media":109227,"comment_status":"open","ping_status":"closed","sticky":false,"template":"","format":"standard","meta":{"footnotes":""},"categories":[146],"tags":[],"class_list":["post-249416","post","type-post","status-publish","format-standard","has-post-thumbnail","hentry","category-fortaleza"],"yoast_head":"<!-- This site is optimized with the Yoast SEO Premium plugin v24.2 (Yoast SEO v26.9) - https:\/\/yoast.com\/product\/yoast-seo-premium-wordpress\/ -->\n<title>A declara\u00e7\u00e3o de Marcelo Paz sobre o momento do Fortaleza<\/title>\n<meta name=\"robots\" content=\"index, follow, max-snippet:-1, max-image-preview:large, max-video-preview:-1\" \/>\n<link rel=\"canonical\" href=\"https:\/\/www.gaveanews.com\/index.php\/2025\/04\/06\/a-declaracao-de-marcelo-paz-sobre-o-momento-do-fortaleza\/\" \/>\n<meta property=\"og:locale\" content=\"pt_BR\" \/>\n<meta property=\"og:type\" content=\"article\" \/>\n<meta property=\"og:title\" content=\"A declara\u00e7\u00e3o de Marcelo Paz sobre o momento do Fortaleza\" \/>\n<meta property=\"og:description\" content=\"Ap\u00f3s as sa\u00eddas de Alex Santiago e Bruno Costa, que ocupavam os cargos de diretor e executivo de futebol do Fortaleza, respectivamente, o CEO Marcelo Paz anunciou que ter\u00e1 atua\u00e7\u00e3o mais pr\u00f3xima no Departamento de Futebol do clube. Em pronunciamento em v\u00eddeo voltado \u00e0 torcida e \u00e0 imprensa, o dirigente agradeceu os servi\u00e7os prestados pelos [&hellip;]\" \/>\n<meta property=\"og:url\" content=\"https:\/\/www.gaveanews.com\/index.php\/2025\/04\/06\/a-declaracao-de-marcelo-paz-sobre-o-momento-do-fortaleza\/\" \/>\n<meta property=\"og:site_name\" content=\"G\u00e1vea News\" \/>\n<meta property=\"article:publisher\" content=\"https:\/\/facebook.com\/gaveaNews\/\" \/>\n<meta property=\"article:published_time\" content=\"2025-04-06T18:35:00+00:00\" \/>\n<meta property=\"og:image\" content=\"https:\/\/www.gaveanews.com\/wp-content\/uploads\/Marcelo-Paz-durante-uma-entrevista-com-a-camisa-do-Fortaleza.webp\" \/>\n\t<meta property=\"og:image:width\" content=\"1280\" \/>\n\t<meta property=\"og:image:height\" content=\"720\" \/>\n\t<meta property=\"og:image:type\" content=\"image\/webp\" \/>\n<meta name=\"author\" content=\"Geovanna Thomaz\" \/>\n<meta name=\"twitter:card\" content=\"summary_large_image\" \/>\n<meta name=\"twitter:label1\" content=\"Escrito por\" \/>\n\t<meta name=\"twitter:data1\" content=\"Geovanna Thomaz\" \/>\n\t<meta name=\"twitter:label2\" content=\"Est. tempo de leitura\" \/>\n\t<meta name=\"twitter:data2\" content=\"2 minutos\" \/>\n<script type=\"application\/ld+json\" class=\"yoast-schema-graph\">{\"@context\":\"https:\/\/schema.org\",\"@graph\":[{\"@type\":\"NewsArticle\",\"@id\":\"https:\/\/www.gaveanews.com\/index.php\/2025\/04\/06\/a-declaracao-de-marcelo-paz-sobre-o-momento-do-fortaleza\/#article\",\"isPartOf\":{\"@id\":\"https:\/\/www.gaveanews.com\/index.php\/2025\/04\/06\/a-declaracao-de-marcelo-paz-sobre-o-momento-do-fortaleza\/\"},\"author\":{\"name\":\"Geovanna Thomaz\",\"@id\":\"https:\/\/www.gaveanews.com\/#\/schema\/person\/f42654babcd2b2014a1a65af82b081f1\"},\"headline\":\"A declara\u00e7\u00e3o de Marcelo Paz sobre o momento do Fortaleza\",\"datePublished\":\"2025-04-06T18:35:00+00:00\",\"mainEntityOfPage\":{\"@id\":\"https:\/\/www.gaveanews.com\/index.php\/2025\/04\/06\/a-declaracao-de-marcelo-paz-sobre-o-momento-do-fortaleza\/\"},\"wordCount\":325,\"commentCount\":0,\"image\":{\"@id\":\"https:\/\/www.gaveanews.com\/index.php\/2025\/04\/06\/a-declaracao-de-marcelo-paz-sobre-o-momento-do-fortaleza\/#primaryimage\"},\"thumbnailUrl\":\"https:\/\/www.gaveanews.com\/wp-content\/uploads\/Marcelo-Paz-durante-uma-entrevista-com-a-camisa-do-Fortaleza.webp\",\"articleSection\":[\"Fortaleza\"],\"inLanguage\":\"pt-BR\",\"potentialAction\":[{\"@type\":\"CommentAction\",\"name\":\"Comment\",\"target\":[\"https:\/\/www.gaveanews.com\/index.php\/2025\/04\/06\/a-declaracao-de-marcelo-paz-sobre-o-momento-do-fortaleza\/#respond\"]}],\"copyrightYear\":\"2025\",\"copyrightHolder\":{\"@id\":\"https:\/\/www.gaveanews.com\/#organization\"}},{\"@type\":\"WebPage\",\"@id\":\"https:\/\/www.gaveanews.com\/index.php\/2025\/04\/06\/a-declaracao-de-marcelo-paz-sobre-o-momento-do-fortaleza\/\",\"url\":\"https:\/\/www.gaveanews.com\/index.php\/2025\/04\/06\/a-declaracao-de-marcelo-paz-sobre-o-momento-do-fortaleza\/\",\"name\":\"A declara\u00e7\u00e3o de Marcelo Paz sobre o momento do Fortaleza\",\"isPartOf\":{\"@id\":\"https:\/\/www.gaveanews.com\/#website\"},\"primaryImageOfPage\":{\"@id\":\"https:\/\/www.gaveanews.com\/index.php\/2025\/04\/06\/a-declaracao-de-marcelo-paz-sobre-o-momento-do-fortaleza\/#primaryimage\"},\"image\":{\"@id\":\"https:\/\/www.gaveanews.com\/index.php\/2025\/04\/06\/a-declaracao-de-marcelo-paz-sobre-o-momento-do-fortaleza\/#primaryimage\"},\"thumbnailUrl\":\"https:\/\/www.gaveanews.com\/wp-content\/uploads\/Marcelo-Paz-durante-uma-entrevista-com-a-camisa-do-Fortaleza.webp\",\"datePublished\":\"2025-04-06T18:35:00+00:00\",\"author\":{\"@id\":\"https:\/\/www.gaveanews.com\/#\/schema\/person\/f42654babcd2b2014a1a65af82b081f1\"},\"breadcrumb\":{\"@id\":\"https:\/\/www.gaveanews.com\/index.php\/2025\/04\/06\/a-declaracao-de-marcelo-paz-sobre-o-momento-do-fortaleza\/#breadcrumb\"},\"inLanguage\":\"pt-BR\",\"potentialAction\":[{\"@type\":\"ReadAction\",\"target\":[\"https:\/\/www.gaveanews.com\/index.php\/2025\/04\/06\/a-declaracao-de-marcelo-paz-sobre-o-momento-do-fortaleza\/\"]}]},{\"@type\":\"ImageObject\",\"inLanguage\":\"pt-BR\",\"@id\":\"https:\/\/www.gaveanews.com\/index.php\/2025\/04\/06\/a-declaracao-de-marcelo-paz-sobre-o-momento-do-fortaleza\/#primaryimage\",\"url\":\"https:\/\/www.gaveanews.com\/wp-content\/uploads\/Marcelo-Paz-durante-uma-entrevista-com-a-camisa-do-Fortaleza.webp\",\"contentUrl\":\"https:\/\/www.gaveanews.com\/wp-content\/uploads\/Marcelo-Paz-durante-uma-entrevista-com-a-camisa-do-Fortaleza.webp\",\"width\":1280,\"height\":720,\"caption\":\"Marcelo Paz durante uma entrevista com a camisa do Fortaleza (Foto: Fabiane de Paula\/Reprodu\u00e7\u00e3o\/Di\u00e1rio do Nordeste)\"},{\"@type\":\"BreadcrumbList\",\"@id\":\"https:\/\/www.gaveanews.com\/index.php\/2025\/04\/06\/a-declaracao-de-marcelo-paz-sobre-o-momento-do-fortaleza\/#breadcrumb\",\"itemListElement\":[{\"@type\":\"ListItem\",\"position\":1,\"name\":\"Home\",\"item\":\"https:\/\/www.gaveanews.com\/\"},{\"@type\":\"ListItem\",\"position\":2,\"name\":\"A declara\u00e7\u00e3o de Marcelo Paz sobre o momento do Fortaleza\"}]},{\"@type\":\"WebSite\",\"@id\":\"https:\/\/www.gaveanews.com\/#website\",\"url\":\"https:\/\/www.gaveanews.com\/\",\"name\":\"G\u00e1vea News\",\"description\":\"Veja todas as not\u00edcias sobre o Flamengo: Contrata\u00e7\u00f5es, categorias de base, resultados das partidas, tabela de classifica\u00e7\u00e3o, pr\u00f3ximos jogos!\",\"potentialAction\":[{\"@type\":\"SearchAction\",\"target\":{\"@type\":\"EntryPoint\",\"urlTemplate\":\"https:\/\/www.gaveanews.com\/?s={search_term_string}\"},\"query-input\":{\"@type\":\"PropertyValueSpecification\",\"valueRequired\":true,\"valueName\":\"search_term_string\"}}],\"inLanguage\":\"pt-BR\"},{\"@type\":\"Person\",\"@id\":\"https:\/\/www.gaveanews.com\/#\/schema\/person\/f42654babcd2b2014a1a65af82b081f1\",\"name\":\"Geovanna Thomaz\",\"image\":{\"@type\":\"ImageObject\",\"inLanguage\":\"pt-BR\",\"@id\":\"https:\/\/www.gaveanews.com\/#\/schema\/person\/image\/\",\"url\":\"https:\/\/secure.gravatar.com\/avatar\/4092073255489533afb558984b49b64268c47198af8623cc82a925ae9fb7118a?s=96&d=mm&r=g\",\"contentUrl\":\"https:\/\/secure.gravatar.com\/avatar\/4092073255489533afb558984b49b64268c47198af8623cc82a925ae9fb7118a?s=96&d=mm&r=g\",\"caption\":\"Geovanna Thomaz\"}}]}<\/script>\n<!-- \/ Yoast SEO Premium plugin. -->","yoast_head_json":{"title":"A declara\u00e7\u00e3o de Marcelo Paz sobre o momento do Fortaleza","robots":{"index":"index","follow":"follow","max-snippet":"max-snippet:-1","max-image-preview":"max-image-preview:large","max-video-preview":"max-video-preview:-1"},"canonical":"https:\/\/www.gaveanews.com\/index.php\/2025\/04\/06\/a-declaracao-de-marcelo-paz-sobre-o-momento-do-fortaleza\/","og_locale":"pt_BR","og_type":"article","og_title":"A declara\u00e7\u00e3o de Marcelo Paz sobre o momento do Fortaleza","og_description":"Ap\u00f3s as sa\u00eddas de Alex Santiago e Bruno Costa, que ocupavam os cargos de diretor e executivo de futebol do Fortaleza, respectivamente, o CEO Marcelo Paz anunciou que ter\u00e1 atua\u00e7\u00e3o mais pr\u00f3xima no Departamento de Futebol do clube. Em pronunciamento em v\u00eddeo voltado \u00e0 torcida e \u00e0 imprensa, o dirigente agradeceu os servi\u00e7os prestados pelos [&hellip;]","og_url":"https:\/\/www.gaveanews.com\/index.php\/2025\/04\/06\/a-declaracao-de-marcelo-paz-sobre-o-momento-do-fortaleza\/","og_site_name":"G\u00e1vea News","article_publisher":"https:\/\/facebook.com\/gaveaNews\/","article_published_time":"2025-04-06T18:35:00+00:00","og_image":[{"width":1280,"height":720,"url":"https:\/\/www.gaveanews.com\/wp-content\/uploads\/Marcelo-Paz-durante-uma-entrevista-com-a-camisa-do-Fortaleza.webp","type":"image\/webp"}],"author":"Geovanna Thomaz","twitter_card":"summary_large_image","twitter_misc":{"Escrito por":"Geovanna Thomaz","Est. tempo de leitura":"2 minutos"},"schema":{"@context":"https:\/\/schema.org","@graph":[{"@type":"NewsArticle","@id":"https:\/\/www.gaveanews.com\/index.php\/2025\/04\/06\/a-declaracao-de-marcelo-paz-sobre-o-momento-do-fortaleza\/#article","isPartOf":{"@id":"https:\/\/www.gaveanews.com\/index.php\/2025\/04\/06\/a-declaracao-de-marcelo-paz-sobre-o-momento-do-fortaleza\/"},"author":{"name":"Geovanna Thomaz","@id":"https:\/\/www.gaveanews.com\/#\/schema\/person\/f42654babcd2b2014a1a65af82b081f1"},"headline":"A declara\u00e7\u00e3o de Marcelo Paz sobre o momento do Fortaleza","datePublished":"2025-04-06T18:35:00+00:00","mainEntityOfPage":{"@id":"https:\/\/www.gaveanews.com\/index.php\/2025\/04\/06\/a-declaracao-de-marcelo-paz-sobre-o-momento-do-fortaleza\/"},"wordCount":325,"commentCount":0,"image":{"@id":"https:\/\/www.gaveanews.com\/index.php\/2025\/04\/06\/a-declaracao-de-marcelo-paz-sobre-o-momento-do-fortaleza\/#primaryimage"},"thumbnailUrl":"https:\/\/www.gaveanews.com\/wp-content\/uploads\/Marcelo-Paz-durante-uma-entrevista-com-a-camisa-do-Fortaleza.webp","articleSection":["Fortaleza"],"inLanguage":"pt-BR","potentialAction":[{"@type":"CommentAction","name":"Comment","target":["https:\/\/www.gaveanews.com\/index.php\/2025\/04\/06\/a-declaracao-de-marcelo-paz-sobre-o-momento-do-fortaleza\/#respond"]}],"copyrightYear":"2025","copyrightHolder":{"@id":"https:\/\/www.gaveanews.com\/#organization"}},{"@type":"WebPage","@id":"https:\/\/www.gaveanews.com\/index.php\/2025\/04\/06\/a-declaracao-de-marcelo-paz-sobre-o-momento-do-fortaleza\/","url":"https:\/\/www.gaveanews.com\/index.php\/2025\/04\/06\/a-declaracao-de-marcelo-paz-sobre-o-momento-do-fortaleza\/","name":"A declara\u00e7\u00e3o de Marcelo Paz sobre o momento do Fortaleza","isPartOf":{"@id":"https:\/\/www.gaveanews.com\/#website"},"primaryImageOfPage":{"@id":"https:\/\/www.gaveanews.com\/index.php\/2025\/04\/06\/a-declaracao-de-marcelo-paz-sobre-o-momento-do-fortaleza\/#primaryimage"},"image":{"@id":"https:\/\/www.gaveanews.com\/index.php\/2025\/04\/06\/a-declaracao-de-marcelo-paz-sobre-o-momento-do-fortaleza\/#primaryimage"},"thumbnailUrl":"https:\/\/www.gaveanews.com\/wp-content\/uploads\/Marcelo-Paz-durante-uma-entrevista-com-a-camisa-do-Fortaleza.webp","datePublished":"2025-04-06T18:35:00+00:00","author":{"@id":"https:\/\/www.gaveanews.com\/#\/schema\/person\/f42654babcd2b2014a1a65af82b081f1"},"breadcrumb":{"@id":"https:\/\/www.gaveanews.com\/index.php\/2025\/04\/06\/a-declaracao-de-marcelo-paz-sobre-o-momento-do-fortaleza\/#breadcrumb"},"inLanguage":"pt-BR","potentialAction":[{"@type":"ReadAction","target":["https:\/\/www.gaveanews.com\/index.php\/2025\/04\/06\/a-declaracao-de-marcelo-paz-sobre-o-momento-do-fortaleza\/"]}]},{"@type":"ImageObject","inLanguage":"pt-BR","@id":"https:\/\/www.gaveanews.com\/index.php\/2025\/04\/06\/a-declaracao-de-marcelo-paz-sobre-o-momento-do-fortaleza\/#primaryimage","url":"https:\/\/www.gaveanews.com\/wp-content\/uploads\/Marcelo-Paz-durante-uma-entrevista-com-a-camisa-do-Fortaleza.webp","contentUrl":"https:\/\/www.gaveanews.com\/wp-content\/uploads\/Marcelo-Paz-durante-uma-entrevista-com-a-camisa-do-Fortaleza.webp","width":1280,"height":720,"caption":"Marcelo Paz durante uma entrevista com a camisa do Fortaleza (Foto: Fabiane de Paula\/Reprodu\u00e7\u00e3o\/Di\u00e1rio do Nordeste)"},{"@type":"BreadcrumbList","@id":"https:\/\/www.gaveanews.com\/index.php\/2025\/04\/06\/a-declaracao-de-marcelo-paz-sobre-o-momento-do-fortaleza\/#breadcrumb","itemListElement":[{"@type":"ListItem","position":1,"name":"Home","item":"https:\/\/www.gaveanews.com\/"},{"@type":"ListItem","position":2,"name":"A declara\u00e7\u00e3o de Marcelo Paz sobre o momento do Fortaleza"}]},{"@type":"WebSite","@id":"https:\/\/www.gaveanews.com\/#website","url":"https:\/\/www.gaveanews.com\/","name":"G\u00e1vea News","description":"Veja todas as not\u00edcias sobre o Flamengo: Contrata\u00e7\u00f5es, categorias de base, resultados das partidas, tabela de classifica\u00e7\u00e3o, pr\u00f3ximos jogos!","potentialAction":[{"@type":"SearchAction","target":{"@type":"EntryPoint","urlTemplate":"https:\/\/www.gaveanews.com\/?s={search_term_string}"},"query-input":{"@type":"PropertyValueSpecification","valueRequired":true,"valueName":"search_term_string"}}],"inLanguage":"pt-BR"},{"@type":"Person","@id":"https:\/\/www.gaveanews.com\/#\/schema\/person\/f42654babcd2b2014a1a65af82b081f1","name":"Geovanna Thomaz","image":{"@type":"ImageObject","inLanguage":"pt-BR","@id":"https:\/\/www.gaveanews.com\/#\/schema\/person\/image\/","url":"https:\/\/secure.gravatar.com\/avatar\/4092073255489533afb558984b49b64268c47198af8623cc82a925ae9fb7118a?s=96&d=mm&r=g","contentUrl":"https:\/\/secure.gravatar.com\/avatar\/4092073255489533afb558984b49b64268c47198af8623cc82a925ae9fb7118a?s=96&d=mm&r=g","caption":"Geovanna Thomaz"}}]}},"_links":{"self":[{"href":"https:\/\/www.gaveanews.com\/index.php\/wp-json\/wp\/v2\/posts\/249416","targetHints":{"allow":["GET"]}}],"collection":[{"href":"https:\/\/www.gaveanews.com\/index.php\/wp-json\/wp\/v2\/posts"}],"about":[{"href":"https:\/\/www.gaveanews.com\/index.php\/wp-json\/wp\/v2\/types\/post"}],"author":[{"embeddable":true,"href":"https:\/\/www.gaveanews.com\/index.php\/wp-json\/wp\/v2\/users\/17"}],"replies":[{"embeddable":true,"href":"https:\/\/www.gaveanews.com\/index.php\/wp-json\/wp\/v2\/comments?post=249416"}],"version-history":[{"count":1,"href":"https:\/\/www.gaveanews.com\/index.php\/wp-json\/wp\/v2\/posts\/249416\/revisions"}],"predecessor-version":[{"id":249417,"href":"https:\/\/www.gaveanews.com\/index.php\/wp-json\/wp\/v2\/posts\/249416\/revisions\/249417"}],"wp:featuredmedia":[{"embeddable":true,"href":"https:\/\/www.gaveanews.com\/index.php\/wp-json\/wp\/v2\/media\/109227"}],"wp:attachment":[{"href":"https:\/\/www.gaveanews.com\/index.php\/wp-json\/wp\/v2\/media?parent=249416"}],"wp:term":[{"taxonomy":"category","embeddable":true,"href":"https:\/\/www.gaveanews.com\/index.php\/wp-json\/wp\/v2\/categories?post=249416"},{"taxonomy":"post_tag","embeddable":true,"href":"https:\/\/www.gaveanews.com\/index.php\/wp-json\/wp\/v2\/tags?post=249416"}],"curies":[{"name":"wp","href":"https:\/\/api.w.org\/{rel}","templated":true}]}}