{"id":249424,"date":"2025-04-06T15:55:00","date_gmt":"2025-04-06T18:55:00","guid":{"rendered":"https:\/\/www.gaveanews.com\/?p=249424"},"modified":"2025-04-06T12:53:05","modified_gmt":"2025-04-06T15:53:05","slug":"fortaleza-atualizacao-sobre-a-saf","status":"publish","type":"post","link":"https:\/\/www.gaveanews.com\/index.php\/2025\/04\/06\/fortaleza-atualizacao-sobre-a-saf\/","title":{"rendered":"Fortaleza: atualiza\u00e7\u00e3o sobre a SAF"},"content":{"rendered":"\n<p>O Fortaleza segue avan\u00e7ando no processo de consolida\u00e7\u00e3o do modelo de Sociedade An\u00f4nima do Futebol (SAF), adotado em setembro de 2023. Nesta sexta-feira (4), os membros do Conselho de Administra\u00e7\u00e3o da SAF do clube, Bruno Acioli e Bruno Cals, participaram de uma coletiva para esclarecer o andamento do projeto e responder a cr\u00edticas da torcida sobre transpar\u00eancia e resultados pr\u00e1ticos.<\/p>\n\n\n\n<p>Durante o encontro, foi revelado que a XP Investimentos, contratada pelo clube para conduzir o processo de atra\u00e7\u00e3o de investidores, j\u00e1 realizou conversas com mais de 70 empresas interessadas em adquirir participa\u00e7\u00e3o minorit\u00e1ria na SAF. De acordo com Bruno Acioli, o n\u00famero de interessados j\u00e1 foi reduzido, e alguns grupos apresentaram inten\u00e7\u00f5es formais de investimento.<\/p>\n\n\n\n<p>\u201c\u00c9 um desafio fazer uma venda minorit\u00e1ria de um clube, o que ainda n\u00e3o aconteceu no Brasil. Tem dois desses investidores que s\u00e3o especializados em compras minorit\u00e1rias na Europa. N\u00e3o posso revelar quem s\u00e3o, mas estamos prestes a receber um termo de inten\u00e7\u00e3o\u201d, afirmou Acioli. Ele explicou ainda que, embora n\u00e3o haja proposta financeira formal at\u00e9 o momento, o processo est\u00e1 em andamento, mas exige tempo e cautela devido aos altos valores envolvidos.<\/p>\n\n\n\n<p>Bruno Cals destacou os avan\u00e7os administrativos desde a ado\u00e7\u00e3o da SAF, principalmente no campo da governan\u00e7a e controle or\u00e7ament\u00e1rio. \u201cPassamos a compartilhar mais as tomadas de decis\u00e3o, e isso auxilia muito na gest\u00e3o. Hoje conseguimos acompanhar diariamente as receitas e despesas do clube. Pouqu\u00edssimos clubes no Brasil t\u00eam esse grau de profissionaliza\u00e7\u00e3o\u201d, relatou.<\/p>\n\n\n\n<p>Apesar dos avan\u00e7os estruturais, parte da torcida tem demonstrado insatisfa\u00e7\u00e3o com a condu\u00e7\u00e3o do processo e os resultados recentes dentro de campo. Nos \u00faltimos dias, faixas de protesto foram estendidas no est\u00e1dio com frases como \u201cSAF pra quem? Pro Fortaleza ou pro CEO?\u201d e \u201cTranspar\u00eancia j\u00e1! Fortaleza n\u00e3o \u00e9 CEO brinquedo!\u201d, direcionadas ao CEO Marcelo Paz.<\/p>\n\n\n\n<p>A press\u00e3o aumentou ap\u00f3s a sa\u00edda de Alex Santiago, diretor de futebol, e Bruno Costa, executivo de futebol, na quinta-feira (3). As mudan\u00e7as foram interpretadas por torcedores como reflexo de um momento turbulento nos bastidores, agravado pela fase ruim da equipe, que venceu apenas tr\u00eas dos \u00faltimos 12 jogos.<\/p>\n\n\n\n<p>Neste fim de semana, o Fortaleza enfrenta o Mirassol pela segunda rodada do Campeonato Brasileiro. <\/p>\n","protected":false},"excerpt":{"rendered":"<p>O Fortaleza segue avan\u00e7ando no processo de consolida\u00e7\u00e3o do modelo de Sociedade An\u00f4nima do Futebol (SAF), adotado em setembro de 2023. Nesta sexta-feira (4), os membros do Conselho de Administra\u00e7\u00e3o da SAF do clube, Bruno Acioli e Bruno Cals, participaram de uma coletiva para esclarecer o andamento do projeto e responder a cr\u00edticas da torcida [&hellip;]<\/p>\n","protected":false},"author":17,"featured_media":155748,"comment_status":"open","ping_status":"closed","sticky":false,"template":"","format":"standard","meta":{"footnotes":""},"categories":[146],"tags":[],"class_list":["post-249424","post","type-post","status-publish","format-standard","has-post-thumbnail","hentry","category-fortaleza"],"yoast_head":"<!-- This site is optimized with the Yoast SEO Premium plugin v24.2 (Yoast SEO v26.9) - https:\/\/yoast.com\/product\/yoast-seo-premium-wordpress\/ -->\n<title>Fortaleza: atualiza\u00e7\u00e3o sobre a SAF<\/title>\n<meta name=\"robots\" content=\"index, follow, max-snippet:-1, max-image-preview:large, max-video-preview:-1\" \/>\n<link rel=\"canonical\" href=\"https:\/\/www.gaveanews.com\/index.php\/2025\/04\/06\/fortaleza-atualizacao-sobre-a-saf\/\" \/>\n<meta property=\"og:locale\" content=\"pt_BR\" \/>\n<meta property=\"og:type\" content=\"article\" \/>\n<meta property=\"og:title\" content=\"Fortaleza: atualiza\u00e7\u00e3o sobre a SAF\" \/>\n<meta property=\"og:description\" content=\"O Fortaleza segue avan\u00e7ando no processo de consolida\u00e7\u00e3o do modelo de Sociedade An\u00f4nima do Futebol (SAF), adotado em setembro de 2023. Nesta sexta-feira (4), os membros do Conselho de Administra\u00e7\u00e3o da SAF do clube, Bruno Acioli e Bruno Cals, participaram de uma coletiva para esclarecer o andamento do projeto e responder a cr\u00edticas da torcida [&hellip;]\" \/>\n<meta property=\"og:url\" content=\"https:\/\/www.gaveanews.com\/index.php\/2025\/04\/06\/fortaleza-atualizacao-sobre-a-saf\/\" \/>\n<meta property=\"og:site_name\" content=\"G\u00e1vea News\" \/>\n<meta property=\"article:publisher\" content=\"https:\/\/facebook.com\/gaveaNews\/\" \/>\n<meta property=\"article:published_time\" content=\"2025-04-06T18:55:00+00:00\" \/>\n<meta property=\"og:image\" content=\"https:\/\/www.gaveanews.com\/wp-content\/uploads\/Escudo-do-Fortaleza.webp\" \/>\n\t<meta property=\"og:image:width\" content=\"730\" \/>\n\t<meta property=\"og:image:height\" content=\"600\" \/>\n\t<meta property=\"og:image:type\" content=\"image\/webp\" \/>\n<meta name=\"author\" content=\"Geovanna Thomaz\" \/>\n<meta name=\"twitter:card\" content=\"summary_large_image\" \/>\n<meta name=\"twitter:label1\" content=\"Escrito por\" \/>\n\t<meta name=\"twitter:data1\" content=\"Geovanna Thomaz\" \/>\n\t<meta name=\"twitter:label2\" content=\"Est. tempo de leitura\" \/>\n\t<meta name=\"twitter:data2\" content=\"3 minutos\" \/>\n<script type=\"application\/ld+json\" class=\"yoast-schema-graph\">{\"@context\":\"https:\/\/schema.org\",\"@graph\":[{\"@type\":\"NewsArticle\",\"@id\":\"https:\/\/www.gaveanews.com\/index.php\/2025\/04\/06\/fortaleza-atualizacao-sobre-a-saf\/#article\",\"isPartOf\":{\"@id\":\"https:\/\/www.gaveanews.com\/index.php\/2025\/04\/06\/fortaleza-atualizacao-sobre-a-saf\/\"},\"author\":{\"name\":\"Geovanna Thomaz\",\"@id\":\"https:\/\/www.gaveanews.com\/#\/schema\/person\/f42654babcd2b2014a1a65af82b081f1\"},\"headline\":\"Fortaleza: atualiza\u00e7\u00e3o sobre a SAF\",\"datePublished\":\"2025-04-06T18:55:00+00:00\",\"mainEntityOfPage\":{\"@id\":\"https:\/\/www.gaveanews.com\/index.php\/2025\/04\/06\/fortaleza-atualizacao-sobre-a-saf\/\"},\"wordCount\":401,\"commentCount\":0,\"image\":{\"@id\":\"https:\/\/www.gaveanews.com\/index.php\/2025\/04\/06\/fortaleza-atualizacao-sobre-a-saf\/#primaryimage\"},\"thumbnailUrl\":\"https:\/\/www.gaveanews.com\/wp-content\/uploads\/Escudo-do-Fortaleza.webp\",\"articleSection\":[\"Fortaleza\"],\"inLanguage\":\"pt-BR\",\"potentialAction\":[{\"@type\":\"CommentAction\",\"name\":\"Comment\",\"target\":[\"https:\/\/www.gaveanews.com\/index.php\/2025\/04\/06\/fortaleza-atualizacao-sobre-a-saf\/#respond\"]}],\"copyrightYear\":\"2025\",\"copyrightHolder\":{\"@id\":\"https:\/\/www.gaveanews.com\/#organization\"}},{\"@type\":\"WebPage\",\"@id\":\"https:\/\/www.gaveanews.com\/index.php\/2025\/04\/06\/fortaleza-atualizacao-sobre-a-saf\/\",\"url\":\"https:\/\/www.gaveanews.com\/index.php\/2025\/04\/06\/fortaleza-atualizacao-sobre-a-saf\/\",\"name\":\"Fortaleza: atualiza\u00e7\u00e3o sobre a SAF\",\"isPartOf\":{\"@id\":\"https:\/\/www.gaveanews.com\/#website\"},\"primaryImageOfPage\":{\"@id\":\"https:\/\/www.gaveanews.com\/index.php\/2025\/04\/06\/fortaleza-atualizacao-sobre-a-saf\/#primaryimage\"},\"image\":{\"@id\":\"https:\/\/www.gaveanews.com\/index.php\/2025\/04\/06\/fortaleza-atualizacao-sobre-a-saf\/#primaryimage\"},\"thumbnailUrl\":\"https:\/\/www.gaveanews.com\/wp-content\/uploads\/Escudo-do-Fortaleza.webp\",\"datePublished\":\"2025-04-06T18:55:00+00:00\",\"author\":{\"@id\":\"https:\/\/www.gaveanews.com\/#\/schema\/person\/f42654babcd2b2014a1a65af82b081f1\"},\"breadcrumb\":{\"@id\":\"https:\/\/www.gaveanews.com\/index.php\/2025\/04\/06\/fortaleza-atualizacao-sobre-a-saf\/#breadcrumb\"},\"inLanguage\":\"pt-BR\",\"potentialAction\":[{\"@type\":\"ReadAction\",\"target\":[\"https:\/\/www.gaveanews.com\/index.php\/2025\/04\/06\/fortaleza-atualizacao-sobre-a-saf\/\"]}]},{\"@type\":\"ImageObject\",\"inLanguage\":\"pt-BR\",\"@id\":\"https:\/\/www.gaveanews.com\/index.php\/2025\/04\/06\/fortaleza-atualizacao-sobre-a-saf\/#primaryimage\",\"url\":\"https:\/\/www.gaveanews.com\/wp-content\/uploads\/Escudo-do-Fortaleza.webp\",\"contentUrl\":\"https:\/\/www.gaveanews.com\/wp-content\/uploads\/Escudo-do-Fortaleza.webp\",\"width\":730,\"height\":600,\"caption\":\"Escudo do Fortaleza (Foto: Reprodu\u00e7\u00e3o)\"},{\"@type\":\"BreadcrumbList\",\"@id\":\"https:\/\/www.gaveanews.com\/index.php\/2025\/04\/06\/fortaleza-atualizacao-sobre-a-saf\/#breadcrumb\",\"itemListElement\":[{\"@type\":\"ListItem\",\"position\":1,\"name\":\"Home\",\"item\":\"https:\/\/www.gaveanews.com\/\"},{\"@type\":\"ListItem\",\"position\":2,\"name\":\"Fortaleza: atualiza\u00e7\u00e3o sobre a SAF\"}]},{\"@type\":\"WebSite\",\"@id\":\"https:\/\/www.gaveanews.com\/#website\",\"url\":\"https:\/\/www.gaveanews.com\/\",\"name\":\"G\u00e1vea News\",\"description\":\"Veja todas as not\u00edcias sobre o Flamengo: Contrata\u00e7\u00f5es, categorias de base, resultados das partidas, tabela de classifica\u00e7\u00e3o, pr\u00f3ximos jogos!\",\"potentialAction\":[{\"@type\":\"SearchAction\",\"target\":{\"@type\":\"EntryPoint\",\"urlTemplate\":\"https:\/\/www.gaveanews.com\/?s={search_term_string}\"},\"query-input\":{\"@type\":\"PropertyValueSpecification\",\"valueRequired\":true,\"valueName\":\"search_term_string\"}}],\"inLanguage\":\"pt-BR\"},{\"@type\":\"Person\",\"@id\":\"https:\/\/www.gaveanews.com\/#\/schema\/person\/f42654babcd2b2014a1a65af82b081f1\",\"name\":\"Geovanna Thomaz\",\"image\":{\"@type\":\"ImageObject\",\"inLanguage\":\"pt-BR\",\"@id\":\"https:\/\/www.gaveanews.com\/#\/schema\/person\/image\/\",\"url\":\"https:\/\/secure.gravatar.com\/avatar\/4092073255489533afb558984b49b64268c47198af8623cc82a925ae9fb7118a?s=96&d=mm&r=g\",\"contentUrl\":\"https:\/\/secure.gravatar.com\/avatar\/4092073255489533afb558984b49b64268c47198af8623cc82a925ae9fb7118a?s=96&d=mm&r=g\",\"caption\":\"Geovanna Thomaz\"}}]}<\/script>\n<!-- \/ Yoast SEO Premium plugin. -->","yoast_head_json":{"title":"Fortaleza: atualiza\u00e7\u00e3o sobre a SAF","robots":{"index":"index","follow":"follow","max-snippet":"max-snippet:-1","max-image-preview":"max-image-preview:large","max-video-preview":"max-video-preview:-1"},"canonical":"https:\/\/www.gaveanews.com\/index.php\/2025\/04\/06\/fortaleza-atualizacao-sobre-a-saf\/","og_locale":"pt_BR","og_type":"article","og_title":"Fortaleza: atualiza\u00e7\u00e3o sobre a SAF","og_description":"O Fortaleza segue avan\u00e7ando no processo de consolida\u00e7\u00e3o do modelo de Sociedade An\u00f4nima do Futebol (SAF), adotado em setembro de 2023. Nesta sexta-feira (4), os membros do Conselho de Administra\u00e7\u00e3o da SAF do clube, Bruno Acioli e Bruno Cals, participaram de uma coletiva para esclarecer o andamento do projeto e responder a cr\u00edticas da torcida [&hellip;]","og_url":"https:\/\/www.gaveanews.com\/index.php\/2025\/04\/06\/fortaleza-atualizacao-sobre-a-saf\/","og_site_name":"G\u00e1vea News","article_publisher":"https:\/\/facebook.com\/gaveaNews\/","article_published_time":"2025-04-06T18:55:00+00:00","og_image":[{"width":730,"height":600,"url":"https:\/\/www.gaveanews.com\/wp-content\/uploads\/Escudo-do-Fortaleza.webp","type":"image\/webp"}],"author":"Geovanna Thomaz","twitter_card":"summary_large_image","twitter_misc":{"Escrito por":"Geovanna Thomaz","Est. tempo de leitura":"3 minutos"},"schema":{"@context":"https:\/\/schema.org","@graph":[{"@type":"NewsArticle","@id":"https:\/\/www.gaveanews.com\/index.php\/2025\/04\/06\/fortaleza-atualizacao-sobre-a-saf\/#article","isPartOf":{"@id":"https:\/\/www.gaveanews.com\/index.php\/2025\/04\/06\/fortaleza-atualizacao-sobre-a-saf\/"},"author":{"name":"Geovanna Thomaz","@id":"https:\/\/www.gaveanews.com\/#\/schema\/person\/f42654babcd2b2014a1a65af82b081f1"},"headline":"Fortaleza: atualiza\u00e7\u00e3o sobre a SAF","datePublished":"2025-04-06T18:55:00+00:00","mainEntityOfPage":{"@id":"https:\/\/www.gaveanews.com\/index.php\/2025\/04\/06\/fortaleza-atualizacao-sobre-a-saf\/"},"wordCount":401,"commentCount":0,"image":{"@id":"https:\/\/www.gaveanews.com\/index.php\/2025\/04\/06\/fortaleza-atualizacao-sobre-a-saf\/#primaryimage"},"thumbnailUrl":"https:\/\/www.gaveanews.com\/wp-content\/uploads\/Escudo-do-Fortaleza.webp","articleSection":["Fortaleza"],"inLanguage":"pt-BR","potentialAction":[{"@type":"CommentAction","name":"Comment","target":["https:\/\/www.gaveanews.com\/index.php\/2025\/04\/06\/fortaleza-atualizacao-sobre-a-saf\/#respond"]}],"copyrightYear":"2025","copyrightHolder":{"@id":"https:\/\/www.gaveanews.com\/#organization"}},{"@type":"WebPage","@id":"https:\/\/www.gaveanews.com\/index.php\/2025\/04\/06\/fortaleza-atualizacao-sobre-a-saf\/","url":"https:\/\/www.gaveanews.com\/index.php\/2025\/04\/06\/fortaleza-atualizacao-sobre-a-saf\/","name":"Fortaleza: atualiza\u00e7\u00e3o sobre a SAF","isPartOf":{"@id":"https:\/\/www.gaveanews.com\/#website"},"primaryImageOfPage":{"@id":"https:\/\/www.gaveanews.com\/index.php\/2025\/04\/06\/fortaleza-atualizacao-sobre-a-saf\/#primaryimage"},"image":{"@id":"https:\/\/www.gaveanews.com\/index.php\/2025\/04\/06\/fortaleza-atualizacao-sobre-a-saf\/#primaryimage"},"thumbnailUrl":"https:\/\/www.gaveanews.com\/wp-content\/uploads\/Escudo-do-Fortaleza.webp","datePublished":"2025-04-06T18:55:00+00:00","author":{"@id":"https:\/\/www.gaveanews.com\/#\/schema\/person\/f42654babcd2b2014a1a65af82b081f1"},"breadcrumb":{"@id":"https:\/\/www.gaveanews.com\/index.php\/2025\/04\/06\/fortaleza-atualizacao-sobre-a-saf\/#breadcrumb"},"inLanguage":"pt-BR","potentialAction":[{"@type":"ReadAction","target":["https:\/\/www.gaveanews.com\/index.php\/2025\/04\/06\/fortaleza-atualizacao-sobre-a-saf\/"]}]},{"@type":"ImageObject","inLanguage":"pt-BR","@id":"https:\/\/www.gaveanews.com\/index.php\/2025\/04\/06\/fortaleza-atualizacao-sobre-a-saf\/#primaryimage","url":"https:\/\/www.gaveanews.com\/wp-content\/uploads\/Escudo-do-Fortaleza.webp","contentUrl":"https:\/\/www.gaveanews.com\/wp-content\/uploads\/Escudo-do-Fortaleza.webp","width":730,"height":600,"caption":"Escudo do Fortaleza (Foto: Reprodu\u00e7\u00e3o)"},{"@type":"BreadcrumbList","@id":"https:\/\/www.gaveanews.com\/index.php\/2025\/04\/06\/fortaleza-atualizacao-sobre-a-saf\/#breadcrumb","itemListElement":[{"@type":"ListItem","position":1,"name":"Home","item":"https:\/\/www.gaveanews.com\/"},{"@type":"ListItem","position":2,"name":"Fortaleza: atualiza\u00e7\u00e3o sobre a SAF"}]},{"@type":"WebSite","@id":"https:\/\/www.gaveanews.com\/#website","url":"https:\/\/www.gaveanews.com\/","name":"G\u00e1vea News","description":"Veja todas as not\u00edcias sobre o Flamengo: Contrata\u00e7\u00f5es, categorias de base, resultados das partidas, tabela de classifica\u00e7\u00e3o, pr\u00f3ximos jogos!","potentialAction":[{"@type":"SearchAction","target":{"@type":"EntryPoint","urlTemplate":"https:\/\/www.gaveanews.com\/?s={search_term_string}"},"query-input":{"@type":"PropertyValueSpecification","valueRequired":true,"valueName":"search_term_string"}}],"inLanguage":"pt-BR"},{"@type":"Person","@id":"https:\/\/www.gaveanews.com\/#\/schema\/person\/f42654babcd2b2014a1a65af82b081f1","name":"Geovanna Thomaz","image":{"@type":"ImageObject","inLanguage":"pt-BR","@id":"https:\/\/www.gaveanews.com\/#\/schema\/person\/image\/","url":"https:\/\/secure.gravatar.com\/avatar\/4092073255489533afb558984b49b64268c47198af8623cc82a925ae9fb7118a?s=96&d=mm&r=g","contentUrl":"https:\/\/secure.gravatar.com\/avatar\/4092073255489533afb558984b49b64268c47198af8623cc82a925ae9fb7118a?s=96&d=mm&r=g","caption":"Geovanna Thomaz"}}]}},"_links":{"self":[{"href":"https:\/\/www.gaveanews.com\/index.php\/wp-json\/wp\/v2\/posts\/249424","targetHints":{"allow":["GET"]}}],"collection":[{"href":"https:\/\/www.gaveanews.com\/index.php\/wp-json\/wp\/v2\/posts"}],"about":[{"href":"https:\/\/www.gaveanews.com\/index.php\/wp-json\/wp\/v2\/types\/post"}],"author":[{"embeddable":true,"href":"https:\/\/www.gaveanews.com\/index.php\/wp-json\/wp\/v2\/users\/17"}],"replies":[{"embeddable":true,"href":"https:\/\/www.gaveanews.com\/index.php\/wp-json\/wp\/v2\/comments?post=249424"}],"version-history":[{"count":1,"href":"https:\/\/www.gaveanews.com\/index.php\/wp-json\/wp\/v2\/posts\/249424\/revisions"}],"predecessor-version":[{"id":249425,"href":"https:\/\/www.gaveanews.com\/index.php\/wp-json\/wp\/v2\/posts\/249424\/revisions\/249425"}],"wp:featuredmedia":[{"embeddable":true,"href":"https:\/\/www.gaveanews.com\/index.php\/wp-json\/wp\/v2\/media\/155748"}],"wp:attachment":[{"href":"https:\/\/www.gaveanews.com\/index.php\/wp-json\/wp\/v2\/media?parent=249424"}],"wp:term":[{"taxonomy":"category","embeddable":true,"href":"https:\/\/www.gaveanews.com\/index.php\/wp-json\/wp\/v2\/categories?post=249424"},{"taxonomy":"post_tag","embeddable":true,"href":"https:\/\/www.gaveanews.com\/index.php\/wp-json\/wp\/v2\/tags?post=249424"}],"curies":[{"name":"wp","href":"https:\/\/api.w.org\/{rel}","templated":true}]}}