{"id":249426,"date":"2025-04-06T16:00:00","date_gmt":"2025-04-06T19:00:00","guid":{"rendered":"https:\/\/www.gaveanews.com\/?p=249426"},"modified":"2025-04-06T12:53:05","modified_gmt":"2025-04-06T15:53:05","slug":"roger-machado-ja-pode-poupar-jogadores-no-internacional","status":"publish","type":"post","link":"https:\/\/www.gaveanews.com\/index.php\/2025\/04\/06\/roger-machado-ja-pode-poupar-jogadores-no-internacional\/","title":{"rendered":"Roger Machado j\u00e1 pode poupar jogadores no Internacional"},"content":{"rendered":"\n<p>Ap\u00f3s o empate por 1 a 1 com o Bahia, na estreia da fase de grupos da Libertadores, o Internacional volta a campo neste domingo (6), pelo Campeonato Brasileiro, diante do Cruzeiro, no Beira-Rio. O confronto ser\u00e1 marcado por uma estrat\u00e9gia de preserva\u00e7\u00e3o: com foco no duelo da pr\u00f3xima quinta-feira (10) contra o Atl\u00e9tico Nacional-COL, pela segunda rodada da competi\u00e7\u00e3o continental, o t\u00e9cnico Roger Machado deve escalar um time misto no Brasileir\u00e3o.<\/p>\n\n\n\n<p>O zagueiro Juninho, que sentiu a coxa no jogo contra o Bahia, \u00e9 d\u00favida e dificilmente ser\u00e1 relacionado para o jogo diante da Raposa. Embora o atleta tenha afirmado estar \u00e0 disposi\u00e7\u00e3o, a tend\u00eancia \u00e9 de precau\u00e7\u00e3o. Rogel e Kaique Rocha disputam a vaga. Vit\u00e3o tamb\u00e9m deixou o campo com dores no tornozelo, mas a comiss\u00e3o t\u00e9cnica acredita que a situa\u00e7\u00e3o n\u00e3o preocupa. Segundo Roger, o problema foi apenas um choque durante a partida e o defensor deve estar dispon\u00edvel.<\/p>\n\n\n\n<p>No meio-campo, os experientes Fernando e Bruno Henrique, de 37 e 35 anos, respectivamente, podem ser poupados. A poss\u00edvel aus\u00eancia da dupla abre espa\u00e7o para Ronaldo e Thiago Maia, que v\u00eam sendo utilizados com frequ\u00eancia por Roger Machado no rod\u00edzio da equipe.<\/p>\n\n\n\n<p>Mais \u00e0 frente, Alan Patrick deve seguir como titular. Apesar da possibilidade de preserva\u00e7\u00e3o, o camisa 10 \u00e9 considerado pe\u00e7a-chave no sistema ofensivo do Inter. Nas pontas, h\u00e1 chance de descanso para Wesley, ex-Cruzeiro. Caso isso se confirme, Carbonero deve ganhar oportunidade no setor.<\/p>\n\n\n\n<p>No comando de ataque, Valencia aparece como favorito para come\u00e7ar entre os 11. O equatoriano entrou no segundo tempo contra o Bahia e marcou o gol de empate. O bom momento na temporada, incluindo gols decisivos como o da final do Gauch\u00e3o, aumenta sua chance de ser titular no lugar de Borr\u00e9, que iniciou a partida na estreia da Libertadores.<\/p>\n\n\n\n<p>A prov\u00e1vel escala\u00e7\u00e3o do Inter para enfrentar o Cruzeiro tem: Anthoni; Aguirre, Rogel (Juninho), Vit\u00e3o e Bernabei; Fernando (Thiago Maia), Bruno Henrique (Ronaldo), Alan Patrick, Vitinho e Wesley (Carbonero); Valencia.<\/p>\n","protected":false},"excerpt":{"rendered":"<p>Ap\u00f3s o empate por 1 a 1 com o Bahia, na estreia da fase de grupos da Libertadores, o Internacional volta a campo neste domingo (6), pelo Campeonato Brasileiro, diante do Cruzeiro, no Beira-Rio. O confronto ser\u00e1 marcado por uma estrat\u00e9gia de preserva\u00e7\u00e3o: com foco no duelo da pr\u00f3xima quinta-feira (10) contra o Atl\u00e9tico Nacional-COL, [&hellip;]<\/p>\n","protected":false},"author":17,"featured_media":154272,"comment_status":"open","ping_status":"closed","sticky":false,"template":"","format":"standard","meta":{"footnotes":""},"categories":[148],"tags":[],"class_list":["post-249426","post","type-post","status-publish","format-standard","has-post-thumbnail","hentry","category-internacional"],"yoast_head":"<!-- This site is optimized with the Yoast SEO Premium plugin v24.2 (Yoast SEO v26.9) - https:\/\/yoast.com\/product\/yoast-seo-premium-wordpress\/ -->\n<title>Roger Machado j\u00e1 pode poupar jogadores no Internacional<\/title>\n<meta name=\"robots\" content=\"index, follow, max-snippet:-1, max-image-preview:large, max-video-preview:-1\" \/>\n<link rel=\"canonical\" href=\"https:\/\/www.gaveanews.com\/index.php\/2025\/04\/06\/roger-machado-ja-pode-poupar-jogadores-no-internacional\/\" \/>\n<meta property=\"og:locale\" content=\"pt_BR\" \/>\n<meta property=\"og:type\" content=\"article\" \/>\n<meta property=\"og:title\" content=\"Roger Machado j\u00e1 pode poupar jogadores no Internacional\" \/>\n<meta property=\"og:description\" content=\"Ap\u00f3s o empate por 1 a 1 com o Bahia, na estreia da fase de grupos da Libertadores, o Internacional volta a campo neste domingo (6), pelo Campeonato Brasileiro, diante do Cruzeiro, no Beira-Rio. O confronto ser\u00e1 marcado por uma estrat\u00e9gia de preserva\u00e7\u00e3o: com foco no duelo da pr\u00f3xima quinta-feira (10) contra o Atl\u00e9tico Nacional-COL, [&hellip;]\" \/>\n<meta property=\"og:url\" content=\"https:\/\/www.gaveanews.com\/index.php\/2025\/04\/06\/roger-machado-ja-pode-poupar-jogadores-no-internacional\/\" \/>\n<meta property=\"og:site_name\" content=\"G\u00e1vea News\" \/>\n<meta property=\"article:publisher\" content=\"https:\/\/facebook.com\/gaveaNews\/\" \/>\n<meta property=\"article:published_time\" content=\"2025-04-06T19:00:00+00:00\" \/>\n<meta property=\"og:image\" content=\"https:\/\/www.gaveanews.com\/wp-content\/uploads\/Roger-Machado-durante-coletiva-pelo-Internacional-em-2024.webp\" \/>\n\t<meta property=\"og:image:width\" content=\"1419\" \/>\n\t<meta property=\"og:image:height\" content=\"1065\" \/>\n\t<meta property=\"og:image:type\" content=\"image\/webp\" \/>\n<meta name=\"author\" content=\"Geovanna Thomaz\" \/>\n<meta name=\"twitter:card\" content=\"summary_large_image\" \/>\n<meta name=\"twitter:label1\" content=\"Escrito por\" \/>\n\t<meta name=\"twitter:data1\" content=\"Geovanna Thomaz\" \/>\n\t<meta name=\"twitter:label2\" content=\"Est. tempo de leitura\" \/>\n\t<meta name=\"twitter:data2\" content=\"3 minutos\" \/>\n<script type=\"application\/ld+json\" class=\"yoast-schema-graph\">{\"@context\":\"https:\/\/schema.org\",\"@graph\":[{\"@type\":\"NewsArticle\",\"@id\":\"https:\/\/www.gaveanews.com\/index.php\/2025\/04\/06\/roger-machado-ja-pode-poupar-jogadores-no-internacional\/#article\",\"isPartOf\":{\"@id\":\"https:\/\/www.gaveanews.com\/index.php\/2025\/04\/06\/roger-machado-ja-pode-poupar-jogadores-no-internacional\/\"},\"author\":{\"name\":\"Geovanna Thomaz\",\"@id\":\"https:\/\/www.gaveanews.com\/#\/schema\/person\/f42654babcd2b2014a1a65af82b081f1\"},\"headline\":\"Roger Machado j\u00e1 pode poupar jogadores no Internacional\",\"datePublished\":\"2025-04-06T19:00:00+00:00\",\"mainEntityOfPage\":{\"@id\":\"https:\/\/www.gaveanews.com\/index.php\/2025\/04\/06\/roger-machado-ja-pode-poupar-jogadores-no-internacional\/\"},\"wordCount\":355,\"commentCount\":0,\"image\":{\"@id\":\"https:\/\/www.gaveanews.com\/index.php\/2025\/04\/06\/roger-machado-ja-pode-poupar-jogadores-no-internacional\/#primaryimage\"},\"thumbnailUrl\":\"https:\/\/www.gaveanews.com\/wp-content\/uploads\/Roger-Machado-durante-coletiva-pelo-Internacional-em-2024.webp\",\"articleSection\":[\"Internacional\"],\"inLanguage\":\"pt-BR\",\"potentialAction\":[{\"@type\":\"CommentAction\",\"name\":\"Comment\",\"target\":[\"https:\/\/www.gaveanews.com\/index.php\/2025\/04\/06\/roger-machado-ja-pode-poupar-jogadores-no-internacional\/#respond\"]}],\"copyrightYear\":\"2025\",\"copyrightHolder\":{\"@id\":\"https:\/\/www.gaveanews.com\/#organization\"}},{\"@type\":\"WebPage\",\"@id\":\"https:\/\/www.gaveanews.com\/index.php\/2025\/04\/06\/roger-machado-ja-pode-poupar-jogadores-no-internacional\/\",\"url\":\"https:\/\/www.gaveanews.com\/index.php\/2025\/04\/06\/roger-machado-ja-pode-poupar-jogadores-no-internacional\/\",\"name\":\"Roger Machado j\u00e1 pode poupar jogadores no Internacional\",\"isPartOf\":{\"@id\":\"https:\/\/www.gaveanews.com\/#website\"},\"primaryImageOfPage\":{\"@id\":\"https:\/\/www.gaveanews.com\/index.php\/2025\/04\/06\/roger-machado-ja-pode-poupar-jogadores-no-internacional\/#primaryimage\"},\"image\":{\"@id\":\"https:\/\/www.gaveanews.com\/index.php\/2025\/04\/06\/roger-machado-ja-pode-poupar-jogadores-no-internacional\/#primaryimage\"},\"thumbnailUrl\":\"https:\/\/www.gaveanews.com\/wp-content\/uploads\/Roger-Machado-durante-coletiva-pelo-Internacional-em-2024.webp\",\"datePublished\":\"2025-04-06T19:00:00+00:00\",\"author\":{\"@id\":\"https:\/\/www.gaveanews.com\/#\/schema\/person\/f42654babcd2b2014a1a65af82b081f1\"},\"breadcrumb\":{\"@id\":\"https:\/\/www.gaveanews.com\/index.php\/2025\/04\/06\/roger-machado-ja-pode-poupar-jogadores-no-internacional\/#breadcrumb\"},\"inLanguage\":\"pt-BR\",\"potentialAction\":[{\"@type\":\"ReadAction\",\"target\":[\"https:\/\/www.gaveanews.com\/index.php\/2025\/04\/06\/roger-machado-ja-pode-poupar-jogadores-no-internacional\/\"]}]},{\"@type\":\"ImageObject\",\"inLanguage\":\"pt-BR\",\"@id\":\"https:\/\/www.gaveanews.com\/index.php\/2025\/04\/06\/roger-machado-ja-pode-poupar-jogadores-no-internacional\/#primaryimage\",\"url\":\"https:\/\/www.gaveanews.com\/wp-content\/uploads\/Roger-Machado-durante-coletiva-pelo-Internacional-em-2024.webp\",\"contentUrl\":\"https:\/\/www.gaveanews.com\/wp-content\/uploads\/Roger-Machado-durante-coletiva-pelo-Internacional-em-2024.webp\",\"width\":1419,\"height\":1065,\"caption\":\"Roger Machado durante coletiva pelo Internacional em 2024 (Foto: Reprodu\u00e7\u00e3o\/Internacional)\"},{\"@type\":\"BreadcrumbList\",\"@id\":\"https:\/\/www.gaveanews.com\/index.php\/2025\/04\/06\/roger-machado-ja-pode-poupar-jogadores-no-internacional\/#breadcrumb\",\"itemListElement\":[{\"@type\":\"ListItem\",\"position\":1,\"name\":\"Home\",\"item\":\"https:\/\/www.gaveanews.com\/\"},{\"@type\":\"ListItem\",\"position\":2,\"name\":\"Roger Machado j\u00e1 pode poupar jogadores no Internacional\"}]},{\"@type\":\"WebSite\",\"@id\":\"https:\/\/www.gaveanews.com\/#website\",\"url\":\"https:\/\/www.gaveanews.com\/\",\"name\":\"G\u00e1vea News\",\"description\":\"Veja todas as not\u00edcias sobre o Flamengo: Contrata\u00e7\u00f5es, categorias de base, resultados das partidas, tabela de classifica\u00e7\u00e3o, pr\u00f3ximos jogos!\",\"potentialAction\":[{\"@type\":\"SearchAction\",\"target\":{\"@type\":\"EntryPoint\",\"urlTemplate\":\"https:\/\/www.gaveanews.com\/?s={search_term_string}\"},\"query-input\":{\"@type\":\"PropertyValueSpecification\",\"valueRequired\":true,\"valueName\":\"search_term_string\"}}],\"inLanguage\":\"pt-BR\"},{\"@type\":\"Person\",\"@id\":\"https:\/\/www.gaveanews.com\/#\/schema\/person\/f42654babcd2b2014a1a65af82b081f1\",\"name\":\"Geovanna Thomaz\",\"image\":{\"@type\":\"ImageObject\",\"inLanguage\":\"pt-BR\",\"@id\":\"https:\/\/www.gaveanews.com\/#\/schema\/person\/image\/\",\"url\":\"https:\/\/secure.gravatar.com\/avatar\/4092073255489533afb558984b49b64268c47198af8623cc82a925ae9fb7118a?s=96&d=mm&r=g\",\"contentUrl\":\"https:\/\/secure.gravatar.com\/avatar\/4092073255489533afb558984b49b64268c47198af8623cc82a925ae9fb7118a?s=96&d=mm&r=g\",\"caption\":\"Geovanna Thomaz\"}}]}<\/script>\n<!-- \/ Yoast SEO Premium plugin. -->","yoast_head_json":{"title":"Roger Machado j\u00e1 pode poupar jogadores no Internacional","robots":{"index":"index","follow":"follow","max-snippet":"max-snippet:-1","max-image-preview":"max-image-preview:large","max-video-preview":"max-video-preview:-1"},"canonical":"https:\/\/www.gaveanews.com\/index.php\/2025\/04\/06\/roger-machado-ja-pode-poupar-jogadores-no-internacional\/","og_locale":"pt_BR","og_type":"article","og_title":"Roger Machado j\u00e1 pode poupar jogadores no Internacional","og_description":"Ap\u00f3s o empate por 1 a 1 com o Bahia, na estreia da fase de grupos da Libertadores, o Internacional volta a campo neste domingo (6), pelo Campeonato Brasileiro, diante do Cruzeiro, no Beira-Rio. O confronto ser\u00e1 marcado por uma estrat\u00e9gia de preserva\u00e7\u00e3o: com foco no duelo da pr\u00f3xima quinta-feira (10) contra o Atl\u00e9tico Nacional-COL, [&hellip;]","og_url":"https:\/\/www.gaveanews.com\/index.php\/2025\/04\/06\/roger-machado-ja-pode-poupar-jogadores-no-internacional\/","og_site_name":"G\u00e1vea News","article_publisher":"https:\/\/facebook.com\/gaveaNews\/","article_published_time":"2025-04-06T19:00:00+00:00","og_image":[{"width":1419,"height":1065,"url":"https:\/\/www.gaveanews.com\/wp-content\/uploads\/Roger-Machado-durante-coletiva-pelo-Internacional-em-2024.webp","type":"image\/webp"}],"author":"Geovanna Thomaz","twitter_card":"summary_large_image","twitter_misc":{"Escrito por":"Geovanna Thomaz","Est. tempo de leitura":"3 minutos"},"schema":{"@context":"https:\/\/schema.org","@graph":[{"@type":"NewsArticle","@id":"https:\/\/www.gaveanews.com\/index.php\/2025\/04\/06\/roger-machado-ja-pode-poupar-jogadores-no-internacional\/#article","isPartOf":{"@id":"https:\/\/www.gaveanews.com\/index.php\/2025\/04\/06\/roger-machado-ja-pode-poupar-jogadores-no-internacional\/"},"author":{"name":"Geovanna Thomaz","@id":"https:\/\/www.gaveanews.com\/#\/schema\/person\/f42654babcd2b2014a1a65af82b081f1"},"headline":"Roger Machado j\u00e1 pode poupar jogadores no Internacional","datePublished":"2025-04-06T19:00:00+00:00","mainEntityOfPage":{"@id":"https:\/\/www.gaveanews.com\/index.php\/2025\/04\/06\/roger-machado-ja-pode-poupar-jogadores-no-internacional\/"},"wordCount":355,"commentCount":0,"image":{"@id":"https:\/\/www.gaveanews.com\/index.php\/2025\/04\/06\/roger-machado-ja-pode-poupar-jogadores-no-internacional\/#primaryimage"},"thumbnailUrl":"https:\/\/www.gaveanews.com\/wp-content\/uploads\/Roger-Machado-durante-coletiva-pelo-Internacional-em-2024.webp","articleSection":["Internacional"],"inLanguage":"pt-BR","potentialAction":[{"@type":"CommentAction","name":"Comment","target":["https:\/\/www.gaveanews.com\/index.php\/2025\/04\/06\/roger-machado-ja-pode-poupar-jogadores-no-internacional\/#respond"]}],"copyrightYear":"2025","copyrightHolder":{"@id":"https:\/\/www.gaveanews.com\/#organization"}},{"@type":"WebPage","@id":"https:\/\/www.gaveanews.com\/index.php\/2025\/04\/06\/roger-machado-ja-pode-poupar-jogadores-no-internacional\/","url":"https:\/\/www.gaveanews.com\/index.php\/2025\/04\/06\/roger-machado-ja-pode-poupar-jogadores-no-internacional\/","name":"Roger Machado j\u00e1 pode poupar jogadores no Internacional","isPartOf":{"@id":"https:\/\/www.gaveanews.com\/#website"},"primaryImageOfPage":{"@id":"https:\/\/www.gaveanews.com\/index.php\/2025\/04\/06\/roger-machado-ja-pode-poupar-jogadores-no-internacional\/#primaryimage"},"image":{"@id":"https:\/\/www.gaveanews.com\/index.php\/2025\/04\/06\/roger-machado-ja-pode-poupar-jogadores-no-internacional\/#primaryimage"},"thumbnailUrl":"https:\/\/www.gaveanews.com\/wp-content\/uploads\/Roger-Machado-durante-coletiva-pelo-Internacional-em-2024.webp","datePublished":"2025-04-06T19:00:00+00:00","author":{"@id":"https:\/\/www.gaveanews.com\/#\/schema\/person\/f42654babcd2b2014a1a65af82b081f1"},"breadcrumb":{"@id":"https:\/\/www.gaveanews.com\/index.php\/2025\/04\/06\/roger-machado-ja-pode-poupar-jogadores-no-internacional\/#breadcrumb"},"inLanguage":"pt-BR","potentialAction":[{"@type":"ReadAction","target":["https:\/\/www.gaveanews.com\/index.php\/2025\/04\/06\/roger-machado-ja-pode-poupar-jogadores-no-internacional\/"]}]},{"@type":"ImageObject","inLanguage":"pt-BR","@id":"https:\/\/www.gaveanews.com\/index.php\/2025\/04\/06\/roger-machado-ja-pode-poupar-jogadores-no-internacional\/#primaryimage","url":"https:\/\/www.gaveanews.com\/wp-content\/uploads\/Roger-Machado-durante-coletiva-pelo-Internacional-em-2024.webp","contentUrl":"https:\/\/www.gaveanews.com\/wp-content\/uploads\/Roger-Machado-durante-coletiva-pelo-Internacional-em-2024.webp","width":1419,"height":1065,"caption":"Roger Machado durante coletiva pelo Internacional em 2024 (Foto: Reprodu\u00e7\u00e3o\/Internacional)"},{"@type":"BreadcrumbList","@id":"https:\/\/www.gaveanews.com\/index.php\/2025\/04\/06\/roger-machado-ja-pode-poupar-jogadores-no-internacional\/#breadcrumb","itemListElement":[{"@type":"ListItem","position":1,"name":"Home","item":"https:\/\/www.gaveanews.com\/"},{"@type":"ListItem","position":2,"name":"Roger Machado j\u00e1 pode poupar jogadores no Internacional"}]},{"@type":"WebSite","@id":"https:\/\/www.gaveanews.com\/#website","url":"https:\/\/www.gaveanews.com\/","name":"G\u00e1vea News","description":"Veja todas as not\u00edcias sobre o Flamengo: Contrata\u00e7\u00f5es, categorias de base, resultados das partidas, tabela de classifica\u00e7\u00e3o, pr\u00f3ximos jogos!","potentialAction":[{"@type":"SearchAction","target":{"@type":"EntryPoint","urlTemplate":"https:\/\/www.gaveanews.com\/?s={search_term_string}"},"query-input":{"@type":"PropertyValueSpecification","valueRequired":true,"valueName":"search_term_string"}}],"inLanguage":"pt-BR"},{"@type":"Person","@id":"https:\/\/www.gaveanews.com\/#\/schema\/person\/f42654babcd2b2014a1a65af82b081f1","name":"Geovanna Thomaz","image":{"@type":"ImageObject","inLanguage":"pt-BR","@id":"https:\/\/www.gaveanews.com\/#\/schema\/person\/image\/","url":"https:\/\/secure.gravatar.com\/avatar\/4092073255489533afb558984b49b64268c47198af8623cc82a925ae9fb7118a?s=96&d=mm&r=g","contentUrl":"https:\/\/secure.gravatar.com\/avatar\/4092073255489533afb558984b49b64268c47198af8623cc82a925ae9fb7118a?s=96&d=mm&r=g","caption":"Geovanna Thomaz"}}]}},"_links":{"self":[{"href":"https:\/\/www.gaveanews.com\/index.php\/wp-json\/wp\/v2\/posts\/249426","targetHints":{"allow":["GET"]}}],"collection":[{"href":"https:\/\/www.gaveanews.com\/index.php\/wp-json\/wp\/v2\/posts"}],"about":[{"href":"https:\/\/www.gaveanews.com\/index.php\/wp-json\/wp\/v2\/types\/post"}],"author":[{"embeddable":true,"href":"https:\/\/www.gaveanews.com\/index.php\/wp-json\/wp\/v2\/users\/17"}],"replies":[{"embeddable":true,"href":"https:\/\/www.gaveanews.com\/index.php\/wp-json\/wp\/v2\/comments?post=249426"}],"version-history":[{"count":1,"href":"https:\/\/www.gaveanews.com\/index.php\/wp-json\/wp\/v2\/posts\/249426\/revisions"}],"predecessor-version":[{"id":249427,"href":"https:\/\/www.gaveanews.com\/index.php\/wp-json\/wp\/v2\/posts\/249426\/revisions\/249427"}],"wp:featuredmedia":[{"embeddable":true,"href":"https:\/\/www.gaveanews.com\/index.php\/wp-json\/wp\/v2\/media\/154272"}],"wp:attachment":[{"href":"https:\/\/www.gaveanews.com\/index.php\/wp-json\/wp\/v2\/media?parent=249426"}],"wp:term":[{"taxonomy":"category","embeddable":true,"href":"https:\/\/www.gaveanews.com\/index.php\/wp-json\/wp\/v2\/categories?post=249426"},{"taxonomy":"post_tag","embeddable":true,"href":"https:\/\/www.gaveanews.com\/index.php\/wp-json\/wp\/v2\/tags?post=249426"}],"curies":[{"name":"wp","href":"https:\/\/api.w.org\/{rel}","templated":true}]}}