{"id":249430,"date":"2025-04-06T16:10:00","date_gmt":"2025-04-06T19:10:00","guid":{"rendered":"https:\/\/www.gaveanews.com\/?p=249430"},"modified":"2025-04-06T12:53:35","modified_gmt":"2025-04-06T15:53:35","slug":"ele-podera-substituir-rodrygo-no-real-madrid","status":"publish","type":"post","link":"https:\/\/www.gaveanews.com\/index.php\/2025\/04\/06\/ele-podera-substituir-rodrygo-no-real-madrid\/","title":{"rendered":"Ele poder\u00e1 substituir Rodrygo no Real Madrid"},"content":{"rendered":"\n<p>Rodrygo vive um momento de afirma\u00e7\u00e3o no Real Madrid ao adotar uma postura mais coletiva e vers\u00e1til dentro de campo. Inspirado no que fez \u00c1ngel Di Mar\u00eda durante a passagem sob o comando de Carlo Ancelotti, o brasileiro tem se destacado n\u00e3o apenas pela t\u00e9cnica ofensiva, mas, principalmente, pela contribui\u00e7\u00e3o defensiva, algo que o mant\u00e9m entre os titulares mesmo com a concorr\u00eancia de Kylian Mbapp\u00e9 e Vin\u00edcius J\u00fanior.<\/p>\n\n\n\n<p>De acordo com o site Managing Madrid, especializado na cobertura do clube espanhol, Rodrygo n\u00e3o recuou diante da chegada de Mbapp\u00e9. Pelo contr\u00e1rio, o atacante evoluiu ao transformar sua fun\u00e7\u00e3o t\u00e1tica dentro da equipe. A publica\u00e7\u00e3o aponta um crescimento significativo em diversas estat\u00edsticas defensivas do camisa 11 nesta temporada.<\/p>\n\n\n\n<figure class=\"wp-block-image size-full\"><img loading=\"lazy\" decoding=\"async\" width=\"846\" height=\"564\" src=\"http:\/\/www.gaveanews.com\/wp-content\/uploads\/rodrygo-real-madrid.webp\" alt=\"\" class=\"wp-image-94011\" srcset=\"https:\/\/www.gaveanews.com\/wp-content\/uploads\/rodrygo-real-madrid.webp 846w, https:\/\/www.gaveanews.com\/wp-content\/uploads\/rodrygo-real-madrid-300x200.webp 300w, https:\/\/www.gaveanews.com\/wp-content\/uploads\/rodrygo-real-madrid-768x512.webp 768w, https:\/\/www.gaveanews.com\/wp-content\/uploads\/rodrygo-real-madrid-630x420.webp 630w, https:\/\/www.gaveanews.com\/wp-content\/uploads\/rodrygo-real-madrid-640x427.webp 640w, https:\/\/www.gaveanews.com\/wp-content\/uploads\/rodrygo-real-madrid-681x454.webp 681w, https:\/\/www.gaveanews.com\/wp-content\/uploads\/rodrygo-real-madrid-100x67.webp 100w\" sizes=\"auto, (max-width: 846px) 100vw, 846px\" \/><figcaption class=\"wp-element-caption\">Rodrygo em a\u00e7\u00e3o pelo Real Madrid no Mundial de Clubes (Foto: KHALED DESOUKI\/AFP)<\/figcaption><\/figure>\n\n\n\n<p>Comparando com o \u00faltimo ano, Rodrygo teve um aumento de 52% nos duelos defensivos, 74% nos desarmes, 70% nas intercepta\u00e7\u00f5es, 40% em bolas recuperadas e 18% nas intercepta\u00e7\u00f5es. Os n\u00fameros revelam um jogador cada vez mais comprometido com as necessidades coletivas da equipe e menos preocupado em atuar como protagonista isolado.<\/p>\n\n\n\n<p>Atuando ao lado de Jude Bellingham, o brasileiro contribui para que nomes como Federico Valverde ou Lucas V\u00e1zquez tenham liberdade para avan\u00e7ar no setor direito do campo. Ao mesmo tempo, assume o papel de primeiro defensor na press\u00e3o ao advers\u00e1rio, contribuindo para que Mbapp\u00e9 e Vin\u00edcius J\u00fanior possam ter liberdade no ataque.<\/p>\n\n\n\n<p>A an\u00e1lise do site espanhol descreve Rodrygo como um jogador resiliente, inteligente e altru\u00edsta, destacando que &#8220;talvez seja imposs\u00edvel derrot\u00e1-lo&#8221;. Sua adapta\u00e7\u00e3o ao novo cen\u00e1rio da equipe comandada por Carlo Ancelotti mostra maturidade e compreens\u00e3o t\u00e1tica, caracter\u00edsticas que refor\u00e7am sua import\u00e2ncia em um elenco recheado de estrelas.<\/p>\n\n\n\n<p>Com esse perfil mais coletivo, Rodrygo refor\u00e7a sua posi\u00e7\u00e3o em um time que prioriza equil\u00edbrio e intensidade. Assim como Di Mar\u00eda no passado, o brasileiro entende que, em meio \u00e0 concorr\u00eancia, o diferencial pode estar fora dos holofotes: no sacrif\u00edcio em nome da equipe.<\/p>\n","protected":false},"excerpt":{"rendered":"<p>Rodrygo vive um momento de afirma\u00e7\u00e3o no Real Madrid ao adotar uma postura mais coletiva e vers\u00e1til dentro de campo. Inspirado no que fez \u00c1ngel Di Mar\u00eda durante a passagem sob o comando de Carlo Ancelotti, o brasileiro tem se destacado n\u00e3o apenas pela t\u00e9cnica ofensiva, mas, principalmente, pela contribui\u00e7\u00e3o defensiva, algo que o mant\u00e9m [&hellip;]<\/p>\n","protected":false},"author":17,"featured_media":94011,"comment_status":"open","ping_status":"closed","sticky":false,"template":"","format":"standard","meta":{"footnotes":""},"categories":[88],"tags":[],"class_list":["post-249430","post","type-post","status-publish","format-standard","has-post-thumbnail","hentry","category-real-madrid"],"yoast_head":"<!-- This site is optimized with the Yoast SEO Premium plugin v24.2 (Yoast SEO v26.9) - https:\/\/yoast.com\/product\/yoast-seo-premium-wordpress\/ -->\n<title>Ele poder\u00e1 substituir Rodrygo no Real Madrid<\/title>\n<meta name=\"robots\" content=\"index, follow, max-snippet:-1, max-image-preview:large, max-video-preview:-1\" \/>\n<link rel=\"canonical\" href=\"https:\/\/www.gaveanews.com\/index.php\/2025\/04\/06\/ele-podera-substituir-rodrygo-no-real-madrid\/\" \/>\n<meta property=\"og:locale\" content=\"pt_BR\" \/>\n<meta property=\"og:type\" content=\"article\" \/>\n<meta property=\"og:title\" content=\"Ele poder\u00e1 substituir Rodrygo no Real Madrid\" \/>\n<meta property=\"og:description\" content=\"Rodrygo vive um momento de afirma\u00e7\u00e3o no Real Madrid ao adotar uma postura mais coletiva e vers\u00e1til dentro de campo. Inspirado no que fez \u00c1ngel Di Mar\u00eda durante a passagem sob o comando de Carlo Ancelotti, o brasileiro tem se destacado n\u00e3o apenas pela t\u00e9cnica ofensiva, mas, principalmente, pela contribui\u00e7\u00e3o defensiva, algo que o mant\u00e9m [&hellip;]\" \/>\n<meta property=\"og:url\" content=\"https:\/\/www.gaveanews.com\/index.php\/2025\/04\/06\/ele-podera-substituir-rodrygo-no-real-madrid\/\" \/>\n<meta property=\"og:site_name\" content=\"G\u00e1vea News\" \/>\n<meta property=\"article:publisher\" content=\"https:\/\/facebook.com\/gaveaNews\/\" \/>\n<meta property=\"article:published_time\" content=\"2025-04-06T19:10:00+00:00\" \/>\n<meta property=\"og:image\" content=\"https:\/\/www.gaveanews.com\/wp-content\/uploads\/rodrygo-real-madrid.webp\" \/>\n\t<meta property=\"og:image:width\" content=\"846\" \/>\n\t<meta property=\"og:image:height\" content=\"564\" \/>\n\t<meta property=\"og:image:type\" content=\"image\/webp\" \/>\n<meta name=\"author\" content=\"Geovanna Thomaz\" \/>\n<meta name=\"twitter:card\" content=\"summary_large_image\" \/>\n<meta name=\"twitter:label1\" content=\"Escrito por\" \/>\n\t<meta name=\"twitter:data1\" content=\"Geovanna Thomaz\" \/>\n\t<meta name=\"twitter:label2\" content=\"Est. tempo de leitura\" \/>\n\t<meta name=\"twitter:data2\" content=\"3 minutos\" \/>\n<script type=\"application\/ld+json\" class=\"yoast-schema-graph\">{\"@context\":\"https:\/\/schema.org\",\"@graph\":[{\"@type\":\"NewsArticle\",\"@id\":\"https:\/\/www.gaveanews.com\/index.php\/2025\/04\/06\/ele-podera-substituir-rodrygo-no-real-madrid\/#article\",\"isPartOf\":{\"@id\":\"https:\/\/www.gaveanews.com\/index.php\/2025\/04\/06\/ele-podera-substituir-rodrygo-no-real-madrid\/\"},\"author\":{\"name\":\"Geovanna Thomaz\",\"@id\":\"https:\/\/www.gaveanews.com\/#\/schema\/person\/f42654babcd2b2014a1a65af82b081f1\"},\"headline\":\"Ele poder\u00e1 substituir Rodrygo no Real Madrid\",\"datePublished\":\"2025-04-06T19:10:00+00:00\",\"mainEntityOfPage\":{\"@id\":\"https:\/\/www.gaveanews.com\/index.php\/2025\/04\/06\/ele-podera-substituir-rodrygo-no-real-madrid\/\"},\"wordCount\":368,\"commentCount\":0,\"image\":{\"@id\":\"https:\/\/www.gaveanews.com\/index.php\/2025\/04\/06\/ele-podera-substituir-rodrygo-no-real-madrid\/#primaryimage\"},\"thumbnailUrl\":\"https:\/\/www.gaveanews.com\/wp-content\/uploads\/rodrygo-real-madrid.webp\",\"articleSection\":[\"Real Madrid\"],\"inLanguage\":\"pt-BR\",\"potentialAction\":[{\"@type\":\"CommentAction\",\"name\":\"Comment\",\"target\":[\"https:\/\/www.gaveanews.com\/index.php\/2025\/04\/06\/ele-podera-substituir-rodrygo-no-real-madrid\/#respond\"]}],\"copyrightYear\":\"2025\",\"copyrightHolder\":{\"@id\":\"https:\/\/www.gaveanews.com\/#organization\"}},{\"@type\":\"WebPage\",\"@id\":\"https:\/\/www.gaveanews.com\/index.php\/2025\/04\/06\/ele-podera-substituir-rodrygo-no-real-madrid\/\",\"url\":\"https:\/\/www.gaveanews.com\/index.php\/2025\/04\/06\/ele-podera-substituir-rodrygo-no-real-madrid\/\",\"name\":\"Ele poder\u00e1 substituir Rodrygo no Real Madrid\",\"isPartOf\":{\"@id\":\"https:\/\/www.gaveanews.com\/#website\"},\"primaryImageOfPage\":{\"@id\":\"https:\/\/www.gaveanews.com\/index.php\/2025\/04\/06\/ele-podera-substituir-rodrygo-no-real-madrid\/#primaryimage\"},\"image\":{\"@id\":\"https:\/\/www.gaveanews.com\/index.php\/2025\/04\/06\/ele-podera-substituir-rodrygo-no-real-madrid\/#primaryimage\"},\"thumbnailUrl\":\"https:\/\/www.gaveanews.com\/wp-content\/uploads\/rodrygo-real-madrid.webp\",\"datePublished\":\"2025-04-06T19:10:00+00:00\",\"author\":{\"@id\":\"https:\/\/www.gaveanews.com\/#\/schema\/person\/f42654babcd2b2014a1a65af82b081f1\"},\"breadcrumb\":{\"@id\":\"https:\/\/www.gaveanews.com\/index.php\/2025\/04\/06\/ele-podera-substituir-rodrygo-no-real-madrid\/#breadcrumb\"},\"inLanguage\":\"pt-BR\",\"potentialAction\":[{\"@type\":\"ReadAction\",\"target\":[\"https:\/\/www.gaveanews.com\/index.php\/2025\/04\/06\/ele-podera-substituir-rodrygo-no-real-madrid\/\"]}]},{\"@type\":\"ImageObject\",\"inLanguage\":\"pt-BR\",\"@id\":\"https:\/\/www.gaveanews.com\/index.php\/2025\/04\/06\/ele-podera-substituir-rodrygo-no-real-madrid\/#primaryimage\",\"url\":\"https:\/\/www.gaveanews.com\/wp-content\/uploads\/rodrygo-real-madrid.webp\",\"contentUrl\":\"https:\/\/www.gaveanews.com\/wp-content\/uploads\/rodrygo-real-madrid.webp\",\"width\":846,\"height\":564,\"caption\":\"Rodrygo em a\u00e7\u00e3o pelo Real Madrid no Mundial de Clubes (Foto: KHALED DESOUKI\/AFP)\"},{\"@type\":\"BreadcrumbList\",\"@id\":\"https:\/\/www.gaveanews.com\/index.php\/2025\/04\/06\/ele-podera-substituir-rodrygo-no-real-madrid\/#breadcrumb\",\"itemListElement\":[{\"@type\":\"ListItem\",\"position\":1,\"name\":\"Home\",\"item\":\"https:\/\/www.gaveanews.com\/\"},{\"@type\":\"ListItem\",\"position\":2,\"name\":\"Ele poder\u00e1 substituir Rodrygo no Real Madrid\"}]},{\"@type\":\"WebSite\",\"@id\":\"https:\/\/www.gaveanews.com\/#website\",\"url\":\"https:\/\/www.gaveanews.com\/\",\"name\":\"G\u00e1vea News\",\"description\":\"Veja todas as not\u00edcias sobre o Flamengo: Contrata\u00e7\u00f5es, categorias de base, resultados das partidas, tabela de classifica\u00e7\u00e3o, pr\u00f3ximos jogos!\",\"potentialAction\":[{\"@type\":\"SearchAction\",\"target\":{\"@type\":\"EntryPoint\",\"urlTemplate\":\"https:\/\/www.gaveanews.com\/?s={search_term_string}\"},\"query-input\":{\"@type\":\"PropertyValueSpecification\",\"valueRequired\":true,\"valueName\":\"search_term_string\"}}],\"inLanguage\":\"pt-BR\"},{\"@type\":\"Person\",\"@id\":\"https:\/\/www.gaveanews.com\/#\/schema\/person\/f42654babcd2b2014a1a65af82b081f1\",\"name\":\"Geovanna Thomaz\",\"image\":{\"@type\":\"ImageObject\",\"inLanguage\":\"pt-BR\",\"@id\":\"https:\/\/www.gaveanews.com\/#\/schema\/person\/image\/\",\"url\":\"https:\/\/secure.gravatar.com\/avatar\/4092073255489533afb558984b49b64268c47198af8623cc82a925ae9fb7118a?s=96&d=mm&r=g\",\"contentUrl\":\"https:\/\/secure.gravatar.com\/avatar\/4092073255489533afb558984b49b64268c47198af8623cc82a925ae9fb7118a?s=96&d=mm&r=g\",\"caption\":\"Geovanna Thomaz\"}}]}<\/script>\n<!-- \/ Yoast SEO Premium plugin. -->","yoast_head_json":{"title":"Ele poder\u00e1 substituir Rodrygo no Real Madrid","robots":{"index":"index","follow":"follow","max-snippet":"max-snippet:-1","max-image-preview":"max-image-preview:large","max-video-preview":"max-video-preview:-1"},"canonical":"https:\/\/www.gaveanews.com\/index.php\/2025\/04\/06\/ele-podera-substituir-rodrygo-no-real-madrid\/","og_locale":"pt_BR","og_type":"article","og_title":"Ele poder\u00e1 substituir Rodrygo no Real Madrid","og_description":"Rodrygo vive um momento de afirma\u00e7\u00e3o no Real Madrid ao adotar uma postura mais coletiva e vers\u00e1til dentro de campo. Inspirado no que fez \u00c1ngel Di Mar\u00eda durante a passagem sob o comando de Carlo Ancelotti, o brasileiro tem se destacado n\u00e3o apenas pela t\u00e9cnica ofensiva, mas, principalmente, pela contribui\u00e7\u00e3o defensiva, algo que o mant\u00e9m [&hellip;]","og_url":"https:\/\/www.gaveanews.com\/index.php\/2025\/04\/06\/ele-podera-substituir-rodrygo-no-real-madrid\/","og_site_name":"G\u00e1vea News","article_publisher":"https:\/\/facebook.com\/gaveaNews\/","article_published_time":"2025-04-06T19:10:00+00:00","og_image":[{"width":846,"height":564,"url":"https:\/\/www.gaveanews.com\/wp-content\/uploads\/rodrygo-real-madrid.webp","type":"image\/webp"}],"author":"Geovanna Thomaz","twitter_card":"summary_large_image","twitter_misc":{"Escrito por":"Geovanna Thomaz","Est. tempo de leitura":"3 minutos"},"schema":{"@context":"https:\/\/schema.org","@graph":[{"@type":"NewsArticle","@id":"https:\/\/www.gaveanews.com\/index.php\/2025\/04\/06\/ele-podera-substituir-rodrygo-no-real-madrid\/#article","isPartOf":{"@id":"https:\/\/www.gaveanews.com\/index.php\/2025\/04\/06\/ele-podera-substituir-rodrygo-no-real-madrid\/"},"author":{"name":"Geovanna Thomaz","@id":"https:\/\/www.gaveanews.com\/#\/schema\/person\/f42654babcd2b2014a1a65af82b081f1"},"headline":"Ele poder\u00e1 substituir Rodrygo no Real Madrid","datePublished":"2025-04-06T19:10:00+00:00","mainEntityOfPage":{"@id":"https:\/\/www.gaveanews.com\/index.php\/2025\/04\/06\/ele-podera-substituir-rodrygo-no-real-madrid\/"},"wordCount":368,"commentCount":0,"image":{"@id":"https:\/\/www.gaveanews.com\/index.php\/2025\/04\/06\/ele-podera-substituir-rodrygo-no-real-madrid\/#primaryimage"},"thumbnailUrl":"https:\/\/www.gaveanews.com\/wp-content\/uploads\/rodrygo-real-madrid.webp","articleSection":["Real Madrid"],"inLanguage":"pt-BR","potentialAction":[{"@type":"CommentAction","name":"Comment","target":["https:\/\/www.gaveanews.com\/index.php\/2025\/04\/06\/ele-podera-substituir-rodrygo-no-real-madrid\/#respond"]}],"copyrightYear":"2025","copyrightHolder":{"@id":"https:\/\/www.gaveanews.com\/#organization"}},{"@type":"WebPage","@id":"https:\/\/www.gaveanews.com\/index.php\/2025\/04\/06\/ele-podera-substituir-rodrygo-no-real-madrid\/","url":"https:\/\/www.gaveanews.com\/index.php\/2025\/04\/06\/ele-podera-substituir-rodrygo-no-real-madrid\/","name":"Ele poder\u00e1 substituir Rodrygo no Real Madrid","isPartOf":{"@id":"https:\/\/www.gaveanews.com\/#website"},"primaryImageOfPage":{"@id":"https:\/\/www.gaveanews.com\/index.php\/2025\/04\/06\/ele-podera-substituir-rodrygo-no-real-madrid\/#primaryimage"},"image":{"@id":"https:\/\/www.gaveanews.com\/index.php\/2025\/04\/06\/ele-podera-substituir-rodrygo-no-real-madrid\/#primaryimage"},"thumbnailUrl":"https:\/\/www.gaveanews.com\/wp-content\/uploads\/rodrygo-real-madrid.webp","datePublished":"2025-04-06T19:10:00+00:00","author":{"@id":"https:\/\/www.gaveanews.com\/#\/schema\/person\/f42654babcd2b2014a1a65af82b081f1"},"breadcrumb":{"@id":"https:\/\/www.gaveanews.com\/index.php\/2025\/04\/06\/ele-podera-substituir-rodrygo-no-real-madrid\/#breadcrumb"},"inLanguage":"pt-BR","potentialAction":[{"@type":"ReadAction","target":["https:\/\/www.gaveanews.com\/index.php\/2025\/04\/06\/ele-podera-substituir-rodrygo-no-real-madrid\/"]}]},{"@type":"ImageObject","inLanguage":"pt-BR","@id":"https:\/\/www.gaveanews.com\/index.php\/2025\/04\/06\/ele-podera-substituir-rodrygo-no-real-madrid\/#primaryimage","url":"https:\/\/www.gaveanews.com\/wp-content\/uploads\/rodrygo-real-madrid.webp","contentUrl":"https:\/\/www.gaveanews.com\/wp-content\/uploads\/rodrygo-real-madrid.webp","width":846,"height":564,"caption":"Rodrygo em a\u00e7\u00e3o pelo Real Madrid no Mundial de Clubes (Foto: KHALED DESOUKI\/AFP)"},{"@type":"BreadcrumbList","@id":"https:\/\/www.gaveanews.com\/index.php\/2025\/04\/06\/ele-podera-substituir-rodrygo-no-real-madrid\/#breadcrumb","itemListElement":[{"@type":"ListItem","position":1,"name":"Home","item":"https:\/\/www.gaveanews.com\/"},{"@type":"ListItem","position":2,"name":"Ele poder\u00e1 substituir Rodrygo no Real Madrid"}]},{"@type":"WebSite","@id":"https:\/\/www.gaveanews.com\/#website","url":"https:\/\/www.gaveanews.com\/","name":"G\u00e1vea News","description":"Veja todas as not\u00edcias sobre o Flamengo: Contrata\u00e7\u00f5es, categorias de base, resultados das partidas, tabela de classifica\u00e7\u00e3o, pr\u00f3ximos jogos!","potentialAction":[{"@type":"SearchAction","target":{"@type":"EntryPoint","urlTemplate":"https:\/\/www.gaveanews.com\/?s={search_term_string}"},"query-input":{"@type":"PropertyValueSpecification","valueRequired":true,"valueName":"search_term_string"}}],"inLanguage":"pt-BR"},{"@type":"Person","@id":"https:\/\/www.gaveanews.com\/#\/schema\/person\/f42654babcd2b2014a1a65af82b081f1","name":"Geovanna Thomaz","image":{"@type":"ImageObject","inLanguage":"pt-BR","@id":"https:\/\/www.gaveanews.com\/#\/schema\/person\/image\/","url":"https:\/\/secure.gravatar.com\/avatar\/4092073255489533afb558984b49b64268c47198af8623cc82a925ae9fb7118a?s=96&d=mm&r=g","contentUrl":"https:\/\/secure.gravatar.com\/avatar\/4092073255489533afb558984b49b64268c47198af8623cc82a925ae9fb7118a?s=96&d=mm&r=g","caption":"Geovanna Thomaz"}}]}},"_links":{"self":[{"href":"https:\/\/www.gaveanews.com\/index.php\/wp-json\/wp\/v2\/posts\/249430","targetHints":{"allow":["GET"]}}],"collection":[{"href":"https:\/\/www.gaveanews.com\/index.php\/wp-json\/wp\/v2\/posts"}],"about":[{"href":"https:\/\/www.gaveanews.com\/index.php\/wp-json\/wp\/v2\/types\/post"}],"author":[{"embeddable":true,"href":"https:\/\/www.gaveanews.com\/index.php\/wp-json\/wp\/v2\/users\/17"}],"replies":[{"embeddable":true,"href":"https:\/\/www.gaveanews.com\/index.php\/wp-json\/wp\/v2\/comments?post=249430"}],"version-history":[{"count":2,"href":"https:\/\/www.gaveanews.com\/index.php\/wp-json\/wp\/v2\/posts\/249430\/revisions"}],"predecessor-version":[{"id":249442,"href":"https:\/\/www.gaveanews.com\/index.php\/wp-json\/wp\/v2\/posts\/249430\/revisions\/249442"}],"wp:featuredmedia":[{"embeddable":true,"href":"https:\/\/www.gaveanews.com\/index.php\/wp-json\/wp\/v2\/media\/94011"}],"wp:attachment":[{"href":"https:\/\/www.gaveanews.com\/index.php\/wp-json\/wp\/v2\/media?parent=249430"}],"wp:term":[{"taxonomy":"category","embeddable":true,"href":"https:\/\/www.gaveanews.com\/index.php\/wp-json\/wp\/v2\/categories?post=249430"},{"taxonomy":"post_tag","embeddable":true,"href":"https:\/\/www.gaveanews.com\/index.php\/wp-json\/wp\/v2\/tags?post=249430"}],"curies":[{"name":"wp","href":"https:\/\/api.w.org\/{rel}","templated":true}]}}