{"id":249436,"date":"2025-04-06T16:20:00","date_gmt":"2025-04-06T19:20:00","guid":{"rendered":"https:\/\/www.gaveanews.com\/?p=249436"},"modified":"2025-04-06T12:53:51","modified_gmt":"2025-04-06T15:53:51","slug":"a-declaracao-de-renato-gaucho-direcionada-ao-goleiro-fabio-do-fluminense","status":"publish","type":"post","link":"https:\/\/www.gaveanews.com\/index.php\/2025\/04\/06\/a-declaracao-de-renato-gaucho-direcionada-ao-goleiro-fabio-do-fluminense\/","title":{"rendered":"A declara\u00e7\u00e3o de Renato Ga\u00facho direcionada ao goleiro F\u00e1bio, do Fluminense"},"content":{"rendered":"\n<p>De volta ao comando do Fluminense, Renato Ga\u00facho destacou a import\u00e2ncia dos l\u00edderes experientes do elenco, com \u00eanfase no goleiro F\u00e1bio, de 44 anos. Em sua coletiva de apresenta\u00e7\u00e3o, o treinador afirmou que, apesar da idade, o camisa 1 segue entre os melhores do pa\u00eds e ser\u00e1 pe\u00e7a central na nova fase da equipe.<\/p>\n\n\n\n<p>\u201cApesar da idade do F\u00e1bio, \u00e9 um dos melhores goleiros do Brasil, sem d\u00favida alguma\u201d, afirmou Renato. \u201c\u00c9 importante voc\u00ea perceber que os jogadores do grupo s\u00e3o jogadores de caderno, s\u00e3o jogadores que s\u00e3o l\u00edderes. Eu j\u00e1 tive o prazer de trabalhar com alguns deles, como o Thiago Silva, o Thiago Santos, o Ren\u00ea\u2026 Conhe\u00e7o o grupo.\u201d<\/p>\n\n\n\n<p>Com um elenco formado por atletas rodados e acostumados a decis\u00f5es, Renato Ga\u00facho v\u00ea margem para reconstruir a equipe, que vive um momento inst\u00e1vel na temporada. Uma das mudan\u00e7as anunciadas pelo treinador ser\u00e1 na forma como a equipe sai jogando. Ao contr\u00e1rio do estilo implementado por Fernando Diniz, com constru\u00e7\u00e3o desde a defesa, o novo t\u00e9cnico deve adotar uma abordagem mais direta.<\/p>\n\n\n\n<p>\u201cConversei sobre isso com meus zagueiros, com o F\u00e1bio. Na d\u00favida tem que quebrar. Sempre trabalho pela posse de bola, mas na d\u00favida n\u00e3o pode arriscar. Principalmente dentro ou pr\u00f3ximo da \u00e1rea, um erro \u00e9 fatal\u201d, explicou.<\/p>\n\n\n\n<p>Renato tamb\u00e9m deixou claro que sua prioridade ser\u00e1 um estilo ofensivo, compat\u00edvel com a grandeza do clube. Ele refor\u00e7ou que o Fluminense vai manter a postura agressiva independentemente do advers\u00e1rio, mas com equil\u00edbrio entre ataque e defesa.<\/p>\n\n\n\n<p>\u201cO Fluminense, enquanto eu estiver aqui, vai jogar como time grande, vai respeitar os advers\u00e1rios, mas vai jogar para dentro, sempre para vencer. Trabalhando sempre com cuidado defensivo\u201d, garantiu.<\/p>\n\n\n\n<p>Renato Ga\u00facho inicia sua s\u00e9tima passagem como t\u00e9cnico do Tricolor. A estreia est\u00e1 marcada para este domingo (6), contra o Bragantino, no Maracan\u00e3, pela segunda rodada do Campeonato Brasileiro.<\/p>\n","protected":false},"excerpt":{"rendered":"<p>De volta ao comando do Fluminense, Renato Ga\u00facho destacou a import\u00e2ncia dos l\u00edderes experientes do elenco, com \u00eanfase no goleiro F\u00e1bio, de 44 anos. Em sua coletiva de apresenta\u00e7\u00e3o, o treinador afirmou que, apesar da idade, o camisa 1 segue entre os melhores do pa\u00eds e ser\u00e1 pe\u00e7a central na nova fase da equipe. \u201cApesar [&hellip;]<\/p>\n","protected":false},"author":17,"featured_media":167657,"comment_status":"open","ping_status":"closed","sticky":false,"template":"","format":"standard","meta":{"footnotes":""},"categories":[145],"tags":[],"class_list":["post-249436","post","type-post","status-publish","format-standard","has-post-thumbnail","hentry","category-fluminense"],"yoast_head":"<!-- This site is optimized with the Yoast SEO Premium plugin v24.2 (Yoast SEO v26.9) - https:\/\/yoast.com\/product\/yoast-seo-premium-wordpress\/ -->\n<title>A declara\u00e7\u00e3o de Renato Ga\u00facho direcionada ao goleiro F\u00e1bio, do Fluminense<\/title>\n<meta name=\"robots\" content=\"index, follow, max-snippet:-1, max-image-preview:large, max-video-preview:-1\" \/>\n<link rel=\"canonical\" href=\"https:\/\/www.gaveanews.com\/index.php\/2025\/04\/06\/a-declaracao-de-renato-gaucho-direcionada-ao-goleiro-fabio-do-fluminense\/\" \/>\n<meta property=\"og:locale\" content=\"pt_BR\" \/>\n<meta property=\"og:type\" content=\"article\" \/>\n<meta property=\"og:title\" content=\"A declara\u00e7\u00e3o de Renato Ga\u00facho direcionada ao goleiro F\u00e1bio, do Fluminense\" \/>\n<meta property=\"og:description\" content=\"De volta ao comando do Fluminense, Renato Ga\u00facho destacou a import\u00e2ncia dos l\u00edderes experientes do elenco, com \u00eanfase no goleiro F\u00e1bio, de 44 anos. Em sua coletiva de apresenta\u00e7\u00e3o, o treinador afirmou que, apesar da idade, o camisa 1 segue entre os melhores do pa\u00eds e ser\u00e1 pe\u00e7a central na nova fase da equipe. \u201cApesar [&hellip;]\" \/>\n<meta property=\"og:url\" content=\"https:\/\/www.gaveanews.com\/index.php\/2025\/04\/06\/a-declaracao-de-renato-gaucho-direcionada-ao-goleiro-fabio-do-fluminense\/\" \/>\n<meta property=\"og:site_name\" content=\"G\u00e1vea News\" \/>\n<meta property=\"article:publisher\" content=\"https:\/\/facebook.com\/gaveaNews\/\" \/>\n<meta property=\"article:published_time\" content=\"2025-04-06T19:20:00+00:00\" \/>\n<meta property=\"og:image\" content=\"https:\/\/www.gaveanews.com\/wp-content\/uploads\/Fabio-pelo-Fluminense.webp\" \/>\n\t<meta property=\"og:image:width\" content=\"1600\" \/>\n\t<meta property=\"og:image:height\" content=\"900\" \/>\n\t<meta property=\"og:image:type\" content=\"image\/jpeg\" \/>\n<meta name=\"author\" content=\"Geovanna Thomaz\" \/>\n<meta name=\"twitter:card\" content=\"summary_large_image\" \/>\n<meta name=\"twitter:label1\" content=\"Escrito por\" \/>\n\t<meta name=\"twitter:data1\" content=\"Geovanna Thomaz\" \/>\n\t<meta name=\"twitter:label2\" content=\"Est. tempo de leitura\" \/>\n\t<meta name=\"twitter:data2\" content=\"2 minutos\" \/>\n<script type=\"application\/ld+json\" class=\"yoast-schema-graph\">{\"@context\":\"https:\/\/schema.org\",\"@graph\":[{\"@type\":\"NewsArticle\",\"@id\":\"https:\/\/www.gaveanews.com\/index.php\/2025\/04\/06\/a-declaracao-de-renato-gaucho-direcionada-ao-goleiro-fabio-do-fluminense\/#article\",\"isPartOf\":{\"@id\":\"https:\/\/www.gaveanews.com\/index.php\/2025\/04\/06\/a-declaracao-de-renato-gaucho-direcionada-ao-goleiro-fabio-do-fluminense\/\"},\"author\":{\"name\":\"Geovanna Thomaz\",\"@id\":\"https:\/\/www.gaveanews.com\/#\/schema\/person\/f42654babcd2b2014a1a65af82b081f1\"},\"headline\":\"A declara\u00e7\u00e3o de Renato Ga\u00facho direcionada ao goleiro F\u00e1bio, do Fluminense\",\"datePublished\":\"2025-04-06T19:20:00+00:00\",\"mainEntityOfPage\":{\"@id\":\"https:\/\/www.gaveanews.com\/index.php\/2025\/04\/06\/a-declaracao-de-renato-gaucho-direcionada-ao-goleiro-fabio-do-fluminense\/\"},\"wordCount\":348,\"commentCount\":0,\"image\":{\"@id\":\"https:\/\/www.gaveanews.com\/index.php\/2025\/04\/06\/a-declaracao-de-renato-gaucho-direcionada-ao-goleiro-fabio-do-fluminense\/#primaryimage\"},\"thumbnailUrl\":\"https:\/\/www.gaveanews.com\/wp-content\/uploads\/Fabio-pelo-Fluminense.webp\",\"articleSection\":[\"Fluminense\"],\"inLanguage\":\"pt-BR\",\"potentialAction\":[{\"@type\":\"CommentAction\",\"name\":\"Comment\",\"target\":[\"https:\/\/www.gaveanews.com\/index.php\/2025\/04\/06\/a-declaracao-de-renato-gaucho-direcionada-ao-goleiro-fabio-do-fluminense\/#respond\"]}],\"copyrightYear\":\"2025\",\"copyrightHolder\":{\"@id\":\"https:\/\/www.gaveanews.com\/#organization\"}},{\"@type\":\"WebPage\",\"@id\":\"https:\/\/www.gaveanews.com\/index.php\/2025\/04\/06\/a-declaracao-de-renato-gaucho-direcionada-ao-goleiro-fabio-do-fluminense\/\",\"url\":\"https:\/\/www.gaveanews.com\/index.php\/2025\/04\/06\/a-declaracao-de-renato-gaucho-direcionada-ao-goleiro-fabio-do-fluminense\/\",\"name\":\"A declara\u00e7\u00e3o de Renato Ga\u00facho direcionada ao goleiro F\u00e1bio, do Fluminense\",\"isPartOf\":{\"@id\":\"https:\/\/www.gaveanews.com\/#website\"},\"primaryImageOfPage\":{\"@id\":\"https:\/\/www.gaveanews.com\/index.php\/2025\/04\/06\/a-declaracao-de-renato-gaucho-direcionada-ao-goleiro-fabio-do-fluminense\/#primaryimage\"},\"image\":{\"@id\":\"https:\/\/www.gaveanews.com\/index.php\/2025\/04\/06\/a-declaracao-de-renato-gaucho-direcionada-ao-goleiro-fabio-do-fluminense\/#primaryimage\"},\"thumbnailUrl\":\"https:\/\/www.gaveanews.com\/wp-content\/uploads\/Fabio-pelo-Fluminense.webp\",\"datePublished\":\"2025-04-06T19:20:00+00:00\",\"author\":{\"@id\":\"https:\/\/www.gaveanews.com\/#\/schema\/person\/f42654babcd2b2014a1a65af82b081f1\"},\"breadcrumb\":{\"@id\":\"https:\/\/www.gaveanews.com\/index.php\/2025\/04\/06\/a-declaracao-de-renato-gaucho-direcionada-ao-goleiro-fabio-do-fluminense\/#breadcrumb\"},\"inLanguage\":\"pt-BR\",\"potentialAction\":[{\"@type\":\"ReadAction\",\"target\":[\"https:\/\/www.gaveanews.com\/index.php\/2025\/04\/06\/a-declaracao-de-renato-gaucho-direcionada-ao-goleiro-fabio-do-fluminense\/\"]}]},{\"@type\":\"ImageObject\",\"inLanguage\":\"pt-BR\",\"@id\":\"https:\/\/www.gaveanews.com\/index.php\/2025\/04\/06\/a-declaracao-de-renato-gaucho-direcionada-ao-goleiro-fabio-do-fluminense\/#primaryimage\",\"url\":\"https:\/\/www.gaveanews.com\/wp-content\/uploads\/Fabio-pelo-Fluminense.webp\",\"contentUrl\":\"https:\/\/www.gaveanews.com\/wp-content\/uploads\/Fabio-pelo-Fluminense.webp\",\"width\":1600,\"height\":900,\"caption\":\"F\u00e1bio pelo Fluminense (Foto: Divulga\u00e7\u00e3o\/Fluminense)\"},{\"@type\":\"BreadcrumbList\",\"@id\":\"https:\/\/www.gaveanews.com\/index.php\/2025\/04\/06\/a-declaracao-de-renato-gaucho-direcionada-ao-goleiro-fabio-do-fluminense\/#breadcrumb\",\"itemListElement\":[{\"@type\":\"ListItem\",\"position\":1,\"name\":\"Home\",\"item\":\"https:\/\/www.gaveanews.com\/\"},{\"@type\":\"ListItem\",\"position\":2,\"name\":\"A declara\u00e7\u00e3o de Renato Ga\u00facho direcionada ao goleiro F\u00e1bio, do Fluminense\"}]},{\"@type\":\"WebSite\",\"@id\":\"https:\/\/www.gaveanews.com\/#website\",\"url\":\"https:\/\/www.gaveanews.com\/\",\"name\":\"G\u00e1vea News\",\"description\":\"Veja todas as not\u00edcias sobre o Flamengo: Contrata\u00e7\u00f5es, categorias de base, resultados das partidas, tabela de classifica\u00e7\u00e3o, pr\u00f3ximos jogos!\",\"potentialAction\":[{\"@type\":\"SearchAction\",\"target\":{\"@type\":\"EntryPoint\",\"urlTemplate\":\"https:\/\/www.gaveanews.com\/?s={search_term_string}\"},\"query-input\":{\"@type\":\"PropertyValueSpecification\",\"valueRequired\":true,\"valueName\":\"search_term_string\"}}],\"inLanguage\":\"pt-BR\"},{\"@type\":\"Person\",\"@id\":\"https:\/\/www.gaveanews.com\/#\/schema\/person\/f42654babcd2b2014a1a65af82b081f1\",\"name\":\"Geovanna Thomaz\",\"image\":{\"@type\":\"ImageObject\",\"inLanguage\":\"pt-BR\",\"@id\":\"https:\/\/www.gaveanews.com\/#\/schema\/person\/image\/\",\"url\":\"https:\/\/secure.gravatar.com\/avatar\/4092073255489533afb558984b49b64268c47198af8623cc82a925ae9fb7118a?s=96&d=mm&r=g\",\"contentUrl\":\"https:\/\/secure.gravatar.com\/avatar\/4092073255489533afb558984b49b64268c47198af8623cc82a925ae9fb7118a?s=96&d=mm&r=g\",\"caption\":\"Geovanna Thomaz\"}}]}<\/script>\n<!-- \/ Yoast SEO Premium plugin. -->","yoast_head_json":{"title":"A declara\u00e7\u00e3o de Renato Ga\u00facho direcionada ao goleiro F\u00e1bio, do Fluminense","robots":{"index":"index","follow":"follow","max-snippet":"max-snippet:-1","max-image-preview":"max-image-preview:large","max-video-preview":"max-video-preview:-1"},"canonical":"https:\/\/www.gaveanews.com\/index.php\/2025\/04\/06\/a-declaracao-de-renato-gaucho-direcionada-ao-goleiro-fabio-do-fluminense\/","og_locale":"pt_BR","og_type":"article","og_title":"A declara\u00e7\u00e3o de Renato Ga\u00facho direcionada ao goleiro F\u00e1bio, do Fluminense","og_description":"De volta ao comando do Fluminense, Renato Ga\u00facho destacou a import\u00e2ncia dos l\u00edderes experientes do elenco, com \u00eanfase no goleiro F\u00e1bio, de 44 anos. Em sua coletiva de apresenta\u00e7\u00e3o, o treinador afirmou que, apesar da idade, o camisa 1 segue entre os melhores do pa\u00eds e ser\u00e1 pe\u00e7a central na nova fase da equipe. \u201cApesar [&hellip;]","og_url":"https:\/\/www.gaveanews.com\/index.php\/2025\/04\/06\/a-declaracao-de-renato-gaucho-direcionada-ao-goleiro-fabio-do-fluminense\/","og_site_name":"G\u00e1vea News","article_publisher":"https:\/\/facebook.com\/gaveaNews\/","article_published_time":"2025-04-06T19:20:00+00:00","og_image":[{"width":1600,"height":900,"url":"https:\/\/www.gaveanews.com\/wp-content\/uploads\/Fabio-pelo-Fluminense.webp","type":"image\/jpeg"}],"author":"Geovanna Thomaz","twitter_card":"summary_large_image","twitter_misc":{"Escrito por":"Geovanna Thomaz","Est. tempo de leitura":"2 minutos"},"schema":{"@context":"https:\/\/schema.org","@graph":[{"@type":"NewsArticle","@id":"https:\/\/www.gaveanews.com\/index.php\/2025\/04\/06\/a-declaracao-de-renato-gaucho-direcionada-ao-goleiro-fabio-do-fluminense\/#article","isPartOf":{"@id":"https:\/\/www.gaveanews.com\/index.php\/2025\/04\/06\/a-declaracao-de-renato-gaucho-direcionada-ao-goleiro-fabio-do-fluminense\/"},"author":{"name":"Geovanna Thomaz","@id":"https:\/\/www.gaveanews.com\/#\/schema\/person\/f42654babcd2b2014a1a65af82b081f1"},"headline":"A declara\u00e7\u00e3o de Renato Ga\u00facho direcionada ao goleiro F\u00e1bio, do Fluminense","datePublished":"2025-04-06T19:20:00+00:00","mainEntityOfPage":{"@id":"https:\/\/www.gaveanews.com\/index.php\/2025\/04\/06\/a-declaracao-de-renato-gaucho-direcionada-ao-goleiro-fabio-do-fluminense\/"},"wordCount":348,"commentCount":0,"image":{"@id":"https:\/\/www.gaveanews.com\/index.php\/2025\/04\/06\/a-declaracao-de-renato-gaucho-direcionada-ao-goleiro-fabio-do-fluminense\/#primaryimage"},"thumbnailUrl":"https:\/\/www.gaveanews.com\/wp-content\/uploads\/Fabio-pelo-Fluminense.webp","articleSection":["Fluminense"],"inLanguage":"pt-BR","potentialAction":[{"@type":"CommentAction","name":"Comment","target":["https:\/\/www.gaveanews.com\/index.php\/2025\/04\/06\/a-declaracao-de-renato-gaucho-direcionada-ao-goleiro-fabio-do-fluminense\/#respond"]}],"copyrightYear":"2025","copyrightHolder":{"@id":"https:\/\/www.gaveanews.com\/#organization"}},{"@type":"WebPage","@id":"https:\/\/www.gaveanews.com\/index.php\/2025\/04\/06\/a-declaracao-de-renato-gaucho-direcionada-ao-goleiro-fabio-do-fluminense\/","url":"https:\/\/www.gaveanews.com\/index.php\/2025\/04\/06\/a-declaracao-de-renato-gaucho-direcionada-ao-goleiro-fabio-do-fluminense\/","name":"A declara\u00e7\u00e3o de Renato Ga\u00facho direcionada ao goleiro F\u00e1bio, do Fluminense","isPartOf":{"@id":"https:\/\/www.gaveanews.com\/#website"},"primaryImageOfPage":{"@id":"https:\/\/www.gaveanews.com\/index.php\/2025\/04\/06\/a-declaracao-de-renato-gaucho-direcionada-ao-goleiro-fabio-do-fluminense\/#primaryimage"},"image":{"@id":"https:\/\/www.gaveanews.com\/index.php\/2025\/04\/06\/a-declaracao-de-renato-gaucho-direcionada-ao-goleiro-fabio-do-fluminense\/#primaryimage"},"thumbnailUrl":"https:\/\/www.gaveanews.com\/wp-content\/uploads\/Fabio-pelo-Fluminense.webp","datePublished":"2025-04-06T19:20:00+00:00","author":{"@id":"https:\/\/www.gaveanews.com\/#\/schema\/person\/f42654babcd2b2014a1a65af82b081f1"},"breadcrumb":{"@id":"https:\/\/www.gaveanews.com\/index.php\/2025\/04\/06\/a-declaracao-de-renato-gaucho-direcionada-ao-goleiro-fabio-do-fluminense\/#breadcrumb"},"inLanguage":"pt-BR","potentialAction":[{"@type":"ReadAction","target":["https:\/\/www.gaveanews.com\/index.php\/2025\/04\/06\/a-declaracao-de-renato-gaucho-direcionada-ao-goleiro-fabio-do-fluminense\/"]}]},{"@type":"ImageObject","inLanguage":"pt-BR","@id":"https:\/\/www.gaveanews.com\/index.php\/2025\/04\/06\/a-declaracao-de-renato-gaucho-direcionada-ao-goleiro-fabio-do-fluminense\/#primaryimage","url":"https:\/\/www.gaveanews.com\/wp-content\/uploads\/Fabio-pelo-Fluminense.webp","contentUrl":"https:\/\/www.gaveanews.com\/wp-content\/uploads\/Fabio-pelo-Fluminense.webp","width":1600,"height":900,"caption":"F\u00e1bio pelo Fluminense (Foto: Divulga\u00e7\u00e3o\/Fluminense)"},{"@type":"BreadcrumbList","@id":"https:\/\/www.gaveanews.com\/index.php\/2025\/04\/06\/a-declaracao-de-renato-gaucho-direcionada-ao-goleiro-fabio-do-fluminense\/#breadcrumb","itemListElement":[{"@type":"ListItem","position":1,"name":"Home","item":"https:\/\/www.gaveanews.com\/"},{"@type":"ListItem","position":2,"name":"A declara\u00e7\u00e3o de Renato Ga\u00facho direcionada ao goleiro F\u00e1bio, do Fluminense"}]},{"@type":"WebSite","@id":"https:\/\/www.gaveanews.com\/#website","url":"https:\/\/www.gaveanews.com\/","name":"G\u00e1vea News","description":"Veja todas as not\u00edcias sobre o Flamengo: Contrata\u00e7\u00f5es, categorias de base, resultados das partidas, tabela de classifica\u00e7\u00e3o, pr\u00f3ximos jogos!","potentialAction":[{"@type":"SearchAction","target":{"@type":"EntryPoint","urlTemplate":"https:\/\/www.gaveanews.com\/?s={search_term_string}"},"query-input":{"@type":"PropertyValueSpecification","valueRequired":true,"valueName":"search_term_string"}}],"inLanguage":"pt-BR"},{"@type":"Person","@id":"https:\/\/www.gaveanews.com\/#\/schema\/person\/f42654babcd2b2014a1a65af82b081f1","name":"Geovanna Thomaz","image":{"@type":"ImageObject","inLanguage":"pt-BR","@id":"https:\/\/www.gaveanews.com\/#\/schema\/person\/image\/","url":"https:\/\/secure.gravatar.com\/avatar\/4092073255489533afb558984b49b64268c47198af8623cc82a925ae9fb7118a?s=96&d=mm&r=g","contentUrl":"https:\/\/secure.gravatar.com\/avatar\/4092073255489533afb558984b49b64268c47198af8623cc82a925ae9fb7118a?s=96&d=mm&r=g","caption":"Geovanna Thomaz"}}]}},"_links":{"self":[{"href":"https:\/\/www.gaveanews.com\/index.php\/wp-json\/wp\/v2\/posts\/249436","targetHints":{"allow":["GET"]}}],"collection":[{"href":"https:\/\/www.gaveanews.com\/index.php\/wp-json\/wp\/v2\/posts"}],"about":[{"href":"https:\/\/www.gaveanews.com\/index.php\/wp-json\/wp\/v2\/types\/post"}],"author":[{"embeddable":true,"href":"https:\/\/www.gaveanews.com\/index.php\/wp-json\/wp\/v2\/users\/17"}],"replies":[{"embeddable":true,"href":"https:\/\/www.gaveanews.com\/index.php\/wp-json\/wp\/v2\/comments?post=249436"}],"version-history":[{"count":1,"href":"https:\/\/www.gaveanews.com\/index.php\/wp-json\/wp\/v2\/posts\/249436\/revisions"}],"predecessor-version":[{"id":249437,"href":"https:\/\/www.gaveanews.com\/index.php\/wp-json\/wp\/v2\/posts\/249436\/revisions\/249437"}],"wp:featuredmedia":[{"embeddable":true,"href":"https:\/\/www.gaveanews.com\/index.php\/wp-json\/wp\/v2\/media\/167657"}],"wp:attachment":[{"href":"https:\/\/www.gaveanews.com\/index.php\/wp-json\/wp\/v2\/media?parent=249436"}],"wp:term":[{"taxonomy":"category","embeddable":true,"href":"https:\/\/www.gaveanews.com\/index.php\/wp-json\/wp\/v2\/categories?post=249436"},{"taxonomy":"post_tag","embeddable":true,"href":"https:\/\/www.gaveanews.com\/index.php\/wp-json\/wp\/v2\/tags?post=249436"}],"curies":[{"name":"wp","href":"https:\/\/api.w.org\/{rel}","templated":true}]}}