{"id":24990,"date":"2019-08-16T13:44:34","date_gmt":"2019-08-16T16:44:34","guid":{"rendered":"http:\/\/www.gaveanews.com\/?p=24990"},"modified":"2019-08-16T13:45:42","modified_gmt":"2019-08-16T16:45:42","slug":"video-apos-convocacao-bruno-henrique-manda-recado-a-torcida-do-flamengo","status":"publish","type":"post","link":"https:\/\/www.gaveanews.com\/index.php\/2019\/08\/16\/video-apos-convocacao-bruno-henrique-manda-recado-a-torcida-do-flamengo\/","title":{"rendered":"V\u00eddeo: Ap\u00f3s convoca\u00e7\u00e3o, Bruno Henrique manda recado \u00e0 torcida do Flamengo"},"content":{"rendered":"\n<p>O atacante Bruno Henrique \u00e9 um dos principais nomes n\u00e3o s\u00f3 do Flamengo na atual temporada, mas sim de todo o futebol brasileiro. Mais uma parte desse reconhecimento foi concretizada na manh\u00e3 desta sexta-feira (16 de agosto), quando o camisa 27 foi convocado por Tite para representar a sele\u00e7\u00e3o nacional. <\/p>\n\n\n\n<p>Em meio aos agradecimentos, o atleta do Meng\u00e3o fez quest\u00e3o de destacar a import\u00e2ncia da torcida rubro-negra.<\/p>\n\n\n\n<p>\u2014 E a\u00ed, Na\u00e7\u00e3o! Estou passando para agradecer pelas mensagens que voc\u00eas est\u00e3o mandando nas redes sociais. Estou muito feliz pela minha primeira convoca\u00e7\u00e3o. Voc\u00eas fazem parte dessa minha hist\u00f3ria. Um abra\u00e7o, estamos juntos -, disse ele em v\u00eddeo divulgado pelo Flamengo em suas redes sociais.<\/p>\n\n\n\n<p><strong>ASSISTA AO V\u00cdDEO:<\/strong><\/p>\n\n\n\n<figure class=\"wp-block-video aligncenter\"><video controls src=\"https:\/\/video.twimg.com\/ext_tw_video\/1162383221956468737\/pu\/vid\/720x1280\/yqHV-jgPgGcrDB1r.mp4?tag=10\"><\/video><figcaption>(V\u00eddeo: Reprodu\u00e7\u00e3o\/Twitter)<\/figcaption><\/figure>\n\n\n\n<p>O grupo convocado por Tite se apresentar\u00e1 no dia 01 de setembro. Por\u00e9m, por ter jogo pelo Flamengo nesta data, Bruno Henrique ser\u00e1 liberado para se juntar \u00e0 equipe apenas no dia seguinte. A partida em quest\u00e3o ser\u00e1 contra o Palmeiras, pela 17\u00aa rodada do Brasileir\u00e3o. Contudo, no jogo seguinte, contra o Ava\u00ed, o atacante ser\u00e1 desfalque.<\/p>\n\n\n\n\n\n<p>Retirado de: Coluna do Fla<\/p>\n","protected":false},"excerpt":{"rendered":"<p>O atacante Bruno Henrique \u00e9 um dos principais nomes n\u00e3o s\u00f3 do Flamengo na atual temporada, mas sim de todo o futebol brasileiro. Mais uma parte desse reconhecimento foi concretizada na manh\u00e3 desta sexta-feira (16 de agosto), quando o camisa 27 foi convocado por Tite para representar a sele\u00e7\u00e3o nacional. Em meio aos agradecimentos, o [&hellip;]<\/p>\n","protected":false},"author":1,"featured_media":14558,"comment_status":"open","ping_status":"open","sticky":false,"template":"","format":"standard","meta":{"footnotes":""},"categories":[40],"tags":[],"class_list":["post-24990","post","type-post","status-publish","format-standard","has-post-thumbnail","hentry","category-video"],"yoast_head":"<!-- This site is optimized with the Yoast SEO Premium plugin v24.2 (Yoast SEO v26.9) - https:\/\/yoast.com\/product\/yoast-seo-premium-wordpress\/ -->\n<title>V\u00eddeo: Ap\u00f3s convoca\u00e7\u00e3o, Bruno Henrique manda recado \u00e0 torcida do Flamengo<\/title>\n<meta name=\"robots\" content=\"index, follow, max-snippet:-1, max-image-preview:large, max-video-preview:-1\" \/>\n<link rel=\"canonical\" href=\"https:\/\/www.gaveanews.com\/index.php\/2019\/08\/16\/video-apos-convocacao-bruno-henrique-manda-recado-a-torcida-do-flamengo\/\" \/>\n<meta property=\"og:locale\" content=\"pt_BR\" \/>\n<meta property=\"og:type\" content=\"article\" \/>\n<meta property=\"og:title\" content=\"V\u00eddeo: Ap\u00f3s convoca\u00e7\u00e3o, Bruno Henrique manda recado \u00e0 torcida do Flamengo\" \/>\n<meta property=\"og:description\" content=\"O atacante Bruno Henrique \u00e9 um dos principais nomes n\u00e3o s\u00f3 do Flamengo na atual temporada, mas sim de todo o futebol brasileiro. Mais uma parte desse reconhecimento foi concretizada na manh\u00e3 desta sexta-feira (16 de agosto), quando o camisa 27 foi convocado por Tite para representar a sele\u00e7\u00e3o nacional. Em meio aos agradecimentos, o [&hellip;]\" \/>\n<meta property=\"og:url\" content=\"https:\/\/www.gaveanews.com\/index.php\/2019\/08\/16\/video-apos-convocacao-bruno-henrique-manda-recado-a-torcida-do-flamengo\/\" \/>\n<meta property=\"og:site_name\" content=\"G\u00e1vea News\" \/>\n<meta property=\"article:publisher\" content=\"https:\/\/facebook.com\/gaveaNews\/\" \/>\n<meta property=\"article:published_time\" content=\"2019-08-16T16:44:34+00:00\" \/>\n<meta property=\"article:modified_time\" content=\"2019-08-16T16:45:42+00:00\" \/>\n<meta property=\"og:image\" content=\"https:\/\/www.gaveanews.com\/wp-content\/uploads\/2019\/03\/Bruno-Henrique-e-Para-durante-treinamento-no-Ninho-do-Urubu.webp\" \/>\n\t<meta property=\"og:image:width\" content=\"1\" \/>\n\t<meta property=\"og:image:height\" content=\"1\" \/>\n\t<meta property=\"og:image:type\" content=\"image\/jpeg\" \/>\n<meta name=\"author\" content=\"Equipe G\u00e1vea News\" \/>\n<meta name=\"twitter:card\" content=\"summary_large_image\" \/>\n<meta name=\"twitter:label1\" content=\"Escrito por\" \/>\n\t<meta name=\"twitter:data1\" content=\"Equipe G\u00e1vea News\" \/>\n\t<meta name=\"twitter:label2\" content=\"Est. tempo de leitura\" \/>\n\t<meta name=\"twitter:data2\" content=\"1 minuto\" \/>\n<script type=\"application\/ld+json\" class=\"yoast-schema-graph\">{\"@context\":\"https:\/\/schema.org\",\"@graph\":[{\"@type\":\"NewsArticle\",\"@id\":\"https:\/\/www.gaveanews.com\/index.php\/2019\/08\/16\/video-apos-convocacao-bruno-henrique-manda-recado-a-torcida-do-flamengo\/#article\",\"isPartOf\":{\"@id\":\"https:\/\/www.gaveanews.com\/index.php\/2019\/08\/16\/video-apos-convocacao-bruno-henrique-manda-recado-a-torcida-do-flamengo\/\"},\"author\":{\"name\":\"Equipe G\u00e1vea News\",\"@id\":\"https:\/\/www.gaveanews.com\/#\/schema\/person\/2ec14f73fb96be2caf28f91afb14749d\"},\"headline\":\"V\u00eddeo: Ap\u00f3s convoca\u00e7\u00e3o, Bruno Henrique manda recado \u00e0 torcida do Flamengo\",\"datePublished\":\"2019-08-16T16:44:34+00:00\",\"dateModified\":\"2019-08-16T16:45:42+00:00\",\"mainEntityOfPage\":{\"@id\":\"https:\/\/www.gaveanews.com\/index.php\/2019\/08\/16\/video-apos-convocacao-bruno-henrique-manda-recado-a-torcida-do-flamengo\/\"},\"wordCount\":206,\"commentCount\":0,\"image\":{\"@id\":\"https:\/\/www.gaveanews.com\/index.php\/2019\/08\/16\/video-apos-convocacao-bruno-henrique-manda-recado-a-torcida-do-flamengo\/#primaryimage\"},\"thumbnailUrl\":\"https:\/\/www.gaveanews.com\/wp-content\/uploads\/2019\/03\/Bruno-Henrique-e-Para-durante-treinamento-no-Ninho-do-Urubu.webp\",\"articleSection\":[\"V\u00eddeos\"],\"inLanguage\":\"pt-BR\",\"potentialAction\":[{\"@type\":\"CommentAction\",\"name\":\"Comment\",\"target\":[\"https:\/\/www.gaveanews.com\/index.php\/2019\/08\/16\/video-apos-convocacao-bruno-henrique-manda-recado-a-torcida-do-flamengo\/#respond\"]}],\"copyrightYear\":\"2019\",\"copyrightHolder\":{\"@id\":\"https:\/\/www.gaveanews.com\/#organization\"}},{\"@type\":\"WebPage\",\"@id\":\"https:\/\/www.gaveanews.com\/index.php\/2019\/08\/16\/video-apos-convocacao-bruno-henrique-manda-recado-a-torcida-do-flamengo\/\",\"url\":\"https:\/\/www.gaveanews.com\/index.php\/2019\/08\/16\/video-apos-convocacao-bruno-henrique-manda-recado-a-torcida-do-flamengo\/\",\"name\":\"V\u00eddeo: Ap\u00f3s convoca\u00e7\u00e3o, Bruno Henrique manda recado \u00e0 torcida do Flamengo\",\"isPartOf\":{\"@id\":\"https:\/\/www.gaveanews.com\/#website\"},\"primaryImageOfPage\":{\"@id\":\"https:\/\/www.gaveanews.com\/index.php\/2019\/08\/16\/video-apos-convocacao-bruno-henrique-manda-recado-a-torcida-do-flamengo\/#primaryimage\"},\"image\":{\"@id\":\"https:\/\/www.gaveanews.com\/index.php\/2019\/08\/16\/video-apos-convocacao-bruno-henrique-manda-recado-a-torcida-do-flamengo\/#primaryimage\"},\"thumbnailUrl\":\"https:\/\/www.gaveanews.com\/wp-content\/uploads\/2019\/03\/Bruno-Henrique-e-Para-durante-treinamento-no-Ninho-do-Urubu.webp\",\"datePublished\":\"2019-08-16T16:44:34+00:00\",\"dateModified\":\"2019-08-16T16:45:42+00:00\",\"author\":{\"@id\":\"https:\/\/www.gaveanews.com\/#\/schema\/person\/2ec14f73fb96be2caf28f91afb14749d\"},\"breadcrumb\":{\"@id\":\"https:\/\/www.gaveanews.com\/index.php\/2019\/08\/16\/video-apos-convocacao-bruno-henrique-manda-recado-a-torcida-do-flamengo\/#breadcrumb\"},\"inLanguage\":\"pt-BR\",\"potentialAction\":[{\"@type\":\"ReadAction\",\"target\":[\"https:\/\/www.gaveanews.com\/index.php\/2019\/08\/16\/video-apos-convocacao-bruno-henrique-manda-recado-a-torcida-do-flamengo\/\"]}]},{\"@type\":\"ImageObject\",\"inLanguage\":\"pt-BR\",\"@id\":\"https:\/\/www.gaveanews.com\/index.php\/2019\/08\/16\/video-apos-convocacao-bruno-henrique-manda-recado-a-torcida-do-flamengo\/#primaryimage\",\"url\":\"https:\/\/www.gaveanews.com\/wp-content\/uploads\/2019\/03\/Bruno-Henrique-e-Para-durante-treinamento-no-Ninho-do-Urubu.webp\",\"contentUrl\":\"https:\/\/www.gaveanews.com\/wp-content\/uploads\/2019\/03\/Bruno-Henrique-e-Para-durante-treinamento-no-Ninho-do-Urubu.webp\",\"width\":901,\"height\":600,\"caption\":\"Bruno Henrique e Par\u00e1 durante treinamento no Ninho do Urubu (Foto: Alexandre Vidal\/Flamengo)\"},{\"@type\":\"BreadcrumbList\",\"@id\":\"https:\/\/www.gaveanews.com\/index.php\/2019\/08\/16\/video-apos-convocacao-bruno-henrique-manda-recado-a-torcida-do-flamengo\/#breadcrumb\",\"itemListElement\":[{\"@type\":\"ListItem\",\"position\":1,\"name\":\"Home\",\"item\":\"https:\/\/www.gaveanews.com\/\"},{\"@type\":\"ListItem\",\"position\":2,\"name\":\"V\u00eddeo: Ap\u00f3s convoca\u00e7\u00e3o, Bruno Henrique manda recado \u00e0 torcida do Flamengo\"}]},{\"@type\":\"WebSite\",\"@id\":\"https:\/\/www.gaveanews.com\/#website\",\"url\":\"https:\/\/www.gaveanews.com\/\",\"name\":\"G\u00e1vea News\",\"description\":\"Veja todas as not\u00edcias sobre o Flamengo: Contrata\u00e7\u00f5es, categorias de base, resultados das partidas, tabela de classifica\u00e7\u00e3o, pr\u00f3ximos jogos!\",\"potentialAction\":[{\"@type\":\"SearchAction\",\"target\":{\"@type\":\"EntryPoint\",\"urlTemplate\":\"https:\/\/www.gaveanews.com\/?s={search_term_string}\"},\"query-input\":{\"@type\":\"PropertyValueSpecification\",\"valueRequired\":true,\"valueName\":\"search_term_string\"}}],\"inLanguage\":\"pt-BR\"},{\"@type\":\"Person\",\"@id\":\"https:\/\/www.gaveanews.com\/#\/schema\/person\/2ec14f73fb96be2caf28f91afb14749d\",\"name\":\"Equipe G\u00e1vea News\",\"image\":{\"@type\":\"ImageObject\",\"inLanguage\":\"pt-BR\",\"@id\":\"https:\/\/www.gaveanews.com\/#\/schema\/person\/image\/\",\"url\":\"https:\/\/secure.gravatar.com\/avatar\/1e1956f1facbffd3f8fa53a326721950116b3b9dc9bd44939c01180fd4a745a9?s=96&d=mm&r=g\",\"contentUrl\":\"https:\/\/secure.gravatar.com\/avatar\/1e1956f1facbffd3f8fa53a326721950116b3b9dc9bd44939c01180fd4a745a9?s=96&d=mm&r=g\",\"caption\":\"Equipe G\u00e1vea News\"}}]}<\/script>\n<!-- \/ Yoast SEO Premium plugin. -->","yoast_head_json":{"title":"V\u00eddeo: Ap\u00f3s convoca\u00e7\u00e3o, Bruno Henrique manda recado \u00e0 torcida do Flamengo","robots":{"index":"index","follow":"follow","max-snippet":"max-snippet:-1","max-image-preview":"max-image-preview:large","max-video-preview":"max-video-preview:-1"},"canonical":"https:\/\/www.gaveanews.com\/index.php\/2019\/08\/16\/video-apos-convocacao-bruno-henrique-manda-recado-a-torcida-do-flamengo\/","og_locale":"pt_BR","og_type":"article","og_title":"V\u00eddeo: Ap\u00f3s convoca\u00e7\u00e3o, Bruno Henrique manda recado \u00e0 torcida do Flamengo","og_description":"O atacante Bruno Henrique \u00e9 um dos principais nomes n\u00e3o s\u00f3 do Flamengo na atual temporada, mas sim de todo o futebol brasileiro. Mais uma parte desse reconhecimento foi concretizada na manh\u00e3 desta sexta-feira (16 de agosto), quando o camisa 27 foi convocado por Tite para representar a sele\u00e7\u00e3o nacional. Em meio aos agradecimentos, o [&hellip;]","og_url":"https:\/\/www.gaveanews.com\/index.php\/2019\/08\/16\/video-apos-convocacao-bruno-henrique-manda-recado-a-torcida-do-flamengo\/","og_site_name":"G\u00e1vea News","article_publisher":"https:\/\/facebook.com\/gaveaNews\/","article_published_time":"2019-08-16T16:44:34+00:00","article_modified_time":"2019-08-16T16:45:42+00:00","og_image":[{"url":"https:\/\/www.gaveanews.com\/wp-content\/uploads\/2019\/03\/Bruno-Henrique-e-Para-durante-treinamento-no-Ninho-do-Urubu.webp","width":1,"height":1,"type":"image\/jpeg"}],"author":"Equipe G\u00e1vea News","twitter_card":"summary_large_image","twitter_misc":{"Escrito por":"Equipe G\u00e1vea News","Est. tempo de leitura":"1 minuto"},"schema":{"@context":"https:\/\/schema.org","@graph":[{"@type":"NewsArticle","@id":"https:\/\/www.gaveanews.com\/index.php\/2019\/08\/16\/video-apos-convocacao-bruno-henrique-manda-recado-a-torcida-do-flamengo\/#article","isPartOf":{"@id":"https:\/\/www.gaveanews.com\/index.php\/2019\/08\/16\/video-apos-convocacao-bruno-henrique-manda-recado-a-torcida-do-flamengo\/"},"author":{"name":"Equipe G\u00e1vea News","@id":"https:\/\/www.gaveanews.com\/#\/schema\/person\/2ec14f73fb96be2caf28f91afb14749d"},"headline":"V\u00eddeo: Ap\u00f3s convoca\u00e7\u00e3o, Bruno Henrique manda recado \u00e0 torcida do Flamengo","datePublished":"2019-08-16T16:44:34+00:00","dateModified":"2019-08-16T16:45:42+00:00","mainEntityOfPage":{"@id":"https:\/\/www.gaveanews.com\/index.php\/2019\/08\/16\/video-apos-convocacao-bruno-henrique-manda-recado-a-torcida-do-flamengo\/"},"wordCount":206,"commentCount":0,"image":{"@id":"https:\/\/www.gaveanews.com\/index.php\/2019\/08\/16\/video-apos-convocacao-bruno-henrique-manda-recado-a-torcida-do-flamengo\/#primaryimage"},"thumbnailUrl":"https:\/\/www.gaveanews.com\/wp-content\/uploads\/2019\/03\/Bruno-Henrique-e-Para-durante-treinamento-no-Ninho-do-Urubu.webp","articleSection":["V\u00eddeos"],"inLanguage":"pt-BR","potentialAction":[{"@type":"CommentAction","name":"Comment","target":["https:\/\/www.gaveanews.com\/index.php\/2019\/08\/16\/video-apos-convocacao-bruno-henrique-manda-recado-a-torcida-do-flamengo\/#respond"]}],"copyrightYear":"2019","copyrightHolder":{"@id":"https:\/\/www.gaveanews.com\/#organization"}},{"@type":"WebPage","@id":"https:\/\/www.gaveanews.com\/index.php\/2019\/08\/16\/video-apos-convocacao-bruno-henrique-manda-recado-a-torcida-do-flamengo\/","url":"https:\/\/www.gaveanews.com\/index.php\/2019\/08\/16\/video-apos-convocacao-bruno-henrique-manda-recado-a-torcida-do-flamengo\/","name":"V\u00eddeo: Ap\u00f3s convoca\u00e7\u00e3o, Bruno Henrique manda recado \u00e0 torcida do Flamengo","isPartOf":{"@id":"https:\/\/www.gaveanews.com\/#website"},"primaryImageOfPage":{"@id":"https:\/\/www.gaveanews.com\/index.php\/2019\/08\/16\/video-apos-convocacao-bruno-henrique-manda-recado-a-torcida-do-flamengo\/#primaryimage"},"image":{"@id":"https:\/\/www.gaveanews.com\/index.php\/2019\/08\/16\/video-apos-convocacao-bruno-henrique-manda-recado-a-torcida-do-flamengo\/#primaryimage"},"thumbnailUrl":"https:\/\/www.gaveanews.com\/wp-content\/uploads\/2019\/03\/Bruno-Henrique-e-Para-durante-treinamento-no-Ninho-do-Urubu.webp","datePublished":"2019-08-16T16:44:34+00:00","dateModified":"2019-08-16T16:45:42+00:00","author":{"@id":"https:\/\/www.gaveanews.com\/#\/schema\/person\/2ec14f73fb96be2caf28f91afb14749d"},"breadcrumb":{"@id":"https:\/\/www.gaveanews.com\/index.php\/2019\/08\/16\/video-apos-convocacao-bruno-henrique-manda-recado-a-torcida-do-flamengo\/#breadcrumb"},"inLanguage":"pt-BR","potentialAction":[{"@type":"ReadAction","target":["https:\/\/www.gaveanews.com\/index.php\/2019\/08\/16\/video-apos-convocacao-bruno-henrique-manda-recado-a-torcida-do-flamengo\/"]}]},{"@type":"ImageObject","inLanguage":"pt-BR","@id":"https:\/\/www.gaveanews.com\/index.php\/2019\/08\/16\/video-apos-convocacao-bruno-henrique-manda-recado-a-torcida-do-flamengo\/#primaryimage","url":"https:\/\/www.gaveanews.com\/wp-content\/uploads\/2019\/03\/Bruno-Henrique-e-Para-durante-treinamento-no-Ninho-do-Urubu.webp","contentUrl":"https:\/\/www.gaveanews.com\/wp-content\/uploads\/2019\/03\/Bruno-Henrique-e-Para-durante-treinamento-no-Ninho-do-Urubu.webp","width":901,"height":600,"caption":"Bruno Henrique e Par\u00e1 durante treinamento no Ninho do Urubu (Foto: Alexandre Vidal\/Flamengo)"},{"@type":"BreadcrumbList","@id":"https:\/\/www.gaveanews.com\/index.php\/2019\/08\/16\/video-apos-convocacao-bruno-henrique-manda-recado-a-torcida-do-flamengo\/#breadcrumb","itemListElement":[{"@type":"ListItem","position":1,"name":"Home","item":"https:\/\/www.gaveanews.com\/"},{"@type":"ListItem","position":2,"name":"V\u00eddeo: Ap\u00f3s convoca\u00e7\u00e3o, Bruno Henrique manda recado \u00e0 torcida do Flamengo"}]},{"@type":"WebSite","@id":"https:\/\/www.gaveanews.com\/#website","url":"https:\/\/www.gaveanews.com\/","name":"G\u00e1vea News","description":"Veja todas as not\u00edcias sobre o Flamengo: Contrata\u00e7\u00f5es, categorias de base, resultados das partidas, tabela de classifica\u00e7\u00e3o, pr\u00f3ximos jogos!","potentialAction":[{"@type":"SearchAction","target":{"@type":"EntryPoint","urlTemplate":"https:\/\/www.gaveanews.com\/?s={search_term_string}"},"query-input":{"@type":"PropertyValueSpecification","valueRequired":true,"valueName":"search_term_string"}}],"inLanguage":"pt-BR"},{"@type":"Person","@id":"https:\/\/www.gaveanews.com\/#\/schema\/person\/2ec14f73fb96be2caf28f91afb14749d","name":"Equipe G\u00e1vea News","image":{"@type":"ImageObject","inLanguage":"pt-BR","@id":"https:\/\/www.gaveanews.com\/#\/schema\/person\/image\/","url":"https:\/\/secure.gravatar.com\/avatar\/1e1956f1facbffd3f8fa53a326721950116b3b9dc9bd44939c01180fd4a745a9?s=96&d=mm&r=g","contentUrl":"https:\/\/secure.gravatar.com\/avatar\/1e1956f1facbffd3f8fa53a326721950116b3b9dc9bd44939c01180fd4a745a9?s=96&d=mm&r=g","caption":"Equipe G\u00e1vea News"}}]}},"_links":{"self":[{"href":"https:\/\/www.gaveanews.com\/index.php\/wp-json\/wp\/v2\/posts\/24990","targetHints":{"allow":["GET"]}}],"collection":[{"href":"https:\/\/www.gaveanews.com\/index.php\/wp-json\/wp\/v2\/posts"}],"about":[{"href":"https:\/\/www.gaveanews.com\/index.php\/wp-json\/wp\/v2\/types\/post"}],"author":[{"embeddable":true,"href":"https:\/\/www.gaveanews.com\/index.php\/wp-json\/wp\/v2\/users\/1"}],"replies":[{"embeddable":true,"href":"https:\/\/www.gaveanews.com\/index.php\/wp-json\/wp\/v2\/comments?post=24990"}],"version-history":[{"count":0,"href":"https:\/\/www.gaveanews.com\/index.php\/wp-json\/wp\/v2\/posts\/24990\/revisions"}],"wp:featuredmedia":[{"embeddable":true,"href":"https:\/\/www.gaveanews.com\/index.php\/wp-json\/wp\/v2\/media\/14558"}],"wp:attachment":[{"href":"https:\/\/www.gaveanews.com\/index.php\/wp-json\/wp\/v2\/media?parent=24990"}],"wp:term":[{"taxonomy":"category","embeddable":true,"href":"https:\/\/www.gaveanews.com\/index.php\/wp-json\/wp\/v2\/categories?post=24990"},{"taxonomy":"post_tag","embeddable":true,"href":"https:\/\/www.gaveanews.com\/index.php\/wp-json\/wp\/v2\/tags?post=24990"}],"curies":[{"name":"wp","href":"https:\/\/api.w.org\/{rel}","templated":true}]}}