{"id":250041,"date":"2025-04-08T00:10:00","date_gmt":"2025-04-08T03:10:00","guid":{"rendered":"https:\/\/www.gaveanews.com\/?p=250041"},"modified":"2025-04-07T18:08:51","modified_gmt":"2025-04-07T21:08:51","slug":"desfalques-importantes-depay-repercute-na-europa-e-revelacao-dos-bastidores-as-ultimas-noticias-do-corinthians","status":"publish","type":"post","link":"https:\/\/www.gaveanews.com\/index.php\/2025\/04\/08\/desfalques-importantes-depay-repercute-na-europa-e-revelacao-dos-bastidores-as-ultimas-noticias-do-corinthians\/","title":{"rendered":"Desfalques importantes, Depay repercute na Europa e revela\u00e7\u00e3o dos bastidores: as \u00faltimas not\u00edcias do Corinthians"},"content":{"rendered":"\n<p>Nas \u00faltimas horas, o foco das not\u00edcias sobre o Corinthians se concentram nos bastidores do clube, com destaques do dia a dia do time.<\/p>\n\n\n\n<p>Por conta deste contexto, leia abaixo um resumo preparado pela equipe do portal G\u00e1vea News para lhe manter muito bem informado!<\/p>\n\n\n\n<div class=\"wp-block-group\"><div class=\"wp-block-group__inner-container is-layout-constrained wp-block-group-is-layout-constrained\">\n<div class=\"wp-block-group\"><div class=\"wp-block-group__inner-container is-layout-constrained wp-block-group-is-layout-constrained\">\n<h2 class=\"wp-block-heading\" id=\"h-revelacao-dos-bastidores\">Revela\u00e7\u00e3o dos bastidores<\/h2>\n\n\n\n<p>Ap\u00f3s a derrota do Corinthians por 2 a 1 para o Hurac\u00e1n na estreia da Copa Sul-Americana, o atacante H\u00e9ctor Hern\u00e1ndez concedeu uma entrevista ao portal <em>UOL<\/em> revelando detalhes de sua rotina fora de campo. Apesar das cr\u00edticas e da dificuldade em se firmar como titular, o jogador espanhol relatou que tem se dedicado ao fortalecimento emocional com o apoio de psic\u00f3logos do clube, como parte de um processo de prepara\u00e7\u00e3o mental para responder bem quando for acionado pelo t\u00e9cnico Ram\u00f3n D\u00edaz<strong><a href=\"https:\/\/www.gaveanews.com\/index.php\/2025\/04\/06\/a-declaracao-de-hector-hernandez-sobre-os-bastidores-do-corinthians\/\"> (leia a mat\u00e9ria completa).<\/a><\/strong><\/p>\n\n\n\n<figure class=\"wp-block-image size-large\"><img loading=\"lazy\" decoding=\"async\" width=\"1024\" height=\"540\" src=\"http:\/\/www.gaveanews.com\/wp-content\/uploads\/Hector-Hernandez-deixou-a-Neo-Quimica-Arena-com-4-minutos-de-jogo-1024x540.webp\" alt=\"\" class=\"wp-image-163228\" srcset=\"https:\/\/www.gaveanews.com\/wp-content\/uploads\/Hector-Hernandez-deixou-a-Neo-Quimica-Arena-com-4-minutos-de-jogo-1024x540.webp 1024w, https:\/\/www.gaveanews.com\/wp-content\/uploads\/Hector-Hernandez-deixou-a-Neo-Quimica-Arena-com-4-minutos-de-jogo-300x158.webp 300w, https:\/\/www.gaveanews.com\/wp-content\/uploads\/Hector-Hernandez-deixou-a-Neo-Quimica-Arena-com-4-minutos-de-jogo-768x405.webp 768w, https:\/\/www.gaveanews.com\/wp-content\/uploads\/Hector-Hernandez-deixou-a-Neo-Quimica-Arena-com-4-minutos-de-jogo-1536x810.webp 1536w, https:\/\/www.gaveanews.com\/wp-content\/uploads\/Hector-Hernandez-deixou-a-Neo-Quimica-Arena-com-4-minutos-de-jogo-796x420.webp 796w, https:\/\/www.gaveanews.com\/wp-content\/uploads\/Hector-Hernandez-deixou-a-Neo-Quimica-Arena-com-4-minutos-de-jogo-1592x840.webp 1592w, https:\/\/www.gaveanews.com\/wp-content\/uploads\/Hector-Hernandez-deixou-a-Neo-Quimica-Arena-com-4-minutos-de-jogo-640x338.webp 640w, https:\/\/www.gaveanews.com\/wp-content\/uploads\/Hector-Hernandez-deixou-a-Neo-Quimica-Arena-com-4-minutos-de-jogo-1280x675.webp 1280w, https:\/\/www.gaveanews.com\/wp-content\/uploads\/Hector-Hernandez-deixou-a-Neo-Quimica-Arena-com-4-minutos-de-jogo-681x359.webp 681w, https:\/\/www.gaveanews.com\/wp-content\/uploads\/Hector-Hernandez-deixou-a-Neo-Quimica-Arena-com-4-minutos-de-jogo-1362x718.webp 1362w, https:\/\/www.gaveanews.com\/wp-content\/uploads\/Hector-Hernandez-deixou-a-Neo-Quimica-Arena-com-4-minutos-de-jogo-100x53.webp 100w, https:\/\/www.gaveanews.com\/wp-content\/uploads\/Hector-Hernandez-deixou-a-Neo-Quimica-Arena-com-4-minutos-de-jogo.webp 1892w\" sizes=\"auto, (max-width: 1024px) 100vw, 1024px\" \/><figcaption class=\"wp-element-caption\">H\u00e9ctor Hern\u00e1ndez deixando a Neo Quimica Arena com 4 minutos de jogo (Foto: Reprodu\u00e7\u00e3o\/Rede Globo)<\/figcaption><\/figure>\n\n\n\n<p>H\u00e9ctor destacou o papel fundamental das profissionais Anah\u00ed Couto e Luana Gast\u00e3o nesse trabalho interno. Segundo ele, o suporte psicol\u00f3gico tem sido crucial para manter a confian\u00e7a, especialmente em momentos de poucas oportunidades em campo. <\/p>\n\n\n\n<p>Al\u00e9m disso, o atacante valorizou a acolhida recebida desde sua chegada ao Brasil e mostrou entusiasmo com a competitividade e o n\u00edvel t\u00e9cnico do futebol nacional, afirmando estar adaptado ao ambiente e \u00e0 cultura do pa\u00eds.<\/p>\n\n\n\n<p>Mesmo com as oscila\u00e7\u00f5es no desempenho do time, o centroavante v\u00ea com bons olhos a sequ\u00eancia da temporada e espera contribuir de forma mais efetiva nos pr\u00f3ximos compromissos. O Corinthians, que empatou com o Bahia na estreia do Brasileir\u00e3o, agora busca solidez em meio a um calend\u00e1rio intenso. H\u00e9ctor segue confiante de que, com preparo f\u00edsico e mental adequado, poder\u00e1 provar seu valor \u00e0 torcida e consolidar seu espa\u00e7o no elenco alvinegro.<\/p>\n\n\n\n<h2 class=\"wp-block-heading\" id=\"h-depay-repercute-na-europa\">Depay repercute na Europa<\/h2>\n\n\n\n<p>O atacante Memphis Depay foi o grande destaque da vit\u00f3ria do Corinthians por 3 a 0 sobre o Vasco, neste s\u00e1bado (5), pela segunda rodada do Campeonato Brasileiro. Com um gol e uma assist\u00eancia no primeiro tempo, o holand\u00eas encerrou um jejum de um m\u00eas sem marcar e foi decisivo para o primeiro triunfo do clube na competi\u00e7\u00e3o. O desempenho chamou aten\u00e7\u00e3o da m\u00eddia internacional, com o jornal espanhol <em>As<\/em> classificando a atua\u00e7\u00e3o como \u201cprodigiosa\u201d <strong><a href=\"https:\/\/www.gaveanews.com\/index.php\/2025\/04\/06\/corinthians-memphis-depay-ganha-ampla-repercussao-na-espanha\/\">(leia a mat\u00e9ria completa).<\/a><\/strong><\/p>\n\n\n\n<figure class=\"wp-block-image size-large\"><img loading=\"lazy\" decoding=\"async\" width=\"831\" height=\"1024\" src=\"http:\/\/www.gaveanews.com\/wp-content\/uploads\/Memphis-Depay-em-acao-pelo-Corinthians-831x1024.webp\" alt=\"\" class=\"wp-image-199279\" srcset=\"https:\/\/www.gaveanews.com\/wp-content\/uploads\/Memphis-Depay-em-acao-pelo-Corinthians-831x1024.webp 831w, https:\/\/www.gaveanews.com\/wp-content\/uploads\/Memphis-Depay-em-acao-pelo-Corinthians-243x300.webp 243w, https:\/\/www.gaveanews.com\/wp-content\/uploads\/Memphis-Depay-em-acao-pelo-Corinthians-768x947.webp 768w, https:\/\/www.gaveanews.com\/wp-content\/uploads\/Memphis-Depay-em-acao-pelo-Corinthians-341x420.webp 341w, https:\/\/www.gaveanews.com\/wp-content\/uploads\/Memphis-Depay-em-acao-pelo-Corinthians-682x840.webp 682w, https:\/\/www.gaveanews.com\/wp-content\/uploads\/Memphis-Depay-em-acao-pelo-Corinthians-640x789.webp 640w, https:\/\/www.gaveanews.com\/wp-content\/uploads\/Memphis-Depay-em-acao-pelo-Corinthians-681x839.webp 681w, https:\/\/www.gaveanews.com\/wp-content\/uploads\/Memphis-Depay-em-acao-pelo-Corinthians-100x123.webp 100w, https:\/\/www.gaveanews.com\/wp-content\/uploads\/Memphis-Depay-em-acao-pelo-Corinthians.webp 1170w\" sizes=\"auto, (max-width: 831px) 100vw, 831px\" \/><figcaption class=\"wp-element-caption\">Memphis Depay em a\u00e7\u00e3o pelo Corinthians  (Foto: Reprodu\u00e7\u00e3o\/Instagram Depay)<\/figcaption><\/figure>\n\n\n\n<p>Sob press\u00e3o ap\u00f3s cr\u00edticas e uma derrota recente na Sul-Americana, Depay respondeu em campo com uma performance de alto n\u00edvel. Al\u00e9m de sua participa\u00e7\u00e3o direta nos dois primeiros gols \u2014 o primeiro marcado por Yuri Alberto ap\u00f3s assist\u00eancia de Memphis, e o segundo em um chute preciso de fora da \u00e1rea \u2014 o atacante ainda teve um gol anulado por impedimento na etapa final. O terceiro gol do Corinthians foi marcado contra por Jo\u00e3o Victor, ap\u00f3s cruzamento na \u00e1rea.<\/p>\n\n\n\n<p>A imprensa espanhola destacou o impacto imediato da performance de Depay, que vive seu primeiro grande momento desde que chegou ao Brasil. A vit\u00f3ria elevou o Corinthians \u00e0 lideran\u00e7a provis\u00f3ria do Brasileir\u00e3o, com quatro pontos somados. O pr\u00f3ximo compromisso da equipe ser\u00e1 contra o Am\u00e9rica de Cali, na Col\u00f4mbia, pela segunda rodada da fase de grupos da Copa Sul-Americana. J\u00e1 o Vasco buscar\u00e1 reabilita\u00e7\u00e3o na terceira rodada do campeonato nacional.<\/p>\n\n\n\n<h2 class=\"wp-block-heading\" id=\"h-desfalques-importantes\">Desfalques importantes<\/h2>\n\n\n\n<p>O Corinthians ter\u00e1 duas aus\u00eancias de peso para o confronto contra o Am\u00e9rica de Cali, nesta ter\u00e7a-feira (08), pela segunda rodada da Copa Sul-Americana. O meia Igor Coronado e o atacante Memphis Depay seguem em recupera\u00e7\u00e3o no departamento m\u00e9dico e n\u00e3o foram relacionados para a partida. Ambos se lesionaram durante a vit\u00f3ria sobre o Vasco, v\u00e1lida pela estreia do Campeonato Brasileiro. Coronado sofreu um problema no ombro esquerdo, enquanto Depay teve um trauma no tornozelo direito <strong><a href=\"https:\/\/www.gaveanews.com\/index.php\/2025\/04\/06\/corinthians-ganha-dois-desfalques-de-peso-para-o-proximo-jogo\/\">(leia a mat\u00e9ria completa).<\/a><\/strong><\/p>\n\n\n\n<figure class=\"wp-block-image size-full\"><img loading=\"lazy\" decoding=\"async\" width=\"1440\" height=\"959\" src=\"http:\/\/www.gaveanews.com\/wp-content\/uploads\/Escudo-do-Corinthians-na-Neo-Quimica-Arena.webp\" alt=\"\" class=\"wp-image-154473\" srcset=\"https:\/\/www.gaveanews.com\/wp-content\/uploads\/Escudo-do-Corinthians-na-Neo-Quimica-Arena.webp 1440w, https:\/\/www.gaveanews.com\/wp-content\/uploads\/Escudo-do-Corinthians-na-Neo-Quimica-Arena-300x200.webp 300w, https:\/\/www.gaveanews.com\/wp-content\/uploads\/Escudo-do-Corinthians-na-Neo-Quimica-Arena-1024x682.webp 1024w, https:\/\/www.gaveanews.com\/wp-content\/uploads\/Escudo-do-Corinthians-na-Neo-Quimica-Arena-768x511.webp 768w, https:\/\/www.gaveanews.com\/wp-content\/uploads\/Escudo-do-Corinthians-na-Neo-Quimica-Arena-631x420.webp 631w, https:\/\/www.gaveanews.com\/wp-content\/uploads\/Escudo-do-Corinthians-na-Neo-Quimica-Arena-1261x840.webp 1261w, https:\/\/www.gaveanews.com\/wp-content\/uploads\/Escudo-do-Corinthians-na-Neo-Quimica-Arena-640x426.webp 640w, https:\/\/www.gaveanews.com\/wp-content\/uploads\/Escudo-do-Corinthians-na-Neo-Quimica-Arena-1280x852.webp 1280w, https:\/\/www.gaveanews.com\/wp-content\/uploads\/Escudo-do-Corinthians-na-Neo-Quimica-Arena-681x454.webp 681w, https:\/\/www.gaveanews.com\/wp-content\/uploads\/Escudo-do-Corinthians-na-Neo-Quimica-Arena-1362x907.webp 1362w, https:\/\/www.gaveanews.com\/wp-content\/uploads\/Escudo-do-Corinthians-na-Neo-Quimica-Arena-100x67.webp 100w\" sizes=\"auto, (max-width: 1440px) 100vw, 1440px\" \/><figcaption class=\"wp-element-caption\">Escudo do Corinthians na N\u00e9o Qu\u00edmica Arena (Foto Reprodu\u00e7\u00e3o\/Instagram)<\/figcaption><\/figure>\n\n\n\n<p>Al\u00e9m dos dois, o clube tamb\u00e9m n\u00e3o poder\u00e1 contar com Hugo Souza, Gustavo Henrique, Fabrizio Angileri e Rodrigo Garro, que ainda se recupera de uma tendinopatia e retorna da Espanha justamente no dia do jogo. Apesar das aus\u00eancias, o volante Ryan, recuperado de tendinite, voltou a ser relacionado. A comiss\u00e3o t\u00e9cnica comandada por Ram\u00f3n D\u00edaz tamb\u00e9m promoveu os jovens Dieguinho e Gui Neg\u00e3o, refor\u00e7ando o elenco que viajou no domingo para a Col\u00f4mbia.<\/p>\n\n\n\n<p>Com a derrota por 2 a 1 para o Hurac\u00e1n na primeira rodada, o Corinthians entra pressionado em busca de sua primeira vit\u00f3ria na competi\u00e7\u00e3o. A \u00faltima atividade antes do jogo ser\u00e1 realizada na segunda-feira (07), no Club Campestre de Cali. A partida contra o Am\u00e9rica de Cali, marcada para o Est\u00e1dio Ol\u00edmpico Pascual Guerrero, \u00e9 considerada decisiva para as pretens\u00f5es do Tim\u00e3o na Sul-Americana.<\/p>\n<\/div><\/div>\n<\/div><\/div>\n","protected":false},"excerpt":{"rendered":"<p>Nas \u00faltimas horas, o foco das not\u00edcias sobre o Corinthians se concentram nos bastidores do clube, com destaques do dia a dia do time. Por conta deste contexto, leia abaixo um resumo preparado pela equipe do portal G\u00e1vea News para lhe manter muito bem informado! Revela\u00e7\u00e3o dos bastidores Ap\u00f3s a derrota do Corinthians por 2 [&hellip;]<\/p>\n","protected":false},"author":33,"featured_media":146951,"comment_status":"open","ping_status":"closed","sticky":false,"template":"","format":"standard","meta":{"footnotes":""},"categories":[141],"tags":[],"class_list":["post-250041","post","type-post","status-publish","format-standard","has-post-thumbnail","hentry","category-corinthians"],"yoast_head":"<!-- This site is optimized with the Yoast SEO Premium plugin v24.2 (Yoast SEO v26.9) - https:\/\/yoast.com\/product\/yoast-seo-premium-wordpress\/ -->\n<title>Desfalques importantes, Depay repercute na Europa e revela\u00e7\u00e3o dos bastidores: as \u00faltimas not\u00edcias do Corinthians<\/title>\n<meta name=\"robots\" content=\"index, follow, max-snippet:-1, max-image-preview:large, max-video-preview:-1\" \/>\n<link rel=\"canonical\" href=\"https:\/\/www.gaveanews.com\/index.php\/2025\/04\/08\/desfalques-importantes-depay-repercute-na-europa-e-revelacao-dos-bastidores-as-ultimas-noticias-do-corinthians\/\" \/>\n<meta property=\"og:locale\" content=\"pt_BR\" \/>\n<meta property=\"og:type\" content=\"article\" \/>\n<meta property=\"og:title\" content=\"Desfalques importantes, Depay repercute na Europa e revela\u00e7\u00e3o dos bastidores: as \u00faltimas not\u00edcias do Corinthians\" \/>\n<meta property=\"og:description\" content=\"Nas \u00faltimas horas, o foco das not\u00edcias sobre o Corinthians se concentram nos bastidores do clube, com destaques do dia a dia do time. Por conta deste contexto, leia abaixo um resumo preparado pela equipe do portal G\u00e1vea News para lhe manter muito bem informado! Revela\u00e7\u00e3o dos bastidores Ap\u00f3s a derrota do Corinthians por 2 [&hellip;]\" \/>\n<meta property=\"og:url\" content=\"https:\/\/www.gaveanews.com\/index.php\/2025\/04\/08\/desfalques-importantes-depay-repercute-na-europa-e-revelacao-dos-bastidores-as-ultimas-noticias-do-corinthians\/\" \/>\n<meta property=\"og:site_name\" content=\"G\u00e1vea News\" \/>\n<meta property=\"article:publisher\" content=\"https:\/\/facebook.com\/gaveaNews\/\" \/>\n<meta property=\"article:published_time\" content=\"2025-04-08T03:10:00+00:00\" \/>\n<meta property=\"og:image\" content=\"https:\/\/www.gaveanews.com\/wp-content\/uploads\/Escudo-do-Corinthians.webp\" \/>\n\t<meta property=\"og:image:width\" content=\"1000\" \/>\n\t<meta property=\"og:image:height\" content=\"667\" \/>\n\t<meta property=\"og:image:type\" content=\"image\/webp\" \/>\n<meta name=\"author\" content=\"Brenda Cezillo\" \/>\n<meta name=\"twitter:card\" content=\"summary_large_image\" \/>\n<meta name=\"twitter:label1\" content=\"Escrito por\" \/>\n\t<meta name=\"twitter:data1\" content=\"Brenda Cezillo\" \/>\n\t<meta name=\"twitter:label2\" content=\"Est. tempo de leitura\" \/>\n\t<meta name=\"twitter:data2\" content=\"5 minutos\" \/>\n<script type=\"application\/ld+json\" class=\"yoast-schema-graph\">{\"@context\":\"https:\/\/schema.org\",\"@graph\":[{\"@type\":\"NewsArticle\",\"@id\":\"https:\/\/www.gaveanews.com\/index.php\/2025\/04\/08\/desfalques-importantes-depay-repercute-na-europa-e-revelacao-dos-bastidores-as-ultimas-noticias-do-corinthians\/#article\",\"isPartOf\":{\"@id\":\"https:\/\/www.gaveanews.com\/index.php\/2025\/04\/08\/desfalques-importantes-depay-repercute-na-europa-e-revelacao-dos-bastidores-as-ultimas-noticias-do-corinthians\/\"},\"author\":{\"name\":\"Brenda Cezillo\",\"@id\":\"https:\/\/www.gaveanews.com\/#\/schema\/person\/c79759ca337c40791ae8d08e2923d403\"},\"headline\":\"Desfalques importantes, Depay repercute na Europa e revela\u00e7\u00e3o dos bastidores: as \u00faltimas not\u00edcias do Corinthians\",\"datePublished\":\"2025-04-08T03:10:00+00:00\",\"mainEntityOfPage\":{\"@id\":\"https:\/\/www.gaveanews.com\/index.php\/2025\/04\/08\/desfalques-importantes-depay-repercute-na-europa-e-revelacao-dos-bastidores-as-ultimas-noticias-do-corinthians\/\"},\"wordCount\":861,\"commentCount\":0,\"image\":{\"@id\":\"https:\/\/www.gaveanews.com\/index.php\/2025\/04\/08\/desfalques-importantes-depay-repercute-na-europa-e-revelacao-dos-bastidores-as-ultimas-noticias-do-corinthians\/#primaryimage\"},\"thumbnailUrl\":\"https:\/\/www.gaveanews.com\/wp-content\/uploads\/Escudo-do-Corinthians.webp\",\"articleSection\":[\"Corinthians\"],\"inLanguage\":\"pt-BR\",\"potentialAction\":[{\"@type\":\"CommentAction\",\"name\":\"Comment\",\"target\":[\"https:\/\/www.gaveanews.com\/index.php\/2025\/04\/08\/desfalques-importantes-depay-repercute-na-europa-e-revelacao-dos-bastidores-as-ultimas-noticias-do-corinthians\/#respond\"]}],\"copyrightYear\":\"2025\",\"copyrightHolder\":{\"@id\":\"https:\/\/www.gaveanews.com\/#organization\"}},{\"@type\":\"WebPage\",\"@id\":\"https:\/\/www.gaveanews.com\/index.php\/2025\/04\/08\/desfalques-importantes-depay-repercute-na-europa-e-revelacao-dos-bastidores-as-ultimas-noticias-do-corinthians\/\",\"url\":\"https:\/\/www.gaveanews.com\/index.php\/2025\/04\/08\/desfalques-importantes-depay-repercute-na-europa-e-revelacao-dos-bastidores-as-ultimas-noticias-do-corinthians\/\",\"name\":\"Desfalques importantes, Depay repercute na Europa e revela\u00e7\u00e3o dos bastidores: as \u00faltimas not\u00edcias do Corinthians\",\"isPartOf\":{\"@id\":\"https:\/\/www.gaveanews.com\/#website\"},\"primaryImageOfPage\":{\"@id\":\"https:\/\/www.gaveanews.com\/index.php\/2025\/04\/08\/desfalques-importantes-depay-repercute-na-europa-e-revelacao-dos-bastidores-as-ultimas-noticias-do-corinthians\/#primaryimage\"},\"image\":{\"@id\":\"https:\/\/www.gaveanews.com\/index.php\/2025\/04\/08\/desfalques-importantes-depay-repercute-na-europa-e-revelacao-dos-bastidores-as-ultimas-noticias-do-corinthians\/#primaryimage\"},\"thumbnailUrl\":\"https:\/\/www.gaveanews.com\/wp-content\/uploads\/Escudo-do-Corinthians.webp\",\"datePublished\":\"2025-04-08T03:10:00+00:00\",\"author\":{\"@id\":\"https:\/\/www.gaveanews.com\/#\/schema\/person\/c79759ca337c40791ae8d08e2923d403\"},\"breadcrumb\":{\"@id\":\"https:\/\/www.gaveanews.com\/index.php\/2025\/04\/08\/desfalques-importantes-depay-repercute-na-europa-e-revelacao-dos-bastidores-as-ultimas-noticias-do-corinthians\/#breadcrumb\"},\"inLanguage\":\"pt-BR\",\"potentialAction\":[{\"@type\":\"ReadAction\",\"target\":[\"https:\/\/www.gaveanews.com\/index.php\/2025\/04\/08\/desfalques-importantes-depay-repercute-na-europa-e-revelacao-dos-bastidores-as-ultimas-noticias-do-corinthians\/\"]}]},{\"@type\":\"ImageObject\",\"inLanguage\":\"pt-BR\",\"@id\":\"https:\/\/www.gaveanews.com\/index.php\/2025\/04\/08\/desfalques-importantes-depay-repercute-na-europa-e-revelacao-dos-bastidores-as-ultimas-noticias-do-corinthians\/#primaryimage\",\"url\":\"https:\/\/www.gaveanews.com\/wp-content\/uploads\/Escudo-do-Corinthians.webp\",\"contentUrl\":\"https:\/\/www.gaveanews.com\/wp-content\/uploads\/Escudo-do-Corinthians.webp\",\"width\":1000,\"height\":667,\"caption\":\"Escudo do Corinthians (Foto Reprodu\u00e7\u00e3o\/Instagram)\"},{\"@type\":\"BreadcrumbList\",\"@id\":\"https:\/\/www.gaveanews.com\/index.php\/2025\/04\/08\/desfalques-importantes-depay-repercute-na-europa-e-revelacao-dos-bastidores-as-ultimas-noticias-do-corinthians\/#breadcrumb\",\"itemListElement\":[{\"@type\":\"ListItem\",\"position\":1,\"name\":\"Home\",\"item\":\"https:\/\/www.gaveanews.com\/\"},{\"@type\":\"ListItem\",\"position\":2,\"name\":\"Desfalques importantes, Depay repercute na Europa e revela\u00e7\u00e3o dos bastidores: as \u00faltimas not\u00edcias do Corinthians\"}]},{\"@type\":\"WebSite\",\"@id\":\"https:\/\/www.gaveanews.com\/#website\",\"url\":\"https:\/\/www.gaveanews.com\/\",\"name\":\"G\u00e1vea News\",\"description\":\"Veja todas as not\u00edcias sobre o Flamengo: Contrata\u00e7\u00f5es, categorias de base, resultados das partidas, tabela de classifica\u00e7\u00e3o, pr\u00f3ximos jogos!\",\"potentialAction\":[{\"@type\":\"SearchAction\",\"target\":{\"@type\":\"EntryPoint\",\"urlTemplate\":\"https:\/\/www.gaveanews.com\/?s={search_term_string}\"},\"query-input\":{\"@type\":\"PropertyValueSpecification\",\"valueRequired\":true,\"valueName\":\"search_term_string\"}}],\"inLanguage\":\"pt-BR\"},{\"@type\":\"Person\",\"@id\":\"https:\/\/www.gaveanews.com\/#\/schema\/person\/c79759ca337c40791ae8d08e2923d403\",\"name\":\"Brenda Cezillo\",\"image\":{\"@type\":\"ImageObject\",\"inLanguage\":\"pt-BR\",\"@id\":\"https:\/\/www.gaveanews.com\/#\/schema\/person\/image\/\",\"url\":\"https:\/\/secure.gravatar.com\/avatar\/1738d75cee7317f9c29ae61dd67620c5883d80a92e42a6fff88ae5d527af217a?s=96&d=mm&r=g\",\"contentUrl\":\"https:\/\/secure.gravatar.com\/avatar\/1738d75cee7317f9c29ae61dd67620c5883d80a92e42a6fff88ae5d527af217a?s=96&d=mm&r=g\",\"caption\":\"Brenda Cezillo\"}}]}<\/script>\n<!-- \/ Yoast SEO Premium plugin. -->","yoast_head_json":{"title":"Desfalques importantes, Depay repercute na Europa e revela\u00e7\u00e3o dos bastidores: as \u00faltimas not\u00edcias do Corinthians","robots":{"index":"index","follow":"follow","max-snippet":"max-snippet:-1","max-image-preview":"max-image-preview:large","max-video-preview":"max-video-preview:-1"},"canonical":"https:\/\/www.gaveanews.com\/index.php\/2025\/04\/08\/desfalques-importantes-depay-repercute-na-europa-e-revelacao-dos-bastidores-as-ultimas-noticias-do-corinthians\/","og_locale":"pt_BR","og_type":"article","og_title":"Desfalques importantes, Depay repercute na Europa e revela\u00e7\u00e3o dos bastidores: as \u00faltimas not\u00edcias do Corinthians","og_description":"Nas \u00faltimas horas, o foco das not\u00edcias sobre o Corinthians se concentram nos bastidores do clube, com destaques do dia a dia do time. Por conta deste contexto, leia abaixo um resumo preparado pela equipe do portal G\u00e1vea News para lhe manter muito bem informado! Revela\u00e7\u00e3o dos bastidores Ap\u00f3s a derrota do Corinthians por 2 [&hellip;]","og_url":"https:\/\/www.gaveanews.com\/index.php\/2025\/04\/08\/desfalques-importantes-depay-repercute-na-europa-e-revelacao-dos-bastidores-as-ultimas-noticias-do-corinthians\/","og_site_name":"G\u00e1vea News","article_publisher":"https:\/\/facebook.com\/gaveaNews\/","article_published_time":"2025-04-08T03:10:00+00:00","og_image":[{"width":1000,"height":667,"url":"https:\/\/www.gaveanews.com\/wp-content\/uploads\/Escudo-do-Corinthians.webp","type":"image\/webp"}],"author":"Brenda Cezillo","twitter_card":"summary_large_image","twitter_misc":{"Escrito por":"Brenda Cezillo","Est. tempo de leitura":"5 minutos"},"schema":{"@context":"https:\/\/schema.org","@graph":[{"@type":"NewsArticle","@id":"https:\/\/www.gaveanews.com\/index.php\/2025\/04\/08\/desfalques-importantes-depay-repercute-na-europa-e-revelacao-dos-bastidores-as-ultimas-noticias-do-corinthians\/#article","isPartOf":{"@id":"https:\/\/www.gaveanews.com\/index.php\/2025\/04\/08\/desfalques-importantes-depay-repercute-na-europa-e-revelacao-dos-bastidores-as-ultimas-noticias-do-corinthians\/"},"author":{"name":"Brenda Cezillo","@id":"https:\/\/www.gaveanews.com\/#\/schema\/person\/c79759ca337c40791ae8d08e2923d403"},"headline":"Desfalques importantes, Depay repercute na Europa e revela\u00e7\u00e3o dos bastidores: as \u00faltimas not\u00edcias do Corinthians","datePublished":"2025-04-08T03:10:00+00:00","mainEntityOfPage":{"@id":"https:\/\/www.gaveanews.com\/index.php\/2025\/04\/08\/desfalques-importantes-depay-repercute-na-europa-e-revelacao-dos-bastidores-as-ultimas-noticias-do-corinthians\/"},"wordCount":861,"commentCount":0,"image":{"@id":"https:\/\/www.gaveanews.com\/index.php\/2025\/04\/08\/desfalques-importantes-depay-repercute-na-europa-e-revelacao-dos-bastidores-as-ultimas-noticias-do-corinthians\/#primaryimage"},"thumbnailUrl":"https:\/\/www.gaveanews.com\/wp-content\/uploads\/Escudo-do-Corinthians.webp","articleSection":["Corinthians"],"inLanguage":"pt-BR","potentialAction":[{"@type":"CommentAction","name":"Comment","target":["https:\/\/www.gaveanews.com\/index.php\/2025\/04\/08\/desfalques-importantes-depay-repercute-na-europa-e-revelacao-dos-bastidores-as-ultimas-noticias-do-corinthians\/#respond"]}],"copyrightYear":"2025","copyrightHolder":{"@id":"https:\/\/www.gaveanews.com\/#organization"}},{"@type":"WebPage","@id":"https:\/\/www.gaveanews.com\/index.php\/2025\/04\/08\/desfalques-importantes-depay-repercute-na-europa-e-revelacao-dos-bastidores-as-ultimas-noticias-do-corinthians\/","url":"https:\/\/www.gaveanews.com\/index.php\/2025\/04\/08\/desfalques-importantes-depay-repercute-na-europa-e-revelacao-dos-bastidores-as-ultimas-noticias-do-corinthians\/","name":"Desfalques importantes, Depay repercute na Europa e revela\u00e7\u00e3o dos bastidores: as \u00faltimas not\u00edcias do Corinthians","isPartOf":{"@id":"https:\/\/www.gaveanews.com\/#website"},"primaryImageOfPage":{"@id":"https:\/\/www.gaveanews.com\/index.php\/2025\/04\/08\/desfalques-importantes-depay-repercute-na-europa-e-revelacao-dos-bastidores-as-ultimas-noticias-do-corinthians\/#primaryimage"},"image":{"@id":"https:\/\/www.gaveanews.com\/index.php\/2025\/04\/08\/desfalques-importantes-depay-repercute-na-europa-e-revelacao-dos-bastidores-as-ultimas-noticias-do-corinthians\/#primaryimage"},"thumbnailUrl":"https:\/\/www.gaveanews.com\/wp-content\/uploads\/Escudo-do-Corinthians.webp","datePublished":"2025-04-08T03:10:00+00:00","author":{"@id":"https:\/\/www.gaveanews.com\/#\/schema\/person\/c79759ca337c40791ae8d08e2923d403"},"breadcrumb":{"@id":"https:\/\/www.gaveanews.com\/index.php\/2025\/04\/08\/desfalques-importantes-depay-repercute-na-europa-e-revelacao-dos-bastidores-as-ultimas-noticias-do-corinthians\/#breadcrumb"},"inLanguage":"pt-BR","potentialAction":[{"@type":"ReadAction","target":["https:\/\/www.gaveanews.com\/index.php\/2025\/04\/08\/desfalques-importantes-depay-repercute-na-europa-e-revelacao-dos-bastidores-as-ultimas-noticias-do-corinthians\/"]}]},{"@type":"ImageObject","inLanguage":"pt-BR","@id":"https:\/\/www.gaveanews.com\/index.php\/2025\/04\/08\/desfalques-importantes-depay-repercute-na-europa-e-revelacao-dos-bastidores-as-ultimas-noticias-do-corinthians\/#primaryimage","url":"https:\/\/www.gaveanews.com\/wp-content\/uploads\/Escudo-do-Corinthians.webp","contentUrl":"https:\/\/www.gaveanews.com\/wp-content\/uploads\/Escudo-do-Corinthians.webp","width":1000,"height":667,"caption":"Escudo do Corinthians (Foto Reprodu\u00e7\u00e3o\/Instagram)"},{"@type":"BreadcrumbList","@id":"https:\/\/www.gaveanews.com\/index.php\/2025\/04\/08\/desfalques-importantes-depay-repercute-na-europa-e-revelacao-dos-bastidores-as-ultimas-noticias-do-corinthians\/#breadcrumb","itemListElement":[{"@type":"ListItem","position":1,"name":"Home","item":"https:\/\/www.gaveanews.com\/"},{"@type":"ListItem","position":2,"name":"Desfalques importantes, Depay repercute na Europa e revela\u00e7\u00e3o dos bastidores: as \u00faltimas not\u00edcias do Corinthians"}]},{"@type":"WebSite","@id":"https:\/\/www.gaveanews.com\/#website","url":"https:\/\/www.gaveanews.com\/","name":"G\u00e1vea News","description":"Veja todas as not\u00edcias sobre o Flamengo: Contrata\u00e7\u00f5es, categorias de base, resultados das partidas, tabela de classifica\u00e7\u00e3o, pr\u00f3ximos jogos!","potentialAction":[{"@type":"SearchAction","target":{"@type":"EntryPoint","urlTemplate":"https:\/\/www.gaveanews.com\/?s={search_term_string}"},"query-input":{"@type":"PropertyValueSpecification","valueRequired":true,"valueName":"search_term_string"}}],"inLanguage":"pt-BR"},{"@type":"Person","@id":"https:\/\/www.gaveanews.com\/#\/schema\/person\/c79759ca337c40791ae8d08e2923d403","name":"Brenda Cezillo","image":{"@type":"ImageObject","inLanguage":"pt-BR","@id":"https:\/\/www.gaveanews.com\/#\/schema\/person\/image\/","url":"https:\/\/secure.gravatar.com\/avatar\/1738d75cee7317f9c29ae61dd67620c5883d80a92e42a6fff88ae5d527af217a?s=96&d=mm&r=g","contentUrl":"https:\/\/secure.gravatar.com\/avatar\/1738d75cee7317f9c29ae61dd67620c5883d80a92e42a6fff88ae5d527af217a?s=96&d=mm&r=g","caption":"Brenda Cezillo"}}]}},"_links":{"self":[{"href":"https:\/\/www.gaveanews.com\/index.php\/wp-json\/wp\/v2\/posts\/250041","targetHints":{"allow":["GET"]}}],"collection":[{"href":"https:\/\/www.gaveanews.com\/index.php\/wp-json\/wp\/v2\/posts"}],"about":[{"href":"https:\/\/www.gaveanews.com\/index.php\/wp-json\/wp\/v2\/types\/post"}],"author":[{"embeddable":true,"href":"https:\/\/www.gaveanews.com\/index.php\/wp-json\/wp\/v2\/users\/33"}],"replies":[{"embeddable":true,"href":"https:\/\/www.gaveanews.com\/index.php\/wp-json\/wp\/v2\/comments?post=250041"}],"version-history":[{"count":1,"href":"https:\/\/www.gaveanews.com\/index.php\/wp-json\/wp\/v2\/posts\/250041\/revisions"}],"predecessor-version":[{"id":250055,"href":"https:\/\/www.gaveanews.com\/index.php\/wp-json\/wp\/v2\/posts\/250041\/revisions\/250055"}],"wp:featuredmedia":[{"embeddable":true,"href":"https:\/\/www.gaveanews.com\/index.php\/wp-json\/wp\/v2\/media\/146951"}],"wp:attachment":[{"href":"https:\/\/www.gaveanews.com\/index.php\/wp-json\/wp\/v2\/media?parent=250041"}],"wp:term":[{"taxonomy":"category","embeddable":true,"href":"https:\/\/www.gaveanews.com\/index.php\/wp-json\/wp\/v2\/categories?post=250041"},{"taxonomy":"post_tag","embeddable":true,"href":"https:\/\/www.gaveanews.com\/index.php\/wp-json\/wp\/v2\/tags?post=250041"}],"curies":[{"name":"wp","href":"https:\/\/api.w.org\/{rel}","templated":true}]}}