{"id":250091,"date":"2025-04-07T22:45:00","date_gmt":"2025-04-08T01:45:00","guid":{"rendered":"https:\/\/www.gaveanews.com\/?p=250091"},"modified":"2025-04-07T18:52:44","modified_gmt":"2025-04-07T21:52:44","slug":"sormani-reprova-chegada-de-tecnico-a-selecao-brasileira-final-dos-tempos","status":"publish","type":"post","link":"https:\/\/www.gaveanews.com\/index.php\/2025\/04\/07\/sormani-reprova-chegada-de-tecnico-a-selecao-brasileira-final-dos-tempos\/","title":{"rendered":"Sormani reprova chegada de t\u00e9cnico \u00e0 Sele\u00e7\u00e3o Brasileira: &#8220;final dos tempos&#8230;&#8221;"},"content":{"rendered":"\n<p>A busca por um novo t\u00e9cnico para a Sele\u00e7\u00e3o Brasileira segue movimentando os bastidores da CBF, mas n\u00e3o agrada a todos. Durante o programa \u201cOpini\u00e3o Placar\u201d, o comentarista F\u00e1bio Sormani demonstrou total insatisfa\u00e7\u00e3o com um dos nomes cotados para o cargo.&nbsp;<\/p>\n\n\n\n<p>O jornalista afirmou estar \u201caterrorizado\u201d com a possibilidade de Abel Ferreira assumir o comando do Brasil.<\/p>\n\n\n\n<h2 class=\"wp-block-heading\" id=\"h-sormani-dispara-contra-abel-ferreira\">Sormani dispara contra Abel Ferreira<\/h2>\n\n\n\n<figure class=\"wp-block-image size-full\"><img loading=\"lazy\" decoding=\"async\" width=\"840\" height=\"510\" src=\"http:\/\/www.gaveanews.com\/wp-content\/uploads\/chrome_ODu3uwWaKP.webp\" alt=\"\" class=\"wp-image-102760\" srcset=\"https:\/\/www.gaveanews.com\/wp-content\/uploads\/chrome_ODu3uwWaKP.webp 840w, https:\/\/www.gaveanews.com\/wp-content\/uploads\/chrome_ODu3uwWaKP-300x182.webp 300w, https:\/\/www.gaveanews.com\/wp-content\/uploads\/chrome_ODu3uwWaKP-768x466.webp 768w, https:\/\/www.gaveanews.com\/wp-content\/uploads\/chrome_ODu3uwWaKP-692x420.webp 692w, https:\/\/www.gaveanews.com\/wp-content\/uploads\/chrome_ODu3uwWaKP-640x389.webp 640w, https:\/\/www.gaveanews.com\/wp-content\/uploads\/chrome_ODu3uwWaKP-681x413.webp 681w, https:\/\/www.gaveanews.com\/wp-content\/uploads\/chrome_ODu3uwWaKP-100x61.webp 100w\" sizes=\"auto, (max-width: 840px) 100vw, 840px\" \/><figcaption class=\"wp-element-caption\">Abel Ferreira em Jogo pelo Palmeiras &#8211; Foto Reprodu\u00e7\u00e3o<\/figcaption><\/figure>\n\n\n\n<p>Para Sormani, a poss\u00edvel chegada do treinador portugu\u00eas seria um verdadeiro desastre. Isso porque ele j\u00e1 se posicionava contra Abel mesmo nos momentos de grande fase do t\u00e9cnico no Palmeiras.<\/p>\n\n\n\n<p>\u201cO que me deixa aterrorizado \u00e9 que parece que ele est\u00e1 sendo cotado para dirigir a sele\u00e7\u00e3o brasileira. Gente, ser\u00e1 o final dos tempos. Pelo amor de Deus. Eu j\u00e1 n\u00e3o queria mesmo quando ele fazia um grande trabalho no Palmeiras\u201d, afirmou.<\/p>\n\n\n\n<p>Al\u00e9m disso, a rea\u00e7\u00e3o do comentarista reflete uma corrente de torcedores que ainda t\u00eam receio de um estrangeiro \u00e0 frente da Amarelinha. Sendo assim, a poss\u00edvel escolha de Abel pode gerar ainda mais debates sobre o futuro da sele\u00e7\u00e3o.<\/p>\n\n\n\n<h2 class=\"wp-block-heading\" id=\"h-outros-nomes-tambem-nao-agradam\">Outros nomes tamb\u00e9m n\u00e3o agradam<\/h2>\n\n\n\n<p>Vale destacar que Sormani n\u00e3o reprovou apenas Abel Ferreira. Segundo o jornalista, a CBF tamb\u00e9m considera nomes como Ancelotti, Jorge Jesus e Mourinho. O \u00faltimo, inclusive, tamb\u00e9m foi alvo de cr\u00edticas.<\/p>\n\n\n\n<p>\u201cO Rizek informou que a CBF est\u00e1 de olho em Jorge Jesus, Ancelotti, Mourinho e Abel Ferreira. Mourinho? Pelo amor de Deus\u201d, analisou.<\/p>\n\n\n\n<p>Dessa maneira, a busca por um treinador segue sem um consenso entre os especialistas. Por isso, a CBF ainda avalia qual nome ser\u00e1 o ideal para comandar a sele\u00e7\u00e3o nas Eliminat\u00f3rias e na Copa do Mundo de 2026.<\/p>\n\n\n\n<h2 class=\"wp-block-heading\" id=\"h-cbf-quer-novo-tecnico-antes-de-junho\">CBF quer novo t\u00e9cnico antes de junho<\/h2>\n\n\n\n<p>Com isso, a Confedera\u00e7\u00e3o Brasileira de Futebol pretende definir o novo treinador antes dos pr\u00f3ximos compromissos da sele\u00e7\u00e3o. O Brasil encara o Equador, no dia 5 de junho, fora de casa, e recebe o Paraguai no dia 10.<\/p>\n\n\n\n<p>Portanto, a escolha do novo t\u00e9cnico deve acontecer nas pr\u00f3ximas semanas. Resta saber se a CBF ouvir\u00e1 as cr\u00edticas ou seguir\u00e1 seu planejamento para reestruturar a Sele\u00e7\u00e3o Brasileira.<\/p>\n","protected":false},"excerpt":{"rendered":"<p>A busca por um novo t\u00e9cnico para a Sele\u00e7\u00e3o Brasileira segue movimentando os bastidores da CBF, mas n\u00e3o agrada a todos. Durante o programa \u201cOpini\u00e3o Placar\u201d, o comentarista F\u00e1bio Sormani demonstrou total insatisfa\u00e7\u00e3o com um dos nomes cotados para o cargo.&nbsp; O jornalista afirmou estar \u201caterrorizado\u201d com a possibilidade de Abel Ferreira assumir o comando [&hellip;]<\/p>\n","protected":false},"author":25,"featured_media":52970,"comment_status":"open","ping_status":"closed","sticky":false,"template":"","format":"standard","meta":{"footnotes":""},"categories":[478],"tags":[],"class_list":["post-250091","post","type-post","status-publish","format-standard","has-post-thumbnail","hentry","category-brasil"],"yoast_head":"<!-- This site is optimized with the Yoast SEO Premium plugin v24.2 (Yoast SEO v26.9) - https:\/\/yoast.com\/product\/yoast-seo-premium-wordpress\/ -->\n<title>Sormani reprova chegada de t\u00e9cnico \u00e0 Sele\u00e7\u00e3o Brasileira: &quot;final dos tempos...&quot;<\/title>\n<meta name=\"robots\" content=\"index, follow, max-snippet:-1, max-image-preview:large, max-video-preview:-1\" \/>\n<link rel=\"canonical\" href=\"https:\/\/www.gaveanews.com\/index.php\/2025\/04\/07\/sormani-reprova-chegada-de-tecnico-a-selecao-brasileira-final-dos-tempos\/\" \/>\n<meta property=\"og:locale\" content=\"pt_BR\" \/>\n<meta property=\"og:type\" content=\"article\" \/>\n<meta property=\"og:title\" content=\"Sormani reprova chegada de t\u00e9cnico \u00e0 Sele\u00e7\u00e3o Brasileira: &quot;final dos tempos...&quot;\" \/>\n<meta property=\"og:description\" content=\"A busca por um novo t\u00e9cnico para a Sele\u00e7\u00e3o Brasileira segue movimentando os bastidores da CBF, mas n\u00e3o agrada a todos. Durante o programa \u201cOpini\u00e3o Placar\u201d, o comentarista F\u00e1bio Sormani demonstrou total insatisfa\u00e7\u00e3o com um dos nomes cotados para o cargo.&nbsp; O jornalista afirmou estar \u201caterrorizado\u201d com a possibilidade de Abel Ferreira assumir o comando [&hellip;]\" \/>\n<meta property=\"og:url\" content=\"https:\/\/www.gaveanews.com\/index.php\/2025\/04\/07\/sormani-reprova-chegada-de-tecnico-a-selecao-brasileira-final-dos-tempos\/\" \/>\n<meta property=\"og:site_name\" content=\"G\u00e1vea News\" \/>\n<meta property=\"article:publisher\" content=\"https:\/\/facebook.com\/gaveaNews\/\" \/>\n<meta property=\"article:published_time\" content=\"2025-04-08T01:45:00+00:00\" \/>\n<meta property=\"og:image\" content=\"https:\/\/www.gaveanews.com\/wp-content\/uploads\/Sormani-durante-um-programa-da-emissora-Fox-Sports.webp\" \/>\n\t<meta property=\"og:image:width\" content=\"650\" \/>\n\t<meta property=\"og:image:height\" content=\"325\" \/>\n\t<meta property=\"og:image:type\" content=\"image\/jpeg\" \/>\n<meta name=\"author\" content=\"Rafaela Ladeira\" \/>\n<meta name=\"twitter:card\" content=\"summary_large_image\" \/>\n<meta name=\"twitter:label1\" content=\"Escrito por\" \/>\n\t<meta name=\"twitter:data1\" content=\"Rafaela Ladeira\" \/>\n\t<meta name=\"twitter:label2\" content=\"Est. tempo de leitura\" \/>\n\t<meta name=\"twitter:data2\" content=\"3 minutos\" \/>\n<script type=\"application\/ld+json\" class=\"yoast-schema-graph\">{\"@context\":\"https:\/\/schema.org\",\"@graph\":[{\"@type\":\"NewsArticle\",\"@id\":\"https:\/\/www.gaveanews.com\/index.php\/2025\/04\/07\/sormani-reprova-chegada-de-tecnico-a-selecao-brasileira-final-dos-tempos\/#article\",\"isPartOf\":{\"@id\":\"https:\/\/www.gaveanews.com\/index.php\/2025\/04\/07\/sormani-reprova-chegada-de-tecnico-a-selecao-brasileira-final-dos-tempos\/\"},\"author\":{\"name\":\"Rafaela Ladeira\",\"@id\":\"https:\/\/www.gaveanews.com\/#\/schema\/person\/0eb3e3fe1754f0205218538adbe8f5ed\"},\"headline\":\"Sormani reprova chegada de t\u00e9cnico \u00e0 Sele\u00e7\u00e3o Brasileira: &#8220;final dos tempos&#8230;&#8221;\",\"datePublished\":\"2025-04-08T01:45:00+00:00\",\"mainEntityOfPage\":{\"@id\":\"https:\/\/www.gaveanews.com\/index.php\/2025\/04\/07\/sormani-reprova-chegada-de-tecnico-a-selecao-brasileira-final-dos-tempos\/\"},\"wordCount\":393,\"commentCount\":0,\"image\":{\"@id\":\"https:\/\/www.gaveanews.com\/index.php\/2025\/04\/07\/sormani-reprova-chegada-de-tecnico-a-selecao-brasileira-final-dos-tempos\/#primaryimage\"},\"thumbnailUrl\":\"https:\/\/www.gaveanews.com\/wp-content\/uploads\/Sormani-durante-um-programa-da-emissora-Fox-Sports.webp\",\"articleSection\":[\"Brasil\"],\"inLanguage\":\"pt-BR\",\"potentialAction\":[{\"@type\":\"CommentAction\",\"name\":\"Comment\",\"target\":[\"https:\/\/www.gaveanews.com\/index.php\/2025\/04\/07\/sormani-reprova-chegada-de-tecnico-a-selecao-brasileira-final-dos-tempos\/#respond\"]}],\"copyrightYear\":\"2025\",\"copyrightHolder\":{\"@id\":\"https:\/\/www.gaveanews.com\/#organization\"}},{\"@type\":\"WebPage\",\"@id\":\"https:\/\/www.gaveanews.com\/index.php\/2025\/04\/07\/sormani-reprova-chegada-de-tecnico-a-selecao-brasileira-final-dos-tempos\/\",\"url\":\"https:\/\/www.gaveanews.com\/index.php\/2025\/04\/07\/sormani-reprova-chegada-de-tecnico-a-selecao-brasileira-final-dos-tempos\/\",\"name\":\"Sormani reprova chegada de t\u00e9cnico \u00e0 Sele\u00e7\u00e3o Brasileira: \\\"final dos tempos...\\\"\",\"isPartOf\":{\"@id\":\"https:\/\/www.gaveanews.com\/#website\"},\"primaryImageOfPage\":{\"@id\":\"https:\/\/www.gaveanews.com\/index.php\/2025\/04\/07\/sormani-reprova-chegada-de-tecnico-a-selecao-brasileira-final-dos-tempos\/#primaryimage\"},\"image\":{\"@id\":\"https:\/\/www.gaveanews.com\/index.php\/2025\/04\/07\/sormani-reprova-chegada-de-tecnico-a-selecao-brasileira-final-dos-tempos\/#primaryimage\"},\"thumbnailUrl\":\"https:\/\/www.gaveanews.com\/wp-content\/uploads\/Sormani-durante-um-programa-da-emissora-Fox-Sports.webp\",\"datePublished\":\"2025-04-08T01:45:00+00:00\",\"author\":{\"@id\":\"https:\/\/www.gaveanews.com\/#\/schema\/person\/0eb3e3fe1754f0205218538adbe8f5ed\"},\"breadcrumb\":{\"@id\":\"https:\/\/www.gaveanews.com\/index.php\/2025\/04\/07\/sormani-reprova-chegada-de-tecnico-a-selecao-brasileira-final-dos-tempos\/#breadcrumb\"},\"inLanguage\":\"pt-BR\",\"potentialAction\":[{\"@type\":\"ReadAction\",\"target\":[\"https:\/\/www.gaveanews.com\/index.php\/2025\/04\/07\/sormani-reprova-chegada-de-tecnico-a-selecao-brasileira-final-dos-tempos\/\"]}]},{\"@type\":\"ImageObject\",\"inLanguage\":\"pt-BR\",\"@id\":\"https:\/\/www.gaveanews.com\/index.php\/2025\/04\/07\/sormani-reprova-chegada-de-tecnico-a-selecao-brasileira-final-dos-tempos\/#primaryimage\",\"url\":\"https:\/\/www.gaveanews.com\/wp-content\/uploads\/Sormani-durante-um-programa-da-emissora-Fox-Sports.webp\",\"contentUrl\":\"https:\/\/www.gaveanews.com\/wp-content\/uploads\/Sormani-durante-um-programa-da-emissora-Fox-Sports.webp\",\"width\":650,\"height\":325,\"caption\":\"Sormani durante um programa da emissora Fox Sports (Foto: Reprodu\u00e7\u00e3o)\"},{\"@type\":\"BreadcrumbList\",\"@id\":\"https:\/\/www.gaveanews.com\/index.php\/2025\/04\/07\/sormani-reprova-chegada-de-tecnico-a-selecao-brasileira-final-dos-tempos\/#breadcrumb\",\"itemListElement\":[{\"@type\":\"ListItem\",\"position\":1,\"name\":\"Home\",\"item\":\"https:\/\/www.gaveanews.com\/\"},{\"@type\":\"ListItem\",\"position\":2,\"name\":\"Sormani reprova chegada de t\u00e9cnico \u00e0 Sele\u00e7\u00e3o Brasileira: &#8220;final dos tempos&#8230;&#8221;\"}]},{\"@type\":\"WebSite\",\"@id\":\"https:\/\/www.gaveanews.com\/#website\",\"url\":\"https:\/\/www.gaveanews.com\/\",\"name\":\"G\u00e1vea News\",\"description\":\"Veja todas as not\u00edcias sobre o Flamengo: Contrata\u00e7\u00f5es, categorias de base, resultados das partidas, tabela de classifica\u00e7\u00e3o, pr\u00f3ximos jogos!\",\"potentialAction\":[{\"@type\":\"SearchAction\",\"target\":{\"@type\":\"EntryPoint\",\"urlTemplate\":\"https:\/\/www.gaveanews.com\/?s={search_term_string}\"},\"query-input\":{\"@type\":\"PropertyValueSpecification\",\"valueRequired\":true,\"valueName\":\"search_term_string\"}}],\"inLanguage\":\"pt-BR\"},{\"@type\":\"Person\",\"@id\":\"https:\/\/www.gaveanews.com\/#\/schema\/person\/0eb3e3fe1754f0205218538adbe8f5ed\",\"name\":\"Rafaela Ladeira\",\"image\":{\"@type\":\"ImageObject\",\"inLanguage\":\"pt-BR\",\"@id\":\"https:\/\/www.gaveanews.com\/#\/schema\/person\/image\/\",\"url\":\"https:\/\/secure.gravatar.com\/avatar\/c31f513acffd85eacab5730cbdfdbbf59f21ba5aeada8cd890acea879fbb2455?s=96&d=mm&r=g\",\"contentUrl\":\"https:\/\/secure.gravatar.com\/avatar\/c31f513acffd85eacab5730cbdfdbbf59f21ba5aeada8cd890acea879fbb2455?s=96&d=mm&r=g\",\"caption\":\"Rafaela Ladeira\"}}]}<\/script>\n<!-- \/ Yoast SEO Premium plugin. -->","yoast_head_json":{"title":"Sormani reprova chegada de t\u00e9cnico \u00e0 Sele\u00e7\u00e3o Brasileira: \"final dos tempos...\"","robots":{"index":"index","follow":"follow","max-snippet":"max-snippet:-1","max-image-preview":"max-image-preview:large","max-video-preview":"max-video-preview:-1"},"canonical":"https:\/\/www.gaveanews.com\/index.php\/2025\/04\/07\/sormani-reprova-chegada-de-tecnico-a-selecao-brasileira-final-dos-tempos\/","og_locale":"pt_BR","og_type":"article","og_title":"Sormani reprova chegada de t\u00e9cnico \u00e0 Sele\u00e7\u00e3o Brasileira: \"final dos tempos...\"","og_description":"A busca por um novo t\u00e9cnico para a Sele\u00e7\u00e3o Brasileira segue movimentando os bastidores da CBF, mas n\u00e3o agrada a todos. Durante o programa \u201cOpini\u00e3o Placar\u201d, o comentarista F\u00e1bio Sormani demonstrou total insatisfa\u00e7\u00e3o com um dos nomes cotados para o cargo.&nbsp; O jornalista afirmou estar \u201caterrorizado\u201d com a possibilidade de Abel Ferreira assumir o comando [&hellip;]","og_url":"https:\/\/www.gaveanews.com\/index.php\/2025\/04\/07\/sormani-reprova-chegada-de-tecnico-a-selecao-brasileira-final-dos-tempos\/","og_site_name":"G\u00e1vea News","article_publisher":"https:\/\/facebook.com\/gaveaNews\/","article_published_time":"2025-04-08T01:45:00+00:00","og_image":[{"width":650,"height":325,"url":"https:\/\/www.gaveanews.com\/wp-content\/uploads\/Sormani-durante-um-programa-da-emissora-Fox-Sports.webp","type":"image\/jpeg"}],"author":"Rafaela Ladeira","twitter_card":"summary_large_image","twitter_misc":{"Escrito por":"Rafaela Ladeira","Est. tempo de leitura":"3 minutos"},"schema":{"@context":"https:\/\/schema.org","@graph":[{"@type":"NewsArticle","@id":"https:\/\/www.gaveanews.com\/index.php\/2025\/04\/07\/sormani-reprova-chegada-de-tecnico-a-selecao-brasileira-final-dos-tempos\/#article","isPartOf":{"@id":"https:\/\/www.gaveanews.com\/index.php\/2025\/04\/07\/sormani-reprova-chegada-de-tecnico-a-selecao-brasileira-final-dos-tempos\/"},"author":{"name":"Rafaela Ladeira","@id":"https:\/\/www.gaveanews.com\/#\/schema\/person\/0eb3e3fe1754f0205218538adbe8f5ed"},"headline":"Sormani reprova chegada de t\u00e9cnico \u00e0 Sele\u00e7\u00e3o Brasileira: &#8220;final dos tempos&#8230;&#8221;","datePublished":"2025-04-08T01:45:00+00:00","mainEntityOfPage":{"@id":"https:\/\/www.gaveanews.com\/index.php\/2025\/04\/07\/sormani-reprova-chegada-de-tecnico-a-selecao-brasileira-final-dos-tempos\/"},"wordCount":393,"commentCount":0,"image":{"@id":"https:\/\/www.gaveanews.com\/index.php\/2025\/04\/07\/sormani-reprova-chegada-de-tecnico-a-selecao-brasileira-final-dos-tempos\/#primaryimage"},"thumbnailUrl":"https:\/\/www.gaveanews.com\/wp-content\/uploads\/Sormani-durante-um-programa-da-emissora-Fox-Sports.webp","articleSection":["Brasil"],"inLanguage":"pt-BR","potentialAction":[{"@type":"CommentAction","name":"Comment","target":["https:\/\/www.gaveanews.com\/index.php\/2025\/04\/07\/sormani-reprova-chegada-de-tecnico-a-selecao-brasileira-final-dos-tempos\/#respond"]}],"copyrightYear":"2025","copyrightHolder":{"@id":"https:\/\/www.gaveanews.com\/#organization"}},{"@type":"WebPage","@id":"https:\/\/www.gaveanews.com\/index.php\/2025\/04\/07\/sormani-reprova-chegada-de-tecnico-a-selecao-brasileira-final-dos-tempos\/","url":"https:\/\/www.gaveanews.com\/index.php\/2025\/04\/07\/sormani-reprova-chegada-de-tecnico-a-selecao-brasileira-final-dos-tempos\/","name":"Sormani reprova chegada de t\u00e9cnico \u00e0 Sele\u00e7\u00e3o Brasileira: \"final dos tempos...\"","isPartOf":{"@id":"https:\/\/www.gaveanews.com\/#website"},"primaryImageOfPage":{"@id":"https:\/\/www.gaveanews.com\/index.php\/2025\/04\/07\/sormani-reprova-chegada-de-tecnico-a-selecao-brasileira-final-dos-tempos\/#primaryimage"},"image":{"@id":"https:\/\/www.gaveanews.com\/index.php\/2025\/04\/07\/sormani-reprova-chegada-de-tecnico-a-selecao-brasileira-final-dos-tempos\/#primaryimage"},"thumbnailUrl":"https:\/\/www.gaveanews.com\/wp-content\/uploads\/Sormani-durante-um-programa-da-emissora-Fox-Sports.webp","datePublished":"2025-04-08T01:45:00+00:00","author":{"@id":"https:\/\/www.gaveanews.com\/#\/schema\/person\/0eb3e3fe1754f0205218538adbe8f5ed"},"breadcrumb":{"@id":"https:\/\/www.gaveanews.com\/index.php\/2025\/04\/07\/sormani-reprova-chegada-de-tecnico-a-selecao-brasileira-final-dos-tempos\/#breadcrumb"},"inLanguage":"pt-BR","potentialAction":[{"@type":"ReadAction","target":["https:\/\/www.gaveanews.com\/index.php\/2025\/04\/07\/sormani-reprova-chegada-de-tecnico-a-selecao-brasileira-final-dos-tempos\/"]}]},{"@type":"ImageObject","inLanguage":"pt-BR","@id":"https:\/\/www.gaveanews.com\/index.php\/2025\/04\/07\/sormani-reprova-chegada-de-tecnico-a-selecao-brasileira-final-dos-tempos\/#primaryimage","url":"https:\/\/www.gaveanews.com\/wp-content\/uploads\/Sormani-durante-um-programa-da-emissora-Fox-Sports.webp","contentUrl":"https:\/\/www.gaveanews.com\/wp-content\/uploads\/Sormani-durante-um-programa-da-emissora-Fox-Sports.webp","width":650,"height":325,"caption":"Sormani durante um programa da emissora Fox Sports (Foto: Reprodu\u00e7\u00e3o)"},{"@type":"BreadcrumbList","@id":"https:\/\/www.gaveanews.com\/index.php\/2025\/04\/07\/sormani-reprova-chegada-de-tecnico-a-selecao-brasileira-final-dos-tempos\/#breadcrumb","itemListElement":[{"@type":"ListItem","position":1,"name":"Home","item":"https:\/\/www.gaveanews.com\/"},{"@type":"ListItem","position":2,"name":"Sormani reprova chegada de t\u00e9cnico \u00e0 Sele\u00e7\u00e3o Brasileira: &#8220;final dos tempos&#8230;&#8221;"}]},{"@type":"WebSite","@id":"https:\/\/www.gaveanews.com\/#website","url":"https:\/\/www.gaveanews.com\/","name":"G\u00e1vea News","description":"Veja todas as not\u00edcias sobre o Flamengo: Contrata\u00e7\u00f5es, categorias de base, resultados das partidas, tabela de classifica\u00e7\u00e3o, pr\u00f3ximos jogos!","potentialAction":[{"@type":"SearchAction","target":{"@type":"EntryPoint","urlTemplate":"https:\/\/www.gaveanews.com\/?s={search_term_string}"},"query-input":{"@type":"PropertyValueSpecification","valueRequired":true,"valueName":"search_term_string"}}],"inLanguage":"pt-BR"},{"@type":"Person","@id":"https:\/\/www.gaveanews.com\/#\/schema\/person\/0eb3e3fe1754f0205218538adbe8f5ed","name":"Rafaela Ladeira","image":{"@type":"ImageObject","inLanguage":"pt-BR","@id":"https:\/\/www.gaveanews.com\/#\/schema\/person\/image\/","url":"https:\/\/secure.gravatar.com\/avatar\/c31f513acffd85eacab5730cbdfdbbf59f21ba5aeada8cd890acea879fbb2455?s=96&d=mm&r=g","contentUrl":"https:\/\/secure.gravatar.com\/avatar\/c31f513acffd85eacab5730cbdfdbbf59f21ba5aeada8cd890acea879fbb2455?s=96&d=mm&r=g","caption":"Rafaela Ladeira"}}]}},"_links":{"self":[{"href":"https:\/\/www.gaveanews.com\/index.php\/wp-json\/wp\/v2\/posts\/250091","targetHints":{"allow":["GET"]}}],"collection":[{"href":"https:\/\/www.gaveanews.com\/index.php\/wp-json\/wp\/v2\/posts"}],"about":[{"href":"https:\/\/www.gaveanews.com\/index.php\/wp-json\/wp\/v2\/types\/post"}],"author":[{"embeddable":true,"href":"https:\/\/www.gaveanews.com\/index.php\/wp-json\/wp\/v2\/users\/25"}],"replies":[{"embeddable":true,"href":"https:\/\/www.gaveanews.com\/index.php\/wp-json\/wp\/v2\/comments?post=250091"}],"version-history":[{"count":1,"href":"https:\/\/www.gaveanews.com\/index.php\/wp-json\/wp\/v2\/posts\/250091\/revisions"}],"predecessor-version":[{"id":250097,"href":"https:\/\/www.gaveanews.com\/index.php\/wp-json\/wp\/v2\/posts\/250091\/revisions\/250097"}],"wp:featuredmedia":[{"embeddable":true,"href":"https:\/\/www.gaveanews.com\/index.php\/wp-json\/wp\/v2\/media\/52970"}],"wp:attachment":[{"href":"https:\/\/www.gaveanews.com\/index.php\/wp-json\/wp\/v2\/media?parent=250091"}],"wp:term":[{"taxonomy":"category","embeddable":true,"href":"https:\/\/www.gaveanews.com\/index.php\/wp-json\/wp\/v2\/categories?post=250091"},{"taxonomy":"post_tag","embeddable":true,"href":"https:\/\/www.gaveanews.com\/index.php\/wp-json\/wp\/v2\/tags?post=250091"}],"curies":[{"name":"wp","href":"https:\/\/api.w.org\/{rel}","templated":true}]}}