{"id":251035,"date":"2025-04-09T14:20:00","date_gmt":"2025-04-09T17:20:00","guid":{"rendered":"https:\/\/www.gaveanews.com\/?p=251035"},"modified":"2025-04-09T13:08:10","modified_gmt":"2025-04-09T16:08:10","slug":"jogador-do-sao-paulo-passa-por-procedimento","status":"publish","type":"post","link":"https:\/\/www.gaveanews.com\/index.php\/2025\/04\/09\/jogador-do-sao-paulo-passa-por-procedimento\/","title":{"rendered":"Jogador do S\u00e3o Paulo passa por procedimento"},"content":{"rendered":"\n<p>As redes sociais foram tomadas por imagens do atacante Ferreira, do S\u00e3o Paulo, exibindo mudan\u00e7as em seu visual. A repercuss\u00e3o das fotos ganhou for\u00e7a na ter\u00e7a-feira (08), especialmente ap\u00f3s a divulga\u00e7\u00e3o do farmac\u00eautico esteta Douglas Jord\u00e3o, respons\u00e1vel por um procedimento de harmoniza\u00e7\u00e3o facial realizado no atleta.<\/p>\n\n\n\n<p>Contudo, apesar da viraliza\u00e7\u00e3o recente, Ferreira esclareceu que a interven\u00e7\u00e3o est\u00e9tica n\u00e3o foi feita nos \u00faltimos dias. \u201cO procedimento foi realizado em 2022\u201d, afirmou o jogador, que est\u00e1 em sua segunda temporada no clube paulista. O esclarecimento surgiu ap\u00f3s o &#8216;ge&#8217; ter inicialmente informado que a harmoniza\u00e7\u00e3o havia ocorrido recentemente, corrigindo posteriormente a informa\u00e7\u00e3o \u00e0s 21h47.<\/p>\n\n\n\n<p>A foto compartilhada nas redes sociais fazia parecer que o procedimento havia sido realizado h\u00e1 poucos dias. Assim, o contexto gerou um mal-entendido entre torcedores e internautas, o que levou \u00e0 necessidade de retifica\u00e7\u00e3o da informa\u00e7\u00e3o por parte da imprensa.<\/p>\n\n\n\n<blockquote class=\"twitter-tweet\"><p lang=\"pt\" dir=\"ltr\">Ferreirinha, jogador do S\u00e3o Paulo, passou por uma harmoniza\u00e7\u00e3o facial.<br><br>\ud83d\udcf7: Instagram\/drdouglasjordao <a href=\"https:\/\/t.co\/5xlEs7MQ4d\">pic.twitter.com\/5xlEs7MQ4d<\/a><\/p>&mdash; LIBERTA DEPRE (@liberta___depre) <a href=\"https:\/\/twitter.com\/liberta___depre\/status\/1909764390691217744?ref_src=twsrc%5Etfw\">April 9, 2025<\/a><\/blockquote> <script async src=\"https:\/\/platform.twitter.com\/widgets.js\" charset=\"utf-8\"><\/script>\n\n\n\n<h2 class=\"wp-block-heading\" id=\"h-ferreirinha-no-sao-paulo\">Ferreirinha no S\u00e3o Paulo<\/h2>\n\n\n\n<p>Ferreira, atualmente com a camisa 11 do Tricolor, soma 13 partidas e uma assist\u00eancia em 2025. Ali\u00e1s, ele \u00e9 presen\u00e7a quase certa entre os titulares de Luis Zubeld\u00eda para o confronto contra o Alianza Lima, que ser\u00e1 disputado nesta quinta-feira (10), \u00e0s 21h30 (de Bras\u00edlia), no Morumbis, pela segunda rodada da fase de grupos da Conmebol Libertadores.<\/p>\n\n\n\n<p>O S\u00e3o Paulo figura na segunda coloca\u00e7\u00e3o do Grupo D da Conmebol Libertadores da Am\u00e9rica, com tr\u00eas pontos \u2014 tr\u00eas de desvantagem para o Libertad, l\u00edder da chave. O Allianza Lima, por sua vez, ainda n\u00e3o pontuou na competi\u00e7\u00e3o.<\/p>\n\n\n\n<p>Apesar da grande visibilidade em torno da mudan\u00e7a est\u00e9tica, o foco no S\u00e3o Paulo permanece voltado para o rendimento em campo. Afinal, a equipe busca mais uma vit\u00f3ria no torneio continental e a expectativa \u00e9 que o atacante contribua tecnicamente, independentemente das aten\u00e7\u00f5es externas geradas por assuntos pessoais.<\/p>\n\n\n\n<p><\/p>\n","protected":false},"excerpt":{"rendered":"<p>As redes sociais foram tomadas por imagens do atacante Ferreira, do S\u00e3o Paulo, exibindo mudan\u00e7as em seu visual. A repercuss\u00e3o das fotos ganhou for\u00e7a na ter\u00e7a-feira (08), especialmente ap\u00f3s a divulga\u00e7\u00e3o do farmac\u00eautico esteta Douglas Jord\u00e3o, respons\u00e1vel por um procedimento de harmoniza\u00e7\u00e3o facial realizado no atleta. Contudo, apesar da viraliza\u00e7\u00e3o recente, Ferreira esclareceu que a [&hellip;]<\/p>\n","protected":false},"author":30,"featured_media":154451,"comment_status":"open","ping_status":"closed","sticky":false,"template":"","format":"standard","meta":{"footnotes":""},"categories":[433,151],"tags":[],"class_list":["post-251035","post","type-post","status-publish","format-standard","has-post-thumbnail","hentry","category-entretenimento","category-sao-paulo"],"yoast_head":"<!-- This site is optimized with the Yoast SEO Premium plugin v24.2 (Yoast SEO v26.9) - https:\/\/yoast.com\/product\/yoast-seo-premium-wordpress\/ -->\n<title>Jogador do S\u00e3o Paulo passa por procedimento<\/title>\n<meta name=\"robots\" content=\"index, follow, max-snippet:-1, max-image-preview:large, max-video-preview:-1\" \/>\n<link rel=\"canonical\" href=\"https:\/\/www.gaveanews.com\/index.php\/2025\/04\/09\/jogador-do-sao-paulo-passa-por-procedimento\/\" \/>\n<meta property=\"og:locale\" content=\"pt_BR\" \/>\n<meta property=\"og:type\" content=\"article\" \/>\n<meta property=\"og:title\" content=\"Jogador do S\u00e3o Paulo passa por procedimento\" \/>\n<meta property=\"og:description\" content=\"As redes sociais foram tomadas por imagens do atacante Ferreira, do S\u00e3o Paulo, exibindo mudan\u00e7as em seu visual. A repercuss\u00e3o das fotos ganhou for\u00e7a na ter\u00e7a-feira (08), especialmente ap\u00f3s a divulga\u00e7\u00e3o do farmac\u00eautico esteta Douglas Jord\u00e3o, respons\u00e1vel por um procedimento de harmoniza\u00e7\u00e3o facial realizado no atleta. Contudo, apesar da viraliza\u00e7\u00e3o recente, Ferreira esclareceu que a [&hellip;]\" \/>\n<meta property=\"og:url\" content=\"https:\/\/www.gaveanews.com\/index.php\/2025\/04\/09\/jogador-do-sao-paulo-passa-por-procedimento\/\" \/>\n<meta property=\"og:site_name\" content=\"G\u00e1vea News\" \/>\n<meta property=\"article:publisher\" content=\"https:\/\/facebook.com\/gaveaNews\/\" \/>\n<meta property=\"article:published_time\" content=\"2025-04-09T17:20:00+00:00\" \/>\n<meta property=\"og:image\" content=\"https:\/\/www.gaveanews.com\/wp-content\/uploads\/Escudo-do-Sao-Paulo.webp\" \/>\n\t<meta property=\"og:image:width\" content=\"977\" \/>\n\t<meta property=\"og:image:height\" content=\"651\" \/>\n\t<meta property=\"og:image:type\" content=\"image\/webp\" \/>\n<meta name=\"author\" content=\"Ana Teixeira\" \/>\n<meta name=\"twitter:card\" content=\"summary_large_image\" \/>\n<meta name=\"twitter:label1\" content=\"Escrito por\" \/>\n\t<meta name=\"twitter:data1\" content=\"Ana Teixeira\" \/>\n\t<meta name=\"twitter:label2\" content=\"Est. tempo de leitura\" \/>\n\t<meta name=\"twitter:data2\" content=\"2 minutos\" \/>\n<script type=\"application\/ld+json\" class=\"yoast-schema-graph\">{\"@context\":\"https:\/\/schema.org\",\"@graph\":[{\"@type\":\"NewsArticle\",\"@id\":\"https:\/\/www.gaveanews.com\/index.php\/2025\/04\/09\/jogador-do-sao-paulo-passa-por-procedimento\/#article\",\"isPartOf\":{\"@id\":\"https:\/\/www.gaveanews.com\/index.php\/2025\/04\/09\/jogador-do-sao-paulo-passa-por-procedimento\/\"},\"author\":{\"name\":\"Ana Teixeira\",\"@id\":\"https:\/\/www.gaveanews.com\/#\/schema\/person\/3b19f7288b0ce20372991275e4f2e6c2\"},\"headline\":\"Jogador do S\u00e3o Paulo passa por procedimento\",\"datePublished\":\"2025-04-09T17:20:00+00:00\",\"mainEntityOfPage\":{\"@id\":\"https:\/\/www.gaveanews.com\/index.php\/2025\/04\/09\/jogador-do-sao-paulo-passa-por-procedimento\/\"},\"wordCount\":353,\"commentCount\":0,\"image\":{\"@id\":\"https:\/\/www.gaveanews.com\/index.php\/2025\/04\/09\/jogador-do-sao-paulo-passa-por-procedimento\/#primaryimage\"},\"thumbnailUrl\":\"https:\/\/www.gaveanews.com\/wp-content\/uploads\/Escudo-do-Sao-Paulo.webp\",\"articleSection\":[\"Entretenimento\",\"S\u00e3o Paulo\"],\"inLanguage\":\"pt-BR\",\"potentialAction\":[{\"@type\":\"CommentAction\",\"name\":\"Comment\",\"target\":[\"https:\/\/www.gaveanews.com\/index.php\/2025\/04\/09\/jogador-do-sao-paulo-passa-por-procedimento\/#respond\"]}],\"copyrightYear\":\"2025\",\"copyrightHolder\":{\"@id\":\"https:\/\/www.gaveanews.com\/#organization\"}},{\"@type\":\"WebPage\",\"@id\":\"https:\/\/www.gaveanews.com\/index.php\/2025\/04\/09\/jogador-do-sao-paulo-passa-por-procedimento\/\",\"url\":\"https:\/\/www.gaveanews.com\/index.php\/2025\/04\/09\/jogador-do-sao-paulo-passa-por-procedimento\/\",\"name\":\"Jogador do S\u00e3o Paulo passa por procedimento\",\"isPartOf\":{\"@id\":\"https:\/\/www.gaveanews.com\/#website\"},\"primaryImageOfPage\":{\"@id\":\"https:\/\/www.gaveanews.com\/index.php\/2025\/04\/09\/jogador-do-sao-paulo-passa-por-procedimento\/#primaryimage\"},\"image\":{\"@id\":\"https:\/\/www.gaveanews.com\/index.php\/2025\/04\/09\/jogador-do-sao-paulo-passa-por-procedimento\/#primaryimage\"},\"thumbnailUrl\":\"https:\/\/www.gaveanews.com\/wp-content\/uploads\/Escudo-do-Sao-Paulo.webp\",\"datePublished\":\"2025-04-09T17:20:00+00:00\",\"author\":{\"@id\":\"https:\/\/www.gaveanews.com\/#\/schema\/person\/3b19f7288b0ce20372991275e4f2e6c2\"},\"breadcrumb\":{\"@id\":\"https:\/\/www.gaveanews.com\/index.php\/2025\/04\/09\/jogador-do-sao-paulo-passa-por-procedimento\/#breadcrumb\"},\"inLanguage\":\"pt-BR\",\"potentialAction\":[{\"@type\":\"ReadAction\",\"target\":[\"https:\/\/www.gaveanews.com\/index.php\/2025\/04\/09\/jogador-do-sao-paulo-passa-por-procedimento\/\"]}]},{\"@type\":\"ImageObject\",\"inLanguage\":\"pt-BR\",\"@id\":\"https:\/\/www.gaveanews.com\/index.php\/2025\/04\/09\/jogador-do-sao-paulo-passa-por-procedimento\/#primaryimage\",\"url\":\"https:\/\/www.gaveanews.com\/wp-content\/uploads\/Escudo-do-Sao-Paulo.webp\",\"contentUrl\":\"https:\/\/www.gaveanews.com\/wp-content\/uploads\/Escudo-do-Sao-Paulo.webp\",\"width\":977,\"height\":651,\"caption\":\"Escudo do S\u00e3o Paulo (Foto: Reprodu\u00e7\u00e3o\/S\u00e3o Paulo)\"},{\"@type\":\"BreadcrumbList\",\"@id\":\"https:\/\/www.gaveanews.com\/index.php\/2025\/04\/09\/jogador-do-sao-paulo-passa-por-procedimento\/#breadcrumb\",\"itemListElement\":[{\"@type\":\"ListItem\",\"position\":1,\"name\":\"Home\",\"item\":\"https:\/\/www.gaveanews.com\/\"},{\"@type\":\"ListItem\",\"position\":2,\"name\":\"Jogador do S\u00e3o Paulo passa por procedimento\"}]},{\"@type\":\"WebSite\",\"@id\":\"https:\/\/www.gaveanews.com\/#website\",\"url\":\"https:\/\/www.gaveanews.com\/\",\"name\":\"G\u00e1vea News\",\"description\":\"Veja todas as not\u00edcias sobre o Flamengo: Contrata\u00e7\u00f5es, categorias de base, resultados das partidas, tabela de classifica\u00e7\u00e3o, pr\u00f3ximos jogos!\",\"potentialAction\":[{\"@type\":\"SearchAction\",\"target\":{\"@type\":\"EntryPoint\",\"urlTemplate\":\"https:\/\/www.gaveanews.com\/?s={search_term_string}\"},\"query-input\":{\"@type\":\"PropertyValueSpecification\",\"valueRequired\":true,\"valueName\":\"search_term_string\"}}],\"inLanguage\":\"pt-BR\"},{\"@type\":\"Person\",\"@id\":\"https:\/\/www.gaveanews.com\/#\/schema\/person\/3b19f7288b0ce20372991275e4f2e6c2\",\"name\":\"Ana Teixeira\",\"image\":{\"@type\":\"ImageObject\",\"inLanguage\":\"pt-BR\",\"@id\":\"https:\/\/www.gaveanews.com\/#\/schema\/person\/image\/\",\"url\":\"https:\/\/secure.gravatar.com\/avatar\/0a73f5a5258f3fed37fc2fa641892f3f7a4748456d4d4792f9bc550e6c19e06c?s=96&d=mm&r=g\",\"contentUrl\":\"https:\/\/secure.gravatar.com\/avatar\/0a73f5a5258f3fed37fc2fa641892f3f7a4748456d4d4792f9bc550e6c19e06c?s=96&d=mm&r=g\",\"caption\":\"Ana Teixeira\"}}]}<\/script>\n<!-- \/ Yoast SEO Premium plugin. -->","yoast_head_json":{"title":"Jogador do S\u00e3o Paulo passa por procedimento","robots":{"index":"index","follow":"follow","max-snippet":"max-snippet:-1","max-image-preview":"max-image-preview:large","max-video-preview":"max-video-preview:-1"},"canonical":"https:\/\/www.gaveanews.com\/index.php\/2025\/04\/09\/jogador-do-sao-paulo-passa-por-procedimento\/","og_locale":"pt_BR","og_type":"article","og_title":"Jogador do S\u00e3o Paulo passa por procedimento","og_description":"As redes sociais foram tomadas por imagens do atacante Ferreira, do S\u00e3o Paulo, exibindo mudan\u00e7as em seu visual. A repercuss\u00e3o das fotos ganhou for\u00e7a na ter\u00e7a-feira (08), especialmente ap\u00f3s a divulga\u00e7\u00e3o do farmac\u00eautico esteta Douglas Jord\u00e3o, respons\u00e1vel por um procedimento de harmoniza\u00e7\u00e3o facial realizado no atleta. Contudo, apesar da viraliza\u00e7\u00e3o recente, Ferreira esclareceu que a [&hellip;]","og_url":"https:\/\/www.gaveanews.com\/index.php\/2025\/04\/09\/jogador-do-sao-paulo-passa-por-procedimento\/","og_site_name":"G\u00e1vea News","article_publisher":"https:\/\/facebook.com\/gaveaNews\/","article_published_time":"2025-04-09T17:20:00+00:00","og_image":[{"width":977,"height":651,"url":"https:\/\/www.gaveanews.com\/wp-content\/uploads\/Escudo-do-Sao-Paulo.webp","type":"image\/webp"}],"author":"Ana Teixeira","twitter_card":"summary_large_image","twitter_misc":{"Escrito por":"Ana Teixeira","Est. tempo de leitura":"2 minutos"},"schema":{"@context":"https:\/\/schema.org","@graph":[{"@type":"NewsArticle","@id":"https:\/\/www.gaveanews.com\/index.php\/2025\/04\/09\/jogador-do-sao-paulo-passa-por-procedimento\/#article","isPartOf":{"@id":"https:\/\/www.gaveanews.com\/index.php\/2025\/04\/09\/jogador-do-sao-paulo-passa-por-procedimento\/"},"author":{"name":"Ana Teixeira","@id":"https:\/\/www.gaveanews.com\/#\/schema\/person\/3b19f7288b0ce20372991275e4f2e6c2"},"headline":"Jogador do S\u00e3o Paulo passa por procedimento","datePublished":"2025-04-09T17:20:00+00:00","mainEntityOfPage":{"@id":"https:\/\/www.gaveanews.com\/index.php\/2025\/04\/09\/jogador-do-sao-paulo-passa-por-procedimento\/"},"wordCount":353,"commentCount":0,"image":{"@id":"https:\/\/www.gaveanews.com\/index.php\/2025\/04\/09\/jogador-do-sao-paulo-passa-por-procedimento\/#primaryimage"},"thumbnailUrl":"https:\/\/www.gaveanews.com\/wp-content\/uploads\/Escudo-do-Sao-Paulo.webp","articleSection":["Entretenimento","S\u00e3o Paulo"],"inLanguage":"pt-BR","potentialAction":[{"@type":"CommentAction","name":"Comment","target":["https:\/\/www.gaveanews.com\/index.php\/2025\/04\/09\/jogador-do-sao-paulo-passa-por-procedimento\/#respond"]}],"copyrightYear":"2025","copyrightHolder":{"@id":"https:\/\/www.gaveanews.com\/#organization"}},{"@type":"WebPage","@id":"https:\/\/www.gaveanews.com\/index.php\/2025\/04\/09\/jogador-do-sao-paulo-passa-por-procedimento\/","url":"https:\/\/www.gaveanews.com\/index.php\/2025\/04\/09\/jogador-do-sao-paulo-passa-por-procedimento\/","name":"Jogador do S\u00e3o Paulo passa por procedimento","isPartOf":{"@id":"https:\/\/www.gaveanews.com\/#website"},"primaryImageOfPage":{"@id":"https:\/\/www.gaveanews.com\/index.php\/2025\/04\/09\/jogador-do-sao-paulo-passa-por-procedimento\/#primaryimage"},"image":{"@id":"https:\/\/www.gaveanews.com\/index.php\/2025\/04\/09\/jogador-do-sao-paulo-passa-por-procedimento\/#primaryimage"},"thumbnailUrl":"https:\/\/www.gaveanews.com\/wp-content\/uploads\/Escudo-do-Sao-Paulo.webp","datePublished":"2025-04-09T17:20:00+00:00","author":{"@id":"https:\/\/www.gaveanews.com\/#\/schema\/person\/3b19f7288b0ce20372991275e4f2e6c2"},"breadcrumb":{"@id":"https:\/\/www.gaveanews.com\/index.php\/2025\/04\/09\/jogador-do-sao-paulo-passa-por-procedimento\/#breadcrumb"},"inLanguage":"pt-BR","potentialAction":[{"@type":"ReadAction","target":["https:\/\/www.gaveanews.com\/index.php\/2025\/04\/09\/jogador-do-sao-paulo-passa-por-procedimento\/"]}]},{"@type":"ImageObject","inLanguage":"pt-BR","@id":"https:\/\/www.gaveanews.com\/index.php\/2025\/04\/09\/jogador-do-sao-paulo-passa-por-procedimento\/#primaryimage","url":"https:\/\/www.gaveanews.com\/wp-content\/uploads\/Escudo-do-Sao-Paulo.webp","contentUrl":"https:\/\/www.gaveanews.com\/wp-content\/uploads\/Escudo-do-Sao-Paulo.webp","width":977,"height":651,"caption":"Escudo do S\u00e3o Paulo (Foto: Reprodu\u00e7\u00e3o\/S\u00e3o Paulo)"},{"@type":"BreadcrumbList","@id":"https:\/\/www.gaveanews.com\/index.php\/2025\/04\/09\/jogador-do-sao-paulo-passa-por-procedimento\/#breadcrumb","itemListElement":[{"@type":"ListItem","position":1,"name":"Home","item":"https:\/\/www.gaveanews.com\/"},{"@type":"ListItem","position":2,"name":"Jogador do S\u00e3o Paulo passa por procedimento"}]},{"@type":"WebSite","@id":"https:\/\/www.gaveanews.com\/#website","url":"https:\/\/www.gaveanews.com\/","name":"G\u00e1vea News","description":"Veja todas as not\u00edcias sobre o Flamengo: Contrata\u00e7\u00f5es, categorias de base, resultados das partidas, tabela de classifica\u00e7\u00e3o, pr\u00f3ximos jogos!","potentialAction":[{"@type":"SearchAction","target":{"@type":"EntryPoint","urlTemplate":"https:\/\/www.gaveanews.com\/?s={search_term_string}"},"query-input":{"@type":"PropertyValueSpecification","valueRequired":true,"valueName":"search_term_string"}}],"inLanguage":"pt-BR"},{"@type":"Person","@id":"https:\/\/www.gaveanews.com\/#\/schema\/person\/3b19f7288b0ce20372991275e4f2e6c2","name":"Ana Teixeira","image":{"@type":"ImageObject","inLanguage":"pt-BR","@id":"https:\/\/www.gaveanews.com\/#\/schema\/person\/image\/","url":"https:\/\/secure.gravatar.com\/avatar\/0a73f5a5258f3fed37fc2fa641892f3f7a4748456d4d4792f9bc550e6c19e06c?s=96&d=mm&r=g","contentUrl":"https:\/\/secure.gravatar.com\/avatar\/0a73f5a5258f3fed37fc2fa641892f3f7a4748456d4d4792f9bc550e6c19e06c?s=96&d=mm&r=g","caption":"Ana Teixeira"}}]}},"_links":{"self":[{"href":"https:\/\/www.gaveanews.com\/index.php\/wp-json\/wp\/v2\/posts\/251035","targetHints":{"allow":["GET"]}}],"collection":[{"href":"https:\/\/www.gaveanews.com\/index.php\/wp-json\/wp\/v2\/posts"}],"about":[{"href":"https:\/\/www.gaveanews.com\/index.php\/wp-json\/wp\/v2\/types\/post"}],"author":[{"embeddable":true,"href":"https:\/\/www.gaveanews.com\/index.php\/wp-json\/wp\/v2\/users\/30"}],"replies":[{"embeddable":true,"href":"https:\/\/www.gaveanews.com\/index.php\/wp-json\/wp\/v2\/comments?post=251035"}],"version-history":[{"count":1,"href":"https:\/\/www.gaveanews.com\/index.php\/wp-json\/wp\/v2\/posts\/251035\/revisions"}],"predecessor-version":[{"id":251043,"href":"https:\/\/www.gaveanews.com\/index.php\/wp-json\/wp\/v2\/posts\/251035\/revisions\/251043"}],"wp:featuredmedia":[{"embeddable":true,"href":"https:\/\/www.gaveanews.com\/index.php\/wp-json\/wp\/v2\/media\/154451"}],"wp:attachment":[{"href":"https:\/\/www.gaveanews.com\/index.php\/wp-json\/wp\/v2\/media?parent=251035"}],"wp:term":[{"taxonomy":"category","embeddable":true,"href":"https:\/\/www.gaveanews.com\/index.php\/wp-json\/wp\/v2\/categories?post=251035"},{"taxonomy":"post_tag","embeddable":true,"href":"https:\/\/www.gaveanews.com\/index.php\/wp-json\/wp\/v2\/tags?post=251035"}],"curies":[{"name":"wp","href":"https:\/\/api.w.org\/{rel}","templated":true}]}}