{"id":251068,"date":"2025-04-09T15:40:00","date_gmt":"2025-04-09T18:40:00","guid":{"rendered":"https:\/\/www.gaveanews.com\/?p=251068"},"modified":"2025-04-09T14:30:41","modified_gmt":"2025-04-09T17:30:41","slug":"a-declaracao-de-milton-neves-apos-o-empate-do-corinthians","status":"publish","type":"post","link":"https:\/\/www.gaveanews.com\/index.php\/2025\/04\/09\/a-declaracao-de-milton-neves-apos-o-empate-do-corinthians\/","title":{"rendered":"A declara\u00e7\u00e3o de Milton Neves ap\u00f3s o empate do Corinthians"},"content":{"rendered":"\n<p>O jornalista Mauro Neves foi direto e contundente ao analisar o duelo entre Corinthians com o Am\u00e9rica de Cali, na \u00faltima ter\u00e7a-feira (08), pela Copa Sul-Americana. Em sua avalia\u00e7\u00e3o, o resultado de 1 a 1 foi &#8220;um presente do destino&#8221; para um time que atuou com displic\u00eancia e pouca ambi\u00e7\u00e3o durante boa parte da partida. Segundo ele, &#8220;o empate caiu do c\u00e9u&#8221;, j\u00e1 que os colombianos dominaram o primeiro tempo diante de uma equipe reserva e desorganizada.<\/p>\n\n\n\n<p>Mauro classificou o primeiro tempo corintiano como &#8220;sofr\u00edvel&#8221;, destacando a sorte do time brasileiro ao n\u00e3o sair para o intervalo com uma desvantagem maior. \u201cOs colombianos amassaram o perdido e displicente Tim\u00e3o, que foi salvo pela sorte e, j\u00e1 no come\u00e7o da etapa final, pelo VAR\u201d, escreveu. O comentarista ainda ironizou o que chamou de \u201candan\u00e7a em campo por 70 minutos\u201d e sugeriu que o Corinthians sequer demonstra real interesse em se classificar: \u201cParece que o Alvinegro n\u00e3o tem a m\u00ednima pretens\u00e3o de avan\u00e7ar na Sul-Americana\u201d.<\/p>\n\n\n\n<p>O jornalista reconheceu o impacto positivo das substitui\u00e7\u00f5es feitas por Ram\u00f3n D\u00edaz, principalmente a entrada de Andr\u00e9 Carrillo. O atacante peruano, em boa fase, foi decisivo para a melhora do rendimento corintiano. Ainda assim, Mauro minimizou o m\u00e9rito da rea\u00e7\u00e3o: \u201c\u00c9 muito pouco se o Tim\u00e3o quiser mesmo se classificar\u201d. Em tom cr\u00edtico, concluiu que a torcida alvinegra \u201cmerece pelo menos um pouco mais de empenho em campo\u201d.<\/p>\n\n\n\n<h2 class=\"wp-block-heading\" id=\"h-atuacao-irregular-e-alivio-no-fim\">Atua\u00e7\u00e3o irregular e al\u00edvio no fim<\/h2>\n\n\n\n<p>Do ponto de vista t\u00e9cnico, o Corinthians apresentou um desempenho marcado por oscila\u00e7\u00f5es, falhas defensivas e limita\u00e7\u00f5es t\u00e1ticas. O primeiro tempo foi dominado pelo Am\u00e9rica de Cali, que abriu o placar com um belo chute de Ramos e poderia ter ampliado, dado o espa\u00e7o concedido. A dupla de zaga formada por F\u00e9lix Torres e Andr\u00e9 Ramalho teve dificuldades claras de posicionamento e falhou na cobertura em diversos lances.<\/p>\n\n\n\n<p>O Tim\u00e3o enfrentou o jogo com um elenco bastante modificado: foram seis desfalques no total, incluindo cinco titulares. Ram\u00f3n D\u00edaz teve que improvisar um meio-campo formado apenas por volantes e um ataque sem refer\u00eancia criativa, com Romero, Talles Magno e H\u00e9ctor Hern\u00e1ndez. O setor ofensivo pouco produziu at\u00e9 a entrada dos titulares no segundo tempo.<\/p>\n\n\n\n<p>A virada de chave ocorreu por volta dos 15 minutos da etapa final. Com as entradas de Carrillo, Yuri Alberto e Breno Bidon, o time melhorou tecnicamente e passou a criar mais oportunidades. Carrillo, ali\u00e1s, foi o principal destaque: criou duas boas chances antes de servir Matheuzinho, que marcou o gol de empate. A jogada veio do lado direito, onde o peruano atuou com liberdade e precis\u00e3o.<\/p>\n\n\n\n<p>Ainda que o resultado possa ser considerado positivo do ponto de vista da tabela \u2014 j\u00e1 que impede que o Am\u00e9rica de Cali abra seis pontos de vantagem \u2014, a atua\u00e7\u00e3o do Corinthians gerou questionamentos. A an\u00e1lise t\u00e9cnica aponta que o time teve mais sorte do que ju\u00edzo, escapando de uma derrota gra\u00e7as a decis\u00f5es corretas do VAR e ao talento individual de Carrillo.<\/p>\n\n\n\n<p><\/p>\n","protected":false},"excerpt":{"rendered":"<p>O jornalista Mauro Neves foi direto e contundente ao analisar o duelo entre Corinthians com o Am\u00e9rica de Cali, na \u00faltima ter\u00e7a-feira (08), pela Copa Sul-Americana. Em sua avalia\u00e7\u00e3o, o resultado de 1 a 1 foi &#8220;um presente do destino&#8221; para um time que atuou com displic\u00eancia e pouca ambi\u00e7\u00e3o durante boa parte da partida. [&hellip;]<\/p>\n","protected":false},"author":30,"featured_media":166659,"comment_status":"open","ping_status":"closed","sticky":false,"template":"","format":"standard","meta":{"footnotes":""},"categories":[141],"tags":[],"class_list":["post-251068","post","type-post","status-publish","format-standard","has-post-thumbnail","hentry","category-corinthians"],"yoast_head":"<!-- This site is optimized with the Yoast SEO Premium plugin v24.2 (Yoast SEO v26.9) - https:\/\/yoast.com\/product\/yoast-seo-premium-wordpress\/ -->\n<title>A declara\u00e7\u00e3o de Milton Neves ap\u00f3s o empate do Corinthians<\/title>\n<meta name=\"robots\" content=\"index, follow, max-snippet:-1, max-image-preview:large, max-video-preview:-1\" \/>\n<link rel=\"canonical\" href=\"https:\/\/www.gaveanews.com\/index.php\/2025\/04\/09\/a-declaracao-de-milton-neves-apos-o-empate-do-corinthians\/\" \/>\n<meta property=\"og:locale\" content=\"pt_BR\" \/>\n<meta property=\"og:type\" content=\"article\" \/>\n<meta property=\"og:title\" content=\"A declara\u00e7\u00e3o de Milton Neves ap\u00f3s o empate do Corinthians\" \/>\n<meta property=\"og:description\" content=\"O jornalista Mauro Neves foi direto e contundente ao analisar o duelo entre Corinthians com o Am\u00e9rica de Cali, na \u00faltima ter\u00e7a-feira (08), pela Copa Sul-Americana. Em sua avalia\u00e7\u00e3o, o resultado de 1 a 1 foi &#8220;um presente do destino&#8221; para um time que atuou com displic\u00eancia e pouca ambi\u00e7\u00e3o durante boa parte da partida. [&hellip;]\" \/>\n<meta property=\"og:url\" content=\"https:\/\/www.gaveanews.com\/index.php\/2025\/04\/09\/a-declaracao-de-milton-neves-apos-o-empate-do-corinthians\/\" \/>\n<meta property=\"og:site_name\" content=\"G\u00e1vea News\" \/>\n<meta property=\"article:publisher\" content=\"https:\/\/facebook.com\/gaveaNews\/\" \/>\n<meta property=\"article:published_time\" content=\"2025-04-09T18:40:00+00:00\" \/>\n<meta property=\"og:image\" content=\"https:\/\/www.gaveanews.com\/wp-content\/uploads\/Milton-Neves-durante-a-programacao-da-Bandeirantes.webp\" \/>\n\t<meta property=\"og:image:width\" content=\"1536\" \/>\n\t<meta property=\"og:image:height\" content=\"864\" \/>\n\t<meta property=\"og:image:type\" content=\"image\/jpeg\" \/>\n<meta name=\"author\" content=\"Ana Teixeira\" \/>\n<meta name=\"twitter:card\" content=\"summary_large_image\" \/>\n<meta name=\"twitter:label1\" content=\"Escrito por\" \/>\n\t<meta name=\"twitter:data1\" content=\"Ana Teixeira\" \/>\n\t<meta name=\"twitter:label2\" content=\"Est. tempo de leitura\" \/>\n\t<meta name=\"twitter:data2\" content=\"3 minutos\" \/>\n<script type=\"application\/ld+json\" class=\"yoast-schema-graph\">{\"@context\":\"https:\/\/schema.org\",\"@graph\":[{\"@type\":\"NewsArticle\",\"@id\":\"https:\/\/www.gaveanews.com\/index.php\/2025\/04\/09\/a-declaracao-de-milton-neves-apos-o-empate-do-corinthians\/#article\",\"isPartOf\":{\"@id\":\"https:\/\/www.gaveanews.com\/index.php\/2025\/04\/09\/a-declaracao-de-milton-neves-apos-o-empate-do-corinthians\/\"},\"author\":{\"name\":\"Ana Teixeira\",\"@id\":\"https:\/\/www.gaveanews.com\/#\/schema\/person\/3b19f7288b0ce20372991275e4f2e6c2\"},\"headline\":\"A declara\u00e7\u00e3o de Milton Neves ap\u00f3s o empate do Corinthians\",\"datePublished\":\"2025-04-09T18:40:00+00:00\",\"mainEntityOfPage\":{\"@id\":\"https:\/\/www.gaveanews.com\/index.php\/2025\/04\/09\/a-declaracao-de-milton-neves-apos-o-empate-do-corinthians\/\"},\"wordCount\":541,\"commentCount\":0,\"image\":{\"@id\":\"https:\/\/www.gaveanews.com\/index.php\/2025\/04\/09\/a-declaracao-de-milton-neves-apos-o-empate-do-corinthians\/#primaryimage\"},\"thumbnailUrl\":\"https:\/\/www.gaveanews.com\/wp-content\/uploads\/Milton-Neves-durante-a-programacao-da-Bandeirantes.webp\",\"articleSection\":[\"Corinthians\"],\"inLanguage\":\"pt-BR\",\"potentialAction\":[{\"@type\":\"CommentAction\",\"name\":\"Comment\",\"target\":[\"https:\/\/www.gaveanews.com\/index.php\/2025\/04\/09\/a-declaracao-de-milton-neves-apos-o-empate-do-corinthians\/#respond\"]}],\"copyrightYear\":\"2025\",\"copyrightHolder\":{\"@id\":\"https:\/\/www.gaveanews.com\/#organization\"}},{\"@type\":\"WebPage\",\"@id\":\"https:\/\/www.gaveanews.com\/index.php\/2025\/04\/09\/a-declaracao-de-milton-neves-apos-o-empate-do-corinthians\/\",\"url\":\"https:\/\/www.gaveanews.com\/index.php\/2025\/04\/09\/a-declaracao-de-milton-neves-apos-o-empate-do-corinthians\/\",\"name\":\"A declara\u00e7\u00e3o de Milton Neves ap\u00f3s o empate do Corinthians\",\"isPartOf\":{\"@id\":\"https:\/\/www.gaveanews.com\/#website\"},\"primaryImageOfPage\":{\"@id\":\"https:\/\/www.gaveanews.com\/index.php\/2025\/04\/09\/a-declaracao-de-milton-neves-apos-o-empate-do-corinthians\/#primaryimage\"},\"image\":{\"@id\":\"https:\/\/www.gaveanews.com\/index.php\/2025\/04\/09\/a-declaracao-de-milton-neves-apos-o-empate-do-corinthians\/#primaryimage\"},\"thumbnailUrl\":\"https:\/\/www.gaveanews.com\/wp-content\/uploads\/Milton-Neves-durante-a-programacao-da-Bandeirantes.webp\",\"datePublished\":\"2025-04-09T18:40:00+00:00\",\"author\":{\"@id\":\"https:\/\/www.gaveanews.com\/#\/schema\/person\/3b19f7288b0ce20372991275e4f2e6c2\"},\"breadcrumb\":{\"@id\":\"https:\/\/www.gaveanews.com\/index.php\/2025\/04\/09\/a-declaracao-de-milton-neves-apos-o-empate-do-corinthians\/#breadcrumb\"},\"inLanguage\":\"pt-BR\",\"potentialAction\":[{\"@type\":\"ReadAction\",\"target\":[\"https:\/\/www.gaveanews.com\/index.php\/2025\/04\/09\/a-declaracao-de-milton-neves-apos-o-empate-do-corinthians\/\"]}]},{\"@type\":\"ImageObject\",\"inLanguage\":\"pt-BR\",\"@id\":\"https:\/\/www.gaveanews.com\/index.php\/2025\/04\/09\/a-declaracao-de-milton-neves-apos-o-empate-do-corinthians\/#primaryimage\",\"url\":\"https:\/\/www.gaveanews.com\/wp-content\/uploads\/Milton-Neves-durante-a-programacao-da-Bandeirantes.webp\",\"contentUrl\":\"https:\/\/www.gaveanews.com\/wp-content\/uploads\/Milton-Neves-durante-a-programacao-da-Bandeirantes.webp\",\"width\":1536,\"height\":864,\"caption\":\"Milton Neves durante a programa\u00e7\u00e3o da Bandeirantes (Foto: Reprodu\u00e7\u00e3o\/Bandeirantes)\"},{\"@type\":\"BreadcrumbList\",\"@id\":\"https:\/\/www.gaveanews.com\/index.php\/2025\/04\/09\/a-declaracao-de-milton-neves-apos-o-empate-do-corinthians\/#breadcrumb\",\"itemListElement\":[{\"@type\":\"ListItem\",\"position\":1,\"name\":\"Home\",\"item\":\"https:\/\/www.gaveanews.com\/\"},{\"@type\":\"ListItem\",\"position\":2,\"name\":\"A declara\u00e7\u00e3o de Milton Neves ap\u00f3s o empate do Corinthians\"}]},{\"@type\":\"WebSite\",\"@id\":\"https:\/\/www.gaveanews.com\/#website\",\"url\":\"https:\/\/www.gaveanews.com\/\",\"name\":\"G\u00e1vea News\",\"description\":\"Veja todas as not\u00edcias sobre o Flamengo: Contrata\u00e7\u00f5es, categorias de base, resultados das partidas, tabela de classifica\u00e7\u00e3o, pr\u00f3ximos jogos!\",\"potentialAction\":[{\"@type\":\"SearchAction\",\"target\":{\"@type\":\"EntryPoint\",\"urlTemplate\":\"https:\/\/www.gaveanews.com\/?s={search_term_string}\"},\"query-input\":{\"@type\":\"PropertyValueSpecification\",\"valueRequired\":true,\"valueName\":\"search_term_string\"}}],\"inLanguage\":\"pt-BR\"},{\"@type\":\"Person\",\"@id\":\"https:\/\/www.gaveanews.com\/#\/schema\/person\/3b19f7288b0ce20372991275e4f2e6c2\",\"name\":\"Ana Teixeira\",\"image\":{\"@type\":\"ImageObject\",\"inLanguage\":\"pt-BR\",\"@id\":\"https:\/\/www.gaveanews.com\/#\/schema\/person\/image\/\",\"url\":\"https:\/\/secure.gravatar.com\/avatar\/0a73f5a5258f3fed37fc2fa641892f3f7a4748456d4d4792f9bc550e6c19e06c?s=96&d=mm&r=g\",\"contentUrl\":\"https:\/\/secure.gravatar.com\/avatar\/0a73f5a5258f3fed37fc2fa641892f3f7a4748456d4d4792f9bc550e6c19e06c?s=96&d=mm&r=g\",\"caption\":\"Ana Teixeira\"}}]}<\/script>\n<!-- \/ Yoast SEO Premium plugin. -->","yoast_head_json":{"title":"A declara\u00e7\u00e3o de Milton Neves ap\u00f3s o empate do Corinthians","robots":{"index":"index","follow":"follow","max-snippet":"max-snippet:-1","max-image-preview":"max-image-preview:large","max-video-preview":"max-video-preview:-1"},"canonical":"https:\/\/www.gaveanews.com\/index.php\/2025\/04\/09\/a-declaracao-de-milton-neves-apos-o-empate-do-corinthians\/","og_locale":"pt_BR","og_type":"article","og_title":"A declara\u00e7\u00e3o de Milton Neves ap\u00f3s o empate do Corinthians","og_description":"O jornalista Mauro Neves foi direto e contundente ao analisar o duelo entre Corinthians com o Am\u00e9rica de Cali, na \u00faltima ter\u00e7a-feira (08), pela Copa Sul-Americana. Em sua avalia\u00e7\u00e3o, o resultado de 1 a 1 foi &#8220;um presente do destino&#8221; para um time que atuou com displic\u00eancia e pouca ambi\u00e7\u00e3o durante boa parte da partida. [&hellip;]","og_url":"https:\/\/www.gaveanews.com\/index.php\/2025\/04\/09\/a-declaracao-de-milton-neves-apos-o-empate-do-corinthians\/","og_site_name":"G\u00e1vea News","article_publisher":"https:\/\/facebook.com\/gaveaNews\/","article_published_time":"2025-04-09T18:40:00+00:00","og_image":[{"width":1536,"height":864,"url":"https:\/\/www.gaveanews.com\/wp-content\/uploads\/Milton-Neves-durante-a-programacao-da-Bandeirantes.webp","type":"image\/jpeg"}],"author":"Ana Teixeira","twitter_card":"summary_large_image","twitter_misc":{"Escrito por":"Ana Teixeira","Est. tempo de leitura":"3 minutos"},"schema":{"@context":"https:\/\/schema.org","@graph":[{"@type":"NewsArticle","@id":"https:\/\/www.gaveanews.com\/index.php\/2025\/04\/09\/a-declaracao-de-milton-neves-apos-o-empate-do-corinthians\/#article","isPartOf":{"@id":"https:\/\/www.gaveanews.com\/index.php\/2025\/04\/09\/a-declaracao-de-milton-neves-apos-o-empate-do-corinthians\/"},"author":{"name":"Ana Teixeira","@id":"https:\/\/www.gaveanews.com\/#\/schema\/person\/3b19f7288b0ce20372991275e4f2e6c2"},"headline":"A declara\u00e7\u00e3o de Milton Neves ap\u00f3s o empate do Corinthians","datePublished":"2025-04-09T18:40:00+00:00","mainEntityOfPage":{"@id":"https:\/\/www.gaveanews.com\/index.php\/2025\/04\/09\/a-declaracao-de-milton-neves-apos-o-empate-do-corinthians\/"},"wordCount":541,"commentCount":0,"image":{"@id":"https:\/\/www.gaveanews.com\/index.php\/2025\/04\/09\/a-declaracao-de-milton-neves-apos-o-empate-do-corinthians\/#primaryimage"},"thumbnailUrl":"https:\/\/www.gaveanews.com\/wp-content\/uploads\/Milton-Neves-durante-a-programacao-da-Bandeirantes.webp","articleSection":["Corinthians"],"inLanguage":"pt-BR","potentialAction":[{"@type":"CommentAction","name":"Comment","target":["https:\/\/www.gaveanews.com\/index.php\/2025\/04\/09\/a-declaracao-de-milton-neves-apos-o-empate-do-corinthians\/#respond"]}],"copyrightYear":"2025","copyrightHolder":{"@id":"https:\/\/www.gaveanews.com\/#organization"}},{"@type":"WebPage","@id":"https:\/\/www.gaveanews.com\/index.php\/2025\/04\/09\/a-declaracao-de-milton-neves-apos-o-empate-do-corinthians\/","url":"https:\/\/www.gaveanews.com\/index.php\/2025\/04\/09\/a-declaracao-de-milton-neves-apos-o-empate-do-corinthians\/","name":"A declara\u00e7\u00e3o de Milton Neves ap\u00f3s o empate do Corinthians","isPartOf":{"@id":"https:\/\/www.gaveanews.com\/#website"},"primaryImageOfPage":{"@id":"https:\/\/www.gaveanews.com\/index.php\/2025\/04\/09\/a-declaracao-de-milton-neves-apos-o-empate-do-corinthians\/#primaryimage"},"image":{"@id":"https:\/\/www.gaveanews.com\/index.php\/2025\/04\/09\/a-declaracao-de-milton-neves-apos-o-empate-do-corinthians\/#primaryimage"},"thumbnailUrl":"https:\/\/www.gaveanews.com\/wp-content\/uploads\/Milton-Neves-durante-a-programacao-da-Bandeirantes.webp","datePublished":"2025-04-09T18:40:00+00:00","author":{"@id":"https:\/\/www.gaveanews.com\/#\/schema\/person\/3b19f7288b0ce20372991275e4f2e6c2"},"breadcrumb":{"@id":"https:\/\/www.gaveanews.com\/index.php\/2025\/04\/09\/a-declaracao-de-milton-neves-apos-o-empate-do-corinthians\/#breadcrumb"},"inLanguage":"pt-BR","potentialAction":[{"@type":"ReadAction","target":["https:\/\/www.gaveanews.com\/index.php\/2025\/04\/09\/a-declaracao-de-milton-neves-apos-o-empate-do-corinthians\/"]}]},{"@type":"ImageObject","inLanguage":"pt-BR","@id":"https:\/\/www.gaveanews.com\/index.php\/2025\/04\/09\/a-declaracao-de-milton-neves-apos-o-empate-do-corinthians\/#primaryimage","url":"https:\/\/www.gaveanews.com\/wp-content\/uploads\/Milton-Neves-durante-a-programacao-da-Bandeirantes.webp","contentUrl":"https:\/\/www.gaveanews.com\/wp-content\/uploads\/Milton-Neves-durante-a-programacao-da-Bandeirantes.webp","width":1536,"height":864,"caption":"Milton Neves durante a programa\u00e7\u00e3o da Bandeirantes (Foto: Reprodu\u00e7\u00e3o\/Bandeirantes)"},{"@type":"BreadcrumbList","@id":"https:\/\/www.gaveanews.com\/index.php\/2025\/04\/09\/a-declaracao-de-milton-neves-apos-o-empate-do-corinthians\/#breadcrumb","itemListElement":[{"@type":"ListItem","position":1,"name":"Home","item":"https:\/\/www.gaveanews.com\/"},{"@type":"ListItem","position":2,"name":"A declara\u00e7\u00e3o de Milton Neves ap\u00f3s o empate do Corinthians"}]},{"@type":"WebSite","@id":"https:\/\/www.gaveanews.com\/#website","url":"https:\/\/www.gaveanews.com\/","name":"G\u00e1vea News","description":"Veja todas as not\u00edcias sobre o Flamengo: Contrata\u00e7\u00f5es, categorias de base, resultados das partidas, tabela de classifica\u00e7\u00e3o, pr\u00f3ximos jogos!","potentialAction":[{"@type":"SearchAction","target":{"@type":"EntryPoint","urlTemplate":"https:\/\/www.gaveanews.com\/?s={search_term_string}"},"query-input":{"@type":"PropertyValueSpecification","valueRequired":true,"valueName":"search_term_string"}}],"inLanguage":"pt-BR"},{"@type":"Person","@id":"https:\/\/www.gaveanews.com\/#\/schema\/person\/3b19f7288b0ce20372991275e4f2e6c2","name":"Ana Teixeira","image":{"@type":"ImageObject","inLanguage":"pt-BR","@id":"https:\/\/www.gaveanews.com\/#\/schema\/person\/image\/","url":"https:\/\/secure.gravatar.com\/avatar\/0a73f5a5258f3fed37fc2fa641892f3f7a4748456d4d4792f9bc550e6c19e06c?s=96&d=mm&r=g","contentUrl":"https:\/\/secure.gravatar.com\/avatar\/0a73f5a5258f3fed37fc2fa641892f3f7a4748456d4d4792f9bc550e6c19e06c?s=96&d=mm&r=g","caption":"Ana Teixeira"}}]}},"_links":{"self":[{"href":"https:\/\/www.gaveanews.com\/index.php\/wp-json\/wp\/v2\/posts\/251068","targetHints":{"allow":["GET"]}}],"collection":[{"href":"https:\/\/www.gaveanews.com\/index.php\/wp-json\/wp\/v2\/posts"}],"about":[{"href":"https:\/\/www.gaveanews.com\/index.php\/wp-json\/wp\/v2\/types\/post"}],"author":[{"embeddable":true,"href":"https:\/\/www.gaveanews.com\/index.php\/wp-json\/wp\/v2\/users\/30"}],"replies":[{"embeddable":true,"href":"https:\/\/www.gaveanews.com\/index.php\/wp-json\/wp\/v2\/comments?post=251068"}],"version-history":[{"count":1,"href":"https:\/\/www.gaveanews.com\/index.php\/wp-json\/wp\/v2\/posts\/251068\/revisions"}],"predecessor-version":[{"id":251075,"href":"https:\/\/www.gaveanews.com\/index.php\/wp-json\/wp\/v2\/posts\/251068\/revisions\/251075"}],"wp:featuredmedia":[{"embeddable":true,"href":"https:\/\/www.gaveanews.com\/index.php\/wp-json\/wp\/v2\/media\/166659"}],"wp:attachment":[{"href":"https:\/\/www.gaveanews.com\/index.php\/wp-json\/wp\/v2\/media?parent=251068"}],"wp:term":[{"taxonomy":"category","embeddable":true,"href":"https:\/\/www.gaveanews.com\/index.php\/wp-json\/wp\/v2\/categories?post=251068"},{"taxonomy":"post_tag","embeddable":true,"href":"https:\/\/www.gaveanews.com\/index.php\/wp-json\/wp\/v2\/tags?post=251068"}],"curies":[{"name":"wp","href":"https:\/\/api.w.org\/{rel}","templated":true}]}}