{"id":251069,"date":"2025-04-09T15:35:00","date_gmt":"2025-04-09T18:35:00","guid":{"rendered":"https:\/\/www.gaveanews.com\/?p=251069"},"modified":"2025-04-09T14:17:24","modified_gmt":"2025-04-09T17:17:24","slug":"escandalo-na-cbf-ednaldo-rodrigues-toma-atitude-incomum","status":"publish","type":"post","link":"https:\/\/www.gaveanews.com\/index.php\/2025\/04\/09\/escandalo-na-cbf-ednaldo-rodrigues-toma-atitude-incomum\/","title":{"rendered":"Esc\u00e2ndalo na CBF! Ednaldo Rodrigues toma atitude incomum"},"content":{"rendered":"\n<p>A Confedera\u00e7\u00e3o Brasileira de Futebol (CBF) vive um momento delicado ap\u00f3s a revela\u00e7\u00e3o de um sistema de vigil\u00e2ncia interna instalado na sede da entidade. Segundo informa\u00e7\u00f5es reunidas em uma a\u00e7\u00e3o trabalhista e documentos obtidos ao longo de investiga\u00e7\u00f5es internas, o presidente Ednaldo Rodrigues \u00e9 acusado de monitorar funcion\u00e1rios por meio de c\u00e2meras e grampos de \u00e1udio escondidos.<\/p>\n\n\n\n<p>A den\u00fancia partiu da arquiteta Lu\u00edsa Xavier da Silveira Rosa, que assumiu a diretoria de patrim\u00f4nio da CBF em 2020. Conforme consta nos autos do processo, Rosa encontrou, em uma vistoria no sistema de seguran\u00e7a da sede da confedera\u00e7\u00e3o, uma c\u00e2mera com capta\u00e7\u00e3o de \u00e1udio camuflada sob um detector de fuma\u00e7a, localizada no restaurante da CBF, local de uso comum dos funcion\u00e1rios.<\/p>\n\n\n\n<p>Ela ainda apurou que os registros audiovisuais eram armazenados em uma sala cont\u00edgua ao gabinete de Rodrigues, com acesso exclusivo ao presidente. Segundo Rosa, uma conversa entre Ricardo Lima \u2014 cunhado de Ednaldo e presidente da Federa\u00e7\u00e3o Bahiana de Futebol \u2014 e um funcion\u00e1rio do setor de TI, refor\u00e7a a suspeita. Em tom informal, Lima autorizava a instala\u00e7\u00e3o de &#8220;c\u00e2meras escondidas no restaurante&#8221;, afirmando que o pedido deveria ser enviado ao setor de compras.<\/p>\n\n\n\n<h2 class=\"wp-block-heading\" id=\"h-ambiente-de-medo-e-silencio\">Ambiente de medo e sil\u00eancio<\/h2>\n\n\n\n<p>As revela\u00e7\u00f5es tiveram impacto imediato entre os cerca de quatrocentos funcion\u00e1rios da CBF. \u201cCuidado com o que voc\u00ea fala, tem grampo por toda a parte aqui\u201d, teria alertado um bilhete entregue a um novo contratado. A partir de ent\u00e3o, segundo relatos, muitos evitaram o uso do restaurante da entidade. Um dos funcion\u00e1rios afirmou, sob anonimato, que \u201cchamamos aquilo de Coreia do Norte\u201d, uma alus\u00e3o ao clima de vigil\u00e2ncia extrema e restri\u00e7\u00e3o \u00e0 liberdade de express\u00e3o dentro da institui\u00e7\u00e3o.<\/p>\n\n\n\n<p>Al\u00e9m da vigil\u00e2ncia, uma pesquisa interna realizada no fim de 2023 indicou que mais da metade dos colaboradores n\u00e3o considera o ambiente de trabalho seguro. Entre os motivos, destacam-se o medo de retalia\u00e7\u00e3o e a descren\u00e7a nos canais oficiais de den\u00fancia.<\/p>\n\n\n\n<h2 class=\"wp-block-heading\" id=\"h-acusacoes-de-assedio-e-retaliacoes\">Acusa\u00e7\u00f5es de ass\u00e9dio e retalia\u00e7\u00f5es<\/h2>\n\n\n\n<p>As tens\u00f5es aumentaram com as den\u00fancias de ass\u00e9dio moral e sexual. Rosa, que tamb\u00e9m supervisionava as obras de centros de treinamento financiadas com recursos da Fifa, revelou ter sofrido retalia\u00e7\u00f5es ap\u00f3s questionar contratos ligados \u00e0 Granja Comary. As decis\u00f5es passaram a ser centralizadas por Rodrigues e aliados, como Nazareth Filho, e pagamentos \u00e0s obras foram suspensos.<\/p>\n\n\n\n<p>A arquiteta ainda relatou ter sido alvo de elogios impr\u00f3prios e convites indesejados por parte de Rodrigo Paiva, ent\u00e3o diretor de comunica\u00e7\u00e3o da CBF, e de Nazareth Filho. Ambos foram citados nominalmente na a\u00e7\u00e3o judicial movida por Rosa, que resultou em uma condena\u00e7\u00e3o da CBF ao pagamento de R$ 60 mil por danos morais, embora a entidade esteja recorrendo.<\/p>\n\n\n\n<p>\u201cPercebi que a diretoria que me foi dada era apenas uma grande jogada de marketing\u201d, afirmou Rosa, por meio de sua advogada, Cyntia Sussekind Rocha. A demiss\u00e3o da arquiteta ocorreu em julho de 2023, semanas ap\u00f3s ela ter denunciado os abusos \u00e0 Comiss\u00e3o de \u00c9tica da pr\u00f3pria CBF. A justificativa oficial foi o suposto vazamento das den\u00fancias \u00e0 imprensa \u2014 acusa\u00e7\u00e3o que ela nega veementemente.<\/p>\n\n\n\n<h2 class=\"wp-block-heading\" id=\"h-reacoes-e-desdobramentos\">Rea\u00e7\u00f5es e desdobramentos<\/h2>\n\n\n\n<p>A resposta institucional veio por meio de a\u00e7\u00f5es judiciais. Ednaldo Rodrigues e Gamil F\u00f6ppel, diretor jur\u00eddico da CBF, moveram queixas-crime contra Rosa e sua advogada por difama\u00e7\u00e3o. Ambas foram absolvidas no primeiro caso, enquanto o segundo ainda tramita na Justi\u00e7a.<\/p>\n\n\n\n<p>Atualmente, as den\u00fancias e os processos judiciais lan\u00e7am luz sobre a crise de governan\u00e7a que a CBF enfrenta. Ali\u00e1s, o caso tamb\u00e9m reacende o debate sobre a transpar\u00eancia, seguran\u00e7a institucional e respeito aos direitos dos trabalhadores dentro da principal entidade do futebol brasileiro.<\/p>\n","protected":false},"excerpt":{"rendered":"<p>A Confedera\u00e7\u00e3o Brasileira de Futebol (CBF) vive um momento delicado ap\u00f3s a revela\u00e7\u00e3o de um sistema de vigil\u00e2ncia interna instalado na sede da entidade. Segundo informa\u00e7\u00f5es reunidas em uma a\u00e7\u00e3o trabalhista e documentos obtidos ao longo de investiga\u00e7\u00f5es internas, o presidente Ednaldo Rodrigues \u00e9 acusado de monitorar funcion\u00e1rios por meio de c\u00e2meras e grampos de [&hellip;]<\/p>\n","protected":false},"author":30,"featured_media":114931,"comment_status":"open","ping_status":"closed","sticky":false,"template":"","format":"standard","meta":{"footnotes":""},"categories":[478,47,477],"tags":[],"class_list":["post-251069","post","type-post","status-publish","format-standard","has-post-thumbnail","hentry","category-brasil","category-destaques","category-selecoes"],"yoast_head":"<!-- This site is optimized with the Yoast SEO Premium plugin v24.2 (Yoast SEO v26.9) - https:\/\/yoast.com\/product\/yoast-seo-premium-wordpress\/ -->\n<title>Esc\u00e2ndalo na CBF! Ednaldo Rodrigues toma atitude incomum<\/title>\n<meta name=\"robots\" content=\"index, follow, max-snippet:-1, max-image-preview:large, max-video-preview:-1\" \/>\n<link rel=\"canonical\" href=\"https:\/\/www.gaveanews.com\/index.php\/2025\/04\/09\/escandalo-na-cbf-ednaldo-rodrigues-toma-atitude-incomum\/\" \/>\n<meta property=\"og:locale\" content=\"pt_BR\" \/>\n<meta property=\"og:type\" content=\"article\" \/>\n<meta property=\"og:title\" content=\"Esc\u00e2ndalo na CBF! Ednaldo Rodrigues toma atitude incomum\" \/>\n<meta property=\"og:description\" content=\"A Confedera\u00e7\u00e3o Brasileira de Futebol (CBF) vive um momento delicado ap\u00f3s a revela\u00e7\u00e3o de um sistema de vigil\u00e2ncia interna instalado na sede da entidade. Segundo informa\u00e7\u00f5es reunidas em uma a\u00e7\u00e3o trabalhista e documentos obtidos ao longo de investiga\u00e7\u00f5es internas, o presidente Ednaldo Rodrigues \u00e9 acusado de monitorar funcion\u00e1rios por meio de c\u00e2meras e grampos de [&hellip;]\" \/>\n<meta property=\"og:url\" content=\"https:\/\/www.gaveanews.com\/index.php\/2025\/04\/09\/escandalo-na-cbf-ednaldo-rodrigues-toma-atitude-incomum\/\" \/>\n<meta property=\"og:site_name\" content=\"G\u00e1vea News\" \/>\n<meta property=\"article:publisher\" content=\"https:\/\/facebook.com\/gaveaNews\/\" \/>\n<meta property=\"article:published_time\" content=\"2025-04-09T18:35:00+00:00\" \/>\n<meta property=\"og:image\" content=\"https:\/\/www.gaveanews.com\/wp-content\/uploads\/1_ednaldo_rodrigues_cbf_selecao_brasileira__2_-23258960.webp\" \/>\n\t<meta property=\"og:image:width\" content=\"818\" \/>\n\t<meta property=\"og:image:height\" content=\"459\" \/>\n\t<meta property=\"og:image:type\" content=\"image\/jpeg\" \/>\n<meta name=\"author\" content=\"Ana Teixeira\" \/>\n<meta name=\"twitter:card\" content=\"summary_large_image\" \/>\n<meta name=\"twitter:label1\" content=\"Escrito por\" \/>\n\t<meta name=\"twitter:data1\" content=\"Ana Teixeira\" \/>\n\t<meta name=\"twitter:label2\" content=\"Est. tempo de leitura\" \/>\n\t<meta name=\"twitter:data2\" content=\"4 minutos\" \/>\n<script type=\"application\/ld+json\" class=\"yoast-schema-graph\">{\"@context\":\"https:\/\/schema.org\",\"@graph\":[{\"@type\":\"NewsArticle\",\"@id\":\"https:\/\/www.gaveanews.com\/index.php\/2025\/04\/09\/escandalo-na-cbf-ednaldo-rodrigues-toma-atitude-incomum\/#article\",\"isPartOf\":{\"@id\":\"https:\/\/www.gaveanews.com\/index.php\/2025\/04\/09\/escandalo-na-cbf-ednaldo-rodrigues-toma-atitude-incomum\/\"},\"author\":{\"name\":\"Ana Teixeira\",\"@id\":\"https:\/\/www.gaveanews.com\/#\/schema\/person\/3b19f7288b0ce20372991275e4f2e6c2\"},\"headline\":\"Esc\u00e2ndalo na CBF! Ednaldo Rodrigues toma atitude incomum\",\"datePublished\":\"2025-04-09T18:35:00+00:00\",\"mainEntityOfPage\":{\"@id\":\"https:\/\/www.gaveanews.com\/index.php\/2025\/04\/09\/escandalo-na-cbf-ednaldo-rodrigues-toma-atitude-incomum\/\"},\"wordCount\":659,\"commentCount\":0,\"image\":{\"@id\":\"https:\/\/www.gaveanews.com\/index.php\/2025\/04\/09\/escandalo-na-cbf-ednaldo-rodrigues-toma-atitude-incomum\/#primaryimage\"},\"thumbnailUrl\":\"https:\/\/www.gaveanews.com\/wp-content\/uploads\/1_ednaldo_rodrigues_cbf_selecao_brasileira__2_-23258960.webp\",\"articleSection\":[\"Brasil\",\"Destaques\",\"Sele\u00e7\u00f5es\"],\"inLanguage\":\"pt-BR\",\"potentialAction\":[{\"@type\":\"CommentAction\",\"name\":\"Comment\",\"target\":[\"https:\/\/www.gaveanews.com\/index.php\/2025\/04\/09\/escandalo-na-cbf-ednaldo-rodrigues-toma-atitude-incomum\/#respond\"]}],\"copyrightYear\":\"2025\",\"copyrightHolder\":{\"@id\":\"https:\/\/www.gaveanews.com\/#organization\"}},{\"@type\":\"WebPage\",\"@id\":\"https:\/\/www.gaveanews.com\/index.php\/2025\/04\/09\/escandalo-na-cbf-ednaldo-rodrigues-toma-atitude-incomum\/\",\"url\":\"https:\/\/www.gaveanews.com\/index.php\/2025\/04\/09\/escandalo-na-cbf-ednaldo-rodrigues-toma-atitude-incomum\/\",\"name\":\"Esc\u00e2ndalo na CBF! Ednaldo Rodrigues toma atitude incomum\",\"isPartOf\":{\"@id\":\"https:\/\/www.gaveanews.com\/#website\"},\"primaryImageOfPage\":{\"@id\":\"https:\/\/www.gaveanews.com\/index.php\/2025\/04\/09\/escandalo-na-cbf-ednaldo-rodrigues-toma-atitude-incomum\/#primaryimage\"},\"image\":{\"@id\":\"https:\/\/www.gaveanews.com\/index.php\/2025\/04\/09\/escandalo-na-cbf-ednaldo-rodrigues-toma-atitude-incomum\/#primaryimage\"},\"thumbnailUrl\":\"https:\/\/www.gaveanews.com\/wp-content\/uploads\/1_ednaldo_rodrigues_cbf_selecao_brasileira__2_-23258960.webp\",\"datePublished\":\"2025-04-09T18:35:00+00:00\",\"author\":{\"@id\":\"https:\/\/www.gaveanews.com\/#\/schema\/person\/3b19f7288b0ce20372991275e4f2e6c2\"},\"breadcrumb\":{\"@id\":\"https:\/\/www.gaveanews.com\/index.php\/2025\/04\/09\/escandalo-na-cbf-ednaldo-rodrigues-toma-atitude-incomum\/#breadcrumb\"},\"inLanguage\":\"pt-BR\",\"potentialAction\":[{\"@type\":\"ReadAction\",\"target\":[\"https:\/\/www.gaveanews.com\/index.php\/2025\/04\/09\/escandalo-na-cbf-ednaldo-rodrigues-toma-atitude-incomum\/\"]}]},{\"@type\":\"ImageObject\",\"inLanguage\":\"pt-BR\",\"@id\":\"https:\/\/www.gaveanews.com\/index.php\/2025\/04\/09\/escandalo-na-cbf-ednaldo-rodrigues-toma-atitude-incomum\/#primaryimage\",\"url\":\"https:\/\/www.gaveanews.com\/wp-content\/uploads\/1_ednaldo_rodrigues_cbf_selecao_brasileira__2_-23258960.webp\",\"contentUrl\":\"https:\/\/www.gaveanews.com\/wp-content\/uploads\/1_ednaldo_rodrigues_cbf_selecao_brasileira__2_-23258960.webp\",\"width\":818,\"height\":459,\"caption\":\"Ednaldo Rodrigues, presidente da CBF, em entrevista coletiva da sele\u00e7\u00e3o brasileira feminina (Foto: Thais Magalh\u00e3es\/CBF)\"},{\"@type\":\"BreadcrumbList\",\"@id\":\"https:\/\/www.gaveanews.com\/index.php\/2025\/04\/09\/escandalo-na-cbf-ednaldo-rodrigues-toma-atitude-incomum\/#breadcrumb\",\"itemListElement\":[{\"@type\":\"ListItem\",\"position\":1,\"name\":\"Home\",\"item\":\"https:\/\/www.gaveanews.com\/\"},{\"@type\":\"ListItem\",\"position\":2,\"name\":\"Esc\u00e2ndalo na CBF! Ednaldo Rodrigues toma atitude incomum\"}]},{\"@type\":\"WebSite\",\"@id\":\"https:\/\/www.gaveanews.com\/#website\",\"url\":\"https:\/\/www.gaveanews.com\/\",\"name\":\"G\u00e1vea News\",\"description\":\"Veja todas as not\u00edcias sobre o Flamengo: Contrata\u00e7\u00f5es, categorias de base, resultados das partidas, tabela de classifica\u00e7\u00e3o, pr\u00f3ximos jogos!\",\"potentialAction\":[{\"@type\":\"SearchAction\",\"target\":{\"@type\":\"EntryPoint\",\"urlTemplate\":\"https:\/\/www.gaveanews.com\/?s={search_term_string}\"},\"query-input\":{\"@type\":\"PropertyValueSpecification\",\"valueRequired\":true,\"valueName\":\"search_term_string\"}}],\"inLanguage\":\"pt-BR\"},{\"@type\":\"Person\",\"@id\":\"https:\/\/www.gaveanews.com\/#\/schema\/person\/3b19f7288b0ce20372991275e4f2e6c2\",\"name\":\"Ana Teixeira\",\"image\":{\"@type\":\"ImageObject\",\"inLanguage\":\"pt-BR\",\"@id\":\"https:\/\/www.gaveanews.com\/#\/schema\/person\/image\/\",\"url\":\"https:\/\/secure.gravatar.com\/avatar\/0a73f5a5258f3fed37fc2fa641892f3f7a4748456d4d4792f9bc550e6c19e06c?s=96&d=mm&r=g\",\"contentUrl\":\"https:\/\/secure.gravatar.com\/avatar\/0a73f5a5258f3fed37fc2fa641892f3f7a4748456d4d4792f9bc550e6c19e06c?s=96&d=mm&r=g\",\"caption\":\"Ana Teixeira\"}}]}<\/script>\n<!-- \/ Yoast SEO Premium plugin. -->","yoast_head_json":{"title":"Esc\u00e2ndalo na CBF! Ednaldo Rodrigues toma atitude incomum","robots":{"index":"index","follow":"follow","max-snippet":"max-snippet:-1","max-image-preview":"max-image-preview:large","max-video-preview":"max-video-preview:-1"},"canonical":"https:\/\/www.gaveanews.com\/index.php\/2025\/04\/09\/escandalo-na-cbf-ednaldo-rodrigues-toma-atitude-incomum\/","og_locale":"pt_BR","og_type":"article","og_title":"Esc\u00e2ndalo na CBF! Ednaldo Rodrigues toma atitude incomum","og_description":"A Confedera\u00e7\u00e3o Brasileira de Futebol (CBF) vive um momento delicado ap\u00f3s a revela\u00e7\u00e3o de um sistema de vigil\u00e2ncia interna instalado na sede da entidade. Segundo informa\u00e7\u00f5es reunidas em uma a\u00e7\u00e3o trabalhista e documentos obtidos ao longo de investiga\u00e7\u00f5es internas, o presidente Ednaldo Rodrigues \u00e9 acusado de monitorar funcion\u00e1rios por meio de c\u00e2meras e grampos de [&hellip;]","og_url":"https:\/\/www.gaveanews.com\/index.php\/2025\/04\/09\/escandalo-na-cbf-ednaldo-rodrigues-toma-atitude-incomum\/","og_site_name":"G\u00e1vea News","article_publisher":"https:\/\/facebook.com\/gaveaNews\/","article_published_time":"2025-04-09T18:35:00+00:00","og_image":[{"width":818,"height":459,"url":"https:\/\/www.gaveanews.com\/wp-content\/uploads\/1_ednaldo_rodrigues_cbf_selecao_brasileira__2_-23258960.webp","type":"image\/jpeg"}],"author":"Ana Teixeira","twitter_card":"summary_large_image","twitter_misc":{"Escrito por":"Ana Teixeira","Est. tempo de leitura":"4 minutos"},"schema":{"@context":"https:\/\/schema.org","@graph":[{"@type":"NewsArticle","@id":"https:\/\/www.gaveanews.com\/index.php\/2025\/04\/09\/escandalo-na-cbf-ednaldo-rodrigues-toma-atitude-incomum\/#article","isPartOf":{"@id":"https:\/\/www.gaveanews.com\/index.php\/2025\/04\/09\/escandalo-na-cbf-ednaldo-rodrigues-toma-atitude-incomum\/"},"author":{"name":"Ana Teixeira","@id":"https:\/\/www.gaveanews.com\/#\/schema\/person\/3b19f7288b0ce20372991275e4f2e6c2"},"headline":"Esc\u00e2ndalo na CBF! Ednaldo Rodrigues toma atitude incomum","datePublished":"2025-04-09T18:35:00+00:00","mainEntityOfPage":{"@id":"https:\/\/www.gaveanews.com\/index.php\/2025\/04\/09\/escandalo-na-cbf-ednaldo-rodrigues-toma-atitude-incomum\/"},"wordCount":659,"commentCount":0,"image":{"@id":"https:\/\/www.gaveanews.com\/index.php\/2025\/04\/09\/escandalo-na-cbf-ednaldo-rodrigues-toma-atitude-incomum\/#primaryimage"},"thumbnailUrl":"https:\/\/www.gaveanews.com\/wp-content\/uploads\/1_ednaldo_rodrigues_cbf_selecao_brasileira__2_-23258960.webp","articleSection":["Brasil","Destaques","Sele\u00e7\u00f5es"],"inLanguage":"pt-BR","potentialAction":[{"@type":"CommentAction","name":"Comment","target":["https:\/\/www.gaveanews.com\/index.php\/2025\/04\/09\/escandalo-na-cbf-ednaldo-rodrigues-toma-atitude-incomum\/#respond"]}],"copyrightYear":"2025","copyrightHolder":{"@id":"https:\/\/www.gaveanews.com\/#organization"}},{"@type":"WebPage","@id":"https:\/\/www.gaveanews.com\/index.php\/2025\/04\/09\/escandalo-na-cbf-ednaldo-rodrigues-toma-atitude-incomum\/","url":"https:\/\/www.gaveanews.com\/index.php\/2025\/04\/09\/escandalo-na-cbf-ednaldo-rodrigues-toma-atitude-incomum\/","name":"Esc\u00e2ndalo na CBF! Ednaldo Rodrigues toma atitude incomum","isPartOf":{"@id":"https:\/\/www.gaveanews.com\/#website"},"primaryImageOfPage":{"@id":"https:\/\/www.gaveanews.com\/index.php\/2025\/04\/09\/escandalo-na-cbf-ednaldo-rodrigues-toma-atitude-incomum\/#primaryimage"},"image":{"@id":"https:\/\/www.gaveanews.com\/index.php\/2025\/04\/09\/escandalo-na-cbf-ednaldo-rodrigues-toma-atitude-incomum\/#primaryimage"},"thumbnailUrl":"https:\/\/www.gaveanews.com\/wp-content\/uploads\/1_ednaldo_rodrigues_cbf_selecao_brasileira__2_-23258960.webp","datePublished":"2025-04-09T18:35:00+00:00","author":{"@id":"https:\/\/www.gaveanews.com\/#\/schema\/person\/3b19f7288b0ce20372991275e4f2e6c2"},"breadcrumb":{"@id":"https:\/\/www.gaveanews.com\/index.php\/2025\/04\/09\/escandalo-na-cbf-ednaldo-rodrigues-toma-atitude-incomum\/#breadcrumb"},"inLanguage":"pt-BR","potentialAction":[{"@type":"ReadAction","target":["https:\/\/www.gaveanews.com\/index.php\/2025\/04\/09\/escandalo-na-cbf-ednaldo-rodrigues-toma-atitude-incomum\/"]}]},{"@type":"ImageObject","inLanguage":"pt-BR","@id":"https:\/\/www.gaveanews.com\/index.php\/2025\/04\/09\/escandalo-na-cbf-ednaldo-rodrigues-toma-atitude-incomum\/#primaryimage","url":"https:\/\/www.gaveanews.com\/wp-content\/uploads\/1_ednaldo_rodrigues_cbf_selecao_brasileira__2_-23258960.webp","contentUrl":"https:\/\/www.gaveanews.com\/wp-content\/uploads\/1_ednaldo_rodrigues_cbf_selecao_brasileira__2_-23258960.webp","width":818,"height":459,"caption":"Ednaldo Rodrigues, presidente da CBF, em entrevista coletiva da sele\u00e7\u00e3o brasileira feminina (Foto: Thais Magalh\u00e3es\/CBF)"},{"@type":"BreadcrumbList","@id":"https:\/\/www.gaveanews.com\/index.php\/2025\/04\/09\/escandalo-na-cbf-ednaldo-rodrigues-toma-atitude-incomum\/#breadcrumb","itemListElement":[{"@type":"ListItem","position":1,"name":"Home","item":"https:\/\/www.gaveanews.com\/"},{"@type":"ListItem","position":2,"name":"Esc\u00e2ndalo na CBF! Ednaldo Rodrigues toma atitude incomum"}]},{"@type":"WebSite","@id":"https:\/\/www.gaveanews.com\/#website","url":"https:\/\/www.gaveanews.com\/","name":"G\u00e1vea News","description":"Veja todas as not\u00edcias sobre o Flamengo: Contrata\u00e7\u00f5es, categorias de base, resultados das partidas, tabela de classifica\u00e7\u00e3o, pr\u00f3ximos jogos!","potentialAction":[{"@type":"SearchAction","target":{"@type":"EntryPoint","urlTemplate":"https:\/\/www.gaveanews.com\/?s={search_term_string}"},"query-input":{"@type":"PropertyValueSpecification","valueRequired":true,"valueName":"search_term_string"}}],"inLanguage":"pt-BR"},{"@type":"Person","@id":"https:\/\/www.gaveanews.com\/#\/schema\/person\/3b19f7288b0ce20372991275e4f2e6c2","name":"Ana Teixeira","image":{"@type":"ImageObject","inLanguage":"pt-BR","@id":"https:\/\/www.gaveanews.com\/#\/schema\/person\/image\/","url":"https:\/\/secure.gravatar.com\/avatar\/0a73f5a5258f3fed37fc2fa641892f3f7a4748456d4d4792f9bc550e6c19e06c?s=96&d=mm&r=g","contentUrl":"https:\/\/secure.gravatar.com\/avatar\/0a73f5a5258f3fed37fc2fa641892f3f7a4748456d4d4792f9bc550e6c19e06c?s=96&d=mm&r=g","caption":"Ana Teixeira"}}]}},"_links":{"self":[{"href":"https:\/\/www.gaveanews.com\/index.php\/wp-json\/wp\/v2\/posts\/251069","targetHints":{"allow":["GET"]}}],"collection":[{"href":"https:\/\/www.gaveanews.com\/index.php\/wp-json\/wp\/v2\/posts"}],"about":[{"href":"https:\/\/www.gaveanews.com\/index.php\/wp-json\/wp\/v2\/types\/post"}],"author":[{"embeddable":true,"href":"https:\/\/www.gaveanews.com\/index.php\/wp-json\/wp\/v2\/users\/30"}],"replies":[{"embeddable":true,"href":"https:\/\/www.gaveanews.com\/index.php\/wp-json\/wp\/v2\/comments?post=251069"}],"version-history":[{"count":1,"href":"https:\/\/www.gaveanews.com\/index.php\/wp-json\/wp\/v2\/posts\/251069\/revisions"}],"predecessor-version":[{"id":251071,"href":"https:\/\/www.gaveanews.com\/index.php\/wp-json\/wp\/v2\/posts\/251069\/revisions\/251071"}],"wp:featuredmedia":[{"embeddable":true,"href":"https:\/\/www.gaveanews.com\/index.php\/wp-json\/wp\/v2\/media\/114931"}],"wp:attachment":[{"href":"https:\/\/www.gaveanews.com\/index.php\/wp-json\/wp\/v2\/media?parent=251069"}],"wp:term":[{"taxonomy":"category","embeddable":true,"href":"https:\/\/www.gaveanews.com\/index.php\/wp-json\/wp\/v2\/categories?post=251069"},{"taxonomy":"post_tag","embeddable":true,"href":"https:\/\/www.gaveanews.com\/index.php\/wp-json\/wp\/v2\/tags?post=251069"}],"curies":[{"name":"wp","href":"https:\/\/api.w.org\/{rel}","templated":true}]}}