{"id":251078,"date":"2025-04-09T15:55:00","date_gmt":"2025-04-09T18:55:00","guid":{"rendered":"https:\/\/www.gaveanews.com\/?p=251078"},"modified":"2025-04-09T14:55:31","modified_gmt":"2025-04-09T17:55:31","slug":"flamengo-coloca-mais-dois-jogadores-no-radar-veja-nomes","status":"publish","type":"post","link":"https:\/\/www.gaveanews.com\/index.php\/2025\/04\/09\/flamengo-coloca-mais-dois-jogadores-no-radar-veja-nomes\/","title":{"rendered":"Flamengo coloca mais dois jogadores no radar; veja nomes"},"content":{"rendered":"\n<p>O Flamengo j\u00e1 come\u00e7ou a tra\u00e7ar seus pr\u00f3ximos passos no mercado da bola. A diretoria, sob o comando de Jos\u00e9 Boto, vem monitorando nomes que possam fortalecer o elenco na janela de transfer\u00eancias do meio do ano. Entre os alvos analisados, dois jogadores ganharam destaque: o zagueiro Tuta, do Eintracht Frankfurt, e o meia argentino Facundo Buonanotte, atualmente no Leicester.<\/p>\n\n\n\n<p>A informa\u00e7\u00e3o foi divulgada pelo jornalista Bruno Castanha, que revelou o interesse do clube carioca em ambos os atletas. Segundo ele, o Flamengo busca, primordialmente, refor\u00e7ar setores que exigem maior profundidade, sobretudo devido a car\u00eancias pontuais e \u00e0 necessidade de se manter competitivo nas diversas frentes em disputa.<\/p>\n\n\n\n<h2 class=\"wp-block-heading\" id=\"h-tuta-opcao-para-o-sistema-defensivo\">Tuta: op\u00e7\u00e3o para o sistema defensivo<\/h2>\n\n\n\n<p>Revelado pelas categorias de base do S\u00e3o Paulo, Tuta tem contrato com o Frankfurt at\u00e9 junho de 2026. Avaliado em cerca de 15 milh\u00f5es de euros \u2014 valor equivalente a aproximadamente R$ 96 milh\u00f5es \u2014, o defensor surge como alternativa para um setor que carece de maior n\u00famero de op\u00e7\u00f5es experientes.<\/p>\n\n\n\n<p>Atualmente, o Rubro-Negro conta com Danilo, L\u00e9o Pereira e L\u00e9o Ortiz como nomes consolidados para a zaga. Contudo, Cleiton, Jo\u00e3o Victor e Iago ainda est\u00e3o em fase de desenvolvimento. Assim, a poss\u00edvel chegada de Tuta seria estrat\u00e9gica, pois garantiria mais estabilidade e rodagem ao setor defensivo.<\/p>\n\n\n\n<h2 class=\"wp-block-heading\" id=\"h-buonanotte-como-reposicao-para-arrascaeta\">Buonanotte como reposi\u00e7\u00e3o para Arrascaeta<\/h2>\n\n\n\n<p>No meio-campo, o nome que ganha for\u00e7a \u00e9 o de Facundo Buonanotte. O jogador de 20 anos est\u00e1 emprestado ao Leicester at\u00e9 o meio do ano, mas pertence ao Brighton, tamb\u00e9m da Inglaterra. Seu valor de mercado est\u00e1 estimado em 22 milh\u00f5es de euros, o que representa algo em torno de R$ 144 milh\u00f5es.<\/p>\n\n\n\n<p>A escolha por um atleta da posi\u00e7\u00e3o n\u00e3o \u00e9 aleat\u00f3ria. O clube busca, acima de tudo, um meia que possa dividir responsabilidades com Giorgian de Arrascaeta, que tem enfrentado recorrentes problemas f\u00edsicos. A ideia \u00e9 contar com um substituto de perfil semelhante ao do uruguaio, que permita ao camisa 10 descansar em determinadas partidas.<\/p>\n\n\n\n<h3 class=\"wp-block-heading\" id=\"h-retorno-de-andreas-pereira\">Retorno de Andreas Pereira<\/h3>\n\n\n\n<p>Em meio aos rumores, outro nome foi descartado pela diretoria: Andreas Pereira. O jogador, que j\u00e1 defendeu o clube anteriormente, n\u00e3o faz parte dos planos do Flamengo para a fun\u00e7\u00e3o desejada. Em entrevista ao canal &#8220;FlaZoeiro TV&#8221;, o diretor de futebol Jos\u00e9 Boto explicou os motivos:<\/p>\n\n\n\n<blockquote class=\"wp-block-quote is-layout-flow wp-block-quote-is-layout-flow\">\n<p>\u201cConsidero um grande jogador, mas n\u00e3o \u00e9 o meia que estamos procurando. Para esta posi\u00e7\u00e3o (meia), n\u00e3o ser\u00e1 ele com certeza. \u00c9 outro perfil, outro tipo de jogador. Algu\u00e9m mais parecido com o Arrascaeta, para que d\u00ea a ele o descanso que merece e n\u00e3o precise fazer todos os jogos. Nesta posi\u00e7\u00e3o n\u00f3s n\u00e3o temos substituto\u201d, afirmou Boto.<\/p>\n<\/blockquote>\n\n\n\n<p>A fala deixa claro o perfil buscado pela comiss\u00e3o t\u00e9cnica e diretoria: um jogador criativo, t\u00e9cnico e que possa atuar centralizado, com mobilidade e vis\u00e3o de jogo \u2014 caracter\u00edsticas que fazem de Arrascaeta pe\u00e7a-chave no esquema rubro-negro.<\/p>\n\n\n\n<h2 class=\"wp-block-heading\" id=\"h-avaliacao-do-mercado-segue-intensa\">Avalia\u00e7\u00e3o do mercado segue intensa<\/h2>\n\n\n\n<p>Embora as negocia\u00e7\u00f5es ainda estejam em est\u00e1gio preliminar, o interesse por Tuta e Buonanotte indica que o Flamengo pretende ser ativo no pr\u00f3ximo ciclo de transfer\u00eancias. A busca por equil\u00edbrio no elenco, ali\u00e1s, tem sido uma das prioridades da diretoria desde a chegada de Jos\u00e9 Boto.<\/p>\n\n\n\n<p>A expectativa \u00e9 que, caso haja evolu\u00e7\u00e3o nas tratativas, novos desdobramentos possam ocorrer nos pr\u00f3ximos meses. Enquanto isso, a torcida acompanha, com aten\u00e7\u00e3o, os movimentos do clube nos bastidores.<\/p>\n","protected":false},"excerpt":{"rendered":"<p>O Flamengo j\u00e1 come\u00e7ou a tra\u00e7ar seus pr\u00f3ximos passos no mercado da bola. A diretoria, sob o comando de Jos\u00e9 Boto, vem monitorando nomes que possam fortalecer o elenco na janela de transfer\u00eancias do meio do ano. Entre os alvos analisados, dois jogadores ganharam destaque: o zagueiro Tuta, do Eintracht Frankfurt, e o meia argentino [&hellip;]<\/p>\n","protected":false},"author":30,"featured_media":127354,"comment_status":"open","ping_status":"closed","sticky":false,"template":"","format":"standard","meta":{"footnotes":""},"categories":[1],"tags":[],"class_list":["post-251078","post","type-post","status-publish","format-standard","has-post-thumbnail","hentry","category-flamengo"],"yoast_head":"<!-- This site is optimized with the Yoast SEO Premium plugin v24.2 (Yoast SEO v26.9) - https:\/\/yoast.com\/product\/yoast-seo-premium-wordpress\/ -->\n<title>Flamengo coloca mais dois jogadores no radar; veja nomes<\/title>\n<meta name=\"robots\" content=\"index, follow, max-snippet:-1, max-image-preview:large, max-video-preview:-1\" \/>\n<link rel=\"canonical\" href=\"https:\/\/www.gaveanews.com\/index.php\/2025\/04\/09\/flamengo-coloca-mais-dois-jogadores-no-radar-veja-nomes\/\" \/>\n<meta property=\"og:locale\" content=\"pt_BR\" \/>\n<meta property=\"og:type\" content=\"article\" \/>\n<meta property=\"og:title\" content=\"Flamengo coloca mais dois jogadores no radar; veja nomes\" \/>\n<meta property=\"og:description\" content=\"O Flamengo j\u00e1 come\u00e7ou a tra\u00e7ar seus pr\u00f3ximos passos no mercado da bola. A diretoria, sob o comando de Jos\u00e9 Boto, vem monitorando nomes que possam fortalecer o elenco na janela de transfer\u00eancias do meio do ano. Entre os alvos analisados, dois jogadores ganharam destaque: o zagueiro Tuta, do Eintracht Frankfurt, e o meia argentino [&hellip;]\" \/>\n<meta property=\"og:url\" content=\"https:\/\/www.gaveanews.com\/index.php\/2025\/04\/09\/flamengo-coloca-mais-dois-jogadores-no-radar-veja-nomes\/\" \/>\n<meta property=\"og:site_name\" content=\"G\u00e1vea News\" \/>\n<meta property=\"article:publisher\" content=\"https:\/\/facebook.com\/gaveaNews\/\" \/>\n<meta property=\"article:published_time\" content=\"2025-04-09T18:55:00+00:00\" \/>\n<meta property=\"og:image\" content=\"https:\/\/www.gaveanews.com\/wp-content\/uploads\/camisa-flamengo.webp\" \/>\n\t<meta property=\"og:image:width\" content=\"483\" \/>\n\t<meta property=\"og:image:height\" content=\"322\" \/>\n\t<meta property=\"og:image:type\" content=\"image\/webp\" \/>\n<meta name=\"author\" content=\"Ana Teixeira\" \/>\n<meta name=\"twitter:card\" content=\"summary_large_image\" \/>\n<meta name=\"twitter:label1\" content=\"Escrito por\" \/>\n\t<meta name=\"twitter:data1\" content=\"Ana Teixeira\" \/>\n\t<meta name=\"twitter:label2\" content=\"Est. tempo de leitura\" \/>\n\t<meta name=\"twitter:data2\" content=\"3 minutos\" \/>\n<script type=\"application\/ld+json\" class=\"yoast-schema-graph\">{\"@context\":\"https:\/\/schema.org\",\"@graph\":[{\"@type\":\"NewsArticle\",\"@id\":\"https:\/\/www.gaveanews.com\/index.php\/2025\/04\/09\/flamengo-coloca-mais-dois-jogadores-no-radar-veja-nomes\/#article\",\"isPartOf\":{\"@id\":\"https:\/\/www.gaveanews.com\/index.php\/2025\/04\/09\/flamengo-coloca-mais-dois-jogadores-no-radar-veja-nomes\/\"},\"author\":{\"name\":\"Ana Teixeira\",\"@id\":\"https:\/\/www.gaveanews.com\/#\/schema\/person\/3b19f7288b0ce20372991275e4f2e6c2\"},\"headline\":\"Flamengo coloca mais dois jogadores no radar; veja nomes\",\"datePublished\":\"2025-04-09T18:55:00+00:00\",\"mainEntityOfPage\":{\"@id\":\"https:\/\/www.gaveanews.com\/index.php\/2025\/04\/09\/flamengo-coloca-mais-dois-jogadores-no-radar-veja-nomes\/\"},\"wordCount\":595,\"commentCount\":0,\"image\":{\"@id\":\"https:\/\/www.gaveanews.com\/index.php\/2025\/04\/09\/flamengo-coloca-mais-dois-jogadores-no-radar-veja-nomes\/#primaryimage\"},\"thumbnailUrl\":\"https:\/\/www.gaveanews.com\/wp-content\/uploads\/camisa-flamengo.webp\",\"articleSection\":[\"Flamengo\"],\"inLanguage\":\"pt-BR\",\"potentialAction\":[{\"@type\":\"CommentAction\",\"name\":\"Comment\",\"target\":[\"https:\/\/www.gaveanews.com\/index.php\/2025\/04\/09\/flamengo-coloca-mais-dois-jogadores-no-radar-veja-nomes\/#respond\"]}],\"copyrightYear\":\"2025\",\"copyrightHolder\":{\"@id\":\"https:\/\/www.gaveanews.com\/#organization\"}},{\"@type\":\"WebPage\",\"@id\":\"https:\/\/www.gaveanews.com\/index.php\/2025\/04\/09\/flamengo-coloca-mais-dois-jogadores-no-radar-veja-nomes\/\",\"url\":\"https:\/\/www.gaveanews.com\/index.php\/2025\/04\/09\/flamengo-coloca-mais-dois-jogadores-no-radar-veja-nomes\/\",\"name\":\"Flamengo coloca mais dois jogadores no radar; veja nomes\",\"isPartOf\":{\"@id\":\"https:\/\/www.gaveanews.com\/#website\"},\"primaryImageOfPage\":{\"@id\":\"https:\/\/www.gaveanews.com\/index.php\/2025\/04\/09\/flamengo-coloca-mais-dois-jogadores-no-radar-veja-nomes\/#primaryimage\"},\"image\":{\"@id\":\"https:\/\/www.gaveanews.com\/index.php\/2025\/04\/09\/flamengo-coloca-mais-dois-jogadores-no-radar-veja-nomes\/#primaryimage\"},\"thumbnailUrl\":\"https:\/\/www.gaveanews.com\/wp-content\/uploads\/camisa-flamengo.webp\",\"datePublished\":\"2025-04-09T18:55:00+00:00\",\"author\":{\"@id\":\"https:\/\/www.gaveanews.com\/#\/schema\/person\/3b19f7288b0ce20372991275e4f2e6c2\"},\"breadcrumb\":{\"@id\":\"https:\/\/www.gaveanews.com\/index.php\/2025\/04\/09\/flamengo-coloca-mais-dois-jogadores-no-radar-veja-nomes\/#breadcrumb\"},\"inLanguage\":\"pt-BR\",\"potentialAction\":[{\"@type\":\"ReadAction\",\"target\":[\"https:\/\/www.gaveanews.com\/index.php\/2025\/04\/09\/flamengo-coloca-mais-dois-jogadores-no-radar-veja-nomes\/\"]}]},{\"@type\":\"ImageObject\",\"inLanguage\":\"pt-BR\",\"@id\":\"https:\/\/www.gaveanews.com\/index.php\/2025\/04\/09\/flamengo-coloca-mais-dois-jogadores-no-radar-veja-nomes\/#primaryimage\",\"url\":\"https:\/\/www.gaveanews.com\/wp-content\/uploads\/camisa-flamengo.webp\",\"contentUrl\":\"https:\/\/www.gaveanews.com\/wp-content\/uploads\/camisa-flamengo.webp\",\"width\":483,\"height\":322,\"caption\":\"Escudo do Flamengo (Foto: Reprodu\u00e7\u00e3o)\"},{\"@type\":\"BreadcrumbList\",\"@id\":\"https:\/\/www.gaveanews.com\/index.php\/2025\/04\/09\/flamengo-coloca-mais-dois-jogadores-no-radar-veja-nomes\/#breadcrumb\",\"itemListElement\":[{\"@type\":\"ListItem\",\"position\":1,\"name\":\"Home\",\"item\":\"https:\/\/www.gaveanews.com\/\"},{\"@type\":\"ListItem\",\"position\":2,\"name\":\"Flamengo coloca mais dois jogadores no radar; veja nomes\"}]},{\"@type\":\"WebSite\",\"@id\":\"https:\/\/www.gaveanews.com\/#website\",\"url\":\"https:\/\/www.gaveanews.com\/\",\"name\":\"G\u00e1vea News\",\"description\":\"Veja todas as not\u00edcias sobre o Flamengo: Contrata\u00e7\u00f5es, categorias de base, resultados das partidas, tabela de classifica\u00e7\u00e3o, pr\u00f3ximos jogos!\",\"potentialAction\":[{\"@type\":\"SearchAction\",\"target\":{\"@type\":\"EntryPoint\",\"urlTemplate\":\"https:\/\/www.gaveanews.com\/?s={search_term_string}\"},\"query-input\":{\"@type\":\"PropertyValueSpecification\",\"valueRequired\":true,\"valueName\":\"search_term_string\"}}],\"inLanguage\":\"pt-BR\"},{\"@type\":\"Person\",\"@id\":\"https:\/\/www.gaveanews.com\/#\/schema\/person\/3b19f7288b0ce20372991275e4f2e6c2\",\"name\":\"Ana Teixeira\",\"image\":{\"@type\":\"ImageObject\",\"inLanguage\":\"pt-BR\",\"@id\":\"https:\/\/www.gaveanews.com\/#\/schema\/person\/image\/\",\"url\":\"https:\/\/secure.gravatar.com\/avatar\/0a73f5a5258f3fed37fc2fa641892f3f7a4748456d4d4792f9bc550e6c19e06c?s=96&d=mm&r=g\",\"contentUrl\":\"https:\/\/secure.gravatar.com\/avatar\/0a73f5a5258f3fed37fc2fa641892f3f7a4748456d4d4792f9bc550e6c19e06c?s=96&d=mm&r=g\",\"caption\":\"Ana Teixeira\"}}]}<\/script>\n<!-- \/ Yoast SEO Premium plugin. -->","yoast_head_json":{"title":"Flamengo coloca mais dois jogadores no radar; veja nomes","robots":{"index":"index","follow":"follow","max-snippet":"max-snippet:-1","max-image-preview":"max-image-preview:large","max-video-preview":"max-video-preview:-1"},"canonical":"https:\/\/www.gaveanews.com\/index.php\/2025\/04\/09\/flamengo-coloca-mais-dois-jogadores-no-radar-veja-nomes\/","og_locale":"pt_BR","og_type":"article","og_title":"Flamengo coloca mais dois jogadores no radar; veja nomes","og_description":"O Flamengo j\u00e1 come\u00e7ou a tra\u00e7ar seus pr\u00f3ximos passos no mercado da bola. A diretoria, sob o comando de Jos\u00e9 Boto, vem monitorando nomes que possam fortalecer o elenco na janela de transfer\u00eancias do meio do ano. Entre os alvos analisados, dois jogadores ganharam destaque: o zagueiro Tuta, do Eintracht Frankfurt, e o meia argentino [&hellip;]","og_url":"https:\/\/www.gaveanews.com\/index.php\/2025\/04\/09\/flamengo-coloca-mais-dois-jogadores-no-radar-veja-nomes\/","og_site_name":"G\u00e1vea News","article_publisher":"https:\/\/facebook.com\/gaveaNews\/","article_published_time":"2025-04-09T18:55:00+00:00","og_image":[{"width":483,"height":322,"url":"https:\/\/www.gaveanews.com\/wp-content\/uploads\/camisa-flamengo.webp","type":"image\/webp"}],"author":"Ana Teixeira","twitter_card":"summary_large_image","twitter_misc":{"Escrito por":"Ana Teixeira","Est. tempo de leitura":"3 minutos"},"schema":{"@context":"https:\/\/schema.org","@graph":[{"@type":"NewsArticle","@id":"https:\/\/www.gaveanews.com\/index.php\/2025\/04\/09\/flamengo-coloca-mais-dois-jogadores-no-radar-veja-nomes\/#article","isPartOf":{"@id":"https:\/\/www.gaveanews.com\/index.php\/2025\/04\/09\/flamengo-coloca-mais-dois-jogadores-no-radar-veja-nomes\/"},"author":{"name":"Ana Teixeira","@id":"https:\/\/www.gaveanews.com\/#\/schema\/person\/3b19f7288b0ce20372991275e4f2e6c2"},"headline":"Flamengo coloca mais dois jogadores no radar; veja nomes","datePublished":"2025-04-09T18:55:00+00:00","mainEntityOfPage":{"@id":"https:\/\/www.gaveanews.com\/index.php\/2025\/04\/09\/flamengo-coloca-mais-dois-jogadores-no-radar-veja-nomes\/"},"wordCount":595,"commentCount":0,"image":{"@id":"https:\/\/www.gaveanews.com\/index.php\/2025\/04\/09\/flamengo-coloca-mais-dois-jogadores-no-radar-veja-nomes\/#primaryimage"},"thumbnailUrl":"https:\/\/www.gaveanews.com\/wp-content\/uploads\/camisa-flamengo.webp","articleSection":["Flamengo"],"inLanguage":"pt-BR","potentialAction":[{"@type":"CommentAction","name":"Comment","target":["https:\/\/www.gaveanews.com\/index.php\/2025\/04\/09\/flamengo-coloca-mais-dois-jogadores-no-radar-veja-nomes\/#respond"]}],"copyrightYear":"2025","copyrightHolder":{"@id":"https:\/\/www.gaveanews.com\/#organization"}},{"@type":"WebPage","@id":"https:\/\/www.gaveanews.com\/index.php\/2025\/04\/09\/flamengo-coloca-mais-dois-jogadores-no-radar-veja-nomes\/","url":"https:\/\/www.gaveanews.com\/index.php\/2025\/04\/09\/flamengo-coloca-mais-dois-jogadores-no-radar-veja-nomes\/","name":"Flamengo coloca mais dois jogadores no radar; veja nomes","isPartOf":{"@id":"https:\/\/www.gaveanews.com\/#website"},"primaryImageOfPage":{"@id":"https:\/\/www.gaveanews.com\/index.php\/2025\/04\/09\/flamengo-coloca-mais-dois-jogadores-no-radar-veja-nomes\/#primaryimage"},"image":{"@id":"https:\/\/www.gaveanews.com\/index.php\/2025\/04\/09\/flamengo-coloca-mais-dois-jogadores-no-radar-veja-nomes\/#primaryimage"},"thumbnailUrl":"https:\/\/www.gaveanews.com\/wp-content\/uploads\/camisa-flamengo.webp","datePublished":"2025-04-09T18:55:00+00:00","author":{"@id":"https:\/\/www.gaveanews.com\/#\/schema\/person\/3b19f7288b0ce20372991275e4f2e6c2"},"breadcrumb":{"@id":"https:\/\/www.gaveanews.com\/index.php\/2025\/04\/09\/flamengo-coloca-mais-dois-jogadores-no-radar-veja-nomes\/#breadcrumb"},"inLanguage":"pt-BR","potentialAction":[{"@type":"ReadAction","target":["https:\/\/www.gaveanews.com\/index.php\/2025\/04\/09\/flamengo-coloca-mais-dois-jogadores-no-radar-veja-nomes\/"]}]},{"@type":"ImageObject","inLanguage":"pt-BR","@id":"https:\/\/www.gaveanews.com\/index.php\/2025\/04\/09\/flamengo-coloca-mais-dois-jogadores-no-radar-veja-nomes\/#primaryimage","url":"https:\/\/www.gaveanews.com\/wp-content\/uploads\/camisa-flamengo.webp","contentUrl":"https:\/\/www.gaveanews.com\/wp-content\/uploads\/camisa-flamengo.webp","width":483,"height":322,"caption":"Escudo do Flamengo (Foto: Reprodu\u00e7\u00e3o)"},{"@type":"BreadcrumbList","@id":"https:\/\/www.gaveanews.com\/index.php\/2025\/04\/09\/flamengo-coloca-mais-dois-jogadores-no-radar-veja-nomes\/#breadcrumb","itemListElement":[{"@type":"ListItem","position":1,"name":"Home","item":"https:\/\/www.gaveanews.com\/"},{"@type":"ListItem","position":2,"name":"Flamengo coloca mais dois jogadores no radar; veja nomes"}]},{"@type":"WebSite","@id":"https:\/\/www.gaveanews.com\/#website","url":"https:\/\/www.gaveanews.com\/","name":"G\u00e1vea News","description":"Veja todas as not\u00edcias sobre o Flamengo: Contrata\u00e7\u00f5es, categorias de base, resultados das partidas, tabela de classifica\u00e7\u00e3o, pr\u00f3ximos jogos!","potentialAction":[{"@type":"SearchAction","target":{"@type":"EntryPoint","urlTemplate":"https:\/\/www.gaveanews.com\/?s={search_term_string}"},"query-input":{"@type":"PropertyValueSpecification","valueRequired":true,"valueName":"search_term_string"}}],"inLanguage":"pt-BR"},{"@type":"Person","@id":"https:\/\/www.gaveanews.com\/#\/schema\/person\/3b19f7288b0ce20372991275e4f2e6c2","name":"Ana Teixeira","image":{"@type":"ImageObject","inLanguage":"pt-BR","@id":"https:\/\/www.gaveanews.com\/#\/schema\/person\/image\/","url":"https:\/\/secure.gravatar.com\/avatar\/0a73f5a5258f3fed37fc2fa641892f3f7a4748456d4d4792f9bc550e6c19e06c?s=96&d=mm&r=g","contentUrl":"https:\/\/secure.gravatar.com\/avatar\/0a73f5a5258f3fed37fc2fa641892f3f7a4748456d4d4792f9bc550e6c19e06c?s=96&d=mm&r=g","caption":"Ana Teixeira"}}]}},"_links":{"self":[{"href":"https:\/\/www.gaveanews.com\/index.php\/wp-json\/wp\/v2\/posts\/251078","targetHints":{"allow":["GET"]}}],"collection":[{"href":"https:\/\/www.gaveanews.com\/index.php\/wp-json\/wp\/v2\/posts"}],"about":[{"href":"https:\/\/www.gaveanews.com\/index.php\/wp-json\/wp\/v2\/types\/post"}],"author":[{"embeddable":true,"href":"https:\/\/www.gaveanews.com\/index.php\/wp-json\/wp\/v2\/users\/30"}],"replies":[{"embeddable":true,"href":"https:\/\/www.gaveanews.com\/index.php\/wp-json\/wp\/v2\/comments?post=251078"}],"version-history":[{"count":1,"href":"https:\/\/www.gaveanews.com\/index.php\/wp-json\/wp\/v2\/posts\/251078\/revisions"}],"predecessor-version":[{"id":251106,"href":"https:\/\/www.gaveanews.com\/index.php\/wp-json\/wp\/v2\/posts\/251078\/revisions\/251106"}],"wp:featuredmedia":[{"embeddable":true,"href":"https:\/\/www.gaveanews.com\/index.php\/wp-json\/wp\/v2\/media\/127354"}],"wp:attachment":[{"href":"https:\/\/www.gaveanews.com\/index.php\/wp-json\/wp\/v2\/media?parent=251078"}],"wp:term":[{"taxonomy":"category","embeddable":true,"href":"https:\/\/www.gaveanews.com\/index.php\/wp-json\/wp\/v2\/categories?post=251078"},{"taxonomy":"post_tag","embeddable":true,"href":"https:\/\/www.gaveanews.com\/index.php\/wp-json\/wp\/v2\/tags?post=251078"}],"curies":[{"name":"wp","href":"https:\/\/api.w.org\/{rel}","templated":true}]}}