{"id":251080,"date":"2025-04-09T16:05:00","date_gmt":"2025-04-09T19:05:00","guid":{"rendered":"https:\/\/www.gaveanews.com\/?p=251080"},"modified":"2025-04-09T14:35:43","modified_gmt":"2025-04-09T17:35:43","slug":"alem-de-pedro-caixinha-mais-um-nome-pode-deixar-o-santos","status":"publish","type":"post","link":"https:\/\/www.gaveanews.com\/index.php\/2025\/04\/09\/alem-de-pedro-caixinha-mais-um-nome-pode-deixar-o-santos\/","title":{"rendered":"Al\u00e9m de Pedro Caixinha, mais um nome pode deixar o Santos"},"content":{"rendered":"\n<p>O Santos vive um momento delicado neste in\u00edcio de Campeonato Brasileiro e ainda busca sua primeira vit\u00f3ria na competi\u00e7\u00e3o. Em dois jogos, o Peixe soma apenas um empate (contra o Bahia) e uma derrota (para o Vasco). Dessa maneira, o t\u00e9cnico Pedro Caixinha est\u00e1 sob forte press\u00e3o e pode ser demitido caso a equipe n\u00e3o ven\u00e7a o Fluminense no pr\u00f3ximo fim de semana.<\/p>\n\n\n\n<p>Al\u00e9m disso, a diretoria est\u00e1 atenta \u00e0 situa\u00e7\u00e3o do elenco e pode ter mais uma baixa em breve. Isso porque o atacante Guilherme, que caiu de rendimento ap\u00f3s um bom Campeonato Paulista, tem sido alvo de duras cr\u00edticas da torcida e pode deixar o clube na pr\u00f3xima janela de transfer\u00eancias.<\/p>\n\n\n\n<h2 class=\"wp-block-heading\" id=\"h-neymar-perto-do-retorno-e-com-prestigio-no-clube\">Neymar perto do retorno e com prest\u00edgio no clube<\/h2>\n\n\n\n<figure class=\"wp-block-image size-full\"><img loading=\"lazy\" decoding=\"async\" width=\"517\" height=\"689\" src=\"http:\/\/www.gaveanews.com\/wp-content\/uploads\/Neymar-pelo-Santos.webp\" alt=\"\" class=\"wp-image-221596\"\/><figcaption class=\"wp-element-caption\">Neymar pelo Santos (Foto: GuilhermeKastner \/ Santos FC)<\/figcaption><\/figure>\n\n\n\n<p>Se por um lado a fase do time n\u00e3o \u00e9 boa, por outro, o Santos pode ter um refor\u00e7o de peso para o confronto contra o Fluminense. Neymar, que estava afastado por les\u00e3o h\u00e1 mais de um m\u00eas, voltou a treinar com bola e ser\u00e1 reavaliado nos pr\u00f3ximos dias. Sendo assim, h\u00e1 uma expectativa de que o camisa 10 volte a ser relacionado.<\/p>\n\n\n\n<p>Vale destacar que, mesmo sendo alvo de cr\u00edticas na imprensa por seu comportamento fora de campo, Neymar segue prestigiado no clube. A diretoria santista mant\u00e9m uma \u00f3tima rela\u00e7\u00e3o com o jogador e n\u00e3o v\u00ea motivos para qualquer puni\u00e7\u00e3o ou restri\u00e7\u00e3o. Por isso, sua presen\u00e7a pode ser um diferencial para a equipe neste momento conturbado.<\/p>\n\n\n\n<h2 class=\"wp-block-heading\" id=\"h-guilherme-perde-espaco-e-pode-sair-em-breve\">Guilherme perde espa\u00e7o e pode sair em breve<\/h2>\n\n\n\n<figure class=\"wp-block-image size-large\"><img loading=\"lazy\" decoding=\"async\" width=\"819\" height=\"1024\" src=\"http:\/\/www.gaveanews.com\/wp-content\/uploads\/Guilherme-com-a-camisa-do-Santos-819x1024.webp\" alt=\"\" class=\"wp-image-153905\" srcset=\"https:\/\/www.gaveanews.com\/wp-content\/uploads\/Guilherme-com-a-camisa-do-Santos-819x1024.webp 819w, https:\/\/www.gaveanews.com\/wp-content\/uploads\/Guilherme-com-a-camisa-do-Santos-240x300.webp 240w, https:\/\/www.gaveanews.com\/wp-content\/uploads\/Guilherme-com-a-camisa-do-Santos-768x960.webp 768w, https:\/\/www.gaveanews.com\/wp-content\/uploads\/Guilherme-com-a-camisa-do-Santos-1229x1536.webp 1229w, https:\/\/www.gaveanews.com\/wp-content\/uploads\/Guilherme-com-a-camisa-do-Santos-336x420.webp 336w, https:\/\/www.gaveanews.com\/wp-content\/uploads\/Guilherme-com-a-camisa-do-Santos-672x840.webp 672w, https:\/\/www.gaveanews.com\/wp-content\/uploads\/Guilherme-com-a-camisa-do-Santos-640x800.webp 640w, https:\/\/www.gaveanews.com\/wp-content\/uploads\/Guilherme-com-a-camisa-do-Santos-681x851.webp 681w, https:\/\/www.gaveanews.com\/wp-content\/uploads\/Guilherme-com-a-camisa-do-Santos-100x125.webp 100w, https:\/\/www.gaveanews.com\/wp-content\/uploads\/Guilherme-com-a-camisa-do-Santos.webp 1280w\" sizes=\"auto, (max-width: 819px) 100vw, 819px\" \/><figcaption class=\"wp-element-caption\">Guilherme Augusto Vieira com a camisa do Santos (Foto: Reprodu\u00e7\u00e3o\/Santos)<\/figcaption><\/figure>\n\n\n\n<p>Enquanto Neymar retorna com moral, Guilherme vive situa\u00e7\u00e3o oposta. O atacante, que teve um \u00f3timo desempenho no estadual, caiu de rendimento e tem sido bastante cobrado pela torcida. Isso porque muitos acreditam que Soteldo deveria assumir sua vaga no time titular.<\/p>\n\n\n\n<p>Cabe ressaltar que Guilherme n\u00e3o tem gostado das cr\u00edticas e entende que algumas s\u00e3o exageradas.&nbsp;<\/p>\n\n\n\n<p>Al\u00e9m disso, o jogador vem recebendo sondagens desde o in\u00edcio do ano e pode avaliar uma transfer\u00eancia na pr\u00f3xima janela. Com isso, o Santos pode ter mudan\u00e7as importantes no elenco nas pr\u00f3ximas semanas.<\/p>\n","protected":false},"excerpt":{"rendered":"<p>O Santos vive um momento delicado neste in\u00edcio de Campeonato Brasileiro e ainda busca sua primeira vit\u00f3ria na competi\u00e7\u00e3o. Em dois jogos, o Peixe soma apenas um empate (contra o Bahia) e uma derrota (para o Vasco). Dessa maneira, o t\u00e9cnico Pedro Caixinha est\u00e1 sob forte press\u00e3o e pode ser demitido caso a equipe n\u00e3o [&hellip;]<\/p>\n","protected":false},"author":25,"featured_media":227144,"comment_status":"open","ping_status":"closed","sticky":false,"template":"","format":"standard","meta":{"footnotes":""},"categories":[139],"tags":[],"class_list":["post-251080","post","type-post","status-publish","format-standard","has-post-thumbnail","hentry","category-santos"],"yoast_head":"<!-- This site is optimized with the Yoast SEO Premium plugin v24.2 (Yoast SEO v26.9) - https:\/\/yoast.com\/product\/yoast-seo-premium-wordpress\/ -->\n<title>Al\u00e9m de Pedro Caixinha, mais um nome pode deixar o Santos<\/title>\n<meta name=\"robots\" content=\"index, follow, max-snippet:-1, max-image-preview:large, max-video-preview:-1\" \/>\n<link rel=\"canonical\" href=\"https:\/\/www.gaveanews.com\/index.php\/2025\/04\/09\/alem-de-pedro-caixinha-mais-um-nome-pode-deixar-o-santos\/\" \/>\n<meta property=\"og:locale\" content=\"pt_BR\" \/>\n<meta property=\"og:type\" content=\"article\" \/>\n<meta property=\"og:title\" content=\"Al\u00e9m de Pedro Caixinha, mais um nome pode deixar o Santos\" \/>\n<meta property=\"og:description\" content=\"O Santos vive um momento delicado neste in\u00edcio de Campeonato Brasileiro e ainda busca sua primeira vit\u00f3ria na competi\u00e7\u00e3o. Em dois jogos, o Peixe soma apenas um empate (contra o Bahia) e uma derrota (para o Vasco). Dessa maneira, o t\u00e9cnico Pedro Caixinha est\u00e1 sob forte press\u00e3o e pode ser demitido caso a equipe n\u00e3o [&hellip;]\" \/>\n<meta property=\"og:url\" content=\"https:\/\/www.gaveanews.com\/index.php\/2025\/04\/09\/alem-de-pedro-caixinha-mais-um-nome-pode-deixar-o-santos\/\" \/>\n<meta property=\"og:site_name\" content=\"G\u00e1vea News\" \/>\n<meta property=\"article:publisher\" content=\"https:\/\/facebook.com\/gaveaNews\/\" \/>\n<meta property=\"article:published_time\" content=\"2025-04-09T19:05:00+00:00\" \/>\n<meta property=\"og:image\" content=\"https:\/\/www.gaveanews.com\/wp-content\/uploads\/Pedro-Caixinha-tecnico-do-Santos.webp\" \/>\n\t<meta property=\"og:image:width\" content=\"725\" \/>\n\t<meta property=\"og:image:height\" content=\"526\" \/>\n\t<meta property=\"og:image:type\" content=\"image\/jpeg\" \/>\n<meta name=\"author\" content=\"Rafaela Ladeira\" \/>\n<meta name=\"twitter:card\" content=\"summary_large_image\" \/>\n<meta name=\"twitter:label1\" content=\"Escrito por\" \/>\n\t<meta name=\"twitter:data1\" content=\"Rafaela Ladeira\" \/>\n\t<meta name=\"twitter:label2\" content=\"Est. tempo de leitura\" \/>\n\t<meta name=\"twitter:data2\" content=\"3 minutos\" \/>\n<script type=\"application\/ld+json\" class=\"yoast-schema-graph\">{\"@context\":\"https:\/\/schema.org\",\"@graph\":[{\"@type\":\"NewsArticle\",\"@id\":\"https:\/\/www.gaveanews.com\/index.php\/2025\/04\/09\/alem-de-pedro-caixinha-mais-um-nome-pode-deixar-o-santos\/#article\",\"isPartOf\":{\"@id\":\"https:\/\/www.gaveanews.com\/index.php\/2025\/04\/09\/alem-de-pedro-caixinha-mais-um-nome-pode-deixar-o-santos\/\"},\"author\":{\"name\":\"Rafaela Ladeira\",\"@id\":\"https:\/\/www.gaveanews.com\/#\/schema\/person\/0eb3e3fe1754f0205218538adbe8f5ed\"},\"headline\":\"Al\u00e9m de Pedro Caixinha, mais um nome pode deixar o Santos\",\"datePublished\":\"2025-04-09T19:05:00+00:00\",\"mainEntityOfPage\":{\"@id\":\"https:\/\/www.gaveanews.com\/index.php\/2025\/04\/09\/alem-de-pedro-caixinha-mais-um-nome-pode-deixar-o-santos\/\"},\"wordCount\":403,\"commentCount\":0,\"image\":{\"@id\":\"https:\/\/www.gaveanews.com\/index.php\/2025\/04\/09\/alem-de-pedro-caixinha-mais-um-nome-pode-deixar-o-santos\/#primaryimage\"},\"thumbnailUrl\":\"https:\/\/www.gaveanews.com\/wp-content\/uploads\/Pedro-Caixinha-tecnico-do-Santos.webp\",\"articleSection\":[\"Santos\"],\"inLanguage\":\"pt-BR\",\"potentialAction\":[{\"@type\":\"CommentAction\",\"name\":\"Comment\",\"target\":[\"https:\/\/www.gaveanews.com\/index.php\/2025\/04\/09\/alem-de-pedro-caixinha-mais-um-nome-pode-deixar-o-santos\/#respond\"]}],\"copyrightYear\":\"2025\",\"copyrightHolder\":{\"@id\":\"https:\/\/www.gaveanews.com\/#organization\"}},{\"@type\":\"WebPage\",\"@id\":\"https:\/\/www.gaveanews.com\/index.php\/2025\/04\/09\/alem-de-pedro-caixinha-mais-um-nome-pode-deixar-o-santos\/\",\"url\":\"https:\/\/www.gaveanews.com\/index.php\/2025\/04\/09\/alem-de-pedro-caixinha-mais-um-nome-pode-deixar-o-santos\/\",\"name\":\"Al\u00e9m de Pedro Caixinha, mais um nome pode deixar o Santos\",\"isPartOf\":{\"@id\":\"https:\/\/www.gaveanews.com\/#website\"},\"primaryImageOfPage\":{\"@id\":\"https:\/\/www.gaveanews.com\/index.php\/2025\/04\/09\/alem-de-pedro-caixinha-mais-um-nome-pode-deixar-o-santos\/#primaryimage\"},\"image\":{\"@id\":\"https:\/\/www.gaveanews.com\/index.php\/2025\/04\/09\/alem-de-pedro-caixinha-mais-um-nome-pode-deixar-o-santos\/#primaryimage\"},\"thumbnailUrl\":\"https:\/\/www.gaveanews.com\/wp-content\/uploads\/Pedro-Caixinha-tecnico-do-Santos.webp\",\"datePublished\":\"2025-04-09T19:05:00+00:00\",\"author\":{\"@id\":\"https:\/\/www.gaveanews.com\/#\/schema\/person\/0eb3e3fe1754f0205218538adbe8f5ed\"},\"breadcrumb\":{\"@id\":\"https:\/\/www.gaveanews.com\/index.php\/2025\/04\/09\/alem-de-pedro-caixinha-mais-um-nome-pode-deixar-o-santos\/#breadcrumb\"},\"inLanguage\":\"pt-BR\",\"potentialAction\":[{\"@type\":\"ReadAction\",\"target\":[\"https:\/\/www.gaveanews.com\/index.php\/2025\/04\/09\/alem-de-pedro-caixinha-mais-um-nome-pode-deixar-o-santos\/\"]}]},{\"@type\":\"ImageObject\",\"inLanguage\":\"pt-BR\",\"@id\":\"https:\/\/www.gaveanews.com\/index.php\/2025\/04\/09\/alem-de-pedro-caixinha-mais-um-nome-pode-deixar-o-santos\/#primaryimage\",\"url\":\"https:\/\/www.gaveanews.com\/wp-content\/uploads\/Pedro-Caixinha-tecnico-do-Santos.webp\",\"contentUrl\":\"https:\/\/www.gaveanews.com\/wp-content\/uploads\/Pedro-Caixinha-tecnico-do-Santos.webp\",\"width\":725,\"height\":526,\"caption\":\"Pedro Caixinha, t\u00e9cnico do Santos (Foto: Divulga\u00e7\u00e3o\/Santos)\"},{\"@type\":\"BreadcrumbList\",\"@id\":\"https:\/\/www.gaveanews.com\/index.php\/2025\/04\/09\/alem-de-pedro-caixinha-mais-um-nome-pode-deixar-o-santos\/#breadcrumb\",\"itemListElement\":[{\"@type\":\"ListItem\",\"position\":1,\"name\":\"Home\",\"item\":\"https:\/\/www.gaveanews.com\/\"},{\"@type\":\"ListItem\",\"position\":2,\"name\":\"Al\u00e9m de Pedro Caixinha, mais um nome pode deixar o Santos\"}]},{\"@type\":\"WebSite\",\"@id\":\"https:\/\/www.gaveanews.com\/#website\",\"url\":\"https:\/\/www.gaveanews.com\/\",\"name\":\"G\u00e1vea News\",\"description\":\"Veja todas as not\u00edcias sobre o Flamengo: Contrata\u00e7\u00f5es, categorias de base, resultados das partidas, tabela de classifica\u00e7\u00e3o, pr\u00f3ximos jogos!\",\"potentialAction\":[{\"@type\":\"SearchAction\",\"target\":{\"@type\":\"EntryPoint\",\"urlTemplate\":\"https:\/\/www.gaveanews.com\/?s={search_term_string}\"},\"query-input\":{\"@type\":\"PropertyValueSpecification\",\"valueRequired\":true,\"valueName\":\"search_term_string\"}}],\"inLanguage\":\"pt-BR\"},{\"@type\":\"Person\",\"@id\":\"https:\/\/www.gaveanews.com\/#\/schema\/person\/0eb3e3fe1754f0205218538adbe8f5ed\",\"name\":\"Rafaela Ladeira\",\"image\":{\"@type\":\"ImageObject\",\"inLanguage\":\"pt-BR\",\"@id\":\"https:\/\/www.gaveanews.com\/#\/schema\/person\/image\/\",\"url\":\"https:\/\/secure.gravatar.com\/avatar\/c31f513acffd85eacab5730cbdfdbbf59f21ba5aeada8cd890acea879fbb2455?s=96&d=mm&r=g\",\"contentUrl\":\"https:\/\/secure.gravatar.com\/avatar\/c31f513acffd85eacab5730cbdfdbbf59f21ba5aeada8cd890acea879fbb2455?s=96&d=mm&r=g\",\"caption\":\"Rafaela Ladeira\"}}]}<\/script>\n<!-- \/ Yoast SEO Premium plugin. -->","yoast_head_json":{"title":"Al\u00e9m de Pedro Caixinha, mais um nome pode deixar o Santos","robots":{"index":"index","follow":"follow","max-snippet":"max-snippet:-1","max-image-preview":"max-image-preview:large","max-video-preview":"max-video-preview:-1"},"canonical":"https:\/\/www.gaveanews.com\/index.php\/2025\/04\/09\/alem-de-pedro-caixinha-mais-um-nome-pode-deixar-o-santos\/","og_locale":"pt_BR","og_type":"article","og_title":"Al\u00e9m de Pedro Caixinha, mais um nome pode deixar o Santos","og_description":"O Santos vive um momento delicado neste in\u00edcio de Campeonato Brasileiro e ainda busca sua primeira vit\u00f3ria na competi\u00e7\u00e3o. Em dois jogos, o Peixe soma apenas um empate (contra o Bahia) e uma derrota (para o Vasco). Dessa maneira, o t\u00e9cnico Pedro Caixinha est\u00e1 sob forte press\u00e3o e pode ser demitido caso a equipe n\u00e3o [&hellip;]","og_url":"https:\/\/www.gaveanews.com\/index.php\/2025\/04\/09\/alem-de-pedro-caixinha-mais-um-nome-pode-deixar-o-santos\/","og_site_name":"G\u00e1vea News","article_publisher":"https:\/\/facebook.com\/gaveaNews\/","article_published_time":"2025-04-09T19:05:00+00:00","og_image":[{"width":725,"height":526,"url":"https:\/\/www.gaveanews.com\/wp-content\/uploads\/Pedro-Caixinha-tecnico-do-Santos.webp","type":"image\/jpeg"}],"author":"Rafaela Ladeira","twitter_card":"summary_large_image","twitter_misc":{"Escrito por":"Rafaela Ladeira","Est. tempo de leitura":"3 minutos"},"schema":{"@context":"https:\/\/schema.org","@graph":[{"@type":"NewsArticle","@id":"https:\/\/www.gaveanews.com\/index.php\/2025\/04\/09\/alem-de-pedro-caixinha-mais-um-nome-pode-deixar-o-santos\/#article","isPartOf":{"@id":"https:\/\/www.gaveanews.com\/index.php\/2025\/04\/09\/alem-de-pedro-caixinha-mais-um-nome-pode-deixar-o-santos\/"},"author":{"name":"Rafaela Ladeira","@id":"https:\/\/www.gaveanews.com\/#\/schema\/person\/0eb3e3fe1754f0205218538adbe8f5ed"},"headline":"Al\u00e9m de Pedro Caixinha, mais um nome pode deixar o Santos","datePublished":"2025-04-09T19:05:00+00:00","mainEntityOfPage":{"@id":"https:\/\/www.gaveanews.com\/index.php\/2025\/04\/09\/alem-de-pedro-caixinha-mais-um-nome-pode-deixar-o-santos\/"},"wordCount":403,"commentCount":0,"image":{"@id":"https:\/\/www.gaveanews.com\/index.php\/2025\/04\/09\/alem-de-pedro-caixinha-mais-um-nome-pode-deixar-o-santos\/#primaryimage"},"thumbnailUrl":"https:\/\/www.gaveanews.com\/wp-content\/uploads\/Pedro-Caixinha-tecnico-do-Santos.webp","articleSection":["Santos"],"inLanguage":"pt-BR","potentialAction":[{"@type":"CommentAction","name":"Comment","target":["https:\/\/www.gaveanews.com\/index.php\/2025\/04\/09\/alem-de-pedro-caixinha-mais-um-nome-pode-deixar-o-santos\/#respond"]}],"copyrightYear":"2025","copyrightHolder":{"@id":"https:\/\/www.gaveanews.com\/#organization"}},{"@type":"WebPage","@id":"https:\/\/www.gaveanews.com\/index.php\/2025\/04\/09\/alem-de-pedro-caixinha-mais-um-nome-pode-deixar-o-santos\/","url":"https:\/\/www.gaveanews.com\/index.php\/2025\/04\/09\/alem-de-pedro-caixinha-mais-um-nome-pode-deixar-o-santos\/","name":"Al\u00e9m de Pedro Caixinha, mais um nome pode deixar o Santos","isPartOf":{"@id":"https:\/\/www.gaveanews.com\/#website"},"primaryImageOfPage":{"@id":"https:\/\/www.gaveanews.com\/index.php\/2025\/04\/09\/alem-de-pedro-caixinha-mais-um-nome-pode-deixar-o-santos\/#primaryimage"},"image":{"@id":"https:\/\/www.gaveanews.com\/index.php\/2025\/04\/09\/alem-de-pedro-caixinha-mais-um-nome-pode-deixar-o-santos\/#primaryimage"},"thumbnailUrl":"https:\/\/www.gaveanews.com\/wp-content\/uploads\/Pedro-Caixinha-tecnico-do-Santos.webp","datePublished":"2025-04-09T19:05:00+00:00","author":{"@id":"https:\/\/www.gaveanews.com\/#\/schema\/person\/0eb3e3fe1754f0205218538adbe8f5ed"},"breadcrumb":{"@id":"https:\/\/www.gaveanews.com\/index.php\/2025\/04\/09\/alem-de-pedro-caixinha-mais-um-nome-pode-deixar-o-santos\/#breadcrumb"},"inLanguage":"pt-BR","potentialAction":[{"@type":"ReadAction","target":["https:\/\/www.gaveanews.com\/index.php\/2025\/04\/09\/alem-de-pedro-caixinha-mais-um-nome-pode-deixar-o-santos\/"]}]},{"@type":"ImageObject","inLanguage":"pt-BR","@id":"https:\/\/www.gaveanews.com\/index.php\/2025\/04\/09\/alem-de-pedro-caixinha-mais-um-nome-pode-deixar-o-santos\/#primaryimage","url":"https:\/\/www.gaveanews.com\/wp-content\/uploads\/Pedro-Caixinha-tecnico-do-Santos.webp","contentUrl":"https:\/\/www.gaveanews.com\/wp-content\/uploads\/Pedro-Caixinha-tecnico-do-Santos.webp","width":725,"height":526,"caption":"Pedro Caixinha, t\u00e9cnico do Santos (Foto: Divulga\u00e7\u00e3o\/Santos)"},{"@type":"BreadcrumbList","@id":"https:\/\/www.gaveanews.com\/index.php\/2025\/04\/09\/alem-de-pedro-caixinha-mais-um-nome-pode-deixar-o-santos\/#breadcrumb","itemListElement":[{"@type":"ListItem","position":1,"name":"Home","item":"https:\/\/www.gaveanews.com\/"},{"@type":"ListItem","position":2,"name":"Al\u00e9m de Pedro Caixinha, mais um nome pode deixar o Santos"}]},{"@type":"WebSite","@id":"https:\/\/www.gaveanews.com\/#website","url":"https:\/\/www.gaveanews.com\/","name":"G\u00e1vea News","description":"Veja todas as not\u00edcias sobre o Flamengo: Contrata\u00e7\u00f5es, categorias de base, resultados das partidas, tabela de classifica\u00e7\u00e3o, pr\u00f3ximos jogos!","potentialAction":[{"@type":"SearchAction","target":{"@type":"EntryPoint","urlTemplate":"https:\/\/www.gaveanews.com\/?s={search_term_string}"},"query-input":{"@type":"PropertyValueSpecification","valueRequired":true,"valueName":"search_term_string"}}],"inLanguage":"pt-BR"},{"@type":"Person","@id":"https:\/\/www.gaveanews.com\/#\/schema\/person\/0eb3e3fe1754f0205218538adbe8f5ed","name":"Rafaela Ladeira","image":{"@type":"ImageObject","inLanguage":"pt-BR","@id":"https:\/\/www.gaveanews.com\/#\/schema\/person\/image\/","url":"https:\/\/secure.gravatar.com\/avatar\/c31f513acffd85eacab5730cbdfdbbf59f21ba5aeada8cd890acea879fbb2455?s=96&d=mm&r=g","contentUrl":"https:\/\/secure.gravatar.com\/avatar\/c31f513acffd85eacab5730cbdfdbbf59f21ba5aeada8cd890acea879fbb2455?s=96&d=mm&r=g","caption":"Rafaela Ladeira"}}]}},"_links":{"self":[{"href":"https:\/\/www.gaveanews.com\/index.php\/wp-json\/wp\/v2\/posts\/251080","targetHints":{"allow":["GET"]}}],"collection":[{"href":"https:\/\/www.gaveanews.com\/index.php\/wp-json\/wp\/v2\/posts"}],"about":[{"href":"https:\/\/www.gaveanews.com\/index.php\/wp-json\/wp\/v2\/types\/post"}],"author":[{"embeddable":true,"href":"https:\/\/www.gaveanews.com\/index.php\/wp-json\/wp\/v2\/users\/25"}],"replies":[{"embeddable":true,"href":"https:\/\/www.gaveanews.com\/index.php\/wp-json\/wp\/v2\/comments?post=251080"}],"version-history":[{"count":1,"href":"https:\/\/www.gaveanews.com\/index.php\/wp-json\/wp\/v2\/posts\/251080\/revisions"}],"predecessor-version":[{"id":251081,"href":"https:\/\/www.gaveanews.com\/index.php\/wp-json\/wp\/v2\/posts\/251080\/revisions\/251081"}],"wp:featuredmedia":[{"embeddable":true,"href":"https:\/\/www.gaveanews.com\/index.php\/wp-json\/wp\/v2\/media\/227144"}],"wp:attachment":[{"href":"https:\/\/www.gaveanews.com\/index.php\/wp-json\/wp\/v2\/media?parent=251080"}],"wp:term":[{"taxonomy":"category","embeddable":true,"href":"https:\/\/www.gaveanews.com\/index.php\/wp-json\/wp\/v2\/categories?post=251080"},{"taxonomy":"post_tag","embeddable":true,"href":"https:\/\/www.gaveanews.com\/index.php\/wp-json\/wp\/v2\/tags?post=251080"}],"curies":[{"name":"wp","href":"https:\/\/api.w.org\/{rel}","templated":true}]}}