{"id":251083,"date":"2025-04-09T16:10:00","date_gmt":"2025-04-09T19:10:00","guid":{"rendered":"https:\/\/www.gaveanews.com\/?p=251083"},"modified":"2025-04-09T14:42:25","modified_gmt":"2025-04-09T17:42:25","slug":"arsenal-quer-contratar-atacante-do-vasco","status":"publish","type":"post","link":"https:\/\/www.gaveanews.com\/index.php\/2025\/04\/09\/arsenal-quer-contratar-atacante-do-vasco\/","title":{"rendered":"Arsenal quer contratar atacante do Vasco"},"content":{"rendered":"\n<p>O Vasco da Gama pode estar prestes a concretizar uma de suas maiores vendas dos \u00faltimos anos. O jovem atacante Rayan despertou o interesse do futebol europeu, e o Arsenal, um dos clubes mais tradicionais da Premier League, estuda fazer uma proposta para contar com o jogador.&nbsp;<\/p>\n\n\n\n<p>Sendo assim, o Gigante da Colina j\u00e1 se prepara para negociar a joia, que tem sido monitorada de perto por diversas equipes do Velho Continente.<\/p>\n\n\n\n<p>Al\u00e9m disso, o staff do atleta tem interesse em lev\u00e1-lo para a Europa o quanto antes, pois entende que a experi\u00eancia internacional pode ser fundamental para o desenvolvimento de sua carreira.&nbsp;<\/p>\n\n\n\n<p>Isso porque Rayan j\u00e1 demonstrou enorme potencial, sendo visto como uma das grandes promessas do futebol brasileiro. Seu desempenho recente chamou a aten\u00e7\u00e3o de olheiros internacionais, aumentando ainda mais a expectativa sobre seu futuro.<\/p>\n\n\n\n<h2 class=\"wp-block-heading\" id=\"h-vasco-quer-faturar-alto-com-a-transferencia\">Vasco quer faturar alto com a transfer\u00eancia<\/h2>\n\n\n\n<figure class=\"wp-block-image size-large\"><img loading=\"lazy\" decoding=\"async\" width=\"1024\" height=\"576\" src=\"http:\/\/www.gaveanews.com\/wp-content\/uploads\/Rayan-em-treino-do-Vasco-1024x576.webp\" alt=\"\" class=\"wp-image-169867\" srcset=\"https:\/\/www.gaveanews.com\/wp-content\/uploads\/Rayan-em-treino-do-Vasco-1024x576.webp 1024w, https:\/\/www.gaveanews.com\/wp-content\/uploads\/Rayan-em-treino-do-Vasco-300x169.webp 300w, https:\/\/www.gaveanews.com\/wp-content\/uploads\/Rayan-em-treino-do-Vasco-768x432.webp 768w, https:\/\/www.gaveanews.com\/wp-content\/uploads\/Rayan-em-treino-do-Vasco-747x420.webp 747w, https:\/\/www.gaveanews.com\/wp-content\/uploads\/Rayan-em-treino-do-Vasco-640x360.webp 640w, https:\/\/www.gaveanews.com\/wp-content\/uploads\/Rayan-em-treino-do-Vasco-681x383.webp 681w, https:\/\/www.gaveanews.com\/wp-content\/uploads\/Rayan-em-treino-do-Vasco-100x56.webp 100w, https:\/\/www.gaveanews.com\/wp-content\/uploads\/Rayan-em-treino-do-Vasco.webp 1140w\" sizes=\"auto, (max-width: 1024px) 100vw, 1024px\" \/><figcaption class=\"wp-element-caption\">Rayan em treino do Vasco (Foto: Daniel Ramalho\/CRVG)<\/figcaption><\/figure>\n\n\n\n<p>O presidente do Vasco, Pedrinho, n\u00e3o pretende liberar Rayan por qualquer valor. O clube v\u00ea no atacante uma oportunidade de arrecadar uma quantia significativa e, por isso, estipulou um valor na casa dos R$ 90 milh\u00f5es para negociar seus direitos econ\u00f4micos. Caso essa venda seja concretizada, pode representar um refor\u00e7o consider\u00e1vel para os cofres do clube, possibilitando novos investimentos no elenco.<\/p>\n\n\n\n<p>Vale destacar que a diretoria vasca\u00edna est\u00e1 ciente da valoriza\u00e7\u00e3o do jogador no mercado internacional. Dessa maneira, o clube carioca espera receber propostas vantajosas nos pr\u00f3ximos meses.&nbsp;<\/p>\n\n\n\n<p>Por isso, qualquer negocia\u00e7\u00e3o ser\u00e1 conduzida com cautela para garantir o melhor retorno financeiro poss\u00edvel. Al\u00e9m disso, h\u00e1 a possibilidade de incluir cl\u00e1usulas que garantam ganhos futuros ao Vasco em uma poss\u00edvel revenda do atleta.<\/p>\n\n\n\n<h2 class=\"wp-block-heading\" id=\"h-arsenal-pode-ter-concorrencia-na-disputa\">Arsenal pode ter concorr\u00eancia na disputa<\/h2>\n\n\n\n<p>Embora o Arsenal esteja na frente na corrida pela contrata\u00e7\u00e3o, cabe ressaltar que outros clubes europeus tamb\u00e9m sondaram a situa\u00e7\u00e3o de Rayan. Com isso, uma disputa pelo jovem pode se intensificar nos bastidores, o que beneficiaria o Vasco financeiramente.<\/p>\n\n\n\n<p>Por enquanto, as conversas ainda est\u00e3o em est\u00e1gio inicial, mas o interesse dos Gunners refor\u00e7a a proje\u00e7\u00e3o internacional do atacante. Sendo assim, resta aguardar os pr\u00f3ximos passos do clube ingl\u00eas e se o Vasco concretizar\u00e1 essa importante venda.&nbsp;<\/p>\n\n\n\n<p>O desfecho da negocia\u00e7\u00e3o pode ser crucial para o planejamento financeiro e esportivo do clube para os pr\u00f3ximos anos.<\/p>\n","protected":false},"excerpt":{"rendered":"<p>O Vasco da Gama pode estar prestes a concretizar uma de suas maiores vendas dos \u00faltimos anos. O jovem atacante Rayan despertou o interesse do futebol europeu, e o Arsenal, um dos clubes mais tradicionais da Premier League, estuda fazer uma proposta para contar com o jogador.&nbsp; Sendo assim, o Gigante da Colina j\u00e1 se [&hellip;]<\/p>\n","protected":false},"author":25,"featured_media":147443,"comment_status":"open","ping_status":"closed","sticky":false,"template":"","format":"standard","meta":{"footnotes":""},"categories":[152],"tags":[],"class_list":["post-251083","post","type-post","status-publish","format-standard","has-post-thumbnail","hentry","category-vasco"],"yoast_head":"<!-- This site is optimized with the Yoast SEO Premium plugin v24.2 (Yoast SEO v26.9) - https:\/\/yoast.com\/product\/yoast-seo-premium-wordpress\/ -->\n<title>Arsenal quer contratar atacante do Vasco<\/title>\n<meta name=\"robots\" content=\"index, follow, max-snippet:-1, max-image-preview:large, max-video-preview:-1\" \/>\n<link rel=\"canonical\" href=\"https:\/\/www.gaveanews.com\/index.php\/2025\/04\/09\/arsenal-quer-contratar-atacante-do-vasco\/\" \/>\n<meta property=\"og:locale\" content=\"pt_BR\" \/>\n<meta property=\"og:type\" content=\"article\" \/>\n<meta property=\"og:title\" content=\"Arsenal quer contratar atacante do Vasco\" \/>\n<meta property=\"og:description\" content=\"O Vasco da Gama pode estar prestes a concretizar uma de suas maiores vendas dos \u00faltimos anos. O jovem atacante Rayan despertou o interesse do futebol europeu, e o Arsenal, um dos clubes mais tradicionais da Premier League, estuda fazer uma proposta para contar com o jogador.&nbsp; Sendo assim, o Gigante da Colina j\u00e1 se [&hellip;]\" \/>\n<meta property=\"og:url\" content=\"https:\/\/www.gaveanews.com\/index.php\/2025\/04\/09\/arsenal-quer-contratar-atacante-do-vasco\/\" \/>\n<meta property=\"og:site_name\" content=\"G\u00e1vea News\" \/>\n<meta property=\"article:publisher\" content=\"https:\/\/facebook.com\/gaveaNews\/\" \/>\n<meta property=\"article:published_time\" content=\"2025-04-09T19:10:00+00:00\" \/>\n<meta property=\"og:image\" content=\"https:\/\/www.gaveanews.com\/wp-content\/uploads\/Camisa-do-Vasco-da-Gama.webp\" \/>\n\t<meta property=\"og:image:width\" content=\"1440\" \/>\n\t<meta property=\"og:image:height\" content=\"960\" \/>\n\t<meta property=\"og:image:type\" content=\"image\/jpeg\" \/>\n<meta name=\"author\" content=\"Rafaela Ladeira\" \/>\n<meta name=\"twitter:card\" content=\"summary_large_image\" \/>\n<meta name=\"twitter:label1\" content=\"Escrito por\" \/>\n\t<meta name=\"twitter:data1\" content=\"Rafaela Ladeira\" \/>\n\t<meta name=\"twitter:label2\" content=\"Est. tempo de leitura\" \/>\n\t<meta name=\"twitter:data2\" content=\"3 minutos\" \/>\n<script type=\"application\/ld+json\" class=\"yoast-schema-graph\">{\"@context\":\"https:\/\/schema.org\",\"@graph\":[{\"@type\":\"NewsArticle\",\"@id\":\"https:\/\/www.gaveanews.com\/index.php\/2025\/04\/09\/arsenal-quer-contratar-atacante-do-vasco\/#article\",\"isPartOf\":{\"@id\":\"https:\/\/www.gaveanews.com\/index.php\/2025\/04\/09\/arsenal-quer-contratar-atacante-do-vasco\/\"},\"author\":{\"name\":\"Rafaela Ladeira\",\"@id\":\"https:\/\/www.gaveanews.com\/#\/schema\/person\/0eb3e3fe1754f0205218538adbe8f5ed\"},\"headline\":\"Arsenal quer contratar atacante do Vasco\",\"datePublished\":\"2025-04-09T19:10:00+00:00\",\"mainEntityOfPage\":{\"@id\":\"https:\/\/www.gaveanews.com\/index.php\/2025\/04\/09\/arsenal-quer-contratar-atacante-do-vasco\/\"},\"wordCount\":417,\"commentCount\":0,\"image\":{\"@id\":\"https:\/\/www.gaveanews.com\/index.php\/2025\/04\/09\/arsenal-quer-contratar-atacante-do-vasco\/#primaryimage\"},\"thumbnailUrl\":\"https:\/\/www.gaveanews.com\/wp-content\/uploads\/Camisa-do-Vasco-da-Gama.webp\",\"articleSection\":[\"Vasco\"],\"inLanguage\":\"pt-BR\",\"potentialAction\":[{\"@type\":\"CommentAction\",\"name\":\"Comment\",\"target\":[\"https:\/\/www.gaveanews.com\/index.php\/2025\/04\/09\/arsenal-quer-contratar-atacante-do-vasco\/#respond\"]}],\"copyrightYear\":\"2025\",\"copyrightHolder\":{\"@id\":\"https:\/\/www.gaveanews.com\/#organization\"}},{\"@type\":\"WebPage\",\"@id\":\"https:\/\/www.gaveanews.com\/index.php\/2025\/04\/09\/arsenal-quer-contratar-atacante-do-vasco\/\",\"url\":\"https:\/\/www.gaveanews.com\/index.php\/2025\/04\/09\/arsenal-quer-contratar-atacante-do-vasco\/\",\"name\":\"Arsenal quer contratar atacante do Vasco\",\"isPartOf\":{\"@id\":\"https:\/\/www.gaveanews.com\/#website\"},\"primaryImageOfPage\":{\"@id\":\"https:\/\/www.gaveanews.com\/index.php\/2025\/04\/09\/arsenal-quer-contratar-atacante-do-vasco\/#primaryimage\"},\"image\":{\"@id\":\"https:\/\/www.gaveanews.com\/index.php\/2025\/04\/09\/arsenal-quer-contratar-atacante-do-vasco\/#primaryimage\"},\"thumbnailUrl\":\"https:\/\/www.gaveanews.com\/wp-content\/uploads\/Camisa-do-Vasco-da-Gama.webp\",\"datePublished\":\"2025-04-09T19:10:00+00:00\",\"author\":{\"@id\":\"https:\/\/www.gaveanews.com\/#\/schema\/person\/0eb3e3fe1754f0205218538adbe8f5ed\"},\"breadcrumb\":{\"@id\":\"https:\/\/www.gaveanews.com\/index.php\/2025\/04\/09\/arsenal-quer-contratar-atacante-do-vasco\/#breadcrumb\"},\"inLanguage\":\"pt-BR\",\"potentialAction\":[{\"@type\":\"ReadAction\",\"target\":[\"https:\/\/www.gaveanews.com\/index.php\/2025\/04\/09\/arsenal-quer-contratar-atacante-do-vasco\/\"]}]},{\"@type\":\"ImageObject\",\"inLanguage\":\"pt-BR\",\"@id\":\"https:\/\/www.gaveanews.com\/index.php\/2025\/04\/09\/arsenal-quer-contratar-atacante-do-vasco\/#primaryimage\",\"url\":\"https:\/\/www.gaveanews.com\/wp-content\/uploads\/Camisa-do-Vasco-da-Gama.webp\",\"contentUrl\":\"https:\/\/www.gaveanews.com\/wp-content\/uploads\/Camisa-do-Vasco-da-Gama.webp\",\"width\":1440,\"height\":960,\"caption\":\"Camisa do Vasco da Gama (Foto: Reprodu\u00e7\u00e3o\/Instagram)\"},{\"@type\":\"BreadcrumbList\",\"@id\":\"https:\/\/www.gaveanews.com\/index.php\/2025\/04\/09\/arsenal-quer-contratar-atacante-do-vasco\/#breadcrumb\",\"itemListElement\":[{\"@type\":\"ListItem\",\"position\":1,\"name\":\"Home\",\"item\":\"https:\/\/www.gaveanews.com\/\"},{\"@type\":\"ListItem\",\"position\":2,\"name\":\"Arsenal quer contratar atacante do Vasco\"}]},{\"@type\":\"WebSite\",\"@id\":\"https:\/\/www.gaveanews.com\/#website\",\"url\":\"https:\/\/www.gaveanews.com\/\",\"name\":\"G\u00e1vea News\",\"description\":\"Veja todas as not\u00edcias sobre o Flamengo: Contrata\u00e7\u00f5es, categorias de base, resultados das partidas, tabela de classifica\u00e7\u00e3o, pr\u00f3ximos jogos!\",\"potentialAction\":[{\"@type\":\"SearchAction\",\"target\":{\"@type\":\"EntryPoint\",\"urlTemplate\":\"https:\/\/www.gaveanews.com\/?s={search_term_string}\"},\"query-input\":{\"@type\":\"PropertyValueSpecification\",\"valueRequired\":true,\"valueName\":\"search_term_string\"}}],\"inLanguage\":\"pt-BR\"},{\"@type\":\"Person\",\"@id\":\"https:\/\/www.gaveanews.com\/#\/schema\/person\/0eb3e3fe1754f0205218538adbe8f5ed\",\"name\":\"Rafaela Ladeira\",\"image\":{\"@type\":\"ImageObject\",\"inLanguage\":\"pt-BR\",\"@id\":\"https:\/\/www.gaveanews.com\/#\/schema\/person\/image\/\",\"url\":\"https:\/\/secure.gravatar.com\/avatar\/c31f513acffd85eacab5730cbdfdbbf59f21ba5aeada8cd890acea879fbb2455?s=96&d=mm&r=g\",\"contentUrl\":\"https:\/\/secure.gravatar.com\/avatar\/c31f513acffd85eacab5730cbdfdbbf59f21ba5aeada8cd890acea879fbb2455?s=96&d=mm&r=g\",\"caption\":\"Rafaela Ladeira\"}}]}<\/script>\n<!-- \/ Yoast SEO Premium plugin. -->","yoast_head_json":{"title":"Arsenal quer contratar atacante do Vasco","robots":{"index":"index","follow":"follow","max-snippet":"max-snippet:-1","max-image-preview":"max-image-preview:large","max-video-preview":"max-video-preview:-1"},"canonical":"https:\/\/www.gaveanews.com\/index.php\/2025\/04\/09\/arsenal-quer-contratar-atacante-do-vasco\/","og_locale":"pt_BR","og_type":"article","og_title":"Arsenal quer contratar atacante do Vasco","og_description":"O Vasco da Gama pode estar prestes a concretizar uma de suas maiores vendas dos \u00faltimos anos. O jovem atacante Rayan despertou o interesse do futebol europeu, e o Arsenal, um dos clubes mais tradicionais da Premier League, estuda fazer uma proposta para contar com o jogador.&nbsp; Sendo assim, o Gigante da Colina j\u00e1 se [&hellip;]","og_url":"https:\/\/www.gaveanews.com\/index.php\/2025\/04\/09\/arsenal-quer-contratar-atacante-do-vasco\/","og_site_name":"G\u00e1vea News","article_publisher":"https:\/\/facebook.com\/gaveaNews\/","article_published_time":"2025-04-09T19:10:00+00:00","og_image":[{"width":1440,"height":960,"url":"https:\/\/www.gaveanews.com\/wp-content\/uploads\/Camisa-do-Vasco-da-Gama.webp","type":"image\/jpeg"}],"author":"Rafaela Ladeira","twitter_card":"summary_large_image","twitter_misc":{"Escrito por":"Rafaela Ladeira","Est. tempo de leitura":"3 minutos"},"schema":{"@context":"https:\/\/schema.org","@graph":[{"@type":"NewsArticle","@id":"https:\/\/www.gaveanews.com\/index.php\/2025\/04\/09\/arsenal-quer-contratar-atacante-do-vasco\/#article","isPartOf":{"@id":"https:\/\/www.gaveanews.com\/index.php\/2025\/04\/09\/arsenal-quer-contratar-atacante-do-vasco\/"},"author":{"name":"Rafaela Ladeira","@id":"https:\/\/www.gaveanews.com\/#\/schema\/person\/0eb3e3fe1754f0205218538adbe8f5ed"},"headline":"Arsenal quer contratar atacante do Vasco","datePublished":"2025-04-09T19:10:00+00:00","mainEntityOfPage":{"@id":"https:\/\/www.gaveanews.com\/index.php\/2025\/04\/09\/arsenal-quer-contratar-atacante-do-vasco\/"},"wordCount":417,"commentCount":0,"image":{"@id":"https:\/\/www.gaveanews.com\/index.php\/2025\/04\/09\/arsenal-quer-contratar-atacante-do-vasco\/#primaryimage"},"thumbnailUrl":"https:\/\/www.gaveanews.com\/wp-content\/uploads\/Camisa-do-Vasco-da-Gama.webp","articleSection":["Vasco"],"inLanguage":"pt-BR","potentialAction":[{"@type":"CommentAction","name":"Comment","target":["https:\/\/www.gaveanews.com\/index.php\/2025\/04\/09\/arsenal-quer-contratar-atacante-do-vasco\/#respond"]}],"copyrightYear":"2025","copyrightHolder":{"@id":"https:\/\/www.gaveanews.com\/#organization"}},{"@type":"WebPage","@id":"https:\/\/www.gaveanews.com\/index.php\/2025\/04\/09\/arsenal-quer-contratar-atacante-do-vasco\/","url":"https:\/\/www.gaveanews.com\/index.php\/2025\/04\/09\/arsenal-quer-contratar-atacante-do-vasco\/","name":"Arsenal quer contratar atacante do Vasco","isPartOf":{"@id":"https:\/\/www.gaveanews.com\/#website"},"primaryImageOfPage":{"@id":"https:\/\/www.gaveanews.com\/index.php\/2025\/04\/09\/arsenal-quer-contratar-atacante-do-vasco\/#primaryimage"},"image":{"@id":"https:\/\/www.gaveanews.com\/index.php\/2025\/04\/09\/arsenal-quer-contratar-atacante-do-vasco\/#primaryimage"},"thumbnailUrl":"https:\/\/www.gaveanews.com\/wp-content\/uploads\/Camisa-do-Vasco-da-Gama.webp","datePublished":"2025-04-09T19:10:00+00:00","author":{"@id":"https:\/\/www.gaveanews.com\/#\/schema\/person\/0eb3e3fe1754f0205218538adbe8f5ed"},"breadcrumb":{"@id":"https:\/\/www.gaveanews.com\/index.php\/2025\/04\/09\/arsenal-quer-contratar-atacante-do-vasco\/#breadcrumb"},"inLanguage":"pt-BR","potentialAction":[{"@type":"ReadAction","target":["https:\/\/www.gaveanews.com\/index.php\/2025\/04\/09\/arsenal-quer-contratar-atacante-do-vasco\/"]}]},{"@type":"ImageObject","inLanguage":"pt-BR","@id":"https:\/\/www.gaveanews.com\/index.php\/2025\/04\/09\/arsenal-quer-contratar-atacante-do-vasco\/#primaryimage","url":"https:\/\/www.gaveanews.com\/wp-content\/uploads\/Camisa-do-Vasco-da-Gama.webp","contentUrl":"https:\/\/www.gaveanews.com\/wp-content\/uploads\/Camisa-do-Vasco-da-Gama.webp","width":1440,"height":960,"caption":"Camisa do Vasco da Gama (Foto: Reprodu\u00e7\u00e3o\/Instagram)"},{"@type":"BreadcrumbList","@id":"https:\/\/www.gaveanews.com\/index.php\/2025\/04\/09\/arsenal-quer-contratar-atacante-do-vasco\/#breadcrumb","itemListElement":[{"@type":"ListItem","position":1,"name":"Home","item":"https:\/\/www.gaveanews.com\/"},{"@type":"ListItem","position":2,"name":"Arsenal quer contratar atacante do Vasco"}]},{"@type":"WebSite","@id":"https:\/\/www.gaveanews.com\/#website","url":"https:\/\/www.gaveanews.com\/","name":"G\u00e1vea News","description":"Veja todas as not\u00edcias sobre o Flamengo: Contrata\u00e7\u00f5es, categorias de base, resultados das partidas, tabela de classifica\u00e7\u00e3o, pr\u00f3ximos jogos!","potentialAction":[{"@type":"SearchAction","target":{"@type":"EntryPoint","urlTemplate":"https:\/\/www.gaveanews.com\/?s={search_term_string}"},"query-input":{"@type":"PropertyValueSpecification","valueRequired":true,"valueName":"search_term_string"}}],"inLanguage":"pt-BR"},{"@type":"Person","@id":"https:\/\/www.gaveanews.com\/#\/schema\/person\/0eb3e3fe1754f0205218538adbe8f5ed","name":"Rafaela Ladeira","image":{"@type":"ImageObject","inLanguage":"pt-BR","@id":"https:\/\/www.gaveanews.com\/#\/schema\/person\/image\/","url":"https:\/\/secure.gravatar.com\/avatar\/c31f513acffd85eacab5730cbdfdbbf59f21ba5aeada8cd890acea879fbb2455?s=96&d=mm&r=g","contentUrl":"https:\/\/secure.gravatar.com\/avatar\/c31f513acffd85eacab5730cbdfdbbf59f21ba5aeada8cd890acea879fbb2455?s=96&d=mm&r=g","caption":"Rafaela Ladeira"}}]}},"_links":{"self":[{"href":"https:\/\/www.gaveanews.com\/index.php\/wp-json\/wp\/v2\/posts\/251083","targetHints":{"allow":["GET"]}}],"collection":[{"href":"https:\/\/www.gaveanews.com\/index.php\/wp-json\/wp\/v2\/posts"}],"about":[{"href":"https:\/\/www.gaveanews.com\/index.php\/wp-json\/wp\/v2\/types\/post"}],"author":[{"embeddable":true,"href":"https:\/\/www.gaveanews.com\/index.php\/wp-json\/wp\/v2\/users\/25"}],"replies":[{"embeddable":true,"href":"https:\/\/www.gaveanews.com\/index.php\/wp-json\/wp\/v2\/comments?post=251083"}],"version-history":[{"count":1,"href":"https:\/\/www.gaveanews.com\/index.php\/wp-json\/wp\/v2\/posts\/251083\/revisions"}],"predecessor-version":[{"id":251084,"href":"https:\/\/www.gaveanews.com\/index.php\/wp-json\/wp\/v2\/posts\/251083\/revisions\/251084"}],"wp:featuredmedia":[{"embeddable":true,"href":"https:\/\/www.gaveanews.com\/index.php\/wp-json\/wp\/v2\/media\/147443"}],"wp:attachment":[{"href":"https:\/\/www.gaveanews.com\/index.php\/wp-json\/wp\/v2\/media?parent=251083"}],"wp:term":[{"taxonomy":"category","embeddable":true,"href":"https:\/\/www.gaveanews.com\/index.php\/wp-json\/wp\/v2\/categories?post=251083"},{"taxonomy":"post_tag","embeddable":true,"href":"https:\/\/www.gaveanews.com\/index.php\/wp-json\/wp\/v2\/tags?post=251083"}],"curies":[{"name":"wp","href":"https:\/\/api.w.org\/{rel}","templated":true}]}}