{"id":251087,"date":"2025-04-09T16:25:00","date_gmt":"2025-04-09T19:25:00","guid":{"rendered":"https:\/\/www.gaveanews.com\/?p=251087"},"modified":"2025-04-09T14:48:28","modified_gmt":"2025-04-09T17:48:28","slug":"botafogo-formaliza-proposta-por-zagueiro-do-gremio","status":"publish","type":"post","link":"https:\/\/www.gaveanews.com\/index.php\/2025\/04\/09\/botafogo-formaliza-proposta-por-zagueiro-do-gremio\/","title":{"rendered":"Botafogo formaliza proposta por zagueiro do Gr\u00eamio"},"content":{"rendered":"\n<p>Com a necessidade urgente de refor\u00e7ar a defesa, o Botafogo agiu rapidamente no mercado e fez uma proposta oficial ao Gr\u00eamio pelo zagueiro Gustavo Martins, de 22 anos. O defensor, que atualmente \u00e9 reserva no elenco ga\u00facho, entrou na mira do clube carioca ap\u00f3s a grave les\u00e3o de Bastos, que ficar\u00e1 fora por tempo indeterminado.&nbsp;<\/p>\n\n\n\n<p>Sendo assim, o Glorioso busca uma solu\u00e7\u00e3o imediata para suprir a aus\u00eancia e manter a solidez defensiva na temporada.<\/p>\n\n\n\n<p>A oferta do Botafogo consiste em um empr\u00e9stimo com op\u00e7\u00e3o de compra fixada em \u20ac 5 milh\u00f5es (cerca de R$ 33,5 milh\u00f5es) por 100% dos direitos econ\u00f4micos do atleta. No entanto, o Gr\u00eamio reluta em liberar Gustavo, pois o v\u00ea como uma pe\u00e7a importante para compor o elenco comandado por Renato Portaluppi.&nbsp;<\/p>\n\n\n\n<p>Dessa maneira, as negocia\u00e7\u00f5es seguem em andamento, mas ainda sem um desfecho definitivo.<\/p>\n\n\n\n<h2 class=\"wp-block-heading\" id=\"h-alternativa-apos-investida-frustrada-em-naves\">Alternativa ap\u00f3s investida frustrada em Naves<\/h2>\n\n\n\n<figure class=\"wp-block-image size-full\"><img loading=\"lazy\" decoding=\"async\" width=\"635\" height=\"435\" src=\"http:\/\/www.gaveanews.com\/wp-content\/uploads\/Gustavo-Martins-pelo-Gremio.webp\" alt=\"\" class=\"wp-image-171688\" srcset=\"https:\/\/www.gaveanews.com\/wp-content\/uploads\/Gustavo-Martins-pelo-Gremio.webp 635w, https:\/\/www.gaveanews.com\/wp-content\/uploads\/Gustavo-Martins-pelo-Gremio-300x206.webp 300w, https:\/\/www.gaveanews.com\/wp-content\/uploads\/Gustavo-Martins-pelo-Gremio-613x420.webp 613w, https:\/\/www.gaveanews.com\/wp-content\/uploads\/Gustavo-Martins-pelo-Gremio-100x69.webp 100w\" sizes=\"auto, (max-width: 635px) 100vw, 635px\" \/><figcaption class=\"wp-element-caption\">Gustavo Martins pelo Gr\u00eamio (Foto: Renan Jardim \/ Gr\u00eamio FBPA)<\/figcaption><\/figure>\n\n\n\n<p>Vale destacar que o Botafogo j\u00e1 havia tentado a contrata\u00e7\u00e3o de Naves, do Palmeiras, mas a diretoria alviverde n\u00e3o abriu negocia\u00e7\u00f5es. Por isso, o clube voltou seus esfor\u00e7os para Gustavo Martins, que \u00e9 bem avaliado internamente pela comiss\u00e3o t\u00e9cnica alvinegra.&nbsp;<\/p>\n\n\n\n<p>Isso porque o jovem defensor tem caracter\u00edsticas que se encaixam no estilo de jogo de Renato Paiva, como boa sa\u00edda de bola, leitura t\u00e1tica e capacidade de atuar em linha alta.<\/p>\n\n\n\n<p>Al\u00e9m disso, outros nomes, como Abner, do Juventude, tamb\u00e9m est\u00e3o sendo monitorados. Com isso, o clube busca alternativas vi\u00e1veis para fechar com um refor\u00e7o defensivo antes do fim da janela nacional, que se encerra na sexta-feira, dia 11 de abril.<\/p>\n\n\n\n<h2 class=\"wp-block-heading\" id=\"h-botafogo-pressiona-para-convencer-o-gremio\">Botafogo pressiona para convencer o Gr\u00eamio<\/h2>\n\n\n\n<p>Sendo assim, a diretoria alvinegra trabalha para convencer o Gr\u00eamio a aceitar o modelo de neg\u00f3cio proposto. O clube aposta no argumento de que um empr\u00e9stimo com op\u00e7\u00e3o de compra poderia valorizar Gustavo Martins e ainda aliviar a folha salarial gremista.<\/p>\n\n\n\n<p>Por isso, os pr\u00f3ximos dias ser\u00e3o decisivos para o desfecho da negocia\u00e7\u00e3o. A torcida botafoguense aguarda com expectativa, enquanto o clube tenta solucionar rapidamente esse problema defensivo e garantir um refor\u00e7o de peso para o restante da temporada.<\/p>\n","protected":false},"excerpt":{"rendered":"<p>Com a necessidade urgente de refor\u00e7ar a defesa, o Botafogo agiu rapidamente no mercado e fez uma proposta oficial ao Gr\u00eamio pelo zagueiro Gustavo Martins, de 22 anos. O defensor, que atualmente \u00e9 reserva no elenco ga\u00facho, entrou na mira do clube carioca ap\u00f3s a grave les\u00e3o de Bastos, que ficar\u00e1 fora por tempo indeterminado.&nbsp; [&hellip;]<\/p>\n","protected":false},"author":25,"featured_media":182060,"comment_status":"open","ping_status":"closed","sticky":false,"template":"","format":"standard","meta":{"footnotes":""},"categories":[138],"tags":[],"class_list":["post-251087","post","type-post","status-publish","format-standard","has-post-thumbnail","hentry","category-botafogo"],"yoast_head":"<!-- This site is optimized with the Yoast SEO Premium plugin v24.2 (Yoast SEO v26.9) - https:\/\/yoast.com\/product\/yoast-seo-premium-wordpress\/ -->\n<title>Botafogo formaliza proposta por zagueiro do Gr\u00eamio<\/title>\n<meta name=\"robots\" content=\"index, follow, max-snippet:-1, max-image-preview:large, max-video-preview:-1\" \/>\n<link rel=\"canonical\" href=\"https:\/\/www.gaveanews.com\/index.php\/2025\/04\/09\/botafogo-formaliza-proposta-por-zagueiro-do-gremio\/\" \/>\n<meta property=\"og:locale\" content=\"pt_BR\" \/>\n<meta property=\"og:type\" content=\"article\" \/>\n<meta property=\"og:title\" content=\"Botafogo formaliza proposta por zagueiro do Gr\u00eamio\" \/>\n<meta property=\"og:description\" content=\"Com a necessidade urgente de refor\u00e7ar a defesa, o Botafogo agiu rapidamente no mercado e fez uma proposta oficial ao Gr\u00eamio pelo zagueiro Gustavo Martins, de 22 anos. O defensor, que atualmente \u00e9 reserva no elenco ga\u00facho, entrou na mira do clube carioca ap\u00f3s a grave les\u00e3o de Bastos, que ficar\u00e1 fora por tempo indeterminado.&nbsp; [&hellip;]\" \/>\n<meta property=\"og:url\" content=\"https:\/\/www.gaveanews.com\/index.php\/2025\/04\/09\/botafogo-formaliza-proposta-por-zagueiro-do-gremio\/\" \/>\n<meta property=\"og:site_name\" content=\"G\u00e1vea News\" \/>\n<meta property=\"article:publisher\" content=\"https:\/\/facebook.com\/gaveaNews\/\" \/>\n<meta property=\"article:published_time\" content=\"2025-04-09T19:25:00+00:00\" \/>\n<meta property=\"og:image\" content=\"https:\/\/www.gaveanews.com\/wp-content\/uploads\/Escudo-do-Botafogo-1.webp\" \/>\n\t<meta property=\"og:image:width\" content=\"787\" \/>\n\t<meta property=\"og:image:height\" content=\"525\" \/>\n\t<meta property=\"og:image:type\" content=\"image\/webp\" \/>\n<meta name=\"author\" content=\"Rafaela Ladeira\" \/>\n<meta name=\"twitter:card\" content=\"summary_large_image\" \/>\n<meta name=\"twitter:label1\" content=\"Escrito por\" \/>\n\t<meta name=\"twitter:data1\" content=\"Rafaela Ladeira\" \/>\n\t<meta name=\"twitter:label2\" content=\"Est. tempo de leitura\" \/>\n\t<meta name=\"twitter:data2\" content=\"3 minutos\" \/>\n<script type=\"application\/ld+json\" class=\"yoast-schema-graph\">{\"@context\":\"https:\/\/schema.org\",\"@graph\":[{\"@type\":\"NewsArticle\",\"@id\":\"https:\/\/www.gaveanews.com\/index.php\/2025\/04\/09\/botafogo-formaliza-proposta-por-zagueiro-do-gremio\/#article\",\"isPartOf\":{\"@id\":\"https:\/\/www.gaveanews.com\/index.php\/2025\/04\/09\/botafogo-formaliza-proposta-por-zagueiro-do-gremio\/\"},\"author\":{\"name\":\"Rafaela Ladeira\",\"@id\":\"https:\/\/www.gaveanews.com\/#\/schema\/person\/0eb3e3fe1754f0205218538adbe8f5ed\"},\"headline\":\"Botafogo formaliza proposta por zagueiro do Gr\u00eamio\",\"datePublished\":\"2025-04-09T19:25:00+00:00\",\"mainEntityOfPage\":{\"@id\":\"https:\/\/www.gaveanews.com\/index.php\/2025\/04\/09\/botafogo-formaliza-proposta-por-zagueiro-do-gremio\/\"},\"wordCount\":394,\"commentCount\":0,\"image\":{\"@id\":\"https:\/\/www.gaveanews.com\/index.php\/2025\/04\/09\/botafogo-formaliza-proposta-por-zagueiro-do-gremio\/#primaryimage\"},\"thumbnailUrl\":\"https:\/\/www.gaveanews.com\/wp-content\/uploads\/Escudo-do-Botafogo-1.webp\",\"articleSection\":[\"Botafogo\"],\"inLanguage\":\"pt-BR\",\"potentialAction\":[{\"@type\":\"CommentAction\",\"name\":\"Comment\",\"target\":[\"https:\/\/www.gaveanews.com\/index.php\/2025\/04\/09\/botafogo-formaliza-proposta-por-zagueiro-do-gremio\/#respond\"]}],\"copyrightYear\":\"2025\",\"copyrightHolder\":{\"@id\":\"https:\/\/www.gaveanews.com\/#organization\"}},{\"@type\":\"WebPage\",\"@id\":\"https:\/\/www.gaveanews.com\/index.php\/2025\/04\/09\/botafogo-formaliza-proposta-por-zagueiro-do-gremio\/\",\"url\":\"https:\/\/www.gaveanews.com\/index.php\/2025\/04\/09\/botafogo-formaliza-proposta-por-zagueiro-do-gremio\/\",\"name\":\"Botafogo formaliza proposta por zagueiro do Gr\u00eamio\",\"isPartOf\":{\"@id\":\"https:\/\/www.gaveanews.com\/#website\"},\"primaryImageOfPage\":{\"@id\":\"https:\/\/www.gaveanews.com\/index.php\/2025\/04\/09\/botafogo-formaliza-proposta-por-zagueiro-do-gremio\/#primaryimage\"},\"image\":{\"@id\":\"https:\/\/www.gaveanews.com\/index.php\/2025\/04\/09\/botafogo-formaliza-proposta-por-zagueiro-do-gremio\/#primaryimage\"},\"thumbnailUrl\":\"https:\/\/www.gaveanews.com\/wp-content\/uploads\/Escudo-do-Botafogo-1.webp\",\"datePublished\":\"2025-04-09T19:25:00+00:00\",\"author\":{\"@id\":\"https:\/\/www.gaveanews.com\/#\/schema\/person\/0eb3e3fe1754f0205218538adbe8f5ed\"},\"breadcrumb\":{\"@id\":\"https:\/\/www.gaveanews.com\/index.php\/2025\/04\/09\/botafogo-formaliza-proposta-por-zagueiro-do-gremio\/#breadcrumb\"},\"inLanguage\":\"pt-BR\",\"potentialAction\":[{\"@type\":\"ReadAction\",\"target\":[\"https:\/\/www.gaveanews.com\/index.php\/2025\/04\/09\/botafogo-formaliza-proposta-por-zagueiro-do-gremio\/\"]}]},{\"@type\":\"ImageObject\",\"inLanguage\":\"pt-BR\",\"@id\":\"https:\/\/www.gaveanews.com\/index.php\/2025\/04\/09\/botafogo-formaliza-proposta-por-zagueiro-do-gremio\/#primaryimage\",\"url\":\"https:\/\/www.gaveanews.com\/wp-content\/uploads\/Escudo-do-Botafogo-1.webp\",\"contentUrl\":\"https:\/\/www.gaveanews.com\/wp-content\/uploads\/Escudo-do-Botafogo-1.webp\",\"width\":787,\"height\":525,\"caption\":\"Escudo do Botafogo (Foto: Reprodu\u00e7\u00e3o\/Botafogo)\"},{\"@type\":\"BreadcrumbList\",\"@id\":\"https:\/\/www.gaveanews.com\/index.php\/2025\/04\/09\/botafogo-formaliza-proposta-por-zagueiro-do-gremio\/#breadcrumb\",\"itemListElement\":[{\"@type\":\"ListItem\",\"position\":1,\"name\":\"Home\",\"item\":\"https:\/\/www.gaveanews.com\/\"},{\"@type\":\"ListItem\",\"position\":2,\"name\":\"Botafogo formaliza proposta por zagueiro do Gr\u00eamio\"}]},{\"@type\":\"WebSite\",\"@id\":\"https:\/\/www.gaveanews.com\/#website\",\"url\":\"https:\/\/www.gaveanews.com\/\",\"name\":\"G\u00e1vea News\",\"description\":\"Veja todas as not\u00edcias sobre o Flamengo: Contrata\u00e7\u00f5es, categorias de base, resultados das partidas, tabela de classifica\u00e7\u00e3o, pr\u00f3ximos jogos!\",\"potentialAction\":[{\"@type\":\"SearchAction\",\"target\":{\"@type\":\"EntryPoint\",\"urlTemplate\":\"https:\/\/www.gaveanews.com\/?s={search_term_string}\"},\"query-input\":{\"@type\":\"PropertyValueSpecification\",\"valueRequired\":true,\"valueName\":\"search_term_string\"}}],\"inLanguage\":\"pt-BR\"},{\"@type\":\"Person\",\"@id\":\"https:\/\/www.gaveanews.com\/#\/schema\/person\/0eb3e3fe1754f0205218538adbe8f5ed\",\"name\":\"Rafaela Ladeira\",\"image\":{\"@type\":\"ImageObject\",\"inLanguage\":\"pt-BR\",\"@id\":\"https:\/\/www.gaveanews.com\/#\/schema\/person\/image\/\",\"url\":\"https:\/\/secure.gravatar.com\/avatar\/c31f513acffd85eacab5730cbdfdbbf59f21ba5aeada8cd890acea879fbb2455?s=96&d=mm&r=g\",\"contentUrl\":\"https:\/\/secure.gravatar.com\/avatar\/c31f513acffd85eacab5730cbdfdbbf59f21ba5aeada8cd890acea879fbb2455?s=96&d=mm&r=g\",\"caption\":\"Rafaela Ladeira\"}}]}<\/script>\n<!-- \/ Yoast SEO Premium plugin. -->","yoast_head_json":{"title":"Botafogo formaliza proposta por zagueiro do Gr\u00eamio","robots":{"index":"index","follow":"follow","max-snippet":"max-snippet:-1","max-image-preview":"max-image-preview:large","max-video-preview":"max-video-preview:-1"},"canonical":"https:\/\/www.gaveanews.com\/index.php\/2025\/04\/09\/botafogo-formaliza-proposta-por-zagueiro-do-gremio\/","og_locale":"pt_BR","og_type":"article","og_title":"Botafogo formaliza proposta por zagueiro do Gr\u00eamio","og_description":"Com a necessidade urgente de refor\u00e7ar a defesa, o Botafogo agiu rapidamente no mercado e fez uma proposta oficial ao Gr\u00eamio pelo zagueiro Gustavo Martins, de 22 anos. O defensor, que atualmente \u00e9 reserva no elenco ga\u00facho, entrou na mira do clube carioca ap\u00f3s a grave les\u00e3o de Bastos, que ficar\u00e1 fora por tempo indeterminado.&nbsp; [&hellip;]","og_url":"https:\/\/www.gaveanews.com\/index.php\/2025\/04\/09\/botafogo-formaliza-proposta-por-zagueiro-do-gremio\/","og_site_name":"G\u00e1vea News","article_publisher":"https:\/\/facebook.com\/gaveaNews\/","article_published_time":"2025-04-09T19:25:00+00:00","og_image":[{"width":787,"height":525,"url":"https:\/\/www.gaveanews.com\/wp-content\/uploads\/Escudo-do-Botafogo-1.webp","type":"image\/webp"}],"author":"Rafaela Ladeira","twitter_card":"summary_large_image","twitter_misc":{"Escrito por":"Rafaela Ladeira","Est. tempo de leitura":"3 minutos"},"schema":{"@context":"https:\/\/schema.org","@graph":[{"@type":"NewsArticle","@id":"https:\/\/www.gaveanews.com\/index.php\/2025\/04\/09\/botafogo-formaliza-proposta-por-zagueiro-do-gremio\/#article","isPartOf":{"@id":"https:\/\/www.gaveanews.com\/index.php\/2025\/04\/09\/botafogo-formaliza-proposta-por-zagueiro-do-gremio\/"},"author":{"name":"Rafaela Ladeira","@id":"https:\/\/www.gaveanews.com\/#\/schema\/person\/0eb3e3fe1754f0205218538adbe8f5ed"},"headline":"Botafogo formaliza proposta por zagueiro do Gr\u00eamio","datePublished":"2025-04-09T19:25:00+00:00","mainEntityOfPage":{"@id":"https:\/\/www.gaveanews.com\/index.php\/2025\/04\/09\/botafogo-formaliza-proposta-por-zagueiro-do-gremio\/"},"wordCount":394,"commentCount":0,"image":{"@id":"https:\/\/www.gaveanews.com\/index.php\/2025\/04\/09\/botafogo-formaliza-proposta-por-zagueiro-do-gremio\/#primaryimage"},"thumbnailUrl":"https:\/\/www.gaveanews.com\/wp-content\/uploads\/Escudo-do-Botafogo-1.webp","articleSection":["Botafogo"],"inLanguage":"pt-BR","potentialAction":[{"@type":"CommentAction","name":"Comment","target":["https:\/\/www.gaveanews.com\/index.php\/2025\/04\/09\/botafogo-formaliza-proposta-por-zagueiro-do-gremio\/#respond"]}],"copyrightYear":"2025","copyrightHolder":{"@id":"https:\/\/www.gaveanews.com\/#organization"}},{"@type":"WebPage","@id":"https:\/\/www.gaveanews.com\/index.php\/2025\/04\/09\/botafogo-formaliza-proposta-por-zagueiro-do-gremio\/","url":"https:\/\/www.gaveanews.com\/index.php\/2025\/04\/09\/botafogo-formaliza-proposta-por-zagueiro-do-gremio\/","name":"Botafogo formaliza proposta por zagueiro do Gr\u00eamio","isPartOf":{"@id":"https:\/\/www.gaveanews.com\/#website"},"primaryImageOfPage":{"@id":"https:\/\/www.gaveanews.com\/index.php\/2025\/04\/09\/botafogo-formaliza-proposta-por-zagueiro-do-gremio\/#primaryimage"},"image":{"@id":"https:\/\/www.gaveanews.com\/index.php\/2025\/04\/09\/botafogo-formaliza-proposta-por-zagueiro-do-gremio\/#primaryimage"},"thumbnailUrl":"https:\/\/www.gaveanews.com\/wp-content\/uploads\/Escudo-do-Botafogo-1.webp","datePublished":"2025-04-09T19:25:00+00:00","author":{"@id":"https:\/\/www.gaveanews.com\/#\/schema\/person\/0eb3e3fe1754f0205218538adbe8f5ed"},"breadcrumb":{"@id":"https:\/\/www.gaveanews.com\/index.php\/2025\/04\/09\/botafogo-formaliza-proposta-por-zagueiro-do-gremio\/#breadcrumb"},"inLanguage":"pt-BR","potentialAction":[{"@type":"ReadAction","target":["https:\/\/www.gaveanews.com\/index.php\/2025\/04\/09\/botafogo-formaliza-proposta-por-zagueiro-do-gremio\/"]}]},{"@type":"ImageObject","inLanguage":"pt-BR","@id":"https:\/\/www.gaveanews.com\/index.php\/2025\/04\/09\/botafogo-formaliza-proposta-por-zagueiro-do-gremio\/#primaryimage","url":"https:\/\/www.gaveanews.com\/wp-content\/uploads\/Escudo-do-Botafogo-1.webp","contentUrl":"https:\/\/www.gaveanews.com\/wp-content\/uploads\/Escudo-do-Botafogo-1.webp","width":787,"height":525,"caption":"Escudo do Botafogo (Foto: Reprodu\u00e7\u00e3o\/Botafogo)"},{"@type":"BreadcrumbList","@id":"https:\/\/www.gaveanews.com\/index.php\/2025\/04\/09\/botafogo-formaliza-proposta-por-zagueiro-do-gremio\/#breadcrumb","itemListElement":[{"@type":"ListItem","position":1,"name":"Home","item":"https:\/\/www.gaveanews.com\/"},{"@type":"ListItem","position":2,"name":"Botafogo formaliza proposta por zagueiro do Gr\u00eamio"}]},{"@type":"WebSite","@id":"https:\/\/www.gaveanews.com\/#website","url":"https:\/\/www.gaveanews.com\/","name":"G\u00e1vea News","description":"Veja todas as not\u00edcias sobre o Flamengo: Contrata\u00e7\u00f5es, categorias de base, resultados das partidas, tabela de classifica\u00e7\u00e3o, pr\u00f3ximos jogos!","potentialAction":[{"@type":"SearchAction","target":{"@type":"EntryPoint","urlTemplate":"https:\/\/www.gaveanews.com\/?s={search_term_string}"},"query-input":{"@type":"PropertyValueSpecification","valueRequired":true,"valueName":"search_term_string"}}],"inLanguage":"pt-BR"},{"@type":"Person","@id":"https:\/\/www.gaveanews.com\/#\/schema\/person\/0eb3e3fe1754f0205218538adbe8f5ed","name":"Rafaela Ladeira","image":{"@type":"ImageObject","inLanguage":"pt-BR","@id":"https:\/\/www.gaveanews.com\/#\/schema\/person\/image\/","url":"https:\/\/secure.gravatar.com\/avatar\/c31f513acffd85eacab5730cbdfdbbf59f21ba5aeada8cd890acea879fbb2455?s=96&d=mm&r=g","contentUrl":"https:\/\/secure.gravatar.com\/avatar\/c31f513acffd85eacab5730cbdfdbbf59f21ba5aeada8cd890acea879fbb2455?s=96&d=mm&r=g","caption":"Rafaela Ladeira"}}]}},"_links":{"self":[{"href":"https:\/\/www.gaveanews.com\/index.php\/wp-json\/wp\/v2\/posts\/251087","targetHints":{"allow":["GET"]}}],"collection":[{"href":"https:\/\/www.gaveanews.com\/index.php\/wp-json\/wp\/v2\/posts"}],"about":[{"href":"https:\/\/www.gaveanews.com\/index.php\/wp-json\/wp\/v2\/types\/post"}],"author":[{"embeddable":true,"href":"https:\/\/www.gaveanews.com\/index.php\/wp-json\/wp\/v2\/users\/25"}],"replies":[{"embeddable":true,"href":"https:\/\/www.gaveanews.com\/index.php\/wp-json\/wp\/v2\/comments?post=251087"}],"version-history":[{"count":1,"href":"https:\/\/www.gaveanews.com\/index.php\/wp-json\/wp\/v2\/posts\/251087\/revisions"}],"predecessor-version":[{"id":251089,"href":"https:\/\/www.gaveanews.com\/index.php\/wp-json\/wp\/v2\/posts\/251087\/revisions\/251089"}],"wp:featuredmedia":[{"embeddable":true,"href":"https:\/\/www.gaveanews.com\/index.php\/wp-json\/wp\/v2\/media\/182060"}],"wp:attachment":[{"href":"https:\/\/www.gaveanews.com\/index.php\/wp-json\/wp\/v2\/media?parent=251087"}],"wp:term":[{"taxonomy":"category","embeddable":true,"href":"https:\/\/www.gaveanews.com\/index.php\/wp-json\/wp\/v2\/categories?post=251087"},{"taxonomy":"post_tag","embeddable":true,"href":"https:\/\/www.gaveanews.com\/index.php\/wp-json\/wp\/v2\/tags?post=251087"}],"curies":[{"name":"wp","href":"https:\/\/api.w.org\/{rel}","templated":true}]}}