{"id":251101,"date":"2025-04-09T16:35:00","date_gmt":"2025-04-09T19:35:00","guid":{"rendered":"https:\/\/www.gaveanews.com\/?p=251101"},"modified":"2025-04-09T14:54:51","modified_gmt":"2025-04-09T17:54:51","slug":"a-declaracao-de-patrick-de-paula-apos-vitoria-do-botafogo","status":"publish","type":"post","link":"https:\/\/www.gaveanews.com\/index.php\/2025\/04\/09\/a-declaracao-de-patrick-de-paula-apos-vitoria-do-botafogo\/","title":{"rendered":"A declara\u00e7\u00e3o de Patrick de Paula ap\u00f3s vit\u00f3ria do Botafogo"},"content":{"rendered":"\n<p>O Botafogo reencontrou o caminho das vit\u00f3rias na fase de grupos da Libertadores 2025 ao superar o Carabobo por 2 a 0, no Nilton Santos. No entanto, al\u00e9m do triunfo essencial para as pretens\u00f5es do time na competi\u00e7\u00e3o, um jogador brilhou intensamente: Patrick de Paula.&nbsp;<\/p>\n\n\n\n<p>O volante, que vinha sendo questionado, respondeu dentro de campo, marcando um gola\u00e7o e sendo aclamado pela torcida alvinegra.<\/p>\n\n\n\n<p>O jogador mostrou intensidade, qualidade nos passes e seguran\u00e7a defensiva, o que reacendeu a confian\u00e7a dos botafoguenses em seu potencial. Sendo assim, ap\u00f3s a partida, ele celebrou o momento especial que vive no clube.<\/p>\n\n\n\n<p>\u201cFala, Glorioso! Tamo junto! Feliz pela vit\u00f3ria, feliz pelo gol. Feliz pelo momento que nosso Fog\u00e3o t\u00e1 vivendo, \u00e9 daqui pra melhor. \u00c9 seguir trabalhando, seguir conquistando, porque tem grandes coisas pra acontecer esse ano\u201d, declarou Patrick de Paula.<\/p>\n\n\n\n<h2 class=\"wp-block-heading\" id=\"h-numeros-que-explicam-a-grande-atuacao-de-patrick-de-paula\">N\u00fameros que explicam a grande atua\u00e7\u00e3o de Patrick de Paula<\/h2>\n\n\n\n<figure class=\"wp-block-image size-full\"><img loading=\"lazy\" decoding=\"async\" width=\"808\" height=\"572\" src=\"http:\/\/www.gaveanews.com\/wp-content\/uploads\/Patrick-de-Paula-pelo-Botafogo.webp\" alt=\"\" class=\"wp-image-199256\" srcset=\"https:\/\/www.gaveanews.com\/wp-content\/uploads\/Patrick-de-Paula-pelo-Botafogo.webp 808w, https:\/\/www.gaveanews.com\/wp-content\/uploads\/Patrick-de-Paula-pelo-Botafogo-300x212.webp 300w, https:\/\/www.gaveanews.com\/wp-content\/uploads\/Patrick-de-Paula-pelo-Botafogo-768x544.webp 768w, https:\/\/www.gaveanews.com\/wp-content\/uploads\/Patrick-de-Paula-pelo-Botafogo-593x420.webp 593w, https:\/\/www.gaveanews.com\/wp-content\/uploads\/Patrick-de-Paula-pelo-Botafogo-640x453.webp 640w, https:\/\/www.gaveanews.com\/wp-content\/uploads\/Patrick-de-Paula-pelo-Botafogo-681x482.webp 681w, https:\/\/www.gaveanews.com\/wp-content\/uploads\/Patrick-de-Paula-pelo-Botafogo-100x71.webp 100w\" sizes=\"auto, (max-width: 808px) 100vw, 808px\" \/><figcaption class=\"wp-element-caption\">Patrick de Paula pelo Botafogo (Foto: Vitor Silva\/Botafogo)<\/figcaption><\/figure>\n\n\n\n<p>A performance do volante diante do Carabobo n\u00e3o se resumiu ao gol. Patrick foi um dos jogadores mais participativos da partida, registrando 3 finaliza\u00e7\u00f5es, 89% de acerto nos passes e 4 desarmes precisos. Isso porque sua fun\u00e7\u00e3o foi essencial tanto na constru\u00e7\u00e3o ofensiva quanto na recomposi\u00e7\u00e3o defensiva.<\/p>\n\n\n\n<p>Na temporada, os n\u00fameros tamb\u00e9m comprovam sua evolu\u00e7\u00e3o. O camisa 8 j\u00e1 disputou cinco partidas pelo Campeonato Carioca e marcou dois gols, al\u00e9m de ter brilhado no amistoso contra o Novorizontino, balan\u00e7ando as redes duas vezes. Dessa maneira, sua recupera\u00e7\u00e3o t\u00e9cnica vem em um momento crucial para o Botafogo.<\/p>\n\n\n\n<h2 class=\"wp-block-heading\" id=\"h-o-impacto-na-torcida-e-a-resposta-aos-criticos\">O impacto na torcida e a resposta aos cr\u00edticos<\/h2>\n\n\n\n<p>Patrick de Paula chegou ao Botafogo como uma das contrata\u00e7\u00f5es mais promissoras dos \u00faltimos anos, mas enfrentou momentos de instabilidade. Por isso, sua grande atua\u00e7\u00e3o na Libertadores foi um marco na rela\u00e7\u00e3o com a torcida, que voltou a apoi\u00e1-lo.<\/p>\n\n\n\n<p>Nas redes sociais, os botafoguenses n\u00e3o esconderam a empolga\u00e7\u00e3o: \u201cParab\u00e9ns PK! Nunca critiquei!\u201d, \u201cFilha, pe\u00e7a desculpas pro PK, ele t\u00e1 jogando MUITO!\u201d, \u201c\u00c9 isso a\u00ed: confian\u00e7a, disciplina, dedica\u00e7\u00e3o e foco. Parab\u00e9ns, craque!\u201d.<\/p>\n\n\n\n<p>Com isso, Patrick vive um novo cap\u00edtulo no Glorioso, mostrando que pode ser pe\u00e7a-chave na equipe comandada por Renato Paiva.<\/p>\n\n\n\n<h2 class=\"wp-block-heading\" id=\"h-proximos-desafios-e-foco-total-na-libertadores\">Pr\u00f3ximos desafios e foco total na Libertadores<\/h2>\n\n\n\n<p>Ap\u00f3s garantir seus primeiros tr\u00eas pontos na competi\u00e7\u00e3o sul-americana, o Botafogo agora foca em seus pr\u00f3ximos compromissos. No s\u00e1bado, enfrenta o Bragantino pelo Brasileir\u00e3o, fora de casa, \u00e0s 16h.<\/p>\n\n\n\n<p>Depois, o desafio ser\u00e1 ainda maior. O time viajar\u00e1 para a Argentina para encarar o Estudiantes, no dia 23 de abril, \u00e0s 21h30. Cabe ressaltar que um bom resultado fora de casa pode consolidar a recupera\u00e7\u00e3o do Botafogo na Libertadores e refor\u00e7ar ainda mais a confian\u00e7a da equipe.<\/p>\n\n\n\n<p>Sendo assim, Patrick de Paula tem a chance de continuar demonstrando sua evolu\u00e7\u00e3o e provar que pode ser um dos protagonistas do Glorioso na temporada.<\/p>\n","protected":false},"excerpt":{"rendered":"<p>O Botafogo reencontrou o caminho das vit\u00f3rias na fase de grupos da Libertadores 2025 ao superar o Carabobo por 2 a 0, no Nilton Santos. No entanto, al\u00e9m do triunfo essencial para as pretens\u00f5es do time na competi\u00e7\u00e3o, um jogador brilhou intensamente: Patrick de Paula.&nbsp; O volante, que vinha sendo questionado, respondeu dentro de campo, [&hellip;]<\/p>\n","protected":false},"author":25,"featured_media":182060,"comment_status":"open","ping_status":"closed","sticky":false,"template":"","format":"standard","meta":{"footnotes":""},"categories":[138],"tags":[],"class_list":["post-251101","post","type-post","status-publish","format-standard","has-post-thumbnail","hentry","category-botafogo"],"yoast_head":"<!-- This site is optimized with the Yoast SEO Premium plugin v24.2 (Yoast SEO v26.9) - https:\/\/yoast.com\/product\/yoast-seo-premium-wordpress\/ -->\n<title>A declara\u00e7\u00e3o de Patrick de Paula ap\u00f3s vit\u00f3ria do Botafogo<\/title>\n<meta name=\"robots\" content=\"index, follow, max-snippet:-1, max-image-preview:large, max-video-preview:-1\" \/>\n<link rel=\"canonical\" href=\"https:\/\/www.gaveanews.com\/index.php\/2025\/04\/09\/a-declaracao-de-patrick-de-paula-apos-vitoria-do-botafogo\/\" \/>\n<meta property=\"og:locale\" content=\"pt_BR\" \/>\n<meta property=\"og:type\" content=\"article\" \/>\n<meta property=\"og:title\" content=\"A declara\u00e7\u00e3o de Patrick de Paula ap\u00f3s vit\u00f3ria do Botafogo\" \/>\n<meta property=\"og:description\" content=\"O Botafogo reencontrou o caminho das vit\u00f3rias na fase de grupos da Libertadores 2025 ao superar o Carabobo por 2 a 0, no Nilton Santos. No entanto, al\u00e9m do triunfo essencial para as pretens\u00f5es do time na competi\u00e7\u00e3o, um jogador brilhou intensamente: Patrick de Paula.&nbsp; O volante, que vinha sendo questionado, respondeu dentro de campo, [&hellip;]\" \/>\n<meta property=\"og:url\" content=\"https:\/\/www.gaveanews.com\/index.php\/2025\/04\/09\/a-declaracao-de-patrick-de-paula-apos-vitoria-do-botafogo\/\" \/>\n<meta property=\"og:site_name\" content=\"G\u00e1vea News\" \/>\n<meta property=\"article:publisher\" content=\"https:\/\/facebook.com\/gaveaNews\/\" \/>\n<meta property=\"article:published_time\" content=\"2025-04-09T19:35:00+00:00\" \/>\n<meta property=\"og:image\" content=\"https:\/\/www.gaveanews.com\/wp-content\/uploads\/Escudo-do-Botafogo-1.webp\" \/>\n\t<meta property=\"og:image:width\" content=\"787\" \/>\n\t<meta property=\"og:image:height\" content=\"525\" \/>\n\t<meta property=\"og:image:type\" content=\"image\/webp\" \/>\n<meta name=\"author\" content=\"Rafaela Ladeira\" \/>\n<meta name=\"twitter:card\" content=\"summary_large_image\" \/>\n<meta name=\"twitter:label1\" content=\"Escrito por\" \/>\n\t<meta name=\"twitter:data1\" content=\"Rafaela Ladeira\" \/>\n\t<meta name=\"twitter:label2\" content=\"Est. tempo de leitura\" \/>\n\t<meta name=\"twitter:data2\" content=\"3 minutos\" \/>\n<script type=\"application\/ld+json\" class=\"yoast-schema-graph\">{\"@context\":\"https:\/\/schema.org\",\"@graph\":[{\"@type\":\"NewsArticle\",\"@id\":\"https:\/\/www.gaveanews.com\/index.php\/2025\/04\/09\/a-declaracao-de-patrick-de-paula-apos-vitoria-do-botafogo\/#article\",\"isPartOf\":{\"@id\":\"https:\/\/www.gaveanews.com\/index.php\/2025\/04\/09\/a-declaracao-de-patrick-de-paula-apos-vitoria-do-botafogo\/\"},\"author\":{\"name\":\"Rafaela Ladeira\",\"@id\":\"https:\/\/www.gaveanews.com\/#\/schema\/person\/0eb3e3fe1754f0205218538adbe8f5ed\"},\"headline\":\"A declara\u00e7\u00e3o de Patrick de Paula ap\u00f3s vit\u00f3ria do Botafogo\",\"datePublished\":\"2025-04-09T19:35:00+00:00\",\"mainEntityOfPage\":{\"@id\":\"https:\/\/www.gaveanews.com\/index.php\/2025\/04\/09\/a-declaracao-de-patrick-de-paula-apos-vitoria-do-botafogo\/\"},\"wordCount\":513,\"commentCount\":0,\"image\":{\"@id\":\"https:\/\/www.gaveanews.com\/index.php\/2025\/04\/09\/a-declaracao-de-patrick-de-paula-apos-vitoria-do-botafogo\/#primaryimage\"},\"thumbnailUrl\":\"https:\/\/www.gaveanews.com\/wp-content\/uploads\/Escudo-do-Botafogo-1.webp\",\"articleSection\":[\"Botafogo\"],\"inLanguage\":\"pt-BR\",\"potentialAction\":[{\"@type\":\"CommentAction\",\"name\":\"Comment\",\"target\":[\"https:\/\/www.gaveanews.com\/index.php\/2025\/04\/09\/a-declaracao-de-patrick-de-paula-apos-vitoria-do-botafogo\/#respond\"]}],\"copyrightYear\":\"2025\",\"copyrightHolder\":{\"@id\":\"https:\/\/www.gaveanews.com\/#organization\"}},{\"@type\":\"WebPage\",\"@id\":\"https:\/\/www.gaveanews.com\/index.php\/2025\/04\/09\/a-declaracao-de-patrick-de-paula-apos-vitoria-do-botafogo\/\",\"url\":\"https:\/\/www.gaveanews.com\/index.php\/2025\/04\/09\/a-declaracao-de-patrick-de-paula-apos-vitoria-do-botafogo\/\",\"name\":\"A declara\u00e7\u00e3o de Patrick de Paula ap\u00f3s vit\u00f3ria do Botafogo\",\"isPartOf\":{\"@id\":\"https:\/\/www.gaveanews.com\/#website\"},\"primaryImageOfPage\":{\"@id\":\"https:\/\/www.gaveanews.com\/index.php\/2025\/04\/09\/a-declaracao-de-patrick-de-paula-apos-vitoria-do-botafogo\/#primaryimage\"},\"image\":{\"@id\":\"https:\/\/www.gaveanews.com\/index.php\/2025\/04\/09\/a-declaracao-de-patrick-de-paula-apos-vitoria-do-botafogo\/#primaryimage\"},\"thumbnailUrl\":\"https:\/\/www.gaveanews.com\/wp-content\/uploads\/Escudo-do-Botafogo-1.webp\",\"datePublished\":\"2025-04-09T19:35:00+00:00\",\"author\":{\"@id\":\"https:\/\/www.gaveanews.com\/#\/schema\/person\/0eb3e3fe1754f0205218538adbe8f5ed\"},\"breadcrumb\":{\"@id\":\"https:\/\/www.gaveanews.com\/index.php\/2025\/04\/09\/a-declaracao-de-patrick-de-paula-apos-vitoria-do-botafogo\/#breadcrumb\"},\"inLanguage\":\"pt-BR\",\"potentialAction\":[{\"@type\":\"ReadAction\",\"target\":[\"https:\/\/www.gaveanews.com\/index.php\/2025\/04\/09\/a-declaracao-de-patrick-de-paula-apos-vitoria-do-botafogo\/\"]}]},{\"@type\":\"ImageObject\",\"inLanguage\":\"pt-BR\",\"@id\":\"https:\/\/www.gaveanews.com\/index.php\/2025\/04\/09\/a-declaracao-de-patrick-de-paula-apos-vitoria-do-botafogo\/#primaryimage\",\"url\":\"https:\/\/www.gaveanews.com\/wp-content\/uploads\/Escudo-do-Botafogo-1.webp\",\"contentUrl\":\"https:\/\/www.gaveanews.com\/wp-content\/uploads\/Escudo-do-Botafogo-1.webp\",\"width\":787,\"height\":525,\"caption\":\"Escudo do Botafogo (Foto: Reprodu\u00e7\u00e3o\/Botafogo)\"},{\"@type\":\"BreadcrumbList\",\"@id\":\"https:\/\/www.gaveanews.com\/index.php\/2025\/04\/09\/a-declaracao-de-patrick-de-paula-apos-vitoria-do-botafogo\/#breadcrumb\",\"itemListElement\":[{\"@type\":\"ListItem\",\"position\":1,\"name\":\"Home\",\"item\":\"https:\/\/www.gaveanews.com\/\"},{\"@type\":\"ListItem\",\"position\":2,\"name\":\"A declara\u00e7\u00e3o de Patrick de Paula ap\u00f3s vit\u00f3ria do Botafogo\"}]},{\"@type\":\"WebSite\",\"@id\":\"https:\/\/www.gaveanews.com\/#website\",\"url\":\"https:\/\/www.gaveanews.com\/\",\"name\":\"G\u00e1vea News\",\"description\":\"Veja todas as not\u00edcias sobre o Flamengo: Contrata\u00e7\u00f5es, categorias de base, resultados das partidas, tabela de classifica\u00e7\u00e3o, pr\u00f3ximos jogos!\",\"potentialAction\":[{\"@type\":\"SearchAction\",\"target\":{\"@type\":\"EntryPoint\",\"urlTemplate\":\"https:\/\/www.gaveanews.com\/?s={search_term_string}\"},\"query-input\":{\"@type\":\"PropertyValueSpecification\",\"valueRequired\":true,\"valueName\":\"search_term_string\"}}],\"inLanguage\":\"pt-BR\"},{\"@type\":\"Person\",\"@id\":\"https:\/\/www.gaveanews.com\/#\/schema\/person\/0eb3e3fe1754f0205218538adbe8f5ed\",\"name\":\"Rafaela Ladeira\",\"image\":{\"@type\":\"ImageObject\",\"inLanguage\":\"pt-BR\",\"@id\":\"https:\/\/www.gaveanews.com\/#\/schema\/person\/image\/\",\"url\":\"https:\/\/secure.gravatar.com\/avatar\/c31f513acffd85eacab5730cbdfdbbf59f21ba5aeada8cd890acea879fbb2455?s=96&d=mm&r=g\",\"contentUrl\":\"https:\/\/secure.gravatar.com\/avatar\/c31f513acffd85eacab5730cbdfdbbf59f21ba5aeada8cd890acea879fbb2455?s=96&d=mm&r=g\",\"caption\":\"Rafaela Ladeira\"}}]}<\/script>\n<!-- \/ Yoast SEO Premium plugin. -->","yoast_head_json":{"title":"A declara\u00e7\u00e3o de Patrick de Paula ap\u00f3s vit\u00f3ria do Botafogo","robots":{"index":"index","follow":"follow","max-snippet":"max-snippet:-1","max-image-preview":"max-image-preview:large","max-video-preview":"max-video-preview:-1"},"canonical":"https:\/\/www.gaveanews.com\/index.php\/2025\/04\/09\/a-declaracao-de-patrick-de-paula-apos-vitoria-do-botafogo\/","og_locale":"pt_BR","og_type":"article","og_title":"A declara\u00e7\u00e3o de Patrick de Paula ap\u00f3s vit\u00f3ria do Botafogo","og_description":"O Botafogo reencontrou o caminho das vit\u00f3rias na fase de grupos da Libertadores 2025 ao superar o Carabobo por 2 a 0, no Nilton Santos. No entanto, al\u00e9m do triunfo essencial para as pretens\u00f5es do time na competi\u00e7\u00e3o, um jogador brilhou intensamente: Patrick de Paula.&nbsp; O volante, que vinha sendo questionado, respondeu dentro de campo, [&hellip;]","og_url":"https:\/\/www.gaveanews.com\/index.php\/2025\/04\/09\/a-declaracao-de-patrick-de-paula-apos-vitoria-do-botafogo\/","og_site_name":"G\u00e1vea News","article_publisher":"https:\/\/facebook.com\/gaveaNews\/","article_published_time":"2025-04-09T19:35:00+00:00","og_image":[{"width":787,"height":525,"url":"https:\/\/www.gaveanews.com\/wp-content\/uploads\/Escudo-do-Botafogo-1.webp","type":"image\/webp"}],"author":"Rafaela Ladeira","twitter_card":"summary_large_image","twitter_misc":{"Escrito por":"Rafaela Ladeira","Est. tempo de leitura":"3 minutos"},"schema":{"@context":"https:\/\/schema.org","@graph":[{"@type":"NewsArticle","@id":"https:\/\/www.gaveanews.com\/index.php\/2025\/04\/09\/a-declaracao-de-patrick-de-paula-apos-vitoria-do-botafogo\/#article","isPartOf":{"@id":"https:\/\/www.gaveanews.com\/index.php\/2025\/04\/09\/a-declaracao-de-patrick-de-paula-apos-vitoria-do-botafogo\/"},"author":{"name":"Rafaela Ladeira","@id":"https:\/\/www.gaveanews.com\/#\/schema\/person\/0eb3e3fe1754f0205218538adbe8f5ed"},"headline":"A declara\u00e7\u00e3o de Patrick de Paula ap\u00f3s vit\u00f3ria do Botafogo","datePublished":"2025-04-09T19:35:00+00:00","mainEntityOfPage":{"@id":"https:\/\/www.gaveanews.com\/index.php\/2025\/04\/09\/a-declaracao-de-patrick-de-paula-apos-vitoria-do-botafogo\/"},"wordCount":513,"commentCount":0,"image":{"@id":"https:\/\/www.gaveanews.com\/index.php\/2025\/04\/09\/a-declaracao-de-patrick-de-paula-apos-vitoria-do-botafogo\/#primaryimage"},"thumbnailUrl":"https:\/\/www.gaveanews.com\/wp-content\/uploads\/Escudo-do-Botafogo-1.webp","articleSection":["Botafogo"],"inLanguage":"pt-BR","potentialAction":[{"@type":"CommentAction","name":"Comment","target":["https:\/\/www.gaveanews.com\/index.php\/2025\/04\/09\/a-declaracao-de-patrick-de-paula-apos-vitoria-do-botafogo\/#respond"]}],"copyrightYear":"2025","copyrightHolder":{"@id":"https:\/\/www.gaveanews.com\/#organization"}},{"@type":"WebPage","@id":"https:\/\/www.gaveanews.com\/index.php\/2025\/04\/09\/a-declaracao-de-patrick-de-paula-apos-vitoria-do-botafogo\/","url":"https:\/\/www.gaveanews.com\/index.php\/2025\/04\/09\/a-declaracao-de-patrick-de-paula-apos-vitoria-do-botafogo\/","name":"A declara\u00e7\u00e3o de Patrick de Paula ap\u00f3s vit\u00f3ria do Botafogo","isPartOf":{"@id":"https:\/\/www.gaveanews.com\/#website"},"primaryImageOfPage":{"@id":"https:\/\/www.gaveanews.com\/index.php\/2025\/04\/09\/a-declaracao-de-patrick-de-paula-apos-vitoria-do-botafogo\/#primaryimage"},"image":{"@id":"https:\/\/www.gaveanews.com\/index.php\/2025\/04\/09\/a-declaracao-de-patrick-de-paula-apos-vitoria-do-botafogo\/#primaryimage"},"thumbnailUrl":"https:\/\/www.gaveanews.com\/wp-content\/uploads\/Escudo-do-Botafogo-1.webp","datePublished":"2025-04-09T19:35:00+00:00","author":{"@id":"https:\/\/www.gaveanews.com\/#\/schema\/person\/0eb3e3fe1754f0205218538adbe8f5ed"},"breadcrumb":{"@id":"https:\/\/www.gaveanews.com\/index.php\/2025\/04\/09\/a-declaracao-de-patrick-de-paula-apos-vitoria-do-botafogo\/#breadcrumb"},"inLanguage":"pt-BR","potentialAction":[{"@type":"ReadAction","target":["https:\/\/www.gaveanews.com\/index.php\/2025\/04\/09\/a-declaracao-de-patrick-de-paula-apos-vitoria-do-botafogo\/"]}]},{"@type":"ImageObject","inLanguage":"pt-BR","@id":"https:\/\/www.gaveanews.com\/index.php\/2025\/04\/09\/a-declaracao-de-patrick-de-paula-apos-vitoria-do-botafogo\/#primaryimage","url":"https:\/\/www.gaveanews.com\/wp-content\/uploads\/Escudo-do-Botafogo-1.webp","contentUrl":"https:\/\/www.gaveanews.com\/wp-content\/uploads\/Escudo-do-Botafogo-1.webp","width":787,"height":525,"caption":"Escudo do Botafogo (Foto: Reprodu\u00e7\u00e3o\/Botafogo)"},{"@type":"BreadcrumbList","@id":"https:\/\/www.gaveanews.com\/index.php\/2025\/04\/09\/a-declaracao-de-patrick-de-paula-apos-vitoria-do-botafogo\/#breadcrumb","itemListElement":[{"@type":"ListItem","position":1,"name":"Home","item":"https:\/\/www.gaveanews.com\/"},{"@type":"ListItem","position":2,"name":"A declara\u00e7\u00e3o de Patrick de Paula ap\u00f3s vit\u00f3ria do Botafogo"}]},{"@type":"WebSite","@id":"https:\/\/www.gaveanews.com\/#website","url":"https:\/\/www.gaveanews.com\/","name":"G\u00e1vea News","description":"Veja todas as not\u00edcias sobre o Flamengo: Contrata\u00e7\u00f5es, categorias de base, resultados das partidas, tabela de classifica\u00e7\u00e3o, pr\u00f3ximos jogos!","potentialAction":[{"@type":"SearchAction","target":{"@type":"EntryPoint","urlTemplate":"https:\/\/www.gaveanews.com\/?s={search_term_string}"},"query-input":{"@type":"PropertyValueSpecification","valueRequired":true,"valueName":"search_term_string"}}],"inLanguage":"pt-BR"},{"@type":"Person","@id":"https:\/\/www.gaveanews.com\/#\/schema\/person\/0eb3e3fe1754f0205218538adbe8f5ed","name":"Rafaela Ladeira","image":{"@type":"ImageObject","inLanguage":"pt-BR","@id":"https:\/\/www.gaveanews.com\/#\/schema\/person\/image\/","url":"https:\/\/secure.gravatar.com\/avatar\/c31f513acffd85eacab5730cbdfdbbf59f21ba5aeada8cd890acea879fbb2455?s=96&d=mm&r=g","contentUrl":"https:\/\/secure.gravatar.com\/avatar\/c31f513acffd85eacab5730cbdfdbbf59f21ba5aeada8cd890acea879fbb2455?s=96&d=mm&r=g","caption":"Rafaela Ladeira"}}]}},"_links":{"self":[{"href":"https:\/\/www.gaveanews.com\/index.php\/wp-json\/wp\/v2\/posts\/251101","targetHints":{"allow":["GET"]}}],"collection":[{"href":"https:\/\/www.gaveanews.com\/index.php\/wp-json\/wp\/v2\/posts"}],"about":[{"href":"https:\/\/www.gaveanews.com\/index.php\/wp-json\/wp\/v2\/types\/post"}],"author":[{"embeddable":true,"href":"https:\/\/www.gaveanews.com\/index.php\/wp-json\/wp\/v2\/users\/25"}],"replies":[{"embeddable":true,"href":"https:\/\/www.gaveanews.com\/index.php\/wp-json\/wp\/v2\/comments?post=251101"}],"version-history":[{"count":1,"href":"https:\/\/www.gaveanews.com\/index.php\/wp-json\/wp\/v2\/posts\/251101\/revisions"}],"predecessor-version":[{"id":251104,"href":"https:\/\/www.gaveanews.com\/index.php\/wp-json\/wp\/v2\/posts\/251101\/revisions\/251104"}],"wp:featuredmedia":[{"embeddable":true,"href":"https:\/\/www.gaveanews.com\/index.php\/wp-json\/wp\/v2\/media\/182060"}],"wp:attachment":[{"href":"https:\/\/www.gaveanews.com\/index.php\/wp-json\/wp\/v2\/media?parent=251101"}],"wp:term":[{"taxonomy":"category","embeddable":true,"href":"https:\/\/www.gaveanews.com\/index.php\/wp-json\/wp\/v2\/categories?post=251101"},{"taxonomy":"post_tag","embeddable":true,"href":"https:\/\/www.gaveanews.com\/index.php\/wp-json\/wp\/v2\/tags?post=251101"}],"curies":[{"name":"wp","href":"https:\/\/api.w.org\/{rel}","templated":true}]}}