{"id":251110,"date":"2025-04-09T16:45:00","date_gmt":"2025-04-09T19:45:00","guid":{"rendered":"https:\/\/www.gaveanews.com\/?p=251110"},"modified":"2025-04-09T15:06:38","modified_gmt":"2025-04-09T18:06:38","slug":"ele-era-o-principal-nome-do-cruzeiro-mas-agora-esta-sem-espaco-com-leonardo-jardim","status":"publish","type":"post","link":"https:\/\/www.gaveanews.com\/index.php\/2025\/04\/09\/ele-era-o-principal-nome-do-cruzeiro-mas-agora-esta-sem-espaco-com-leonardo-jardim\/","title":{"rendered":"Ele era o principal nome do Cruzeiro mas agora est\u00e1 sem espa\u00e7o com Leonardo Jardim"},"content":{"rendered":"\n<p>Desde a chegada do t\u00e9cnico Leonardo Jardim, Matheus Pereira iniciou como titular em apenas um dos seis jogos sob o comando do treinador: na partida de ida da semifinal do Mineiro. Nos outros dois jogos em que esteve em campo, entrou no segundo tempo \u2013 diante do Democrata GV, com um time alternativo, e contra o Mirassol, na estreia do Campeonato Brasileiro.<\/p>\n\n\n\n<p>Ali\u00e1s, suas atua\u00e7\u00f5es at\u00e9 aqui somam cinco partidas oficiais na temporada e apenas uma assist\u00eancia registrada, sem gols marcados. A oscila\u00e7\u00e3o em campo, aliada \u00e0s aus\u00eancias recorrentes, impactou diretamente na busca por sequ\u00eancia e ritmo.<\/p>\n\n\n\n<h2 class=\"wp-block-heading\" id=\"h-retomada-e-apoio-interno\">Retomada e apoio interno<\/h2>\n\n\n\n<p>Apesar das incertezas envolvendo seu futuro \u2013 incluindo uma tentativa frustrada de troca com Luiz Ara\u00fajo, do Flamengo \u2013 Matheus Pereira segue nos planos da SAF cruzeirense. Pedro Louren\u00e7o, s\u00f3cio majorit\u00e1rio da Raposa, garantiu que o jogador permanecer\u00e1 na equipe.<\/p>\n\n\n\n<p>\u201cO Matheus \u00e9 assunto resolvido, est\u00e1 com o filhinho dele. \u00c9 nosso camisa 10, um menino bacana\u201d, declarou o dirigente. \u201cContamos com o futebol dele, estamos felizes. S\u00f3 posicionamos que n\u00e3o vamos amarrar ningu\u00e9m no p\u00e9 da cadeira. Esperamos contar com ele, que ele jogue na quarta, fa\u00e7a um grande jogo e dois gols para o Theo.\u201d<\/p>\n\n\n\n<h2 class=\"wp-block-heading\" id=\"h-expectativa-de-reencontro-com-a-torcida\">Expectativa de reencontro com a torcida<\/h2>\n\n\n\n<p>A volta de Matheus Pereira acontece em um momento de press\u00e3o sobre o elenco, especialmente ap\u00f3s a elimina\u00e7\u00e3o precoce no Campeonato Mineiro e desempenho irregular nos amistosos preparat\u00f3rios. Assim, sua presen\u00e7a no elenco que encara o Mushuc Runa representa mais do que um simples retorno t\u00e9cnico: trata-se de uma tentativa de reencontro com a confian\u00e7a da torcida e, principalmente, de reencontro com sua pr\u00f3pria regularidade.<\/p>\n\n\n\n<p>Enfim, o confronto no Mineir\u00e3o pode marcar o in\u00edcio de um novo cap\u00edtulo na temporada do camisa 10, que agora busca embalo e sequ\u00eancia para se consolidar como protagonista no planejamento do Cruzeiro para 2025.<\/p>\n","protected":false},"excerpt":{"rendered":"<p>Desde a chegada do t\u00e9cnico Leonardo Jardim, Matheus Pereira iniciou como titular em apenas um dos seis jogos sob o comando do treinador: na partida de ida da semifinal do Mineiro. Nos outros dois jogos em que esteve em campo, entrou no segundo tempo \u2013 diante do Democrata GV, com um time alternativo, e contra [&hellip;]<\/p>\n","protected":false},"author":30,"featured_media":175601,"comment_status":"open","ping_status":"closed","sticky":false,"template":"","format":"standard","meta":{"footnotes":""},"categories":[143],"tags":[],"class_list":["post-251110","post","type-post","status-publish","format-standard","has-post-thumbnail","hentry","category-cruzeiro"],"yoast_head":"<!-- This site is optimized with the Yoast SEO Premium plugin v24.2 (Yoast SEO v26.9) - https:\/\/yoast.com\/product\/yoast-seo-premium-wordpress\/ -->\n<title>Ele era o principal nome do Cruzeiro mas agora est\u00e1 sem espa\u00e7o com Leonardo Jardim<\/title>\n<meta name=\"robots\" content=\"index, follow, max-snippet:-1, max-image-preview:large, max-video-preview:-1\" \/>\n<link rel=\"canonical\" href=\"https:\/\/www.gaveanews.com\/index.php\/2025\/04\/09\/ele-era-o-principal-nome-do-cruzeiro-mas-agora-esta-sem-espaco-com-leonardo-jardim\/\" \/>\n<meta property=\"og:locale\" content=\"pt_BR\" \/>\n<meta property=\"og:type\" content=\"article\" \/>\n<meta property=\"og:title\" content=\"Ele era o principal nome do Cruzeiro mas agora est\u00e1 sem espa\u00e7o com Leonardo Jardim\" \/>\n<meta property=\"og:description\" content=\"Desde a chegada do t\u00e9cnico Leonardo Jardim, Matheus Pereira iniciou como titular em apenas um dos seis jogos sob o comando do treinador: na partida de ida da semifinal do Mineiro. Nos outros dois jogos em que esteve em campo, entrou no segundo tempo \u2013 diante do Democrata GV, com um time alternativo, e contra [&hellip;]\" \/>\n<meta property=\"og:url\" content=\"https:\/\/www.gaveanews.com\/index.php\/2025\/04\/09\/ele-era-o-principal-nome-do-cruzeiro-mas-agora-esta-sem-espaco-com-leonardo-jardim\/\" \/>\n<meta property=\"og:site_name\" content=\"G\u00e1vea News\" \/>\n<meta property=\"article:publisher\" content=\"https:\/\/facebook.com\/gaveaNews\/\" \/>\n<meta property=\"article:published_time\" content=\"2025-04-09T19:45:00+00:00\" \/>\n<meta property=\"og:image\" content=\"https:\/\/www.gaveanews.com\/wp-content\/uploads\/Bandeira-do-Cruzeiro.webp\" \/>\n\t<meta property=\"og:image:width\" content=\"1062\" \/>\n\t<meta property=\"og:image:height\" content=\"708\" \/>\n\t<meta property=\"og:image:type\" content=\"image\/webp\" \/>\n<meta name=\"author\" content=\"Ana Teixeira\" \/>\n<meta name=\"twitter:card\" content=\"summary_large_image\" \/>\n<meta name=\"twitter:label1\" content=\"Escrito por\" \/>\n\t<meta name=\"twitter:data1\" content=\"Ana Teixeira\" \/>\n\t<meta name=\"twitter:label2\" content=\"Est. tempo de leitura\" \/>\n\t<meta name=\"twitter:data2\" content=\"2 minutos\" \/>\n<script type=\"application\/ld+json\" class=\"yoast-schema-graph\">{\"@context\":\"https:\/\/schema.org\",\"@graph\":[{\"@type\":\"NewsArticle\",\"@id\":\"https:\/\/www.gaveanews.com\/index.php\/2025\/04\/09\/ele-era-o-principal-nome-do-cruzeiro-mas-agora-esta-sem-espaco-com-leonardo-jardim\/#article\",\"isPartOf\":{\"@id\":\"https:\/\/www.gaveanews.com\/index.php\/2025\/04\/09\/ele-era-o-principal-nome-do-cruzeiro-mas-agora-esta-sem-espaco-com-leonardo-jardim\/\"},\"author\":{\"name\":\"Ana Teixeira\",\"@id\":\"https:\/\/www.gaveanews.com\/#\/schema\/person\/3b19f7288b0ce20372991275e4f2e6c2\"},\"headline\":\"Ele era o principal nome do Cruzeiro mas agora est\u00e1 sem espa\u00e7o com Leonardo Jardim\",\"datePublished\":\"2025-04-09T19:45:00+00:00\",\"mainEntityOfPage\":{\"@id\":\"https:\/\/www.gaveanews.com\/index.php\/2025\/04\/09\/ele-era-o-principal-nome-do-cruzeiro-mas-agora-esta-sem-espaco-com-leonardo-jardim\/\"},\"wordCount\":338,\"commentCount\":0,\"image\":{\"@id\":\"https:\/\/www.gaveanews.com\/index.php\/2025\/04\/09\/ele-era-o-principal-nome-do-cruzeiro-mas-agora-esta-sem-espaco-com-leonardo-jardim\/#primaryimage\"},\"thumbnailUrl\":\"https:\/\/www.gaveanews.com\/wp-content\/uploads\/Bandeira-do-Cruzeiro.webp\",\"articleSection\":[\"Cruzeiro\"],\"inLanguage\":\"pt-BR\",\"potentialAction\":[{\"@type\":\"CommentAction\",\"name\":\"Comment\",\"target\":[\"https:\/\/www.gaveanews.com\/index.php\/2025\/04\/09\/ele-era-o-principal-nome-do-cruzeiro-mas-agora-esta-sem-espaco-com-leonardo-jardim\/#respond\"]}],\"copyrightYear\":\"2025\",\"copyrightHolder\":{\"@id\":\"https:\/\/www.gaveanews.com\/#organization\"}},{\"@type\":\"WebPage\",\"@id\":\"https:\/\/www.gaveanews.com\/index.php\/2025\/04\/09\/ele-era-o-principal-nome-do-cruzeiro-mas-agora-esta-sem-espaco-com-leonardo-jardim\/\",\"url\":\"https:\/\/www.gaveanews.com\/index.php\/2025\/04\/09\/ele-era-o-principal-nome-do-cruzeiro-mas-agora-esta-sem-espaco-com-leonardo-jardim\/\",\"name\":\"Ele era o principal nome do Cruzeiro mas agora est\u00e1 sem espa\u00e7o com Leonardo Jardim\",\"isPartOf\":{\"@id\":\"https:\/\/www.gaveanews.com\/#website\"},\"primaryImageOfPage\":{\"@id\":\"https:\/\/www.gaveanews.com\/index.php\/2025\/04\/09\/ele-era-o-principal-nome-do-cruzeiro-mas-agora-esta-sem-espaco-com-leonardo-jardim\/#primaryimage\"},\"image\":{\"@id\":\"https:\/\/www.gaveanews.com\/index.php\/2025\/04\/09\/ele-era-o-principal-nome-do-cruzeiro-mas-agora-esta-sem-espaco-com-leonardo-jardim\/#primaryimage\"},\"thumbnailUrl\":\"https:\/\/www.gaveanews.com\/wp-content\/uploads\/Bandeira-do-Cruzeiro.webp\",\"datePublished\":\"2025-04-09T19:45:00+00:00\",\"author\":{\"@id\":\"https:\/\/www.gaveanews.com\/#\/schema\/person\/3b19f7288b0ce20372991275e4f2e6c2\"},\"breadcrumb\":{\"@id\":\"https:\/\/www.gaveanews.com\/index.php\/2025\/04\/09\/ele-era-o-principal-nome-do-cruzeiro-mas-agora-esta-sem-espaco-com-leonardo-jardim\/#breadcrumb\"},\"inLanguage\":\"pt-BR\",\"potentialAction\":[{\"@type\":\"ReadAction\",\"target\":[\"https:\/\/www.gaveanews.com\/index.php\/2025\/04\/09\/ele-era-o-principal-nome-do-cruzeiro-mas-agora-esta-sem-espaco-com-leonardo-jardim\/\"]}]},{\"@type\":\"ImageObject\",\"inLanguage\":\"pt-BR\",\"@id\":\"https:\/\/www.gaveanews.com\/index.php\/2025\/04\/09\/ele-era-o-principal-nome-do-cruzeiro-mas-agora-esta-sem-espaco-com-leonardo-jardim\/#primaryimage\",\"url\":\"https:\/\/www.gaveanews.com\/wp-content\/uploads\/Bandeira-do-Cruzeiro.webp\",\"contentUrl\":\"https:\/\/www.gaveanews.com\/wp-content\/uploads\/Bandeira-do-Cruzeiro.webp\",\"width\":1062,\"height\":708,\"caption\":\"Bandeira do Cruzeiro (Foto: Reprodu\u00e7\u00e3o\/Cruzeiro)\"},{\"@type\":\"BreadcrumbList\",\"@id\":\"https:\/\/www.gaveanews.com\/index.php\/2025\/04\/09\/ele-era-o-principal-nome-do-cruzeiro-mas-agora-esta-sem-espaco-com-leonardo-jardim\/#breadcrumb\",\"itemListElement\":[{\"@type\":\"ListItem\",\"position\":1,\"name\":\"Home\",\"item\":\"https:\/\/www.gaveanews.com\/\"},{\"@type\":\"ListItem\",\"position\":2,\"name\":\"Ele era o principal nome do Cruzeiro mas agora est\u00e1 sem espa\u00e7o com Leonardo Jardim\"}]},{\"@type\":\"WebSite\",\"@id\":\"https:\/\/www.gaveanews.com\/#website\",\"url\":\"https:\/\/www.gaveanews.com\/\",\"name\":\"G\u00e1vea News\",\"description\":\"Veja todas as not\u00edcias sobre o Flamengo: Contrata\u00e7\u00f5es, categorias de base, resultados das partidas, tabela de classifica\u00e7\u00e3o, pr\u00f3ximos jogos!\",\"potentialAction\":[{\"@type\":\"SearchAction\",\"target\":{\"@type\":\"EntryPoint\",\"urlTemplate\":\"https:\/\/www.gaveanews.com\/?s={search_term_string}\"},\"query-input\":{\"@type\":\"PropertyValueSpecification\",\"valueRequired\":true,\"valueName\":\"search_term_string\"}}],\"inLanguage\":\"pt-BR\"},{\"@type\":\"Person\",\"@id\":\"https:\/\/www.gaveanews.com\/#\/schema\/person\/3b19f7288b0ce20372991275e4f2e6c2\",\"name\":\"Ana Teixeira\",\"image\":{\"@type\":\"ImageObject\",\"inLanguage\":\"pt-BR\",\"@id\":\"https:\/\/www.gaveanews.com\/#\/schema\/person\/image\/\",\"url\":\"https:\/\/secure.gravatar.com\/avatar\/0a73f5a5258f3fed37fc2fa641892f3f7a4748456d4d4792f9bc550e6c19e06c?s=96&d=mm&r=g\",\"contentUrl\":\"https:\/\/secure.gravatar.com\/avatar\/0a73f5a5258f3fed37fc2fa641892f3f7a4748456d4d4792f9bc550e6c19e06c?s=96&d=mm&r=g\",\"caption\":\"Ana Teixeira\"}}]}<\/script>\n<!-- \/ Yoast SEO Premium plugin. -->","yoast_head_json":{"title":"Ele era o principal nome do Cruzeiro mas agora est\u00e1 sem espa\u00e7o com Leonardo Jardim","robots":{"index":"index","follow":"follow","max-snippet":"max-snippet:-1","max-image-preview":"max-image-preview:large","max-video-preview":"max-video-preview:-1"},"canonical":"https:\/\/www.gaveanews.com\/index.php\/2025\/04\/09\/ele-era-o-principal-nome-do-cruzeiro-mas-agora-esta-sem-espaco-com-leonardo-jardim\/","og_locale":"pt_BR","og_type":"article","og_title":"Ele era o principal nome do Cruzeiro mas agora est\u00e1 sem espa\u00e7o com Leonardo Jardim","og_description":"Desde a chegada do t\u00e9cnico Leonardo Jardim, Matheus Pereira iniciou como titular em apenas um dos seis jogos sob o comando do treinador: na partida de ida da semifinal do Mineiro. Nos outros dois jogos em que esteve em campo, entrou no segundo tempo \u2013 diante do Democrata GV, com um time alternativo, e contra [&hellip;]","og_url":"https:\/\/www.gaveanews.com\/index.php\/2025\/04\/09\/ele-era-o-principal-nome-do-cruzeiro-mas-agora-esta-sem-espaco-com-leonardo-jardim\/","og_site_name":"G\u00e1vea News","article_publisher":"https:\/\/facebook.com\/gaveaNews\/","article_published_time":"2025-04-09T19:45:00+00:00","og_image":[{"width":1062,"height":708,"url":"https:\/\/www.gaveanews.com\/wp-content\/uploads\/Bandeira-do-Cruzeiro.webp","type":"image\/webp"}],"author":"Ana Teixeira","twitter_card":"summary_large_image","twitter_misc":{"Escrito por":"Ana Teixeira","Est. tempo de leitura":"2 minutos"},"schema":{"@context":"https:\/\/schema.org","@graph":[{"@type":"NewsArticle","@id":"https:\/\/www.gaveanews.com\/index.php\/2025\/04\/09\/ele-era-o-principal-nome-do-cruzeiro-mas-agora-esta-sem-espaco-com-leonardo-jardim\/#article","isPartOf":{"@id":"https:\/\/www.gaveanews.com\/index.php\/2025\/04\/09\/ele-era-o-principal-nome-do-cruzeiro-mas-agora-esta-sem-espaco-com-leonardo-jardim\/"},"author":{"name":"Ana Teixeira","@id":"https:\/\/www.gaveanews.com\/#\/schema\/person\/3b19f7288b0ce20372991275e4f2e6c2"},"headline":"Ele era o principal nome do Cruzeiro mas agora est\u00e1 sem espa\u00e7o com Leonardo Jardim","datePublished":"2025-04-09T19:45:00+00:00","mainEntityOfPage":{"@id":"https:\/\/www.gaveanews.com\/index.php\/2025\/04\/09\/ele-era-o-principal-nome-do-cruzeiro-mas-agora-esta-sem-espaco-com-leonardo-jardim\/"},"wordCount":338,"commentCount":0,"image":{"@id":"https:\/\/www.gaveanews.com\/index.php\/2025\/04\/09\/ele-era-o-principal-nome-do-cruzeiro-mas-agora-esta-sem-espaco-com-leonardo-jardim\/#primaryimage"},"thumbnailUrl":"https:\/\/www.gaveanews.com\/wp-content\/uploads\/Bandeira-do-Cruzeiro.webp","articleSection":["Cruzeiro"],"inLanguage":"pt-BR","potentialAction":[{"@type":"CommentAction","name":"Comment","target":["https:\/\/www.gaveanews.com\/index.php\/2025\/04\/09\/ele-era-o-principal-nome-do-cruzeiro-mas-agora-esta-sem-espaco-com-leonardo-jardim\/#respond"]}],"copyrightYear":"2025","copyrightHolder":{"@id":"https:\/\/www.gaveanews.com\/#organization"}},{"@type":"WebPage","@id":"https:\/\/www.gaveanews.com\/index.php\/2025\/04\/09\/ele-era-o-principal-nome-do-cruzeiro-mas-agora-esta-sem-espaco-com-leonardo-jardim\/","url":"https:\/\/www.gaveanews.com\/index.php\/2025\/04\/09\/ele-era-o-principal-nome-do-cruzeiro-mas-agora-esta-sem-espaco-com-leonardo-jardim\/","name":"Ele era o principal nome do Cruzeiro mas agora est\u00e1 sem espa\u00e7o com Leonardo Jardim","isPartOf":{"@id":"https:\/\/www.gaveanews.com\/#website"},"primaryImageOfPage":{"@id":"https:\/\/www.gaveanews.com\/index.php\/2025\/04\/09\/ele-era-o-principal-nome-do-cruzeiro-mas-agora-esta-sem-espaco-com-leonardo-jardim\/#primaryimage"},"image":{"@id":"https:\/\/www.gaveanews.com\/index.php\/2025\/04\/09\/ele-era-o-principal-nome-do-cruzeiro-mas-agora-esta-sem-espaco-com-leonardo-jardim\/#primaryimage"},"thumbnailUrl":"https:\/\/www.gaveanews.com\/wp-content\/uploads\/Bandeira-do-Cruzeiro.webp","datePublished":"2025-04-09T19:45:00+00:00","author":{"@id":"https:\/\/www.gaveanews.com\/#\/schema\/person\/3b19f7288b0ce20372991275e4f2e6c2"},"breadcrumb":{"@id":"https:\/\/www.gaveanews.com\/index.php\/2025\/04\/09\/ele-era-o-principal-nome-do-cruzeiro-mas-agora-esta-sem-espaco-com-leonardo-jardim\/#breadcrumb"},"inLanguage":"pt-BR","potentialAction":[{"@type":"ReadAction","target":["https:\/\/www.gaveanews.com\/index.php\/2025\/04\/09\/ele-era-o-principal-nome-do-cruzeiro-mas-agora-esta-sem-espaco-com-leonardo-jardim\/"]}]},{"@type":"ImageObject","inLanguage":"pt-BR","@id":"https:\/\/www.gaveanews.com\/index.php\/2025\/04\/09\/ele-era-o-principal-nome-do-cruzeiro-mas-agora-esta-sem-espaco-com-leonardo-jardim\/#primaryimage","url":"https:\/\/www.gaveanews.com\/wp-content\/uploads\/Bandeira-do-Cruzeiro.webp","contentUrl":"https:\/\/www.gaveanews.com\/wp-content\/uploads\/Bandeira-do-Cruzeiro.webp","width":1062,"height":708,"caption":"Bandeira do Cruzeiro (Foto: Reprodu\u00e7\u00e3o\/Cruzeiro)"},{"@type":"BreadcrumbList","@id":"https:\/\/www.gaveanews.com\/index.php\/2025\/04\/09\/ele-era-o-principal-nome-do-cruzeiro-mas-agora-esta-sem-espaco-com-leonardo-jardim\/#breadcrumb","itemListElement":[{"@type":"ListItem","position":1,"name":"Home","item":"https:\/\/www.gaveanews.com\/"},{"@type":"ListItem","position":2,"name":"Ele era o principal nome do Cruzeiro mas agora est\u00e1 sem espa\u00e7o com Leonardo Jardim"}]},{"@type":"WebSite","@id":"https:\/\/www.gaveanews.com\/#website","url":"https:\/\/www.gaveanews.com\/","name":"G\u00e1vea News","description":"Veja todas as not\u00edcias sobre o Flamengo: Contrata\u00e7\u00f5es, categorias de base, resultados das partidas, tabela de classifica\u00e7\u00e3o, pr\u00f3ximos jogos!","potentialAction":[{"@type":"SearchAction","target":{"@type":"EntryPoint","urlTemplate":"https:\/\/www.gaveanews.com\/?s={search_term_string}"},"query-input":{"@type":"PropertyValueSpecification","valueRequired":true,"valueName":"search_term_string"}}],"inLanguage":"pt-BR"},{"@type":"Person","@id":"https:\/\/www.gaveanews.com\/#\/schema\/person\/3b19f7288b0ce20372991275e4f2e6c2","name":"Ana Teixeira","image":{"@type":"ImageObject","inLanguage":"pt-BR","@id":"https:\/\/www.gaveanews.com\/#\/schema\/person\/image\/","url":"https:\/\/secure.gravatar.com\/avatar\/0a73f5a5258f3fed37fc2fa641892f3f7a4748456d4d4792f9bc550e6c19e06c?s=96&d=mm&r=g","contentUrl":"https:\/\/secure.gravatar.com\/avatar\/0a73f5a5258f3fed37fc2fa641892f3f7a4748456d4d4792f9bc550e6c19e06c?s=96&d=mm&r=g","caption":"Ana Teixeira"}}]}},"_links":{"self":[{"href":"https:\/\/www.gaveanews.com\/index.php\/wp-json\/wp\/v2\/posts\/251110","targetHints":{"allow":["GET"]}}],"collection":[{"href":"https:\/\/www.gaveanews.com\/index.php\/wp-json\/wp\/v2\/posts"}],"about":[{"href":"https:\/\/www.gaveanews.com\/index.php\/wp-json\/wp\/v2\/types\/post"}],"author":[{"embeddable":true,"href":"https:\/\/www.gaveanews.com\/index.php\/wp-json\/wp\/v2\/users\/30"}],"replies":[{"embeddable":true,"href":"https:\/\/www.gaveanews.com\/index.php\/wp-json\/wp\/v2\/comments?post=251110"}],"version-history":[{"count":1,"href":"https:\/\/www.gaveanews.com\/index.php\/wp-json\/wp\/v2\/posts\/251110\/revisions"}],"predecessor-version":[{"id":251122,"href":"https:\/\/www.gaveanews.com\/index.php\/wp-json\/wp\/v2\/posts\/251110\/revisions\/251122"}],"wp:featuredmedia":[{"embeddable":true,"href":"https:\/\/www.gaveanews.com\/index.php\/wp-json\/wp\/v2\/media\/175601"}],"wp:attachment":[{"href":"https:\/\/www.gaveanews.com\/index.php\/wp-json\/wp\/v2\/media?parent=251110"}],"wp:term":[{"taxonomy":"category","embeddable":true,"href":"https:\/\/www.gaveanews.com\/index.php\/wp-json\/wp\/v2\/categories?post=251110"},{"taxonomy":"post_tag","embeddable":true,"href":"https:\/\/www.gaveanews.com\/index.php\/wp-json\/wp\/v2\/tags?post=251110"}],"curies":[{"name":"wp","href":"https:\/\/api.w.org\/{rel}","templated":true}]}}