{"id":251121,"date":"2025-04-09T17:10:00","date_gmt":"2025-04-09T20:10:00","guid":{"rendered":"https:\/\/www.gaveanews.com\/?p=251121"},"modified":"2025-04-09T15:06:57","modified_gmt":"2025-04-09T18:06:57","slug":"a-exigencia-de-dorival-junior-para-assinar-com-o-santos","status":"publish","type":"post","link":"https:\/\/www.gaveanews.com\/index.php\/2025\/04\/09\/a-exigencia-de-dorival-junior-para-assinar-com-o-santos\/","title":{"rendered":"A exig\u00eancia de Dorival J\u00fanior para assinar com o Santos"},"content":{"rendered":"\n<p>A sa\u00edda de Dorival J\u00fanior da Sele\u00e7\u00e3o Brasileira ainda repercute no futebol nacional. O treinador, que foi desligado pela CBF em mar\u00e7o, dias ap\u00f3s a goleada para a Argentina, agora est\u00e1 no radar de diversos clubes brasileiros.&nbsp;<\/p>\n\n\n\n<p>Entre os interessados, o Santos surge como uma possibilidade concreta, mas h\u00e1 um fator determinante: Dorival tem uma exig\u00eancia financeira elevada para voltar a trabalhar.<\/p>\n\n\n\n<h2 class=\"wp-block-heading\" id=\"h-exigencia-salarial-pode-ser-um-obstaculo\">Exig\u00eancia salarial pode ser um obst\u00e1culo<\/h2>\n\n\n\n<figure class=\"wp-block-image size-full\"><img loading=\"lazy\" decoding=\"async\" width=\"984\" height=\"656\" src=\"http:\/\/www.gaveanews.com\/wp-content\/uploads\/2.avif\" alt=\"Dorival J\u00fanior\" class=\"wp-image-142254\"\/><figcaption class=\"wp-element-caption\">Dorival J\u00fanior  \u2014 Foto: Andr\u00e9 Dur\u00e3o<\/figcaption><\/figure>\n\n\n\n<p>Dorival J\u00fanior, que j\u00e1 teve passagens marcantes pelo Santos, n\u00e3o pretende assumir um novo clube sem uma proposta convincente. Sendo assim, ele deixou claro que s\u00f3 voltar\u00e1 ao mercado por valores acima de R$ 1,5 milh\u00e3o mensais. Isso porque o treinador se sentiu injusti\u00e7ado com a forma como foi demitido da Sele\u00e7\u00e3o e deseja um tempo para refletir sobre os pr\u00f3ximos passos na carreira.<\/p>\n\n\n\n<p>Al\u00e9m disso, o t\u00e9cnico quer analisar com calma as op\u00e7\u00f5es dispon\u00edveis antes de tomar uma decis\u00e3o definitiva. Com isso, times como Gr\u00eamio e S\u00e3o Paulo tamb\u00e9m monitoram sua situa\u00e7\u00e3o, esperando uma sinaliza\u00e7\u00e3o positiva para abrir negocia\u00e7\u00f5es.&nbsp;<\/p>\n\n\n\n<p>Vale destacar que o mercado brasileiro est\u00e1 sempre em movimento, e a dan\u00e7a das cadeiras dos treinadores pode influenciar diretamente nas escolhas de Dorival.<\/p>\n\n\n\n<p>Outro ponto que pesa na decis\u00e3o do t\u00e9cnico \u00e9 a estrutura oferecida pelos clubes. Ele deseja um projeto s\u00f3lido, que possibilite a conquista de t\u00edtulos e tenha respaldo da diretoria. Dessa maneira, sua escolha n\u00e3o ser\u00e1 baseada apenas no fator financeiro, mas tamb\u00e9m na estabilidade do trabalho a longo prazo.<\/p>\n\n\n\n<h2 class=\"wp-block-heading\" id=\"h-dorival-no-santos\">Dorival no Santos<\/h2>\n\n\n\n<p>A rela\u00e7\u00e3o entre Dorival J\u00fanior e o Santos \u00e9 especial. O treinador teve passagens vitoriosas pelo clube, revelando jovens talentos e conquistando t\u00edtulos importantes. Vale destacar que, em 2015, levou a equipe \u00e0 final da Copa do Brasil e conquistou o Campeonato Paulista.<\/p>\n\n\n\n<p>Portanto, a torcida do Peixe v\u00ea com bons olhos um poss\u00edvel retorno do treinador. No entanto, a diretoria santista precisa avaliar se poder\u00e1 arcar com as exig\u00eancias salariais do comandante.&nbsp;<\/p>\n\n\n\n<p>Dessa maneira, o futuro de Dorival segue indefinido, mas com grandes possibilidades de um retorno ao futebol brasileiro em breve. Caso nenhuma proposta concreta apare\u00e7a no momento, o treinador pode estender seu per\u00edodo de descanso, aguardando uma oportunidade que se encaixe perfeitamente em seus planos.<\/p>\n","protected":false},"excerpt":{"rendered":"<p>A sa\u00edda de Dorival J\u00fanior da Sele\u00e7\u00e3o Brasileira ainda repercute no futebol nacional. O treinador, que foi desligado pela CBF em mar\u00e7o, dias ap\u00f3s a goleada para a Argentina, agora est\u00e1 no radar de diversos clubes brasileiros.&nbsp; Entre os interessados, o Santos surge como uma possibilidade concreta, mas h\u00e1 um fator determinante: Dorival tem uma [&hellip;]<\/p>\n","protected":false},"author":25,"featured_media":126556,"comment_status":"open","ping_status":"closed","sticky":false,"template":"","format":"standard","meta":{"footnotes":""},"categories":[139],"tags":[],"class_list":["post-251121","post","type-post","status-publish","format-standard","has-post-thumbnail","hentry","category-santos"],"yoast_head":"<!-- This site is optimized with the Yoast SEO Premium plugin v24.2 (Yoast SEO v26.9) - https:\/\/yoast.com\/product\/yoast-seo-premium-wordpress\/ -->\n<title>A exig\u00eancia de Dorival J\u00fanior para assinar com o Santos<\/title>\n<meta name=\"robots\" content=\"index, follow, max-snippet:-1, max-image-preview:large, max-video-preview:-1\" \/>\n<link rel=\"canonical\" href=\"https:\/\/www.gaveanews.com\/index.php\/2025\/04\/09\/a-exigencia-de-dorival-junior-para-assinar-com-o-santos\/\" \/>\n<meta property=\"og:locale\" content=\"pt_BR\" \/>\n<meta property=\"og:type\" content=\"article\" \/>\n<meta property=\"og:title\" content=\"A exig\u00eancia de Dorival J\u00fanior para assinar com o Santos\" \/>\n<meta property=\"og:description\" content=\"A sa\u00edda de Dorival J\u00fanior da Sele\u00e7\u00e3o Brasileira ainda repercute no futebol nacional. O treinador, que foi desligado pela CBF em mar\u00e7o, dias ap\u00f3s a goleada para a Argentina, agora est\u00e1 no radar de diversos clubes brasileiros.&nbsp; Entre os interessados, o Santos surge como uma possibilidade concreta, mas h\u00e1 um fator determinante: Dorival tem uma [&hellip;]\" \/>\n<meta property=\"og:url\" content=\"https:\/\/www.gaveanews.com\/index.php\/2025\/04\/09\/a-exigencia-de-dorival-junior-para-assinar-com-o-santos\/\" \/>\n<meta property=\"og:site_name\" content=\"G\u00e1vea News\" \/>\n<meta property=\"article:publisher\" content=\"https:\/\/facebook.com\/gaveaNews\/\" \/>\n<meta property=\"article:published_time\" content=\"2025-04-09T20:10:00+00:00\" \/>\n<meta property=\"og:image\" content=\"https:\/\/www.gaveanews.com\/wp-content\/uploads\/dorival-junior-selecao-e1704998153515.webp\" \/>\n\t<meta property=\"og:image:width\" content=\"732\" \/>\n\t<meta property=\"og:image:height\" content=\"412\" \/>\n\t<meta property=\"og:image:type\" content=\"image\/webp\" \/>\n<meta name=\"author\" content=\"Rafaela Ladeira\" \/>\n<meta name=\"twitter:card\" content=\"summary_large_image\" \/>\n<meta name=\"twitter:label1\" content=\"Escrito por\" \/>\n\t<meta name=\"twitter:data1\" content=\"Rafaela Ladeira\" \/>\n\t<meta name=\"twitter:label2\" content=\"Est. tempo de leitura\" \/>\n\t<meta name=\"twitter:data2\" content=\"3 minutos\" \/>\n<script type=\"application\/ld+json\" class=\"yoast-schema-graph\">{\"@context\":\"https:\/\/schema.org\",\"@graph\":[{\"@type\":\"NewsArticle\",\"@id\":\"https:\/\/www.gaveanews.com\/index.php\/2025\/04\/09\/a-exigencia-de-dorival-junior-para-assinar-com-o-santos\/#article\",\"isPartOf\":{\"@id\":\"https:\/\/www.gaveanews.com\/index.php\/2025\/04\/09\/a-exigencia-de-dorival-junior-para-assinar-com-o-santos\/\"},\"author\":{\"name\":\"Rafaela Ladeira\",\"@id\":\"https:\/\/www.gaveanews.com\/#\/schema\/person\/0eb3e3fe1754f0205218538adbe8f5ed\"},\"headline\":\"A exig\u00eancia de Dorival J\u00fanior para assinar com o Santos\",\"datePublished\":\"2025-04-09T20:10:00+00:00\",\"mainEntityOfPage\":{\"@id\":\"https:\/\/www.gaveanews.com\/index.php\/2025\/04\/09\/a-exigencia-de-dorival-junior-para-assinar-com-o-santos\/\"},\"wordCount\":419,\"commentCount\":0,\"image\":{\"@id\":\"https:\/\/www.gaveanews.com\/index.php\/2025\/04\/09\/a-exigencia-de-dorival-junior-para-assinar-com-o-santos\/#primaryimage\"},\"thumbnailUrl\":\"https:\/\/www.gaveanews.com\/wp-content\/uploads\/dorival-junior-selecao-e1704998153515.webp\",\"articleSection\":[\"Santos\"],\"inLanguage\":\"pt-BR\",\"potentialAction\":[{\"@type\":\"CommentAction\",\"name\":\"Comment\",\"target\":[\"https:\/\/www.gaveanews.com\/index.php\/2025\/04\/09\/a-exigencia-de-dorival-junior-para-assinar-com-o-santos\/#respond\"]}],\"copyrightYear\":\"2025\",\"copyrightHolder\":{\"@id\":\"https:\/\/www.gaveanews.com\/#organization\"}},{\"@type\":\"WebPage\",\"@id\":\"https:\/\/www.gaveanews.com\/index.php\/2025\/04\/09\/a-exigencia-de-dorival-junior-para-assinar-com-o-santos\/\",\"url\":\"https:\/\/www.gaveanews.com\/index.php\/2025\/04\/09\/a-exigencia-de-dorival-junior-para-assinar-com-o-santos\/\",\"name\":\"A exig\u00eancia de Dorival J\u00fanior para assinar com o Santos\",\"isPartOf\":{\"@id\":\"https:\/\/www.gaveanews.com\/#website\"},\"primaryImageOfPage\":{\"@id\":\"https:\/\/www.gaveanews.com\/index.php\/2025\/04\/09\/a-exigencia-de-dorival-junior-para-assinar-com-o-santos\/#primaryimage\"},\"image\":{\"@id\":\"https:\/\/www.gaveanews.com\/index.php\/2025\/04\/09\/a-exigencia-de-dorival-junior-para-assinar-com-o-santos\/#primaryimage\"},\"thumbnailUrl\":\"https:\/\/www.gaveanews.com\/wp-content\/uploads\/dorival-junior-selecao-e1704998153515.webp\",\"datePublished\":\"2025-04-09T20:10:00+00:00\",\"author\":{\"@id\":\"https:\/\/www.gaveanews.com\/#\/schema\/person\/0eb3e3fe1754f0205218538adbe8f5ed\"},\"breadcrumb\":{\"@id\":\"https:\/\/www.gaveanews.com\/index.php\/2025\/04\/09\/a-exigencia-de-dorival-junior-para-assinar-com-o-santos\/#breadcrumb\"},\"inLanguage\":\"pt-BR\",\"potentialAction\":[{\"@type\":\"ReadAction\",\"target\":[\"https:\/\/www.gaveanews.com\/index.php\/2025\/04\/09\/a-exigencia-de-dorival-junior-para-assinar-com-o-santos\/\"]}]},{\"@type\":\"ImageObject\",\"inLanguage\":\"pt-BR\",\"@id\":\"https:\/\/www.gaveanews.com\/index.php\/2025\/04\/09\/a-exigencia-de-dorival-junior-para-assinar-com-o-santos\/#primaryimage\",\"url\":\"https:\/\/www.gaveanews.com\/wp-content\/uploads\/dorival-junior-selecao-e1704998153515.webp\",\"contentUrl\":\"https:\/\/www.gaveanews.com\/wp-content\/uploads\/dorival-junior-selecao-e1704998153515.webp\",\"width\":732,\"height\":412,\"caption\":\"Dorival J\u00fanior, t\u00e9cnico da Sele\u00e7\u00e3o Brasileira (Foto: Reprodu\u00e7\u00e3o)\"},{\"@type\":\"BreadcrumbList\",\"@id\":\"https:\/\/www.gaveanews.com\/index.php\/2025\/04\/09\/a-exigencia-de-dorival-junior-para-assinar-com-o-santos\/#breadcrumb\",\"itemListElement\":[{\"@type\":\"ListItem\",\"position\":1,\"name\":\"Home\",\"item\":\"https:\/\/www.gaveanews.com\/\"},{\"@type\":\"ListItem\",\"position\":2,\"name\":\"A exig\u00eancia de Dorival J\u00fanior para assinar com o Santos\"}]},{\"@type\":\"WebSite\",\"@id\":\"https:\/\/www.gaveanews.com\/#website\",\"url\":\"https:\/\/www.gaveanews.com\/\",\"name\":\"G\u00e1vea News\",\"description\":\"Veja todas as not\u00edcias sobre o Flamengo: Contrata\u00e7\u00f5es, categorias de base, resultados das partidas, tabela de classifica\u00e7\u00e3o, pr\u00f3ximos jogos!\",\"potentialAction\":[{\"@type\":\"SearchAction\",\"target\":{\"@type\":\"EntryPoint\",\"urlTemplate\":\"https:\/\/www.gaveanews.com\/?s={search_term_string}\"},\"query-input\":{\"@type\":\"PropertyValueSpecification\",\"valueRequired\":true,\"valueName\":\"search_term_string\"}}],\"inLanguage\":\"pt-BR\"},{\"@type\":\"Person\",\"@id\":\"https:\/\/www.gaveanews.com\/#\/schema\/person\/0eb3e3fe1754f0205218538adbe8f5ed\",\"name\":\"Rafaela Ladeira\",\"image\":{\"@type\":\"ImageObject\",\"inLanguage\":\"pt-BR\",\"@id\":\"https:\/\/www.gaveanews.com\/#\/schema\/person\/image\/\",\"url\":\"https:\/\/secure.gravatar.com\/avatar\/c31f513acffd85eacab5730cbdfdbbf59f21ba5aeada8cd890acea879fbb2455?s=96&d=mm&r=g\",\"contentUrl\":\"https:\/\/secure.gravatar.com\/avatar\/c31f513acffd85eacab5730cbdfdbbf59f21ba5aeada8cd890acea879fbb2455?s=96&d=mm&r=g\",\"caption\":\"Rafaela Ladeira\"}}]}<\/script>\n<!-- \/ Yoast SEO Premium plugin. -->","yoast_head_json":{"title":"A exig\u00eancia de Dorival J\u00fanior para assinar com o Santos","robots":{"index":"index","follow":"follow","max-snippet":"max-snippet:-1","max-image-preview":"max-image-preview:large","max-video-preview":"max-video-preview:-1"},"canonical":"https:\/\/www.gaveanews.com\/index.php\/2025\/04\/09\/a-exigencia-de-dorival-junior-para-assinar-com-o-santos\/","og_locale":"pt_BR","og_type":"article","og_title":"A exig\u00eancia de Dorival J\u00fanior para assinar com o Santos","og_description":"A sa\u00edda de Dorival J\u00fanior da Sele\u00e7\u00e3o Brasileira ainda repercute no futebol nacional. O treinador, que foi desligado pela CBF em mar\u00e7o, dias ap\u00f3s a goleada para a Argentina, agora est\u00e1 no radar de diversos clubes brasileiros.&nbsp; Entre os interessados, o Santos surge como uma possibilidade concreta, mas h\u00e1 um fator determinante: Dorival tem uma [&hellip;]","og_url":"https:\/\/www.gaveanews.com\/index.php\/2025\/04\/09\/a-exigencia-de-dorival-junior-para-assinar-com-o-santos\/","og_site_name":"G\u00e1vea News","article_publisher":"https:\/\/facebook.com\/gaveaNews\/","article_published_time":"2025-04-09T20:10:00+00:00","og_image":[{"width":732,"height":412,"url":"https:\/\/www.gaveanews.com\/wp-content\/uploads\/dorival-junior-selecao-e1704998153515.webp","type":"image\/webp"}],"author":"Rafaela Ladeira","twitter_card":"summary_large_image","twitter_misc":{"Escrito por":"Rafaela Ladeira","Est. tempo de leitura":"3 minutos"},"schema":{"@context":"https:\/\/schema.org","@graph":[{"@type":"NewsArticle","@id":"https:\/\/www.gaveanews.com\/index.php\/2025\/04\/09\/a-exigencia-de-dorival-junior-para-assinar-com-o-santos\/#article","isPartOf":{"@id":"https:\/\/www.gaveanews.com\/index.php\/2025\/04\/09\/a-exigencia-de-dorival-junior-para-assinar-com-o-santos\/"},"author":{"name":"Rafaela Ladeira","@id":"https:\/\/www.gaveanews.com\/#\/schema\/person\/0eb3e3fe1754f0205218538adbe8f5ed"},"headline":"A exig\u00eancia de Dorival J\u00fanior para assinar com o Santos","datePublished":"2025-04-09T20:10:00+00:00","mainEntityOfPage":{"@id":"https:\/\/www.gaveanews.com\/index.php\/2025\/04\/09\/a-exigencia-de-dorival-junior-para-assinar-com-o-santos\/"},"wordCount":419,"commentCount":0,"image":{"@id":"https:\/\/www.gaveanews.com\/index.php\/2025\/04\/09\/a-exigencia-de-dorival-junior-para-assinar-com-o-santos\/#primaryimage"},"thumbnailUrl":"https:\/\/www.gaveanews.com\/wp-content\/uploads\/dorival-junior-selecao-e1704998153515.webp","articleSection":["Santos"],"inLanguage":"pt-BR","potentialAction":[{"@type":"CommentAction","name":"Comment","target":["https:\/\/www.gaveanews.com\/index.php\/2025\/04\/09\/a-exigencia-de-dorival-junior-para-assinar-com-o-santos\/#respond"]}],"copyrightYear":"2025","copyrightHolder":{"@id":"https:\/\/www.gaveanews.com\/#organization"}},{"@type":"WebPage","@id":"https:\/\/www.gaveanews.com\/index.php\/2025\/04\/09\/a-exigencia-de-dorival-junior-para-assinar-com-o-santos\/","url":"https:\/\/www.gaveanews.com\/index.php\/2025\/04\/09\/a-exigencia-de-dorival-junior-para-assinar-com-o-santos\/","name":"A exig\u00eancia de Dorival J\u00fanior para assinar com o Santos","isPartOf":{"@id":"https:\/\/www.gaveanews.com\/#website"},"primaryImageOfPage":{"@id":"https:\/\/www.gaveanews.com\/index.php\/2025\/04\/09\/a-exigencia-de-dorival-junior-para-assinar-com-o-santos\/#primaryimage"},"image":{"@id":"https:\/\/www.gaveanews.com\/index.php\/2025\/04\/09\/a-exigencia-de-dorival-junior-para-assinar-com-o-santos\/#primaryimage"},"thumbnailUrl":"https:\/\/www.gaveanews.com\/wp-content\/uploads\/dorival-junior-selecao-e1704998153515.webp","datePublished":"2025-04-09T20:10:00+00:00","author":{"@id":"https:\/\/www.gaveanews.com\/#\/schema\/person\/0eb3e3fe1754f0205218538adbe8f5ed"},"breadcrumb":{"@id":"https:\/\/www.gaveanews.com\/index.php\/2025\/04\/09\/a-exigencia-de-dorival-junior-para-assinar-com-o-santos\/#breadcrumb"},"inLanguage":"pt-BR","potentialAction":[{"@type":"ReadAction","target":["https:\/\/www.gaveanews.com\/index.php\/2025\/04\/09\/a-exigencia-de-dorival-junior-para-assinar-com-o-santos\/"]}]},{"@type":"ImageObject","inLanguage":"pt-BR","@id":"https:\/\/www.gaveanews.com\/index.php\/2025\/04\/09\/a-exigencia-de-dorival-junior-para-assinar-com-o-santos\/#primaryimage","url":"https:\/\/www.gaveanews.com\/wp-content\/uploads\/dorival-junior-selecao-e1704998153515.webp","contentUrl":"https:\/\/www.gaveanews.com\/wp-content\/uploads\/dorival-junior-selecao-e1704998153515.webp","width":732,"height":412,"caption":"Dorival J\u00fanior, t\u00e9cnico da Sele\u00e7\u00e3o Brasileira (Foto: Reprodu\u00e7\u00e3o)"},{"@type":"BreadcrumbList","@id":"https:\/\/www.gaveanews.com\/index.php\/2025\/04\/09\/a-exigencia-de-dorival-junior-para-assinar-com-o-santos\/#breadcrumb","itemListElement":[{"@type":"ListItem","position":1,"name":"Home","item":"https:\/\/www.gaveanews.com\/"},{"@type":"ListItem","position":2,"name":"A exig\u00eancia de Dorival J\u00fanior para assinar com o Santos"}]},{"@type":"WebSite","@id":"https:\/\/www.gaveanews.com\/#website","url":"https:\/\/www.gaveanews.com\/","name":"G\u00e1vea News","description":"Veja todas as not\u00edcias sobre o Flamengo: Contrata\u00e7\u00f5es, categorias de base, resultados das partidas, tabela de classifica\u00e7\u00e3o, pr\u00f3ximos jogos!","potentialAction":[{"@type":"SearchAction","target":{"@type":"EntryPoint","urlTemplate":"https:\/\/www.gaveanews.com\/?s={search_term_string}"},"query-input":{"@type":"PropertyValueSpecification","valueRequired":true,"valueName":"search_term_string"}}],"inLanguage":"pt-BR"},{"@type":"Person","@id":"https:\/\/www.gaveanews.com\/#\/schema\/person\/0eb3e3fe1754f0205218538adbe8f5ed","name":"Rafaela Ladeira","image":{"@type":"ImageObject","inLanguage":"pt-BR","@id":"https:\/\/www.gaveanews.com\/#\/schema\/person\/image\/","url":"https:\/\/secure.gravatar.com\/avatar\/c31f513acffd85eacab5730cbdfdbbf59f21ba5aeada8cd890acea879fbb2455?s=96&d=mm&r=g","contentUrl":"https:\/\/secure.gravatar.com\/avatar\/c31f513acffd85eacab5730cbdfdbbf59f21ba5aeada8cd890acea879fbb2455?s=96&d=mm&r=g","caption":"Rafaela Ladeira"}}]}},"_links":{"self":[{"href":"https:\/\/www.gaveanews.com\/index.php\/wp-json\/wp\/v2\/posts\/251121","targetHints":{"allow":["GET"]}}],"collection":[{"href":"https:\/\/www.gaveanews.com\/index.php\/wp-json\/wp\/v2\/posts"}],"about":[{"href":"https:\/\/www.gaveanews.com\/index.php\/wp-json\/wp\/v2\/types\/post"}],"author":[{"embeddable":true,"href":"https:\/\/www.gaveanews.com\/index.php\/wp-json\/wp\/v2\/users\/25"}],"replies":[{"embeddable":true,"href":"https:\/\/www.gaveanews.com\/index.php\/wp-json\/wp\/v2\/comments?post=251121"}],"version-history":[{"count":1,"href":"https:\/\/www.gaveanews.com\/index.php\/wp-json\/wp\/v2\/posts\/251121\/revisions"}],"predecessor-version":[{"id":251123,"href":"https:\/\/www.gaveanews.com\/index.php\/wp-json\/wp\/v2\/posts\/251121\/revisions\/251123"}],"wp:featuredmedia":[{"embeddable":true,"href":"https:\/\/www.gaveanews.com\/index.php\/wp-json\/wp\/v2\/media\/126556"}],"wp:attachment":[{"href":"https:\/\/www.gaveanews.com\/index.php\/wp-json\/wp\/v2\/media?parent=251121"}],"wp:term":[{"taxonomy":"category","embeddable":true,"href":"https:\/\/www.gaveanews.com\/index.php\/wp-json\/wp\/v2\/categories?post=251121"},{"taxonomy":"post_tag","embeddable":true,"href":"https:\/\/www.gaveanews.com\/index.php\/wp-json\/wp\/v2\/tags?post=251121"}],"curies":[{"name":"wp","href":"https:\/\/api.w.org\/{rel}","templated":true}]}}