{"id":251131,"date":"2025-04-09T17:30:00","date_gmt":"2025-04-09T20:30:00","guid":{"rendered":"https:\/\/www.gaveanews.com\/?p=251131"},"modified":"2025-04-09T15:27:31","modified_gmt":"2025-04-09T18:27:31","slug":"narracao-ala-globo-de-tiago-leifert-repercute-negativamente","status":"publish","type":"post","link":"https:\/\/www.gaveanews.com\/index.php\/2025\/04\/09\/narracao-ala-globo-de-tiago-leifert-repercute-negativamente\/","title":{"rendered":"Narra\u00e7\u00e3o \u2018al\u00e1 Globo\u2019 de Tiago Leifert repercute negativamente"},"content":{"rendered":"\n<p>A atua\u00e7\u00e3o de Tiago Leifert como narrador durante o empate entre Am\u00e9rica de Cali e Corinthians, v\u00e1lido pela segunda rodada da Copa Sul-Americana, gerou rea\u00e7\u00f5es cr\u00edticas por parte dos torcedores que acompanharam a transmiss\u00e3o do SBT na noite de ter\u00e7a-feira (08).<\/p>\n\n\n\n<p>A principal reclama\u00e7\u00e3o recaiu sobre a maneira com que Leifert narrou o gol do time colombiano, marcado por Luis Ramos ainda no primeiro tempo. Com pouca empolga\u00e7\u00e3o, ele se limitou a dizer: <em>&#8220;Gol dos caras, Ramos. Gol dos caras. Mauro Beting, gol dos caras&#8221;<\/em>. A frase rapidamente viralizou nas redes sociais, sendo alvo de cr\u00edticas e memes. Muitos torcedores acusaram o narrador de transmitir o lance com des\u00e2nimo, o que motivou coment\u00e1rios como &#8220;pregui\u00e7a de narrar gol&#8221; e questionamentos sobre sua imparcialidade.<\/p>\n\n\n\n<figure class=\"wp-block-embed is-type-rich is-provider-twitter wp-block-embed-twitter\"><div class=\"wp-block-embed__wrapper\">\n<blockquote class=\"twitter-tweet\" data-width=\"550\" data-dnt=\"true\"><p lang=\"pt\" dir=\"ltr\">O Tiago Leifert t\u00e1 com pregui\u00e7a de gritar gol \u00e9? <a href=\"https:\/\/twitter.com\/hashtag\/SulamericanaNoSBT?src=hash&amp;ref_src=twsrc%5Etfw\">#SulamericanaNoSBT<\/a><\/p>&mdash; hamilton TFC (@Hamiltonsea) <a href=\"https:\/\/twitter.com\/Hamiltonsea\/status\/1909772435706036311?ref_src=twsrc%5Etfw\">April 9, 2025<\/a><\/blockquote><script async src=\"https:\/\/platform.twitter.com\/widgets.js\" charset=\"utf-8\"><\/script>\n<\/div><\/figure>\n\n\n\n<figure class=\"wp-block-embed is-type-rich is-provider-twitter wp-block-embed-twitter\"><div class=\"wp-block-embed__wrapper\">\n<blockquote class=\"twitter-tweet\" data-width=\"550\" data-dnt=\"true\"><p lang=\"pt\" dir=\"ltr\">Porque n\u00e3o narrar o gol do Am\u00e9rica de Cali? Tendo s\u00f3 uma \u00fanica fala &quot;Gol dos caras&quot; que isso Thiago Leifert<\/p>&mdash; iallencarm_ (@ialeatoria123) <a href=\"https:\/\/twitter.com\/ialeatoria123\/status\/1909772591381819437?ref_src=twsrc%5Etfw\">April 9, 2025<\/a><\/blockquote><script async src=\"https:\/\/platform.twitter.com\/widgets.js\" charset=\"utf-8\"><\/script>\n<\/div><\/figure>\n\n\n\n<p>A situa\u00e7\u00e3o foi intensificada pelo fato de Leifert ter comandado dois jogos no mesmo dia. Anteriormente, ele j\u00e1 havia narrado a vit\u00f3ria do Arsenal sobre o Real Madrid pela Champions League, o que levantou debates sobre um poss\u00edvel desgaste durante a segunda transmiss\u00e3o.<\/p>\n\n\n\n<p>Enquanto isso, dentro de campo, o Corinthians utilizou uma escala\u00e7\u00e3o alternativa, o que ficou evidente pela falta de entrosamento da equipe, sobretudo na primeira etapa. Mesmo com maior posse de bola, o time brasileiro teve dificuldades na cria\u00e7\u00e3o ofensiva e viu o Am\u00e9rica de Cali ser mais eficiente. O gol colombiano foi marcado aos 23 minutos, quando Balanta encontrou Ramos na \u00e1rea, que driblou Andr\u00e9 Ramalho e finalizou forte para abrir o placar.<\/p>\n\n\n\n<p>No segundo tempo, o Am\u00e9rica chegou a ampliar com Barrios, mas o VAR apontou impedimento na origem da jogada e o gol foi anulado. O t\u00e9cnico Ram\u00f3n D\u00edaz promoveu mudan\u00e7as que melhoraram o desempenho do Corinthians. Carrillo, Breno Bidon e Yuri Alberto entraram e contribu\u00edram para o crescimento da equipe, que passou a pressionar mais.<\/p>\n\n\n\n<p>A igualdade no marcador veio aos 36 minutos da etapa final. Carrillo achou Matheuzinho, que tabelou com H\u00e9ctor Hern\u00e1ndez e chutou firme. A bola desviou na zaga antes de entrar no gol defendido por Soto, garantindo o empate em 1 a 1.<\/p>\n\n\n\n<p>O resultado manteve o Corinthians com vida na competi\u00e7\u00e3o, embora a atua\u00e7\u00e3o tenha levantado pontos de aten\u00e7\u00e3o. Conforme a partida caminhava para o fim, a repercuss\u00e3o da narra\u00e7\u00e3o de Leifert crescia paralelamente nas redes, fazendo com que o foco p\u00f3s-jogo se dividisse entre o desempenho do time e a condu\u00e7\u00e3o da transmiss\u00e3o televisiva.<\/p>\n","protected":false},"excerpt":{"rendered":"<p>A atua\u00e7\u00e3o de Tiago Leifert como narrador durante o empate entre Am\u00e9rica de Cali e Corinthians, v\u00e1lido pela segunda rodada da Copa Sul-Americana, gerou rea\u00e7\u00f5es cr\u00edticas por parte dos torcedores que acompanharam a transmiss\u00e3o do SBT na noite de ter\u00e7a-feira (08). A principal reclama\u00e7\u00e3o recaiu sobre a maneira com que Leifert narrou o gol do [&hellip;]<\/p>\n","protected":false},"author":30,"featured_media":102417,"comment_status":"open","ping_status":"closed","sticky":false,"template":"","format":"standard","meta":{"footnotes":""},"categories":[141,433],"tags":[],"class_list":["post-251131","post","type-post","status-publish","format-standard","has-post-thumbnail","hentry","category-corinthians","category-entretenimento"],"yoast_head":"<!-- This site is optimized with the Yoast SEO Premium plugin v24.2 (Yoast SEO v26.9) - https:\/\/yoast.com\/product\/yoast-seo-premium-wordpress\/ -->\n<title>Narra\u00e7\u00e3o \u2018al\u00e1 Globo\u2019 de Tiago Leifert repercute negativamente<\/title>\n<meta name=\"robots\" content=\"index, follow, max-snippet:-1, max-image-preview:large, max-video-preview:-1\" \/>\n<link rel=\"canonical\" href=\"https:\/\/www.gaveanews.com\/index.php\/2025\/04\/09\/narracao-ala-globo-de-tiago-leifert-repercute-negativamente\/\" \/>\n<meta property=\"og:locale\" content=\"pt_BR\" \/>\n<meta property=\"og:type\" content=\"article\" \/>\n<meta property=\"og:title\" content=\"Narra\u00e7\u00e3o \u2018al\u00e1 Globo\u2019 de Tiago Leifert repercute negativamente\" \/>\n<meta property=\"og:description\" content=\"A atua\u00e7\u00e3o de Tiago Leifert como narrador durante o empate entre Am\u00e9rica de Cali e Corinthians, v\u00e1lido pela segunda rodada da Copa Sul-Americana, gerou rea\u00e7\u00f5es cr\u00edticas por parte dos torcedores que acompanharam a transmiss\u00e3o do SBT na noite de ter\u00e7a-feira (08). A principal reclama\u00e7\u00e3o recaiu sobre a maneira com que Leifert narrou o gol do [&hellip;]\" \/>\n<meta property=\"og:url\" content=\"https:\/\/www.gaveanews.com\/index.php\/2025\/04\/09\/narracao-ala-globo-de-tiago-leifert-repercute-negativamente\/\" \/>\n<meta property=\"og:site_name\" content=\"G\u00e1vea News\" \/>\n<meta property=\"article:publisher\" content=\"https:\/\/facebook.com\/gaveaNews\/\" \/>\n<meta property=\"article:published_time\" content=\"2025-04-09T20:30:00+00:00\" \/>\n<meta property=\"og:image\" content=\"https:\/\/www.gaveanews.com\/wp-content\/uploads\/tiago-leifert-morte-torcedora-palmeiras-flamengo.webp\" \/>\n\t<meta property=\"og:image:width\" content=\"640\" \/>\n\t<meta property=\"og:image:height\" content=\"400\" \/>\n\t<meta property=\"og:image:type\" content=\"image\/jpeg\" \/>\n<meta name=\"author\" content=\"Ana Teixeira\" \/>\n<meta name=\"twitter:card\" content=\"summary_large_image\" \/>\n<meta name=\"twitter:label1\" content=\"Escrito por\" \/>\n\t<meta name=\"twitter:data1\" content=\"Ana Teixeira\" \/>\n\t<meta name=\"twitter:label2\" content=\"Est. tempo de leitura\" \/>\n\t<meta name=\"twitter:data2\" content=\"3 minutos\" \/>\n<script type=\"application\/ld+json\" class=\"yoast-schema-graph\">{\"@context\":\"https:\/\/schema.org\",\"@graph\":[{\"@type\":\"NewsArticle\",\"@id\":\"https:\/\/www.gaveanews.com\/index.php\/2025\/04\/09\/narracao-ala-globo-de-tiago-leifert-repercute-negativamente\/#article\",\"isPartOf\":{\"@id\":\"https:\/\/www.gaveanews.com\/index.php\/2025\/04\/09\/narracao-ala-globo-de-tiago-leifert-repercute-negativamente\/\"},\"author\":{\"name\":\"Ana Teixeira\",\"@id\":\"https:\/\/www.gaveanews.com\/#\/schema\/person\/3b19f7288b0ce20372991275e4f2e6c2\"},\"headline\":\"Narra\u00e7\u00e3o \u2018al\u00e1 Globo\u2019 de Tiago Leifert repercute negativamente\",\"datePublished\":\"2025-04-09T20:30:00+00:00\",\"mainEntityOfPage\":{\"@id\":\"https:\/\/www.gaveanews.com\/index.php\/2025\/04\/09\/narracao-ala-globo-de-tiago-leifert-repercute-negativamente\/\"},\"wordCount\":439,\"commentCount\":0,\"image\":{\"@id\":\"https:\/\/www.gaveanews.com\/index.php\/2025\/04\/09\/narracao-ala-globo-de-tiago-leifert-repercute-negativamente\/#primaryimage\"},\"thumbnailUrl\":\"https:\/\/www.gaveanews.com\/wp-content\/uploads\/tiago-leifert-morte-torcedora-palmeiras-flamengo.webp\",\"articleSection\":[\"Corinthians\",\"Entretenimento\"],\"inLanguage\":\"pt-BR\",\"potentialAction\":[{\"@type\":\"CommentAction\",\"name\":\"Comment\",\"target\":[\"https:\/\/www.gaveanews.com\/index.php\/2025\/04\/09\/narracao-ala-globo-de-tiago-leifert-repercute-negativamente\/#respond\"]}],\"copyrightYear\":\"2025\",\"copyrightHolder\":{\"@id\":\"https:\/\/www.gaveanews.com\/#organization\"}},{\"@type\":\"WebPage\",\"@id\":\"https:\/\/www.gaveanews.com\/index.php\/2025\/04\/09\/narracao-ala-globo-de-tiago-leifert-repercute-negativamente\/\",\"url\":\"https:\/\/www.gaveanews.com\/index.php\/2025\/04\/09\/narracao-ala-globo-de-tiago-leifert-repercute-negativamente\/\",\"name\":\"Narra\u00e7\u00e3o \u2018al\u00e1 Globo\u2019 de Tiago Leifert repercute negativamente\",\"isPartOf\":{\"@id\":\"https:\/\/www.gaveanews.com\/#website\"},\"primaryImageOfPage\":{\"@id\":\"https:\/\/www.gaveanews.com\/index.php\/2025\/04\/09\/narracao-ala-globo-de-tiago-leifert-repercute-negativamente\/#primaryimage\"},\"image\":{\"@id\":\"https:\/\/www.gaveanews.com\/index.php\/2025\/04\/09\/narracao-ala-globo-de-tiago-leifert-repercute-negativamente\/#primaryimage\"},\"thumbnailUrl\":\"https:\/\/www.gaveanews.com\/wp-content\/uploads\/tiago-leifert-morte-torcedora-palmeiras-flamengo.webp\",\"datePublished\":\"2025-04-09T20:30:00+00:00\",\"author\":{\"@id\":\"https:\/\/www.gaveanews.com\/#\/schema\/person\/3b19f7288b0ce20372991275e4f2e6c2\"},\"breadcrumb\":{\"@id\":\"https:\/\/www.gaveanews.com\/index.php\/2025\/04\/09\/narracao-ala-globo-de-tiago-leifert-repercute-negativamente\/#breadcrumb\"},\"inLanguage\":\"pt-BR\",\"potentialAction\":[{\"@type\":\"ReadAction\",\"target\":[\"https:\/\/www.gaveanews.com\/index.php\/2025\/04\/09\/narracao-ala-globo-de-tiago-leifert-repercute-negativamente\/\"]}]},{\"@type\":\"ImageObject\",\"inLanguage\":\"pt-BR\",\"@id\":\"https:\/\/www.gaveanews.com\/index.php\/2025\/04\/09\/narracao-ala-globo-de-tiago-leifert-repercute-negativamente\/#primaryimage\",\"url\":\"https:\/\/www.gaveanews.com\/wp-content\/uploads\/tiago-leifert-morte-torcedora-palmeiras-flamengo.webp\",\"contentUrl\":\"https:\/\/www.gaveanews.com\/wp-content\/uploads\/tiago-leifert-morte-torcedora-palmeiras-flamengo.webp\",\"width\":640,\"height\":400,\"caption\":\"Tiago Leifert (Foto: Reprodu\u00e7\u00e3o)\"},{\"@type\":\"BreadcrumbList\",\"@id\":\"https:\/\/www.gaveanews.com\/index.php\/2025\/04\/09\/narracao-ala-globo-de-tiago-leifert-repercute-negativamente\/#breadcrumb\",\"itemListElement\":[{\"@type\":\"ListItem\",\"position\":1,\"name\":\"Home\",\"item\":\"https:\/\/www.gaveanews.com\/\"},{\"@type\":\"ListItem\",\"position\":2,\"name\":\"Narra\u00e7\u00e3o \u2018al\u00e1 Globo\u2019 de Tiago Leifert repercute negativamente\"}]},{\"@type\":\"WebSite\",\"@id\":\"https:\/\/www.gaveanews.com\/#website\",\"url\":\"https:\/\/www.gaveanews.com\/\",\"name\":\"G\u00e1vea News\",\"description\":\"Veja todas as not\u00edcias sobre o Flamengo: Contrata\u00e7\u00f5es, categorias de base, resultados das partidas, tabela de classifica\u00e7\u00e3o, pr\u00f3ximos jogos!\",\"potentialAction\":[{\"@type\":\"SearchAction\",\"target\":{\"@type\":\"EntryPoint\",\"urlTemplate\":\"https:\/\/www.gaveanews.com\/?s={search_term_string}\"},\"query-input\":{\"@type\":\"PropertyValueSpecification\",\"valueRequired\":true,\"valueName\":\"search_term_string\"}}],\"inLanguage\":\"pt-BR\"},{\"@type\":\"Person\",\"@id\":\"https:\/\/www.gaveanews.com\/#\/schema\/person\/3b19f7288b0ce20372991275e4f2e6c2\",\"name\":\"Ana Teixeira\",\"image\":{\"@type\":\"ImageObject\",\"inLanguage\":\"pt-BR\",\"@id\":\"https:\/\/www.gaveanews.com\/#\/schema\/person\/image\/\",\"url\":\"https:\/\/secure.gravatar.com\/avatar\/0a73f5a5258f3fed37fc2fa641892f3f7a4748456d4d4792f9bc550e6c19e06c?s=96&d=mm&r=g\",\"contentUrl\":\"https:\/\/secure.gravatar.com\/avatar\/0a73f5a5258f3fed37fc2fa641892f3f7a4748456d4d4792f9bc550e6c19e06c?s=96&d=mm&r=g\",\"caption\":\"Ana Teixeira\"}}]}<\/script>\n<!-- \/ Yoast SEO Premium plugin. -->","yoast_head_json":{"title":"Narra\u00e7\u00e3o \u2018al\u00e1 Globo\u2019 de Tiago Leifert repercute negativamente","robots":{"index":"index","follow":"follow","max-snippet":"max-snippet:-1","max-image-preview":"max-image-preview:large","max-video-preview":"max-video-preview:-1"},"canonical":"https:\/\/www.gaveanews.com\/index.php\/2025\/04\/09\/narracao-ala-globo-de-tiago-leifert-repercute-negativamente\/","og_locale":"pt_BR","og_type":"article","og_title":"Narra\u00e7\u00e3o \u2018al\u00e1 Globo\u2019 de Tiago Leifert repercute negativamente","og_description":"A atua\u00e7\u00e3o de Tiago Leifert como narrador durante o empate entre Am\u00e9rica de Cali e Corinthians, v\u00e1lido pela segunda rodada da Copa Sul-Americana, gerou rea\u00e7\u00f5es cr\u00edticas por parte dos torcedores que acompanharam a transmiss\u00e3o do SBT na noite de ter\u00e7a-feira (08). A principal reclama\u00e7\u00e3o recaiu sobre a maneira com que Leifert narrou o gol do [&hellip;]","og_url":"https:\/\/www.gaveanews.com\/index.php\/2025\/04\/09\/narracao-ala-globo-de-tiago-leifert-repercute-negativamente\/","og_site_name":"G\u00e1vea News","article_publisher":"https:\/\/facebook.com\/gaveaNews\/","article_published_time":"2025-04-09T20:30:00+00:00","og_image":[{"width":640,"height":400,"url":"https:\/\/www.gaveanews.com\/wp-content\/uploads\/tiago-leifert-morte-torcedora-palmeiras-flamengo.webp","type":"image\/jpeg"}],"author":"Ana Teixeira","twitter_card":"summary_large_image","twitter_misc":{"Escrito por":"Ana Teixeira","Est. tempo de leitura":"3 minutos"},"schema":{"@context":"https:\/\/schema.org","@graph":[{"@type":"NewsArticle","@id":"https:\/\/www.gaveanews.com\/index.php\/2025\/04\/09\/narracao-ala-globo-de-tiago-leifert-repercute-negativamente\/#article","isPartOf":{"@id":"https:\/\/www.gaveanews.com\/index.php\/2025\/04\/09\/narracao-ala-globo-de-tiago-leifert-repercute-negativamente\/"},"author":{"name":"Ana Teixeira","@id":"https:\/\/www.gaveanews.com\/#\/schema\/person\/3b19f7288b0ce20372991275e4f2e6c2"},"headline":"Narra\u00e7\u00e3o \u2018al\u00e1 Globo\u2019 de Tiago Leifert repercute negativamente","datePublished":"2025-04-09T20:30:00+00:00","mainEntityOfPage":{"@id":"https:\/\/www.gaveanews.com\/index.php\/2025\/04\/09\/narracao-ala-globo-de-tiago-leifert-repercute-negativamente\/"},"wordCount":439,"commentCount":0,"image":{"@id":"https:\/\/www.gaveanews.com\/index.php\/2025\/04\/09\/narracao-ala-globo-de-tiago-leifert-repercute-negativamente\/#primaryimage"},"thumbnailUrl":"https:\/\/www.gaveanews.com\/wp-content\/uploads\/tiago-leifert-morte-torcedora-palmeiras-flamengo.webp","articleSection":["Corinthians","Entretenimento"],"inLanguage":"pt-BR","potentialAction":[{"@type":"CommentAction","name":"Comment","target":["https:\/\/www.gaveanews.com\/index.php\/2025\/04\/09\/narracao-ala-globo-de-tiago-leifert-repercute-negativamente\/#respond"]}],"copyrightYear":"2025","copyrightHolder":{"@id":"https:\/\/www.gaveanews.com\/#organization"}},{"@type":"WebPage","@id":"https:\/\/www.gaveanews.com\/index.php\/2025\/04\/09\/narracao-ala-globo-de-tiago-leifert-repercute-negativamente\/","url":"https:\/\/www.gaveanews.com\/index.php\/2025\/04\/09\/narracao-ala-globo-de-tiago-leifert-repercute-negativamente\/","name":"Narra\u00e7\u00e3o \u2018al\u00e1 Globo\u2019 de Tiago Leifert repercute negativamente","isPartOf":{"@id":"https:\/\/www.gaveanews.com\/#website"},"primaryImageOfPage":{"@id":"https:\/\/www.gaveanews.com\/index.php\/2025\/04\/09\/narracao-ala-globo-de-tiago-leifert-repercute-negativamente\/#primaryimage"},"image":{"@id":"https:\/\/www.gaveanews.com\/index.php\/2025\/04\/09\/narracao-ala-globo-de-tiago-leifert-repercute-negativamente\/#primaryimage"},"thumbnailUrl":"https:\/\/www.gaveanews.com\/wp-content\/uploads\/tiago-leifert-morte-torcedora-palmeiras-flamengo.webp","datePublished":"2025-04-09T20:30:00+00:00","author":{"@id":"https:\/\/www.gaveanews.com\/#\/schema\/person\/3b19f7288b0ce20372991275e4f2e6c2"},"breadcrumb":{"@id":"https:\/\/www.gaveanews.com\/index.php\/2025\/04\/09\/narracao-ala-globo-de-tiago-leifert-repercute-negativamente\/#breadcrumb"},"inLanguage":"pt-BR","potentialAction":[{"@type":"ReadAction","target":["https:\/\/www.gaveanews.com\/index.php\/2025\/04\/09\/narracao-ala-globo-de-tiago-leifert-repercute-negativamente\/"]}]},{"@type":"ImageObject","inLanguage":"pt-BR","@id":"https:\/\/www.gaveanews.com\/index.php\/2025\/04\/09\/narracao-ala-globo-de-tiago-leifert-repercute-negativamente\/#primaryimage","url":"https:\/\/www.gaveanews.com\/wp-content\/uploads\/tiago-leifert-morte-torcedora-palmeiras-flamengo.webp","contentUrl":"https:\/\/www.gaveanews.com\/wp-content\/uploads\/tiago-leifert-morte-torcedora-palmeiras-flamengo.webp","width":640,"height":400,"caption":"Tiago Leifert (Foto: Reprodu\u00e7\u00e3o)"},{"@type":"BreadcrumbList","@id":"https:\/\/www.gaveanews.com\/index.php\/2025\/04\/09\/narracao-ala-globo-de-tiago-leifert-repercute-negativamente\/#breadcrumb","itemListElement":[{"@type":"ListItem","position":1,"name":"Home","item":"https:\/\/www.gaveanews.com\/"},{"@type":"ListItem","position":2,"name":"Narra\u00e7\u00e3o \u2018al\u00e1 Globo\u2019 de Tiago Leifert repercute negativamente"}]},{"@type":"WebSite","@id":"https:\/\/www.gaveanews.com\/#website","url":"https:\/\/www.gaveanews.com\/","name":"G\u00e1vea News","description":"Veja todas as not\u00edcias sobre o Flamengo: Contrata\u00e7\u00f5es, categorias de base, resultados das partidas, tabela de classifica\u00e7\u00e3o, pr\u00f3ximos jogos!","potentialAction":[{"@type":"SearchAction","target":{"@type":"EntryPoint","urlTemplate":"https:\/\/www.gaveanews.com\/?s={search_term_string}"},"query-input":{"@type":"PropertyValueSpecification","valueRequired":true,"valueName":"search_term_string"}}],"inLanguage":"pt-BR"},{"@type":"Person","@id":"https:\/\/www.gaveanews.com\/#\/schema\/person\/3b19f7288b0ce20372991275e4f2e6c2","name":"Ana Teixeira","image":{"@type":"ImageObject","inLanguage":"pt-BR","@id":"https:\/\/www.gaveanews.com\/#\/schema\/person\/image\/","url":"https:\/\/secure.gravatar.com\/avatar\/0a73f5a5258f3fed37fc2fa641892f3f7a4748456d4d4792f9bc550e6c19e06c?s=96&d=mm&r=g","contentUrl":"https:\/\/secure.gravatar.com\/avatar\/0a73f5a5258f3fed37fc2fa641892f3f7a4748456d4d4792f9bc550e6c19e06c?s=96&d=mm&r=g","caption":"Ana Teixeira"}}]}},"_links":{"self":[{"href":"https:\/\/www.gaveanews.com\/index.php\/wp-json\/wp\/v2\/posts\/251131","targetHints":{"allow":["GET"]}}],"collection":[{"href":"https:\/\/www.gaveanews.com\/index.php\/wp-json\/wp\/v2\/posts"}],"about":[{"href":"https:\/\/www.gaveanews.com\/index.php\/wp-json\/wp\/v2\/types\/post"}],"author":[{"embeddable":true,"href":"https:\/\/www.gaveanews.com\/index.php\/wp-json\/wp\/v2\/users\/30"}],"replies":[{"embeddable":true,"href":"https:\/\/www.gaveanews.com\/index.php\/wp-json\/wp\/v2\/comments?post=251131"}],"version-history":[{"count":1,"href":"https:\/\/www.gaveanews.com\/index.php\/wp-json\/wp\/v2\/posts\/251131\/revisions"}],"predecessor-version":[{"id":251139,"href":"https:\/\/www.gaveanews.com\/index.php\/wp-json\/wp\/v2\/posts\/251131\/revisions\/251139"}],"wp:featuredmedia":[{"embeddable":true,"href":"https:\/\/www.gaveanews.com\/index.php\/wp-json\/wp\/v2\/media\/102417"}],"wp:attachment":[{"href":"https:\/\/www.gaveanews.com\/index.php\/wp-json\/wp\/v2\/media?parent=251131"}],"wp:term":[{"taxonomy":"category","embeddable":true,"href":"https:\/\/www.gaveanews.com\/index.php\/wp-json\/wp\/v2\/categories?post=251131"},{"taxonomy":"post_tag","embeddable":true,"href":"https:\/\/www.gaveanews.com\/index.php\/wp-json\/wp\/v2\/tags?post=251131"}],"curies":[{"name":"wp","href":"https:\/\/api.w.org\/{rel}","templated":true}]}}