{"id":251141,"date":"2025-04-09T15:31:03","date_gmt":"2025-04-09T18:31:03","guid":{"rendered":"https:\/\/www.gaveanews.com\/?p=251141"},"modified":"2025-04-09T15:31:10","modified_gmt":"2025-04-09T18:31:10","slug":"adversario-do-flamengo-na-copa-do-brasil-e-definido","status":"publish","type":"post","link":"https:\/\/www.gaveanews.com\/index.php\/2025\/04\/09\/adversario-do-flamengo-na-copa-do-brasil-e-definido\/","title":{"rendered":"Advers\u00e1rio do Flamengo na Copa do Brasil \u00e9 definido"},"content":{"rendered":"\n<p>O Flamengo conheceu, nesta quarta-feira (09 de abril), seu advers\u00e1rio na terceira fase da Copa do Brasil. Em sorteio realizado na sede da Confedera\u00e7\u00e3o Brasileira de Futebol (CBF), no Rio de Janeiro, ficou definido que o clube carioca enfrentar\u00e1 o Botafogo-PB. A cerim\u00f4nia teve in\u00edcio \u00e0s 15h (hor\u00e1rio de Bras\u00edlia) e contou com a participa\u00e7\u00e3o dos representantes das equipes envolvidas.<\/p>\n\n\n\n<p>O Rubro-Negro est\u00e1 entre os 12 clubes que se classificaram diretamente para esta etapa do torneio, por ter conquistado uma das vagas via Copa Libertadores. Assim como ele, tamb\u00e9m entraram direto Bahia, Botafogo, Corinthians, CRB, Cruzeiro, Fortaleza, Internacional, Palmeiras, Paysandu, Santos e S\u00e3o Paulo.<\/p>\n\n\n\n<p>Por outro lado, o Botafogo-PB garantiu sua presen\u00e7a na terceira fase ap\u00f3s avan\u00e7ar pelas duas primeiras etapas da competi\u00e7\u00e3o. O clube paraibano representa uma das surpresas deste in\u00edcio de Copa do Brasil e chega motivado ap\u00f3s superar advers\u00e1rios nas fases anteriores.<\/p>\n\n\n\n<p>A divis\u00e3o dos confrontos foi feita com base no ranking da CBF. As 32 equipes foram separadas em dois potes: o Flamengo ficou no Pote 1, junto dos clubes mais bem posicionados, enquanto o Botafogo-PB integrou o Pote 2. Essa estrutura garantiu o cruzamento entre times de diferentes n\u00edveis de ranqueamento, buscando equil\u00edbrio t\u00e9cnico na competi\u00e7\u00e3o.<\/p>\n\n\n\n<p>As partidas desta fase ocorrer\u00e3o em jogos de ida e volta. Conforme o regulamento da CBF, em caso de empate no placar agregado, a decis\u00e3o ser\u00e1 nos p\u00eanaltis. As datas previstas para os duelos s\u00e3o nas semanas dos dias 30 de abril e 21 de maio, conforme o calend\u00e1rio divulgado pela entidade.<\/p>\n\n\n\n<p>O Flamengo, que tamb\u00e9m disputa outras frentes nesta temporada, ter\u00e1 que dividir seu elenco entre compromissos da Copa do Brasil e a continuidade da campanha na Libertadores e no Campeonato Brasileiro. Enquanto isso, o Botafogo-PB vive a expectativa de fazer hist\u00f3ria e alcan\u00e7ar uma classifica\u00e7\u00e3o in\u00e9dita para as oitavas de final do torneio nacional.<\/p>\n","protected":false},"excerpt":{"rendered":"<p>O Flamengo conheceu, nesta quarta-feira (09 de abril), seu advers\u00e1rio na terceira fase da Copa do Brasil. Em sorteio realizado na sede da Confedera\u00e7\u00e3o Brasileira de Futebol (CBF), no Rio de Janeiro, ficou definido que o clube carioca enfrentar\u00e1 o Botafogo-PB. A cerim\u00f4nia teve in\u00edcio \u00e0s 15h (hor\u00e1rio de Bras\u00edlia) e contou com a participa\u00e7\u00e3o [&hellip;]<\/p>\n","protected":false},"author":15,"featured_media":90823,"comment_status":"open","ping_status":"closed","sticky":false,"template":"","format":"standard","meta":{"footnotes":""},"categories":[1],"tags":[],"class_list":["post-251141","post","type-post","status-publish","format-standard","has-post-thumbnail","hentry","category-flamengo"],"yoast_head":"<!-- This site is optimized with the Yoast SEO Premium plugin v24.2 (Yoast SEO v26.9) - https:\/\/yoast.com\/product\/yoast-seo-premium-wordpress\/ -->\n<title>Advers\u00e1rio do Flamengo na Copa do Brasil \u00e9 definido<\/title>\n<meta name=\"robots\" content=\"index, follow, max-snippet:-1, max-image-preview:large, max-video-preview:-1\" \/>\n<link rel=\"canonical\" href=\"https:\/\/www.gaveanews.com\/index.php\/2025\/04\/09\/adversario-do-flamengo-na-copa-do-brasil-e-definido\/\" \/>\n<meta property=\"og:locale\" content=\"pt_BR\" \/>\n<meta property=\"og:type\" content=\"article\" \/>\n<meta property=\"og:title\" content=\"Advers\u00e1rio do Flamengo na Copa do Brasil \u00e9 definido\" \/>\n<meta property=\"og:description\" content=\"O Flamengo conheceu, nesta quarta-feira (09 de abril), seu advers\u00e1rio na terceira fase da Copa do Brasil. Em sorteio realizado na sede da Confedera\u00e7\u00e3o Brasileira de Futebol (CBF), no Rio de Janeiro, ficou definido que o clube carioca enfrentar\u00e1 o Botafogo-PB. A cerim\u00f4nia teve in\u00edcio \u00e0s 15h (hor\u00e1rio de Bras\u00edlia) e contou com a participa\u00e7\u00e3o [&hellip;]\" \/>\n<meta property=\"og:url\" content=\"https:\/\/www.gaveanews.com\/index.php\/2025\/04\/09\/adversario-do-flamengo-na-copa-do-brasil-e-definido\/\" \/>\n<meta property=\"og:site_name\" content=\"G\u00e1vea News\" \/>\n<meta property=\"article:publisher\" content=\"https:\/\/facebook.com\/gaveaNews\/\" \/>\n<meta property=\"article:published_time\" content=\"2025-04-09T18:31:03+00:00\" \/>\n<meta property=\"article:modified_time\" content=\"2025-04-09T18:31:10+00:00\" \/>\n<meta property=\"og:image\" content=\"http:\/\/www.gaveanews.com\/wp-content\/uploads\/taca-copa-do-brasil.webp\" \/>\n\t<meta property=\"og:image:width\" content=\"800\" \/>\n\t<meta property=\"og:image:height\" content=\"533\" \/>\n\t<meta property=\"og:image:type\" content=\"image\/jpeg\" \/>\n<meta name=\"author\" content=\"Henrique Machado\" \/>\n<meta name=\"twitter:card\" content=\"summary_large_image\" \/>\n<meta name=\"twitter:label1\" content=\"Escrito por\" \/>\n\t<meta name=\"twitter:data1\" content=\"Henrique Machado\" \/>\n\t<meta name=\"twitter:label2\" content=\"Est. tempo de leitura\" \/>\n\t<meta name=\"twitter:data2\" content=\"2 minutos\" \/>\n<script type=\"application\/ld+json\" class=\"yoast-schema-graph\">{\"@context\":\"https:\/\/schema.org\",\"@graph\":[{\"@type\":\"NewsArticle\",\"@id\":\"https:\/\/www.gaveanews.com\/index.php\/2025\/04\/09\/adversario-do-flamengo-na-copa-do-brasil-e-definido\/#article\",\"isPartOf\":{\"@id\":\"https:\/\/www.gaveanews.com\/index.php\/2025\/04\/09\/adversario-do-flamengo-na-copa-do-brasil-e-definido\/\"},\"author\":{\"name\":\"Henrique Machado\",\"@id\":\"https:\/\/www.gaveanews.com\/#\/schema\/person\/fd07635ec039ec3ba74ad18ec8a6dbd6\"},\"headline\":\"Advers\u00e1rio do Flamengo na Copa do Brasil \u00e9 definido\",\"datePublished\":\"2025-04-09T18:31:03+00:00\",\"dateModified\":\"2025-04-09T18:31:10+00:00\",\"mainEntityOfPage\":{\"@id\":\"https:\/\/www.gaveanews.com\/index.php\/2025\/04\/09\/adversario-do-flamengo-na-copa-do-brasil-e-definido\/\"},\"wordCount\":340,\"commentCount\":0,\"image\":{\"@id\":\"https:\/\/www.gaveanews.com\/index.php\/2025\/04\/09\/adversario-do-flamengo-na-copa-do-brasil-e-definido\/#primaryimage\"},\"thumbnailUrl\":\"https:\/\/www.gaveanews.com\/wp-content\/uploads\/taca-copa-do-brasil.webp\",\"articleSection\":[\"Flamengo\"],\"inLanguage\":\"pt-BR\",\"potentialAction\":[{\"@type\":\"CommentAction\",\"name\":\"Comment\",\"target\":[\"https:\/\/www.gaveanews.com\/index.php\/2025\/04\/09\/adversario-do-flamengo-na-copa-do-brasil-e-definido\/#respond\"]}],\"copyrightYear\":\"2025\",\"copyrightHolder\":{\"@id\":\"https:\/\/www.gaveanews.com\/#organization\"}},{\"@type\":\"WebPage\",\"@id\":\"https:\/\/www.gaveanews.com\/index.php\/2025\/04\/09\/adversario-do-flamengo-na-copa-do-brasil-e-definido\/\",\"url\":\"https:\/\/www.gaveanews.com\/index.php\/2025\/04\/09\/adversario-do-flamengo-na-copa-do-brasil-e-definido\/\",\"name\":\"Advers\u00e1rio do Flamengo na Copa do Brasil \u00e9 definido\",\"isPartOf\":{\"@id\":\"https:\/\/www.gaveanews.com\/#website\"},\"primaryImageOfPage\":{\"@id\":\"https:\/\/www.gaveanews.com\/index.php\/2025\/04\/09\/adversario-do-flamengo-na-copa-do-brasil-e-definido\/#primaryimage\"},\"image\":{\"@id\":\"https:\/\/www.gaveanews.com\/index.php\/2025\/04\/09\/adversario-do-flamengo-na-copa-do-brasil-e-definido\/#primaryimage\"},\"thumbnailUrl\":\"https:\/\/www.gaveanews.com\/wp-content\/uploads\/taca-copa-do-brasil.webp\",\"datePublished\":\"2025-04-09T18:31:03+00:00\",\"dateModified\":\"2025-04-09T18:31:10+00:00\",\"author\":{\"@id\":\"https:\/\/www.gaveanews.com\/#\/schema\/person\/fd07635ec039ec3ba74ad18ec8a6dbd6\"},\"breadcrumb\":{\"@id\":\"https:\/\/www.gaveanews.com\/index.php\/2025\/04\/09\/adversario-do-flamengo-na-copa-do-brasil-e-definido\/#breadcrumb\"},\"inLanguage\":\"pt-BR\",\"potentialAction\":[{\"@type\":\"ReadAction\",\"target\":[\"https:\/\/www.gaveanews.com\/index.php\/2025\/04\/09\/adversario-do-flamengo-na-copa-do-brasil-e-definido\/\"]}]},{\"@type\":\"ImageObject\",\"inLanguage\":\"pt-BR\",\"@id\":\"https:\/\/www.gaveanews.com\/index.php\/2025\/04\/09\/adversario-do-flamengo-na-copa-do-brasil-e-definido\/#primaryimage\",\"url\":\"https:\/\/www.gaveanews.com\/wp-content\/uploads\/taca-copa-do-brasil.webp\",\"contentUrl\":\"https:\/\/www.gaveanews.com\/wp-content\/uploads\/taca-copa-do-brasil.webp\",\"width\":800,\"height\":533,\"caption\":\"Ta\u00e7a da Copa do Brasil (Foto: Marcelo Cortes\/Flamengo)\"},{\"@type\":\"BreadcrumbList\",\"@id\":\"https:\/\/www.gaveanews.com\/index.php\/2025\/04\/09\/adversario-do-flamengo-na-copa-do-brasil-e-definido\/#breadcrumb\",\"itemListElement\":[{\"@type\":\"ListItem\",\"position\":1,\"name\":\"Home\",\"item\":\"https:\/\/www.gaveanews.com\/\"},{\"@type\":\"ListItem\",\"position\":2,\"name\":\"Advers\u00e1rio do Flamengo na Copa do Brasil \u00e9 definido\"}]},{\"@type\":\"WebSite\",\"@id\":\"https:\/\/www.gaveanews.com\/#website\",\"url\":\"https:\/\/www.gaveanews.com\/\",\"name\":\"G\u00e1vea News\",\"description\":\"Veja todas as not\u00edcias sobre o Flamengo: Contrata\u00e7\u00f5es, categorias de base, resultados das partidas, tabela de classifica\u00e7\u00e3o, pr\u00f3ximos jogos!\",\"potentialAction\":[{\"@type\":\"SearchAction\",\"target\":{\"@type\":\"EntryPoint\",\"urlTemplate\":\"https:\/\/www.gaveanews.com\/?s={search_term_string}\"},\"query-input\":{\"@type\":\"PropertyValueSpecification\",\"valueRequired\":true,\"valueName\":\"search_term_string\"}}],\"inLanguage\":\"pt-BR\"},{\"@type\":\"Person\",\"@id\":\"https:\/\/www.gaveanews.com\/#\/schema\/person\/fd07635ec039ec3ba74ad18ec8a6dbd6\",\"name\":\"Henrique Machado\",\"image\":{\"@type\":\"ImageObject\",\"inLanguage\":\"pt-BR\",\"@id\":\"https:\/\/www.gaveanews.com\/#\/schema\/person\/image\/\",\"url\":\"https:\/\/secure.gravatar.com\/avatar\/b95e35997e01d9800c1b6184bd79d4d898d370a3fce2584f5c77b907d5c7d9e9?s=96&d=mm&r=g\",\"contentUrl\":\"https:\/\/secure.gravatar.com\/avatar\/b95e35997e01d9800c1b6184bd79d4d898d370a3fce2584f5c77b907d5c7d9e9?s=96&d=mm&r=g\",\"caption\":\"Henrique Machado\"}}]}<\/script>\n<!-- \/ Yoast SEO Premium plugin. -->","yoast_head_json":{"title":"Advers\u00e1rio do Flamengo na Copa do Brasil \u00e9 definido","robots":{"index":"index","follow":"follow","max-snippet":"max-snippet:-1","max-image-preview":"max-image-preview:large","max-video-preview":"max-video-preview:-1"},"canonical":"https:\/\/www.gaveanews.com\/index.php\/2025\/04\/09\/adversario-do-flamengo-na-copa-do-brasil-e-definido\/","og_locale":"pt_BR","og_type":"article","og_title":"Advers\u00e1rio do Flamengo na Copa do Brasil \u00e9 definido","og_description":"O Flamengo conheceu, nesta quarta-feira (09 de abril), seu advers\u00e1rio na terceira fase da Copa do Brasil. Em sorteio realizado na sede da Confedera\u00e7\u00e3o Brasileira de Futebol (CBF), no Rio de Janeiro, ficou definido que o clube carioca enfrentar\u00e1 o Botafogo-PB. A cerim\u00f4nia teve in\u00edcio \u00e0s 15h (hor\u00e1rio de Bras\u00edlia) e contou com a participa\u00e7\u00e3o [&hellip;]","og_url":"https:\/\/www.gaveanews.com\/index.php\/2025\/04\/09\/adversario-do-flamengo-na-copa-do-brasil-e-definido\/","og_site_name":"G\u00e1vea News","article_publisher":"https:\/\/facebook.com\/gaveaNews\/","article_published_time":"2025-04-09T18:31:03+00:00","article_modified_time":"2025-04-09T18:31:10+00:00","og_image":[{"width":800,"height":533,"url":"http:\/\/www.gaveanews.com\/wp-content\/uploads\/taca-copa-do-brasil.webp","type":"image\/jpeg"}],"author":"Henrique Machado","twitter_card":"summary_large_image","twitter_misc":{"Escrito por":"Henrique Machado","Est. tempo de leitura":"2 minutos"},"schema":{"@context":"https:\/\/schema.org","@graph":[{"@type":"NewsArticle","@id":"https:\/\/www.gaveanews.com\/index.php\/2025\/04\/09\/adversario-do-flamengo-na-copa-do-brasil-e-definido\/#article","isPartOf":{"@id":"https:\/\/www.gaveanews.com\/index.php\/2025\/04\/09\/adversario-do-flamengo-na-copa-do-brasil-e-definido\/"},"author":{"name":"Henrique Machado","@id":"https:\/\/www.gaveanews.com\/#\/schema\/person\/fd07635ec039ec3ba74ad18ec8a6dbd6"},"headline":"Advers\u00e1rio do Flamengo na Copa do Brasil \u00e9 definido","datePublished":"2025-04-09T18:31:03+00:00","dateModified":"2025-04-09T18:31:10+00:00","mainEntityOfPage":{"@id":"https:\/\/www.gaveanews.com\/index.php\/2025\/04\/09\/adversario-do-flamengo-na-copa-do-brasil-e-definido\/"},"wordCount":340,"commentCount":0,"image":{"@id":"https:\/\/www.gaveanews.com\/index.php\/2025\/04\/09\/adversario-do-flamengo-na-copa-do-brasil-e-definido\/#primaryimage"},"thumbnailUrl":"https:\/\/www.gaveanews.com\/wp-content\/uploads\/taca-copa-do-brasil.webp","articleSection":["Flamengo"],"inLanguage":"pt-BR","potentialAction":[{"@type":"CommentAction","name":"Comment","target":["https:\/\/www.gaveanews.com\/index.php\/2025\/04\/09\/adversario-do-flamengo-na-copa-do-brasil-e-definido\/#respond"]}],"copyrightYear":"2025","copyrightHolder":{"@id":"https:\/\/www.gaveanews.com\/#organization"}},{"@type":"WebPage","@id":"https:\/\/www.gaveanews.com\/index.php\/2025\/04\/09\/adversario-do-flamengo-na-copa-do-brasil-e-definido\/","url":"https:\/\/www.gaveanews.com\/index.php\/2025\/04\/09\/adversario-do-flamengo-na-copa-do-brasil-e-definido\/","name":"Advers\u00e1rio do Flamengo na Copa do Brasil \u00e9 definido","isPartOf":{"@id":"https:\/\/www.gaveanews.com\/#website"},"primaryImageOfPage":{"@id":"https:\/\/www.gaveanews.com\/index.php\/2025\/04\/09\/adversario-do-flamengo-na-copa-do-brasil-e-definido\/#primaryimage"},"image":{"@id":"https:\/\/www.gaveanews.com\/index.php\/2025\/04\/09\/adversario-do-flamengo-na-copa-do-brasil-e-definido\/#primaryimage"},"thumbnailUrl":"https:\/\/www.gaveanews.com\/wp-content\/uploads\/taca-copa-do-brasil.webp","datePublished":"2025-04-09T18:31:03+00:00","dateModified":"2025-04-09T18:31:10+00:00","author":{"@id":"https:\/\/www.gaveanews.com\/#\/schema\/person\/fd07635ec039ec3ba74ad18ec8a6dbd6"},"breadcrumb":{"@id":"https:\/\/www.gaveanews.com\/index.php\/2025\/04\/09\/adversario-do-flamengo-na-copa-do-brasil-e-definido\/#breadcrumb"},"inLanguage":"pt-BR","potentialAction":[{"@type":"ReadAction","target":["https:\/\/www.gaveanews.com\/index.php\/2025\/04\/09\/adversario-do-flamengo-na-copa-do-brasil-e-definido\/"]}]},{"@type":"ImageObject","inLanguage":"pt-BR","@id":"https:\/\/www.gaveanews.com\/index.php\/2025\/04\/09\/adversario-do-flamengo-na-copa-do-brasil-e-definido\/#primaryimage","url":"https:\/\/www.gaveanews.com\/wp-content\/uploads\/taca-copa-do-brasil.webp","contentUrl":"https:\/\/www.gaveanews.com\/wp-content\/uploads\/taca-copa-do-brasil.webp","width":800,"height":533,"caption":"Ta\u00e7a da Copa do Brasil (Foto: Marcelo Cortes\/Flamengo)"},{"@type":"BreadcrumbList","@id":"https:\/\/www.gaveanews.com\/index.php\/2025\/04\/09\/adversario-do-flamengo-na-copa-do-brasil-e-definido\/#breadcrumb","itemListElement":[{"@type":"ListItem","position":1,"name":"Home","item":"https:\/\/www.gaveanews.com\/"},{"@type":"ListItem","position":2,"name":"Advers\u00e1rio do Flamengo na Copa do Brasil \u00e9 definido"}]},{"@type":"WebSite","@id":"https:\/\/www.gaveanews.com\/#website","url":"https:\/\/www.gaveanews.com\/","name":"G\u00e1vea News","description":"Veja todas as not\u00edcias sobre o Flamengo: Contrata\u00e7\u00f5es, categorias de base, resultados das partidas, tabela de classifica\u00e7\u00e3o, pr\u00f3ximos jogos!","potentialAction":[{"@type":"SearchAction","target":{"@type":"EntryPoint","urlTemplate":"https:\/\/www.gaveanews.com\/?s={search_term_string}"},"query-input":{"@type":"PropertyValueSpecification","valueRequired":true,"valueName":"search_term_string"}}],"inLanguage":"pt-BR"},{"@type":"Person","@id":"https:\/\/www.gaveanews.com\/#\/schema\/person\/fd07635ec039ec3ba74ad18ec8a6dbd6","name":"Henrique Machado","image":{"@type":"ImageObject","inLanguage":"pt-BR","@id":"https:\/\/www.gaveanews.com\/#\/schema\/person\/image\/","url":"https:\/\/secure.gravatar.com\/avatar\/b95e35997e01d9800c1b6184bd79d4d898d370a3fce2584f5c77b907d5c7d9e9?s=96&d=mm&r=g","contentUrl":"https:\/\/secure.gravatar.com\/avatar\/b95e35997e01d9800c1b6184bd79d4d898d370a3fce2584f5c77b907d5c7d9e9?s=96&d=mm&r=g","caption":"Henrique Machado"}}]}},"_links":{"self":[{"href":"https:\/\/www.gaveanews.com\/index.php\/wp-json\/wp\/v2\/posts\/251141","targetHints":{"allow":["GET"]}}],"collection":[{"href":"https:\/\/www.gaveanews.com\/index.php\/wp-json\/wp\/v2\/posts"}],"about":[{"href":"https:\/\/www.gaveanews.com\/index.php\/wp-json\/wp\/v2\/types\/post"}],"author":[{"embeddable":true,"href":"https:\/\/www.gaveanews.com\/index.php\/wp-json\/wp\/v2\/users\/15"}],"replies":[{"embeddable":true,"href":"https:\/\/www.gaveanews.com\/index.php\/wp-json\/wp\/v2\/comments?post=251141"}],"version-history":[{"count":1,"href":"https:\/\/www.gaveanews.com\/index.php\/wp-json\/wp\/v2\/posts\/251141\/revisions"}],"predecessor-version":[{"id":251144,"href":"https:\/\/www.gaveanews.com\/index.php\/wp-json\/wp\/v2\/posts\/251141\/revisions\/251144"}],"wp:featuredmedia":[{"embeddable":true,"href":"https:\/\/www.gaveanews.com\/index.php\/wp-json\/wp\/v2\/media\/90823"}],"wp:attachment":[{"href":"https:\/\/www.gaveanews.com\/index.php\/wp-json\/wp\/v2\/media?parent=251141"}],"wp:term":[{"taxonomy":"category","embeddable":true,"href":"https:\/\/www.gaveanews.com\/index.php\/wp-json\/wp\/v2\/categories?post=251141"},{"taxonomy":"post_tag","embeddable":true,"href":"https:\/\/www.gaveanews.com\/index.php\/wp-json\/wp\/v2\/tags?post=251141"}],"curies":[{"name":"wp","href":"https:\/\/api.w.org\/{rel}","templated":true}]}}