{"id":251178,"date":"2025-04-09T19:30:00","date_gmt":"2025-04-09T22:30:00","guid":{"rendered":"https:\/\/www.gaveanews.com\/?p=251178"},"modified":"2025-04-09T16:49:04","modified_gmt":"2025-04-09T19:49:04","slug":"governo-abre-excecao-que-afetara-diretamente-o-vasco","status":"publish","type":"post","link":"https:\/\/www.gaveanews.com\/index.php\/2025\/04\/09\/governo-abre-excecao-que-afetara-diretamente-o-vasco\/","title":{"rendered":"Governo abre exce\u00e7\u00e3o que afetar\u00e1 diretamente o Vasco"},"content":{"rendered":"\n<p>O Castel\u00e3o ser\u00e1 palco de dois jogos decisivos em um intervalo menor do que o permitido pela portaria vigente. Com isso, o Vasco enfrentar\u00e1 o Cear\u00e1 em uma situa\u00e7\u00e3o at\u00edpica no dia 15 de abril.&nbsp;<\/p>\n\n\n\n<p>A decis\u00e3o do Governo do Cear\u00e1 de abrir uma exce\u00e7\u00e3o na regra de preserva\u00e7\u00e3o do gramado gerou repercuss\u00e3o, j\u00e1 que o est\u00e1dio receber\u00e1 duas partidas em apenas 49 horas.<\/p>\n\n\n\n<h2 class=\"wp-block-heading\" id=\"h-entenda-a-mudanca-na-regra\">Entenda a mudan\u00e7a na regra<\/h2>\n\n\n\n<figure class=\"wp-block-image size-large\"><img loading=\"lazy\" decoding=\"async\" width=\"1024\" height=\"683\" src=\"http:\/\/www.gaveanews.com\/wp-content\/uploads\/Torcida-do-Ceara-no-Castelao-1024x683.webp\" alt=\"\" class=\"wp-image-185926\" srcset=\"https:\/\/www.gaveanews.com\/wp-content\/uploads\/Torcida-do-Ceara-no-Castelao-1024x683.webp 1024w, https:\/\/www.gaveanews.com\/wp-content\/uploads\/Torcida-do-Ceara-no-Castelao-300x200.webp 300w, https:\/\/www.gaveanews.com\/wp-content\/uploads\/Torcida-do-Ceara-no-Castelao-768x512.webp 768w, https:\/\/www.gaveanews.com\/wp-content\/uploads\/Torcida-do-Ceara-no-Castelao-630x420.webp 630w, https:\/\/www.gaveanews.com\/wp-content\/uploads\/Torcida-do-Ceara-no-Castelao-640x427.webp 640w, https:\/\/www.gaveanews.com\/wp-content\/uploads\/Torcida-do-Ceara-no-Castelao-681x454.webp 681w, https:\/\/www.gaveanews.com\/wp-content\/uploads\/Torcida-do-Ceara-no-Castelao-100x67.webp 100w, https:\/\/www.gaveanews.com\/wp-content\/uploads\/Torcida-do-Ceara-no-Castelao.webp 1080w\" sizes=\"auto, (max-width: 1024px) 100vw, 1024px\" \/><figcaption class=\"wp-element-caption\">Torcida do Cear\u00e1 no Castel\u00e3o (Foto: Reprodu\u00e7\u00e3o\/Instagram Murillo)<\/figcaption><\/figure>\n\n\n\n<p>Desde fevereiro de 2025, o Governo do Estado estabeleceu um intervalo m\u00ednimo de 66 horas entre jogos na Arena Castel\u00e3o. O objetivo \u00e9 garantir a recupera\u00e7\u00e3o adequada do gramado, evitando desgastes excessivos. No entanto, para atender aos interesses de Cear\u00e1 e Fortaleza, uma exce\u00e7\u00e3o foi concedida.<\/p>\n\n\n\n<p>O secret\u00e1rio-chefe da Casa Civil do Governo, Chagas Vieira, confirmou a medida nas redes sociais:<\/p>\n\n\n\n<p>&#8220;Sobre a cess\u00e3o do Castel\u00e3o num intervalo menor que 66h entre as partidas, estabelecido em portaria, falei h\u00e1 pouco com nosso secret\u00e1rio Rog\u00e9rio, da Sesporte. Para atender Cear\u00e1 e Fortaleza, que jogar\u00e3o em intervalo de 49h, ser\u00e1 aberta exce\u00e7\u00e3o, inclusive prevista na mesma portaria.&#8221;<\/p>\n\n\n\n<p>Al\u00e9m disso,&nbsp; a Secretaria do Esporte havia alertado os clubes e a CBF sobre o risco de descumprir a regra. Isso porque a inten\u00e7\u00e3o inicial era preservar o gramado para evitar preju\u00edzos durante a temporada. Sendo assim, um di\u00e1logo r\u00e1pido entre as partes foi necess\u00e1rio para garantir a realiza\u00e7\u00e3o das partidas.<\/p>\n\n\n\n<h2 class=\"wp-block-heading\" id=\"h-historico-da-portaria-e-impactos-no-castelao\">Hist\u00f3rico da portaria e impactos no Castel\u00e3o<\/h2>\n\n\n\n<p>A medida de intervalo m\u00ednimo entre jogos foi criada justamente por conta do intenso calend\u00e1rio de competi\u00e7\u00f5es estaduais, nacionais e internacionais. Cabe ressaltar que o Governo se baseou no Regulamento Geral de Competi\u00e7\u00f5es da CBF para estabelecer a norma.<\/p>\n\n\n\n<p>No entanto, essa n\u00e3o \u00e9 a primeira vez que a regra \u00e9 flexibilizada. Durante as semifinais do Campeonato Cearense de 2025, uma solicita\u00e7\u00e3o semelhante foi feita, mas sem consenso entre Cear\u00e1 e Fortaleza. Como resultado, os jogos foram remanejados para o Presidente Vargas.<\/p>\n\n\n\n<p>Com isso, resta saber como o gramado do Castel\u00e3o responder\u00e1 a essa nova exce\u00e7\u00e3o. Dessa maneira, o duelo entre Cear\u00e1 e Vasco ser\u00e1 um verdadeiro teste para a durabilidade do campo e pode gerar discuss\u00f5es sobre a viabilidade de novas flexibiliza\u00e7\u00f5es no futuro.<\/p>\n","protected":false},"excerpt":{"rendered":"<p>O Castel\u00e3o ser\u00e1 palco de dois jogos decisivos em um intervalo menor do que o permitido pela portaria vigente. Com isso, o Vasco enfrentar\u00e1 o Cear\u00e1 em uma situa\u00e7\u00e3o at\u00edpica no dia 15 de abril.&nbsp; A decis\u00e3o do Governo do Cear\u00e1 de abrir uma exce\u00e7\u00e3o na regra de preserva\u00e7\u00e3o do gramado gerou repercuss\u00e3o, j\u00e1 que [&hellip;]<\/p>\n","protected":false},"author":25,"featured_media":147443,"comment_status":"open","ping_status":"closed","sticky":false,"template":"","format":"standard","meta":{"footnotes":""},"categories":[152],"tags":[],"class_list":["post-251178","post","type-post","status-publish","format-standard","has-post-thumbnail","hentry","category-vasco"],"yoast_head":"<!-- This site is optimized with the Yoast SEO Premium plugin v24.2 (Yoast SEO v26.9) - https:\/\/yoast.com\/product\/yoast-seo-premium-wordpress\/ -->\n<title>Governo abre exce\u00e7\u00e3o que afetar\u00e1 diretamente o Vasco<\/title>\n<meta name=\"robots\" content=\"index, follow, max-snippet:-1, max-image-preview:large, max-video-preview:-1\" \/>\n<link rel=\"canonical\" href=\"https:\/\/www.gaveanews.com\/index.php\/2025\/04\/09\/governo-abre-excecao-que-afetara-diretamente-o-vasco\/\" \/>\n<meta property=\"og:locale\" content=\"pt_BR\" \/>\n<meta property=\"og:type\" content=\"article\" \/>\n<meta property=\"og:title\" content=\"Governo abre exce\u00e7\u00e3o que afetar\u00e1 diretamente o Vasco\" \/>\n<meta property=\"og:description\" content=\"O Castel\u00e3o ser\u00e1 palco de dois jogos decisivos em um intervalo menor do que o permitido pela portaria vigente. Com isso, o Vasco enfrentar\u00e1 o Cear\u00e1 em uma situa\u00e7\u00e3o at\u00edpica no dia 15 de abril.&nbsp; A decis\u00e3o do Governo do Cear\u00e1 de abrir uma exce\u00e7\u00e3o na regra de preserva\u00e7\u00e3o do gramado gerou repercuss\u00e3o, j\u00e1 que [&hellip;]\" \/>\n<meta property=\"og:url\" content=\"https:\/\/www.gaveanews.com\/index.php\/2025\/04\/09\/governo-abre-excecao-que-afetara-diretamente-o-vasco\/\" \/>\n<meta property=\"og:site_name\" content=\"G\u00e1vea News\" \/>\n<meta property=\"article:publisher\" content=\"https:\/\/facebook.com\/gaveaNews\/\" \/>\n<meta property=\"article:published_time\" content=\"2025-04-09T22:30:00+00:00\" \/>\n<meta property=\"og:image\" content=\"https:\/\/www.gaveanews.com\/wp-content\/uploads\/Camisa-do-Vasco-da-Gama.webp\" \/>\n\t<meta property=\"og:image:width\" content=\"1440\" \/>\n\t<meta property=\"og:image:height\" content=\"960\" \/>\n\t<meta property=\"og:image:type\" content=\"image\/jpeg\" \/>\n<meta name=\"author\" content=\"Rafaela Ladeira\" \/>\n<meta name=\"twitter:card\" content=\"summary_large_image\" \/>\n<meta name=\"twitter:label1\" content=\"Escrito por\" \/>\n\t<meta name=\"twitter:data1\" content=\"Rafaela Ladeira\" \/>\n\t<meta name=\"twitter:label2\" content=\"Est. tempo de leitura\" \/>\n\t<meta name=\"twitter:data2\" content=\"3 minutos\" \/>\n<script type=\"application\/ld+json\" class=\"yoast-schema-graph\">{\"@context\":\"https:\/\/schema.org\",\"@graph\":[{\"@type\":\"NewsArticle\",\"@id\":\"https:\/\/www.gaveanews.com\/index.php\/2025\/04\/09\/governo-abre-excecao-que-afetara-diretamente-o-vasco\/#article\",\"isPartOf\":{\"@id\":\"https:\/\/www.gaveanews.com\/index.php\/2025\/04\/09\/governo-abre-excecao-que-afetara-diretamente-o-vasco\/\"},\"author\":{\"name\":\"Rafaela Ladeira\",\"@id\":\"https:\/\/www.gaveanews.com\/#\/schema\/person\/0eb3e3fe1754f0205218538adbe8f5ed\"},\"headline\":\"Governo abre exce\u00e7\u00e3o que afetar\u00e1 diretamente o Vasco\",\"datePublished\":\"2025-04-09T22:30:00+00:00\",\"mainEntityOfPage\":{\"@id\":\"https:\/\/www.gaveanews.com\/index.php\/2025\/04\/09\/governo-abre-excecao-que-afetara-diretamente-o-vasco\/\"},\"wordCount\":410,\"commentCount\":0,\"image\":{\"@id\":\"https:\/\/www.gaveanews.com\/index.php\/2025\/04\/09\/governo-abre-excecao-que-afetara-diretamente-o-vasco\/#primaryimage\"},\"thumbnailUrl\":\"https:\/\/www.gaveanews.com\/wp-content\/uploads\/Camisa-do-Vasco-da-Gama.webp\",\"articleSection\":[\"Vasco\"],\"inLanguage\":\"pt-BR\",\"potentialAction\":[{\"@type\":\"CommentAction\",\"name\":\"Comment\",\"target\":[\"https:\/\/www.gaveanews.com\/index.php\/2025\/04\/09\/governo-abre-excecao-que-afetara-diretamente-o-vasco\/#respond\"]}],\"copyrightYear\":\"2025\",\"copyrightHolder\":{\"@id\":\"https:\/\/www.gaveanews.com\/#organization\"}},{\"@type\":\"WebPage\",\"@id\":\"https:\/\/www.gaveanews.com\/index.php\/2025\/04\/09\/governo-abre-excecao-que-afetara-diretamente-o-vasco\/\",\"url\":\"https:\/\/www.gaveanews.com\/index.php\/2025\/04\/09\/governo-abre-excecao-que-afetara-diretamente-o-vasco\/\",\"name\":\"Governo abre exce\u00e7\u00e3o que afetar\u00e1 diretamente o Vasco\",\"isPartOf\":{\"@id\":\"https:\/\/www.gaveanews.com\/#website\"},\"primaryImageOfPage\":{\"@id\":\"https:\/\/www.gaveanews.com\/index.php\/2025\/04\/09\/governo-abre-excecao-que-afetara-diretamente-o-vasco\/#primaryimage\"},\"image\":{\"@id\":\"https:\/\/www.gaveanews.com\/index.php\/2025\/04\/09\/governo-abre-excecao-que-afetara-diretamente-o-vasco\/#primaryimage\"},\"thumbnailUrl\":\"https:\/\/www.gaveanews.com\/wp-content\/uploads\/Camisa-do-Vasco-da-Gama.webp\",\"datePublished\":\"2025-04-09T22:30:00+00:00\",\"author\":{\"@id\":\"https:\/\/www.gaveanews.com\/#\/schema\/person\/0eb3e3fe1754f0205218538adbe8f5ed\"},\"breadcrumb\":{\"@id\":\"https:\/\/www.gaveanews.com\/index.php\/2025\/04\/09\/governo-abre-excecao-que-afetara-diretamente-o-vasco\/#breadcrumb\"},\"inLanguage\":\"pt-BR\",\"potentialAction\":[{\"@type\":\"ReadAction\",\"target\":[\"https:\/\/www.gaveanews.com\/index.php\/2025\/04\/09\/governo-abre-excecao-que-afetara-diretamente-o-vasco\/\"]}]},{\"@type\":\"ImageObject\",\"inLanguage\":\"pt-BR\",\"@id\":\"https:\/\/www.gaveanews.com\/index.php\/2025\/04\/09\/governo-abre-excecao-que-afetara-diretamente-o-vasco\/#primaryimage\",\"url\":\"https:\/\/www.gaveanews.com\/wp-content\/uploads\/Camisa-do-Vasco-da-Gama.webp\",\"contentUrl\":\"https:\/\/www.gaveanews.com\/wp-content\/uploads\/Camisa-do-Vasco-da-Gama.webp\",\"width\":1440,\"height\":960,\"caption\":\"Camisa do Vasco da Gama (Foto: Reprodu\u00e7\u00e3o\/Instagram)\"},{\"@type\":\"BreadcrumbList\",\"@id\":\"https:\/\/www.gaveanews.com\/index.php\/2025\/04\/09\/governo-abre-excecao-que-afetara-diretamente-o-vasco\/#breadcrumb\",\"itemListElement\":[{\"@type\":\"ListItem\",\"position\":1,\"name\":\"Home\",\"item\":\"https:\/\/www.gaveanews.com\/\"},{\"@type\":\"ListItem\",\"position\":2,\"name\":\"Governo abre exce\u00e7\u00e3o que afetar\u00e1 diretamente o Vasco\"}]},{\"@type\":\"WebSite\",\"@id\":\"https:\/\/www.gaveanews.com\/#website\",\"url\":\"https:\/\/www.gaveanews.com\/\",\"name\":\"G\u00e1vea News\",\"description\":\"Veja todas as not\u00edcias sobre o Flamengo: Contrata\u00e7\u00f5es, categorias de base, resultados das partidas, tabela de classifica\u00e7\u00e3o, pr\u00f3ximos jogos!\",\"potentialAction\":[{\"@type\":\"SearchAction\",\"target\":{\"@type\":\"EntryPoint\",\"urlTemplate\":\"https:\/\/www.gaveanews.com\/?s={search_term_string}\"},\"query-input\":{\"@type\":\"PropertyValueSpecification\",\"valueRequired\":true,\"valueName\":\"search_term_string\"}}],\"inLanguage\":\"pt-BR\"},{\"@type\":\"Person\",\"@id\":\"https:\/\/www.gaveanews.com\/#\/schema\/person\/0eb3e3fe1754f0205218538adbe8f5ed\",\"name\":\"Rafaela Ladeira\",\"image\":{\"@type\":\"ImageObject\",\"inLanguage\":\"pt-BR\",\"@id\":\"https:\/\/www.gaveanews.com\/#\/schema\/person\/image\/\",\"url\":\"https:\/\/secure.gravatar.com\/avatar\/c31f513acffd85eacab5730cbdfdbbf59f21ba5aeada8cd890acea879fbb2455?s=96&d=mm&r=g\",\"contentUrl\":\"https:\/\/secure.gravatar.com\/avatar\/c31f513acffd85eacab5730cbdfdbbf59f21ba5aeada8cd890acea879fbb2455?s=96&d=mm&r=g\",\"caption\":\"Rafaela Ladeira\"}}]}<\/script>\n<!-- \/ Yoast SEO Premium plugin. -->","yoast_head_json":{"title":"Governo abre exce\u00e7\u00e3o que afetar\u00e1 diretamente o Vasco","robots":{"index":"index","follow":"follow","max-snippet":"max-snippet:-1","max-image-preview":"max-image-preview:large","max-video-preview":"max-video-preview:-1"},"canonical":"https:\/\/www.gaveanews.com\/index.php\/2025\/04\/09\/governo-abre-excecao-que-afetara-diretamente-o-vasco\/","og_locale":"pt_BR","og_type":"article","og_title":"Governo abre exce\u00e7\u00e3o que afetar\u00e1 diretamente o Vasco","og_description":"O Castel\u00e3o ser\u00e1 palco de dois jogos decisivos em um intervalo menor do que o permitido pela portaria vigente. Com isso, o Vasco enfrentar\u00e1 o Cear\u00e1 em uma situa\u00e7\u00e3o at\u00edpica no dia 15 de abril.&nbsp; A decis\u00e3o do Governo do Cear\u00e1 de abrir uma exce\u00e7\u00e3o na regra de preserva\u00e7\u00e3o do gramado gerou repercuss\u00e3o, j\u00e1 que [&hellip;]","og_url":"https:\/\/www.gaveanews.com\/index.php\/2025\/04\/09\/governo-abre-excecao-que-afetara-diretamente-o-vasco\/","og_site_name":"G\u00e1vea News","article_publisher":"https:\/\/facebook.com\/gaveaNews\/","article_published_time":"2025-04-09T22:30:00+00:00","og_image":[{"width":1440,"height":960,"url":"https:\/\/www.gaveanews.com\/wp-content\/uploads\/Camisa-do-Vasco-da-Gama.webp","type":"image\/jpeg"}],"author":"Rafaela Ladeira","twitter_card":"summary_large_image","twitter_misc":{"Escrito por":"Rafaela Ladeira","Est. tempo de leitura":"3 minutos"},"schema":{"@context":"https:\/\/schema.org","@graph":[{"@type":"NewsArticle","@id":"https:\/\/www.gaveanews.com\/index.php\/2025\/04\/09\/governo-abre-excecao-que-afetara-diretamente-o-vasco\/#article","isPartOf":{"@id":"https:\/\/www.gaveanews.com\/index.php\/2025\/04\/09\/governo-abre-excecao-que-afetara-diretamente-o-vasco\/"},"author":{"name":"Rafaela Ladeira","@id":"https:\/\/www.gaveanews.com\/#\/schema\/person\/0eb3e3fe1754f0205218538adbe8f5ed"},"headline":"Governo abre exce\u00e7\u00e3o que afetar\u00e1 diretamente o Vasco","datePublished":"2025-04-09T22:30:00+00:00","mainEntityOfPage":{"@id":"https:\/\/www.gaveanews.com\/index.php\/2025\/04\/09\/governo-abre-excecao-que-afetara-diretamente-o-vasco\/"},"wordCount":410,"commentCount":0,"image":{"@id":"https:\/\/www.gaveanews.com\/index.php\/2025\/04\/09\/governo-abre-excecao-que-afetara-diretamente-o-vasco\/#primaryimage"},"thumbnailUrl":"https:\/\/www.gaveanews.com\/wp-content\/uploads\/Camisa-do-Vasco-da-Gama.webp","articleSection":["Vasco"],"inLanguage":"pt-BR","potentialAction":[{"@type":"CommentAction","name":"Comment","target":["https:\/\/www.gaveanews.com\/index.php\/2025\/04\/09\/governo-abre-excecao-que-afetara-diretamente-o-vasco\/#respond"]}],"copyrightYear":"2025","copyrightHolder":{"@id":"https:\/\/www.gaveanews.com\/#organization"}},{"@type":"WebPage","@id":"https:\/\/www.gaveanews.com\/index.php\/2025\/04\/09\/governo-abre-excecao-que-afetara-diretamente-o-vasco\/","url":"https:\/\/www.gaveanews.com\/index.php\/2025\/04\/09\/governo-abre-excecao-que-afetara-diretamente-o-vasco\/","name":"Governo abre exce\u00e7\u00e3o que afetar\u00e1 diretamente o Vasco","isPartOf":{"@id":"https:\/\/www.gaveanews.com\/#website"},"primaryImageOfPage":{"@id":"https:\/\/www.gaveanews.com\/index.php\/2025\/04\/09\/governo-abre-excecao-que-afetara-diretamente-o-vasco\/#primaryimage"},"image":{"@id":"https:\/\/www.gaveanews.com\/index.php\/2025\/04\/09\/governo-abre-excecao-que-afetara-diretamente-o-vasco\/#primaryimage"},"thumbnailUrl":"https:\/\/www.gaveanews.com\/wp-content\/uploads\/Camisa-do-Vasco-da-Gama.webp","datePublished":"2025-04-09T22:30:00+00:00","author":{"@id":"https:\/\/www.gaveanews.com\/#\/schema\/person\/0eb3e3fe1754f0205218538adbe8f5ed"},"breadcrumb":{"@id":"https:\/\/www.gaveanews.com\/index.php\/2025\/04\/09\/governo-abre-excecao-que-afetara-diretamente-o-vasco\/#breadcrumb"},"inLanguage":"pt-BR","potentialAction":[{"@type":"ReadAction","target":["https:\/\/www.gaveanews.com\/index.php\/2025\/04\/09\/governo-abre-excecao-que-afetara-diretamente-o-vasco\/"]}]},{"@type":"ImageObject","inLanguage":"pt-BR","@id":"https:\/\/www.gaveanews.com\/index.php\/2025\/04\/09\/governo-abre-excecao-que-afetara-diretamente-o-vasco\/#primaryimage","url":"https:\/\/www.gaveanews.com\/wp-content\/uploads\/Camisa-do-Vasco-da-Gama.webp","contentUrl":"https:\/\/www.gaveanews.com\/wp-content\/uploads\/Camisa-do-Vasco-da-Gama.webp","width":1440,"height":960,"caption":"Camisa do Vasco da Gama (Foto: Reprodu\u00e7\u00e3o\/Instagram)"},{"@type":"BreadcrumbList","@id":"https:\/\/www.gaveanews.com\/index.php\/2025\/04\/09\/governo-abre-excecao-que-afetara-diretamente-o-vasco\/#breadcrumb","itemListElement":[{"@type":"ListItem","position":1,"name":"Home","item":"https:\/\/www.gaveanews.com\/"},{"@type":"ListItem","position":2,"name":"Governo abre exce\u00e7\u00e3o que afetar\u00e1 diretamente o Vasco"}]},{"@type":"WebSite","@id":"https:\/\/www.gaveanews.com\/#website","url":"https:\/\/www.gaveanews.com\/","name":"G\u00e1vea News","description":"Veja todas as not\u00edcias sobre o Flamengo: Contrata\u00e7\u00f5es, categorias de base, resultados das partidas, tabela de classifica\u00e7\u00e3o, pr\u00f3ximos jogos!","potentialAction":[{"@type":"SearchAction","target":{"@type":"EntryPoint","urlTemplate":"https:\/\/www.gaveanews.com\/?s={search_term_string}"},"query-input":{"@type":"PropertyValueSpecification","valueRequired":true,"valueName":"search_term_string"}}],"inLanguage":"pt-BR"},{"@type":"Person","@id":"https:\/\/www.gaveanews.com\/#\/schema\/person\/0eb3e3fe1754f0205218538adbe8f5ed","name":"Rafaela Ladeira","image":{"@type":"ImageObject","inLanguage":"pt-BR","@id":"https:\/\/www.gaveanews.com\/#\/schema\/person\/image\/","url":"https:\/\/secure.gravatar.com\/avatar\/c31f513acffd85eacab5730cbdfdbbf59f21ba5aeada8cd890acea879fbb2455?s=96&d=mm&r=g","contentUrl":"https:\/\/secure.gravatar.com\/avatar\/c31f513acffd85eacab5730cbdfdbbf59f21ba5aeada8cd890acea879fbb2455?s=96&d=mm&r=g","caption":"Rafaela Ladeira"}}]}},"_links":{"self":[{"href":"https:\/\/www.gaveanews.com\/index.php\/wp-json\/wp\/v2\/posts\/251178","targetHints":{"allow":["GET"]}}],"collection":[{"href":"https:\/\/www.gaveanews.com\/index.php\/wp-json\/wp\/v2\/posts"}],"about":[{"href":"https:\/\/www.gaveanews.com\/index.php\/wp-json\/wp\/v2\/types\/post"}],"author":[{"embeddable":true,"href":"https:\/\/www.gaveanews.com\/index.php\/wp-json\/wp\/v2\/users\/25"}],"replies":[{"embeddable":true,"href":"https:\/\/www.gaveanews.com\/index.php\/wp-json\/wp\/v2\/comments?post=251178"}],"version-history":[{"count":1,"href":"https:\/\/www.gaveanews.com\/index.php\/wp-json\/wp\/v2\/posts\/251178\/revisions"}],"predecessor-version":[{"id":251179,"href":"https:\/\/www.gaveanews.com\/index.php\/wp-json\/wp\/v2\/posts\/251178\/revisions\/251179"}],"wp:featuredmedia":[{"embeddable":true,"href":"https:\/\/www.gaveanews.com\/index.php\/wp-json\/wp\/v2\/media\/147443"}],"wp:attachment":[{"href":"https:\/\/www.gaveanews.com\/index.php\/wp-json\/wp\/v2\/media?parent=251178"}],"wp:term":[{"taxonomy":"category","embeddable":true,"href":"https:\/\/www.gaveanews.com\/index.php\/wp-json\/wp\/v2\/categories?post=251178"},{"taxonomy":"post_tag","embeddable":true,"href":"https:\/\/www.gaveanews.com\/index.php\/wp-json\/wp\/v2\/tags?post=251178"}],"curies":[{"name":"wp","href":"https:\/\/api.w.org\/{rel}","templated":true}]}}