{"id":251226,"date":"2025-04-09T21:05:00","date_gmt":"2025-04-10T00:05:00","guid":{"rendered":"https:\/\/www.gaveanews.com\/?p=251226"},"modified":"2025-04-09T18:01:09","modified_gmt":"2025-04-09T21:01:09","slug":"rogerio-ceni-reconhece-importancia-de-idolo-do-botafogo","status":"publish","type":"post","link":"https:\/\/www.gaveanews.com\/index.php\/2025\/04\/09\/rogerio-ceni-reconhece-importancia-de-idolo-do-botafogo\/","title":{"rendered":"Rog\u00e9rio Ceni reconhece import\u00e2ncia de \u00eddolo do Botafogo"},"content":{"rendered":"\n<p>O t\u00e9cnico do Bahia, Rog\u00e9rio Ceni, utilizou suas redes sociais para prestar uma homenagem ao ex-goleiro Manga, que faleceu na ter\u00e7a-feira (08 de abril), aos 87 anos, em um hospital do Rio de Janeiro. O ex-jogador foi um dos maiores \u00eddolos da hist\u00f3ria do Botafogo e da sele\u00e7\u00e3o brasileira, tendo marcado gera\u00e7\u00f5es com suas atua\u00e7\u00f5es decisivas.<\/p>\n\n\n\n<p>Durante a publica\u00e7\u00e3o, Ceni fez quest\u00e3o de exaltar o legado deixado por Ha\u00edlton Corr\u00eaa de Arruda, nome de batismo de Manga, ressaltando a simbologia de sua carreira para a posi\u00e7\u00e3o de goleiro no futebol brasileiro. \u201cMais do que uma homenagem, \u00e9 um merecido reconhecimento, ainda em vida, a um atleta corajoso, que demonstrou extrema dedica\u00e7\u00e3o por todos os clubes pelos quais passou\u201d, afirmou o treinador.<\/p>\n\n\n\n<p>Manga, que completaria 88 anos no pr\u00f3ximo dia 26 de abril, foi o goleiro titular do Brasil na Copa do Mundo de 1966. Por seu impacto no esporte, o dia de seu nascimento foi escolhido para representar o Dia do Goleiro no pa\u00eds. Rog\u00e9rio Ceni relembrou momentos em que seu pai falava com entusiasmo sobre as defesas marcantes do \u00eddolo do Botafogo, o que evidenciou a influ\u00eancia geracional do ex-jogador.<\/p>\n\n\n\n<p>A despedida de Manga foi marcada por um vel\u00f3rio aberto aos torcedores, realizado nesta quarta-feira (09 de abril), das 8h \u00e0s 10h15 (hor\u00e1rio de Bras\u00edlia), na sede do Botafogo, em General Severiano, no Rio de Janeiro. O evento contou com a presen\u00e7a de admiradores e personalidades do futebol nacional.<\/p>\n\n\n\n<p>Ali\u00e1s, Rog\u00e9rio Ceni possui uma liga\u00e7\u00e3o simb\u00f3lica com Manga. Em 2013, quando ainda atuava pelo S\u00e3o Paulo, ele superou o ex-goleiro como o brasileiro com mais partidas disputadas na hist\u00f3ria da Libertadores, marca que atualmente pertence a F\u00e1bio, do Fluminense.<\/p>\n\n\n\n<p>O reconhecimento de Ceni refor\u00e7a o respeito que atravessa gera\u00e7\u00f5es no futebol. Afinal, homenagens como essa consolidam a import\u00e2ncia dos grandes nomes que constru\u00edram a hist\u00f3ria do esporte no Brasil.<\/p>\n","protected":false},"excerpt":{"rendered":"<p>O t\u00e9cnico do Bahia, Rog\u00e9rio Ceni, utilizou suas redes sociais para prestar uma homenagem ao ex-goleiro Manga, que faleceu na ter\u00e7a-feira (08 de abril), aos 87 anos, em um hospital do Rio de Janeiro. O ex-jogador foi um dos maiores \u00eddolos da hist\u00f3ria do Botafogo e da sele\u00e7\u00e3o brasileira, tendo marcado gera\u00e7\u00f5es com suas atua\u00e7\u00f5es [&hellip;]<\/p>\n","protected":false},"author":18,"featured_media":148395,"comment_status":"open","ping_status":"closed","sticky":false,"template":"","format":"standard","meta":{"footnotes":""},"categories":[137,138],"tags":[],"class_list":["post-251226","post","type-post","status-publish","format-standard","has-post-thumbnail","hentry","category-bahia","category-botafogo"],"yoast_head":"<!-- This site is optimized with the Yoast SEO Premium plugin v24.2 (Yoast SEO v26.9) - https:\/\/yoast.com\/product\/yoast-seo-premium-wordpress\/ -->\n<title>Rog\u00e9rio Ceni reconhece import\u00e2ncia de \u00eddolo do Botafogo<\/title>\n<meta name=\"robots\" content=\"index, follow, max-snippet:-1, max-image-preview:large, max-video-preview:-1\" \/>\n<link rel=\"canonical\" href=\"https:\/\/www.gaveanews.com\/index.php\/2025\/04\/09\/rogerio-ceni-reconhece-importancia-de-idolo-do-botafogo\/\" \/>\n<meta property=\"og:locale\" content=\"pt_BR\" \/>\n<meta property=\"og:type\" content=\"article\" \/>\n<meta property=\"og:title\" content=\"Rog\u00e9rio Ceni reconhece import\u00e2ncia de \u00eddolo do Botafogo\" \/>\n<meta property=\"og:description\" content=\"O t\u00e9cnico do Bahia, Rog\u00e9rio Ceni, utilizou suas redes sociais para prestar uma homenagem ao ex-goleiro Manga, que faleceu na ter\u00e7a-feira (08 de abril), aos 87 anos, em um hospital do Rio de Janeiro. O ex-jogador foi um dos maiores \u00eddolos da hist\u00f3ria do Botafogo e da sele\u00e7\u00e3o brasileira, tendo marcado gera\u00e7\u00f5es com suas atua\u00e7\u00f5es [&hellip;]\" \/>\n<meta property=\"og:url\" content=\"https:\/\/www.gaveanews.com\/index.php\/2025\/04\/09\/rogerio-ceni-reconhece-importancia-de-idolo-do-botafogo\/\" \/>\n<meta property=\"og:site_name\" content=\"G\u00e1vea News\" \/>\n<meta property=\"article:publisher\" content=\"https:\/\/facebook.com\/gaveaNews\/\" \/>\n<meta property=\"article:published_time\" content=\"2025-04-10T00:05:00+00:00\" \/>\n<meta property=\"og:image\" content=\"https:\/\/www.gaveanews.com\/wp-content\/uploads\/rogerio-ceni-bahia.webp\" \/>\n\t<meta property=\"og:image:width\" content=\"984\" \/>\n\t<meta property=\"og:image:height\" content=\"656\" \/>\n\t<meta property=\"og:image:type\" content=\"image\/webp\" \/>\n<meta name=\"author\" content=\"Paula Silva\" \/>\n<meta name=\"twitter:card\" content=\"summary_large_image\" \/>\n<meta name=\"twitter:label1\" content=\"Escrito por\" \/>\n\t<meta name=\"twitter:data1\" content=\"Paula Silva\" \/>\n\t<meta name=\"twitter:label2\" content=\"Est. tempo de leitura\" \/>\n\t<meta name=\"twitter:data2\" content=\"2 minutos\" \/>\n<script type=\"application\/ld+json\" class=\"yoast-schema-graph\">{\"@context\":\"https:\/\/schema.org\",\"@graph\":[{\"@type\":\"NewsArticle\",\"@id\":\"https:\/\/www.gaveanews.com\/index.php\/2025\/04\/09\/rogerio-ceni-reconhece-importancia-de-idolo-do-botafogo\/#article\",\"isPartOf\":{\"@id\":\"https:\/\/www.gaveanews.com\/index.php\/2025\/04\/09\/rogerio-ceni-reconhece-importancia-de-idolo-do-botafogo\/\"},\"author\":{\"name\":\"Paula Silva\",\"@id\":\"https:\/\/www.gaveanews.com\/#\/schema\/person\/daf63eec72e1164eb13dc35096c2b8da\"},\"headline\":\"Rog\u00e9rio Ceni reconhece import\u00e2ncia de \u00eddolo do Botafogo\",\"datePublished\":\"2025-04-10T00:05:00+00:00\",\"mainEntityOfPage\":{\"@id\":\"https:\/\/www.gaveanews.com\/index.php\/2025\/04\/09\/rogerio-ceni-reconhece-importancia-de-idolo-do-botafogo\/\"},\"wordCount\":345,\"commentCount\":0,\"image\":{\"@id\":\"https:\/\/www.gaveanews.com\/index.php\/2025\/04\/09\/rogerio-ceni-reconhece-importancia-de-idolo-do-botafogo\/#primaryimage\"},\"thumbnailUrl\":\"https:\/\/www.gaveanews.com\/wp-content\/uploads\/rogerio-ceni-bahia.webp\",\"articleSection\":[\"Bahia\",\"Botafogo\"],\"inLanguage\":\"pt-BR\",\"potentialAction\":[{\"@type\":\"CommentAction\",\"name\":\"Comment\",\"target\":[\"https:\/\/www.gaveanews.com\/index.php\/2025\/04\/09\/rogerio-ceni-reconhece-importancia-de-idolo-do-botafogo\/#respond\"]}],\"copyrightYear\":\"2025\",\"copyrightHolder\":{\"@id\":\"https:\/\/www.gaveanews.com\/#organization\"}},{\"@type\":\"WebPage\",\"@id\":\"https:\/\/www.gaveanews.com\/index.php\/2025\/04\/09\/rogerio-ceni-reconhece-importancia-de-idolo-do-botafogo\/\",\"url\":\"https:\/\/www.gaveanews.com\/index.php\/2025\/04\/09\/rogerio-ceni-reconhece-importancia-de-idolo-do-botafogo\/\",\"name\":\"Rog\u00e9rio Ceni reconhece import\u00e2ncia de \u00eddolo do Botafogo\",\"isPartOf\":{\"@id\":\"https:\/\/www.gaveanews.com\/#website\"},\"primaryImageOfPage\":{\"@id\":\"https:\/\/www.gaveanews.com\/index.php\/2025\/04\/09\/rogerio-ceni-reconhece-importancia-de-idolo-do-botafogo\/#primaryimage\"},\"image\":{\"@id\":\"https:\/\/www.gaveanews.com\/index.php\/2025\/04\/09\/rogerio-ceni-reconhece-importancia-de-idolo-do-botafogo\/#primaryimage\"},\"thumbnailUrl\":\"https:\/\/www.gaveanews.com\/wp-content\/uploads\/rogerio-ceni-bahia.webp\",\"datePublished\":\"2025-04-10T00:05:00+00:00\",\"author\":{\"@id\":\"https:\/\/www.gaveanews.com\/#\/schema\/person\/daf63eec72e1164eb13dc35096c2b8da\"},\"breadcrumb\":{\"@id\":\"https:\/\/www.gaveanews.com\/index.php\/2025\/04\/09\/rogerio-ceni-reconhece-importancia-de-idolo-do-botafogo\/#breadcrumb\"},\"inLanguage\":\"pt-BR\",\"potentialAction\":[{\"@type\":\"ReadAction\",\"target\":[\"https:\/\/www.gaveanews.com\/index.php\/2025\/04\/09\/rogerio-ceni-reconhece-importancia-de-idolo-do-botafogo\/\"]}]},{\"@type\":\"ImageObject\",\"inLanguage\":\"pt-BR\",\"@id\":\"https:\/\/www.gaveanews.com\/index.php\/2025\/04\/09\/rogerio-ceni-reconhece-importancia-de-idolo-do-botafogo\/#primaryimage\",\"url\":\"https:\/\/www.gaveanews.com\/wp-content\/uploads\/rogerio-ceni-bahia.webp\",\"contentUrl\":\"https:\/\/www.gaveanews.com\/wp-content\/uploads\/rogerio-ceni-bahia.webp\",\"width\":984,\"height\":656,\"caption\":\"Rog\u00e9rio Ceni comanda treino do Bahia (Foto: Felipe Oliveira\/EC Bahia)\"},{\"@type\":\"BreadcrumbList\",\"@id\":\"https:\/\/www.gaveanews.com\/index.php\/2025\/04\/09\/rogerio-ceni-reconhece-importancia-de-idolo-do-botafogo\/#breadcrumb\",\"itemListElement\":[{\"@type\":\"ListItem\",\"position\":1,\"name\":\"Home\",\"item\":\"https:\/\/www.gaveanews.com\/\"},{\"@type\":\"ListItem\",\"position\":2,\"name\":\"Rog\u00e9rio Ceni reconhece import\u00e2ncia de \u00eddolo do Botafogo\"}]},{\"@type\":\"WebSite\",\"@id\":\"https:\/\/www.gaveanews.com\/#website\",\"url\":\"https:\/\/www.gaveanews.com\/\",\"name\":\"G\u00e1vea News\",\"description\":\"Veja todas as not\u00edcias sobre o Flamengo: Contrata\u00e7\u00f5es, categorias de base, resultados das partidas, tabela de classifica\u00e7\u00e3o, pr\u00f3ximos jogos!\",\"potentialAction\":[{\"@type\":\"SearchAction\",\"target\":{\"@type\":\"EntryPoint\",\"urlTemplate\":\"https:\/\/www.gaveanews.com\/?s={search_term_string}\"},\"query-input\":{\"@type\":\"PropertyValueSpecification\",\"valueRequired\":true,\"valueName\":\"search_term_string\"}}],\"inLanguage\":\"pt-BR\"},{\"@type\":\"Person\",\"@id\":\"https:\/\/www.gaveanews.com\/#\/schema\/person\/daf63eec72e1164eb13dc35096c2b8da\",\"name\":\"Paula Silva\",\"image\":{\"@type\":\"ImageObject\",\"inLanguage\":\"pt-BR\",\"@id\":\"https:\/\/www.gaveanews.com\/#\/schema\/person\/image\/\",\"url\":\"https:\/\/secure.gravatar.com\/avatar\/eda381c845527cc5d64c13b901833cda29d97500ba040d3e6461f76f51d163bb?s=96&d=mm&r=g\",\"contentUrl\":\"https:\/\/secure.gravatar.com\/avatar\/eda381c845527cc5d64c13b901833cda29d97500ba040d3e6461f76f51d163bb?s=96&d=mm&r=g\",\"caption\":\"Paula Silva\"}}]}<\/script>\n<!-- \/ Yoast SEO Premium plugin. -->","yoast_head_json":{"title":"Rog\u00e9rio Ceni reconhece import\u00e2ncia de \u00eddolo do Botafogo","robots":{"index":"index","follow":"follow","max-snippet":"max-snippet:-1","max-image-preview":"max-image-preview:large","max-video-preview":"max-video-preview:-1"},"canonical":"https:\/\/www.gaveanews.com\/index.php\/2025\/04\/09\/rogerio-ceni-reconhece-importancia-de-idolo-do-botafogo\/","og_locale":"pt_BR","og_type":"article","og_title":"Rog\u00e9rio Ceni reconhece import\u00e2ncia de \u00eddolo do Botafogo","og_description":"O t\u00e9cnico do Bahia, Rog\u00e9rio Ceni, utilizou suas redes sociais para prestar uma homenagem ao ex-goleiro Manga, que faleceu na ter\u00e7a-feira (08 de abril), aos 87 anos, em um hospital do Rio de Janeiro. O ex-jogador foi um dos maiores \u00eddolos da hist\u00f3ria do Botafogo e da sele\u00e7\u00e3o brasileira, tendo marcado gera\u00e7\u00f5es com suas atua\u00e7\u00f5es [&hellip;]","og_url":"https:\/\/www.gaveanews.com\/index.php\/2025\/04\/09\/rogerio-ceni-reconhece-importancia-de-idolo-do-botafogo\/","og_site_name":"G\u00e1vea News","article_publisher":"https:\/\/facebook.com\/gaveaNews\/","article_published_time":"2025-04-10T00:05:00+00:00","og_image":[{"width":984,"height":656,"url":"https:\/\/www.gaveanews.com\/wp-content\/uploads\/rogerio-ceni-bahia.webp","type":"image\/webp"}],"author":"Paula Silva","twitter_card":"summary_large_image","twitter_misc":{"Escrito por":"Paula Silva","Est. tempo de leitura":"2 minutos"},"schema":{"@context":"https:\/\/schema.org","@graph":[{"@type":"NewsArticle","@id":"https:\/\/www.gaveanews.com\/index.php\/2025\/04\/09\/rogerio-ceni-reconhece-importancia-de-idolo-do-botafogo\/#article","isPartOf":{"@id":"https:\/\/www.gaveanews.com\/index.php\/2025\/04\/09\/rogerio-ceni-reconhece-importancia-de-idolo-do-botafogo\/"},"author":{"name":"Paula Silva","@id":"https:\/\/www.gaveanews.com\/#\/schema\/person\/daf63eec72e1164eb13dc35096c2b8da"},"headline":"Rog\u00e9rio Ceni reconhece import\u00e2ncia de \u00eddolo do Botafogo","datePublished":"2025-04-10T00:05:00+00:00","mainEntityOfPage":{"@id":"https:\/\/www.gaveanews.com\/index.php\/2025\/04\/09\/rogerio-ceni-reconhece-importancia-de-idolo-do-botafogo\/"},"wordCount":345,"commentCount":0,"image":{"@id":"https:\/\/www.gaveanews.com\/index.php\/2025\/04\/09\/rogerio-ceni-reconhece-importancia-de-idolo-do-botafogo\/#primaryimage"},"thumbnailUrl":"https:\/\/www.gaveanews.com\/wp-content\/uploads\/rogerio-ceni-bahia.webp","articleSection":["Bahia","Botafogo"],"inLanguage":"pt-BR","potentialAction":[{"@type":"CommentAction","name":"Comment","target":["https:\/\/www.gaveanews.com\/index.php\/2025\/04\/09\/rogerio-ceni-reconhece-importancia-de-idolo-do-botafogo\/#respond"]}],"copyrightYear":"2025","copyrightHolder":{"@id":"https:\/\/www.gaveanews.com\/#organization"}},{"@type":"WebPage","@id":"https:\/\/www.gaveanews.com\/index.php\/2025\/04\/09\/rogerio-ceni-reconhece-importancia-de-idolo-do-botafogo\/","url":"https:\/\/www.gaveanews.com\/index.php\/2025\/04\/09\/rogerio-ceni-reconhece-importancia-de-idolo-do-botafogo\/","name":"Rog\u00e9rio Ceni reconhece import\u00e2ncia de \u00eddolo do Botafogo","isPartOf":{"@id":"https:\/\/www.gaveanews.com\/#website"},"primaryImageOfPage":{"@id":"https:\/\/www.gaveanews.com\/index.php\/2025\/04\/09\/rogerio-ceni-reconhece-importancia-de-idolo-do-botafogo\/#primaryimage"},"image":{"@id":"https:\/\/www.gaveanews.com\/index.php\/2025\/04\/09\/rogerio-ceni-reconhece-importancia-de-idolo-do-botafogo\/#primaryimage"},"thumbnailUrl":"https:\/\/www.gaveanews.com\/wp-content\/uploads\/rogerio-ceni-bahia.webp","datePublished":"2025-04-10T00:05:00+00:00","author":{"@id":"https:\/\/www.gaveanews.com\/#\/schema\/person\/daf63eec72e1164eb13dc35096c2b8da"},"breadcrumb":{"@id":"https:\/\/www.gaveanews.com\/index.php\/2025\/04\/09\/rogerio-ceni-reconhece-importancia-de-idolo-do-botafogo\/#breadcrumb"},"inLanguage":"pt-BR","potentialAction":[{"@type":"ReadAction","target":["https:\/\/www.gaveanews.com\/index.php\/2025\/04\/09\/rogerio-ceni-reconhece-importancia-de-idolo-do-botafogo\/"]}]},{"@type":"ImageObject","inLanguage":"pt-BR","@id":"https:\/\/www.gaveanews.com\/index.php\/2025\/04\/09\/rogerio-ceni-reconhece-importancia-de-idolo-do-botafogo\/#primaryimage","url":"https:\/\/www.gaveanews.com\/wp-content\/uploads\/rogerio-ceni-bahia.webp","contentUrl":"https:\/\/www.gaveanews.com\/wp-content\/uploads\/rogerio-ceni-bahia.webp","width":984,"height":656,"caption":"Rog\u00e9rio Ceni comanda treino do Bahia (Foto: Felipe Oliveira\/EC Bahia)"},{"@type":"BreadcrumbList","@id":"https:\/\/www.gaveanews.com\/index.php\/2025\/04\/09\/rogerio-ceni-reconhece-importancia-de-idolo-do-botafogo\/#breadcrumb","itemListElement":[{"@type":"ListItem","position":1,"name":"Home","item":"https:\/\/www.gaveanews.com\/"},{"@type":"ListItem","position":2,"name":"Rog\u00e9rio Ceni reconhece import\u00e2ncia de \u00eddolo do Botafogo"}]},{"@type":"WebSite","@id":"https:\/\/www.gaveanews.com\/#website","url":"https:\/\/www.gaveanews.com\/","name":"G\u00e1vea News","description":"Veja todas as not\u00edcias sobre o Flamengo: Contrata\u00e7\u00f5es, categorias de base, resultados das partidas, tabela de classifica\u00e7\u00e3o, pr\u00f3ximos jogos!","potentialAction":[{"@type":"SearchAction","target":{"@type":"EntryPoint","urlTemplate":"https:\/\/www.gaveanews.com\/?s={search_term_string}"},"query-input":{"@type":"PropertyValueSpecification","valueRequired":true,"valueName":"search_term_string"}}],"inLanguage":"pt-BR"},{"@type":"Person","@id":"https:\/\/www.gaveanews.com\/#\/schema\/person\/daf63eec72e1164eb13dc35096c2b8da","name":"Paula Silva","image":{"@type":"ImageObject","inLanguage":"pt-BR","@id":"https:\/\/www.gaveanews.com\/#\/schema\/person\/image\/","url":"https:\/\/secure.gravatar.com\/avatar\/eda381c845527cc5d64c13b901833cda29d97500ba040d3e6461f76f51d163bb?s=96&d=mm&r=g","contentUrl":"https:\/\/secure.gravatar.com\/avatar\/eda381c845527cc5d64c13b901833cda29d97500ba040d3e6461f76f51d163bb?s=96&d=mm&r=g","caption":"Paula Silva"}}]}},"_links":{"self":[{"href":"https:\/\/www.gaveanews.com\/index.php\/wp-json\/wp\/v2\/posts\/251226","targetHints":{"allow":["GET"]}}],"collection":[{"href":"https:\/\/www.gaveanews.com\/index.php\/wp-json\/wp\/v2\/posts"}],"about":[{"href":"https:\/\/www.gaveanews.com\/index.php\/wp-json\/wp\/v2\/types\/post"}],"author":[{"embeddable":true,"href":"https:\/\/www.gaveanews.com\/index.php\/wp-json\/wp\/v2\/users\/18"}],"replies":[{"embeddable":true,"href":"https:\/\/www.gaveanews.com\/index.php\/wp-json\/wp\/v2\/comments?post=251226"}],"version-history":[{"count":1,"href":"https:\/\/www.gaveanews.com\/index.php\/wp-json\/wp\/v2\/posts\/251226\/revisions"}],"predecessor-version":[{"id":251231,"href":"https:\/\/www.gaveanews.com\/index.php\/wp-json\/wp\/v2\/posts\/251226\/revisions\/251231"}],"wp:featuredmedia":[{"embeddable":true,"href":"https:\/\/www.gaveanews.com\/index.php\/wp-json\/wp\/v2\/media\/148395"}],"wp:attachment":[{"href":"https:\/\/www.gaveanews.com\/index.php\/wp-json\/wp\/v2\/media?parent=251226"}],"wp:term":[{"taxonomy":"category","embeddable":true,"href":"https:\/\/www.gaveanews.com\/index.php\/wp-json\/wp\/v2\/categories?post=251226"},{"taxonomy":"post_tag","embeddable":true,"href":"https:\/\/www.gaveanews.com\/index.php\/wp-json\/wp\/v2\/tags?post=251226"}],"curies":[{"name":"wp","href":"https:\/\/api.w.org\/{rel}","templated":true}]}}